{"id":10447,"date":"2021-04-16T14:33:31","date_gmt":"2021-04-16T17:33:31","guid":{"rendered":"https:\/\/warren.com.br\/magazine\/?p=10447"},"modified":"2023-08-02T22:14:13","modified_gmt":"2023-08-03T01:14:13","slug":"autonomia-banco-central","status":"publish","type":"post","link":"https:\/\/warren.com.br\/magazine\/autonomia-banco-central\/","title":{"rendered":"Autonomia do Banco Central: o que significa, qual a sua import\u00e2ncia e o que foi aprovado pelo governo"},"content":{"rendered":"<div id=\"playht-iframe-wrapper\" style=\"max-height: 210px !important;\">\n\t<iframe\n\tscrolling=\"no\"\n\tclass=\"playht-iframe-player\"\n\tid=\"playht-iframe-player\"\n\theight=\"90px\"\n\twidth=\"100%\"\n\tframeborder=\"0\"\n\tstyle=\"max-height: 90px; height: 90px !important;\"\n\tsrc=\"https:\/\/play.ht\/embed\/?article_url=https:\/\/warren.com.br\/magazine\/?p=10447&voice=pt-BR-FranciscaNeural&appId=l7OQ6uC_zK&trans_id=-N-ZLTfNY8GdCcCfkalb\"\n\tdata-voice=\"pt-BR-FranciscaNeural\"\n\tarticle-url=\"https:\/\/warren.com.br\/magazine\/?p=10447\"\n\tdata-appId=\"l7OQ6uC_zK\"\n\tallowfullscreen=\"\">\n\t<\/iframe>\n<\/div>\n\n<p>Nas \u00faltimas semanas, o debate sobre a <strong>autonomia do Banco Central<\/strong> voltou ao notici\u00e1rio econ\u00f4mico e \u00e0 pauta do Congresso.<\/p>\n\n\n\n<p>A quest\u00e3o n\u00e3o \u00e9 novidade, mas ganhou novo f\u00f4lego em meio \u00e0 discuss\u00e3o sobre a atua\u00e7\u00e3o do <a href=\"https:\/\/warren.com.br\/magazine\/banco-central\/\">Banco Central<\/a> durante a crise no Brasil e \u00e0s dificuldades que o governo tem enfrentado para conciliar pautas pol\u00edticas e econ\u00f4micas.<\/p>\n\n\n\n<p>O que se discute atualmente n\u00e3o \u00e9 uma separa\u00e7\u00e3o total entre Banco Central e poder Executivo, mas uma forma de<strong> limitar a influ\u00eancia do Planalto <\/strong>sobre decis\u00f5es de pol\u00edtica monet\u00e1ria.<\/p>\n\n\n\n<p><strong>Mas o que significa exatamente a autonomia do Banco Central?&nbsp;<\/strong><\/p>\n\n\n\n<p>Como as autoridades buscam este equil\u00edbrio de poder, e o que foi aprovado pelos parlamentares at\u00e9 agora?<\/p>\n\n\n\n<p>Neste artigo, vamos explicar os<strong> pontos centrais deste debate <\/strong>e quais s\u00e3o os argumentos contra e a favor da autonomia do Banco Central.&nbsp;<\/p>\n\n\n\n<p>Confira!<\/p>\n\n\n\n<div id=\"ez-toc-container\" class=\"ez-toc-v2_0_82_2 counter-hierarchy ez-toc-counter ez-toc-grey ez-toc-container-direction\">\n<p class=\"ez-toc-title\" style=\"cursor:inherit\">Indice<\/p>\n<label for=\"ez-toc-cssicon-toggle-item-69f3eefe53ec9\" class=\"ez-toc-cssicon-toggle-label\"><span class=\"ez-toc-cssicon\"><span class=\"eztoc-hide\" style=\"display:none;\">Toggle<\/span><span class=\"ez-toc-icon-toggle-span\"><svg style=\"fill: #999;color:#999\" xmlns=\"http:\/\/www.w3.org\/2000\/svg\" class=\"list-377408\" width=\"20px\" height=\"20px\" viewBox=\"0 0 24 24\" fill=\"none\"><path d=\"M6 6H4v2h2V6zm14 0H8v2h12V6zM4 11h2v2H4v-2zm16 0H8v2h12v-2zM4 16h2v2H4v-2zm16 0H8v2h12v-2z\" fill=\"currentColor\"><\/path><\/svg><svg style=\"fill: #999;color:#999\" class=\"arrow-unsorted-368013\" xmlns=\"http:\/\/www.w3.org\/2000\/svg\" width=\"10px\" height=\"10px\" viewBox=\"0 0 24 24\" version=\"1.2\" baseProfile=\"tiny\"><path d=\"M18.2 9.3l-6.2-6.3-6.2 6.3c-.2.2-.3.4-.3.7s.1.5.3.7c.2.2.4.3.7.3h11c.3 0 .5-.1.7-.3.2-.2.3-.5.3-.7s-.1-.5-.3-.7zM5.8 14.7l6.2 6.3 6.2-6.3c.2-.2.3-.5.3-.7s-.1-.5-.3-.7c-.2-.2-.4-.3-.7-.3h-11c-.3 0-.5.1-.7.3-.2.2-.3.5-.3.7s.1.5.3.7z\"\/><\/svg><\/span><\/span><\/label><input type=\"checkbox\"  id=\"ez-toc-cssicon-toggle-item-69f3eefe53ec9\"  aria-label=\"Alternar\" \/><nav><ul class='ez-toc-list ez-toc-list-level-1 ' ><li class='ez-toc-page-1 ez-toc-heading-level-2'><a class=\"ez-toc-link ez-toc-heading-1\" href=\"https:\/\/warren.com.br\/magazine\/autonomia-banco-central\/#Qual_e_o_papel_do_Banco_Central\" >Qual \u00e9 o papel do Banco Central?<\/a><\/li><li class='ez-toc-page-1 ez-toc-heading-level-2'><a class=\"ez-toc-link ez-toc-heading-2\" href=\"https:\/\/warren.com.br\/magazine\/autonomia-banco-central\/#O_que_e_autonomia_do_Banco_Central\" >O que \u00e9 autonomia do Banco Central?<\/a><\/li><li class='ez-toc-page-1 ez-toc-heading-level-2'><a class=\"ez-toc-link ez-toc-heading-3\" href=\"https:\/\/warren.com.br\/magazine\/autonomia-banco-central\/#Por_que_a_autonomia_do_Banco_Central_e_importante\" >Por que a autonomia do Banco Central \u00e9 importante?<\/a><\/li><li class='ez-toc-page-1 ez-toc-heading-level-2'><a class=\"ez-toc-link ez-toc-heading-4\" href=\"https:\/\/warren.com.br\/magazine\/autonomia-banco-central\/#Autonomia_do_Banco_Central_e_inflacao_qual_a_relacao\" >Autonomia do Banco Central e infla\u00e7\u00e3o: qual a rela\u00e7\u00e3o?<\/a><\/li><li class='ez-toc-page-1 ez-toc-heading-level-2'><a class=\"ez-toc-link ez-toc-heading-5\" href=\"https:\/\/warren.com.br\/magazine\/autonomia-banco-central\/#O_que_foi_aprovado_pelo_Congresso_sobre_a_autonomia_do_Banco_Central\" >O que foi aprovado pelo Congresso sobre a autonomia do Banco Central?<\/a><\/li><li class='ez-toc-page-1 ez-toc-heading-level-2'><a class=\"ez-toc-link ez-toc-heading-6\" href=\"https:\/\/warren.com.br\/magazine\/autonomia-banco-central\/#Quais_sao_as_criticas_a_lei_de_autonomia_do_Banco_Central\" >Quais s\u00e3o as cr\u00edticas \u00e0 lei de autonomia do Banco Central?<\/a><\/li><\/ul><\/nav><\/div>\n<h2 class=\"wp-block-heading\"><span class=\"ez-toc-section\" id=\"Qual_e_o_papel_do_Banco_Central\"><\/span>Qual \u00e9 o papel do Banco Central?<span class=\"ez-toc-section-end\"><\/span><\/h2>\n\n\n\n<figure class=\"wp-block-image size-large\"><img loading=\"lazy\" decoding=\"async\" width=\"1024\" height=\"576\" src=\"https:\/\/warren.com.br\/magazine\/wp-content\/uploads\/2021\/04\/papel-banco-central-1024x576.png\" alt=\"qual o papel do banco central, ilustra\u00e7\u00e3o\" class=\"wp-image-10452\" srcset=\"https:\/\/warren.com.br\/magazine\/wp-content\/uploads\/2021\/04\/papel-banco-central-1024x576.png 1024w, https:\/\/warren.com.br\/magazine\/wp-content\/uploads\/2021\/04\/papel-banco-central-300x169.png 300w, https:\/\/warren.com.br\/magazine\/wp-content\/uploads\/2021\/04\/papel-banco-central-768x432.png 768w, https:\/\/warren.com.br\/magazine\/wp-content\/uploads\/2021\/04\/papel-banco-central.png 1280w\" sizes=\"auto, (max-width: 1024px) 100vw, 1024px\" \/><\/figure>\n\n\n\n<p>Para entender melhor o que est\u00e1 em jogo nesta discuss\u00e3o, \u00e9 importante explicarmos <strong>o que \u00e9 o Banco Central<\/strong> e quais s\u00e3o as suas fun\u00e7\u00f5es.<\/p>\n\n\n\n<p>O Banco Central do Brasil (BCB) \u00e9 uma autarquia do governo e \u00e9 a <strong>autoridade monet\u00e1ria do pa\u00eds<\/strong>.&nbsp;<\/p>\n\n\n\n<p>Sua principal atribui\u00e7\u00e3o \u00e9 <strong>manter a estabilidade da moeda nacional <\/strong>e do sistema financeiro brasileiro.<\/p>\n\n\n\n<p>Isto significa que o BCB \u00e9 respons\u00e1vel por evitar uma <strong>valoriza\u00e7\u00e3o ou desvaloriza\u00e7\u00e3o <\/strong>muito r\u00e1pida e acentuada do real, e tamb\u00e9m por supervisionar as opera\u00e7\u00f5es financeiras no Brasil e garantir que os bancos tenham <a href=\"https:\/\/warren.com.br\/magazine\/liquidez\/\">liquidez<\/a> para os saques dos clientes.<\/p>\n\n\n\n<p>Para atingir estes objetivos, o BCB estabelece metas de <a href=\"https:\/\/warren.com.br\/magazine\/inflacao\/\">infla\u00e7\u00e3o<\/a>, controla a quantidade de moeda em circula\u00e7\u00e3o no pa\u00eds, gerencia os <a href=\"https:\/\/warren.com.br\/magazine\/titulos-publicos\/\">t\u00edtulos p\u00fablicos<\/a> federais e determina quais institui\u00e7\u00f5es podem prestar servi\u00e7os financeiros, entre outras medidas.<\/p>\n\n\n\n<p>Quando o real corre risco de perder muito valor no mercado internacional, o BCB tem o <strong>poder de intervir <\/strong>com vendas pontuais de <a href=\"https:\/\/warren.com.br\/magazine\/preco-do-dolar\/\">d\u00f3lar<\/a> para pressionar a cota\u00e7\u00e3o.&nbsp;<\/p>\n\n\n\n<p>O mesmo ocorre se o real se fortalecer muito r\u00e1pido, o que prejudica algumas atividades de exporta\u00e7\u00e3o.<\/p>\n\n\n\n<p>Al\u00e9m disso, o presidente do BCB e alguns diretores comp\u00f5em o Conselho Monet\u00e1rio Nacional (CMN), assim como o Ministro da Economia e secret\u00e1rios do Minist\u00e9rio.<\/p>\n\n\n\n<p>Entre outras fun\u00e7\u00f5es, o CMN direciona a <strong>pol\u00edtica fiscal<\/strong> do governo brasileiro.<\/p>\n\n\n\n<h2 class=\"wp-block-heading\"><span class=\"ez-toc-section\" id=\"O_que_e_autonomia_do_Banco_Central\"><\/span>O que \u00e9 autonomia do Banco Central?<span class=\"ez-toc-section-end\"><\/span><\/h2>\n\n\n\n<figure class=\"wp-block-image size-large\"><img loading=\"lazy\" decoding=\"async\" width=\"1024\" height=\"576\" src=\"https:\/\/warren.com.br\/magazine\/wp-content\/uploads\/2021\/04\/o-que-e-autonomia-do-banco-central-1024x576.png\" alt=\"o que \u00e9 a autonomia do banco central, ilustra\u00e7\u00e3o\" class=\"wp-image-10451\" srcset=\"https:\/\/warren.com.br\/magazine\/wp-content\/uploads\/2021\/04\/o-que-e-autonomia-do-banco-central-1024x576.png 1024w, https:\/\/warren.com.br\/magazine\/wp-content\/uploads\/2021\/04\/o-que-e-autonomia-do-banco-central-300x169.png 300w, https:\/\/warren.com.br\/magazine\/wp-content\/uploads\/2021\/04\/o-que-e-autonomia-do-banco-central-768x432.png 768w, https:\/\/warren.com.br\/magazine\/wp-content\/uploads\/2021\/04\/o-que-e-autonomia-do-banco-central.png 1280w\" sizes=\"auto, (max-width: 1024px) 100vw, 1024px\" \/><\/figure>\n\n\n\n<p>Em termos simplificados, a<strong> autonomia do Banco Central<\/strong> significa que o \u00f3rg\u00e3o e seus diretores t\u00eam liberdade para executar as pol\u00edticas monet\u00e1rias sem interfer\u00eancia do governo.<\/p>\n\n\n\n<p>No Brasil, o presidente do Banco Central e a maior parte dos diretores s\u00e3o indicados pelo presidente da Rep\u00fablica.&nbsp;<\/p>\n\n\n\n<p>Ap\u00f3s a nomea\u00e7\u00e3o, os indicados s\u00e3o sabatinados pelo Senado e podem ser aprovados ou n\u00e3o.&nbsp;<\/p>\n\n\n\n<p>Desde a funda\u00e7\u00e3o do BC, em 1964, o presidente da autarquia tinha status de ministro e n\u00e3o havia limite de tempo para sua perman\u00eancia no cargo.&nbsp;<\/p>\n\n\n\n<p>Contudo, o presidente da Rep\u00fablica tinha poder para demitir o presidente e diretores do BC sem consultar o Congresso.<\/p>\n\n\n\n<p>Esta prerrogativa do Executivo \u00e9 fonte de <strong>controv\u00e9rsias <\/strong>h\u00e1 d\u00e9cadas, desde o fim da ditadura militar e in\u00edcio da redemocratiza\u00e7\u00e3o do pa\u00eds.&nbsp;<\/p>\n\n\n\n<p>Para muitos especialistas, a legisla\u00e7\u00e3o permite a <strong>interfer\u00eancia pol\u00edtica do Planalto<\/strong> em decis\u00f5es de pol\u00edtica econ\u00f4mica.<\/p>\n\n\n\n<p>Isto ocorre porque as<strong> agendas pol\u00edtica e econ\u00f4mica<\/strong>, ainda que intrinsecamente relacionadas, podem divergir em rela\u00e7\u00e3o ao melhor caminho para o crescimento e desenvolvimento do pa\u00eds.<\/p>\n\n\n\n<p>Desta forma, h\u00e1 um movimento entre economistas que defende a autonomia do Banco Central para tomar <strong>decis\u00f5es t\u00e9cnicas sem receio de repres\u00e1lias ou exonera\u00e7\u00f5es<\/strong> por parte do governo federal.<\/p>\n\n\n\n<p>No t\u00f3pico a seguir, vamos explicar melhor como a atua\u00e7\u00e3o do BC pode ser prejudicada pelo projeto pol\u00edtico do governo.<\/p>\n\n\n\n<p><strong>LEIA TAMB\u00c9M | <\/strong><a href=\"https:\/\/warren.com.br\/magazine\/preco-arroz-inflacao-alimentos\/\"><strong>O pre\u00e7o do arroz, a infla\u00e7\u00e3o dos alimentos e os seus investimentos<\/strong><\/a><strong>&nbsp;<\/strong><\/p>\n\n\n\n<h2 class=\"wp-block-heading\"><span class=\"ez-toc-section\" id=\"Por_que_a_autonomia_do_Banco_Central_e_importante\"><\/span>Por que a autonomia do Banco Central \u00e9 importante?<span class=\"ez-toc-section-end\"><\/span><\/h2>\n\n\n\n<p>A<strong> autonomia do Banco Central<\/strong> \u00e9 considerada fundamental para o funcionamento da democracia, uma vez que limita a influ\u00eancia da agenda pol\u00edtico-partid\u00e1ria sobre decis\u00f5es que devem ser primariamente de natureza t\u00e9cnica.<\/p>\n\n\n\n<p>A autonomia do Banco Central existe na maioria das grandes economias mundiais, como:&nbsp;<\/p>\n\n\n\n<ul class=\"wp-block-list\">\n<li>Estados Unidos<\/li>\n\n\n\n<li>Jap\u00e3o<\/li>\n\n\n\n<li>Inglaterra<\/li>\n\n\n\n<li>Alemanha<\/li>\n\n\n\n<li>Fran\u00e7a&nbsp;<\/li>\n<\/ul>\n\n\n\n<p>Al\u00e9m disso, o<strong> Banco Central Europeu (BCE)<\/strong> \u00e9 independente dos \u00f3rg\u00e3os de poder da Uni\u00e3o Europeia.<\/p>\n\n\n\n<p>Um fator central citado por economistas em rela\u00e7\u00e3o ao BC \u00e9 chamado de \u201c<strong>ancoragem das expectativas<\/strong>\u201d.<\/p>\n\n\n\n<p>Essencialmente, tanto o mercado financeiro quanto o setor produtivo operam com base em expectativas.&nbsp;<\/p>\n\n\n\n<p>Quando as autoridades econ\u00f4micas tomam decis\u00f5es de car\u00e1ter t\u00e9cnico, os agentes t\u00eam maior <strong>previsibilidade <\/strong>em rela\u00e7\u00e3o ao futuro da economia.<\/p>\n\n\n\n<p>Do contr\u00e1rio, se decis\u00f5es sobre juros e pol\u00edtica fiscal s\u00e3o guiadas por ideologias ou fins eleitorais, n\u00e3o \u00e9 poss\u00edvel ter certeza de que as a\u00e7\u00f5es do governo est\u00e3o em sintonia com o ciclo econ\u00f4mico.&nbsp;<\/p>\n\n\n\n<p>Neste caso, fala-se em \u201c<strong>desancoragem das expectativas<\/strong>\u201d.<\/p>\n\n\n\n<p>A natureza da discuss\u00e3o \u00e9 semelhante ao debate sobre interven\u00e7\u00f5es estatais na Petrobras, por exemplo.&nbsp;<\/p>\n\n\n\n<p>O aparelhamento das institui\u00e7\u00f5es p\u00fablicas pelo governo causa <strong>distor\u00e7\u00f5es nas proje\u00e7\u00f5es econ\u00f4micas <\/strong>e aumenta a incerteza dos investidores em rela\u00e7\u00e3o \u00e0 economia.<\/p>\n\n\n\n<p>Basicamente, a autonomia do Banco Central \u00e9 crucial para garantir que os mecanismos centrais que influenciam a economia est\u00e3o funcionando em<strong> sintonia com as demandas do mercado e da popula\u00e7\u00e3o<\/strong>, e n\u00e3o podem ser apropriadas por uma agenda eleitoral.<\/p>\n\n\n\n<p><strong>LEIA TAMB\u00c9M | <\/strong><a href=\"https:\/\/warren.com.br\/magazine\/intervencao-petrobras-ibov\/\"><strong>Interven\u00e7\u00e3o do governo faz Petrobras derreter, e Ibov cai quase 5%<\/strong><\/a><\/p>\n\n\n\n<h2 class=\"wp-block-heading\"><span class=\"ez-toc-section\" id=\"Autonomia_do_Banco_Central_e_inflacao_qual_a_relacao\"><\/span>Autonomia do Banco Central e infla\u00e7\u00e3o: qual a rela\u00e7\u00e3o?<span class=\"ez-toc-section-end\"><\/span><\/h2>\n\n\n\n<p>Um dos pontos centrais para compreender a rela\u00e7\u00e3o entre a autonomia do Banco Central, infla\u00e7\u00e3o e governo \u00e9 a taxa b\u00e1sica de juros do pa\u00eds, a <a href=\"https:\/\/warren.com.br\/magazine\/taxa-selic\/\"><strong>taxa Selic<\/strong><\/a>.<\/p>\n\n\n\n<p>A taxa Selic \u00e9 a principal <strong>ferramenta de pol\u00edtica monet\u00e1ria<\/strong> do BC para controlar a infla\u00e7\u00e3o, influenciando o custo de capta\u00e7\u00e3o dos bancos e a quantidade de moeda em circula\u00e7\u00e3o no pa\u00eds.&nbsp;&nbsp;<\/p>\n\n\n\n<p>Em termos simples, juros baixos costumam aquecer a economia e gerar alta dos pre\u00e7os, enquanto juros altos freiam a atividade econ\u00f4mica e pressionam a infla\u00e7\u00e3o.<\/p>\n\n\n\n<p>No entanto, a taxa Selic \u00e9 tamb\u00e9m um indicador econ\u00f4mico que sinaliza as pr\u00f3ximas a\u00e7\u00f5es econ\u00f4micas do governo e influencia a especula\u00e7\u00e3o e as oscila\u00e7\u00f5es no mercado financeiro.<\/p>\n\n\n\n<p>Quando a taxa b\u00e1sica de juros \u00e9 cortada, os rendimentos de <a href=\"https:\/\/warren.com.br\/magazine\/investimento-renda-fixa\/\">aplica\u00e7\u00f5es da renda fixa<\/a> s\u00e3o reduzidos e os investidores t\u00eam um incentivo para buscar melhores retornos na <a href=\"https:\/\/warren.com.br\/magazine\/bolsa-de-valores-como-funciona\/\">bolsa<\/a>.<\/p>\n\n\n\n<p>Este movimento de est\u00edmulo \u00e0 <a href=\"https:\/\/warren.com.br\/magazine\/investimento-renda-variavel\/\">renda vari\u00e1vel<\/a> \u00e9 um dos pilares da pol\u00edtica econ\u00f4mica do atual governo, que \u00e9 alinhado \u00e0 pauta liberal e ao fortalecimento do livre mercado.<\/p>\n\n\n\n<p>Coincid\u00eancia ou n\u00e3o, o Comit\u00ea de Pol\u00edtica Monet\u00e1ria (Copom) do BC manteve a Selic no <strong>n\u00edvel mais baixo da hist\u00f3ria<\/strong> (2% ao ano) por v\u00e1rios meses durante a pandemia, ainda que o <a href=\"https:\/\/warren.com.br\/magazine\/o-que-e-ipca\/\">IPCA<\/a> acumulado em 12 meses estivesse amea\u00e7ando a meta de infla\u00e7\u00e3o oficial de 4,5% ao ano.<\/p>\n\n\n\n<p>O Copom s\u00f3 alterou a Selic em sua \u00faltima reuni\u00e3o, quando parte do mercado financeiro j\u00e1 considerava o movimento atrasado.<\/p>\n\n\n\n<p><strong>LEIA MAIS | <\/strong><a href=\"https:\/\/warren.com.br\/magazine\/selic-volta-a-subir-apos-seis-anos\/\"><strong>Ap\u00f3s seis anos, Selic volta a subir e vai a 2,75%: entenda como ficam os seus investimentos<\/strong><\/a><strong>&nbsp;<\/strong><\/p>\n\n\n\n<p>Outro exemplo atual de atritos que podem ocorrer entre agenda econ\u00f4mica e agenda pol\u00edtica est\u00e1 relacionado \u00e0 infla\u00e7\u00e3o puxada pelo c\u00e2mbio.&nbsp;<\/p>\n\n\n\n<p>Em 2020, o d\u00f3lar acumulou alta de mais de 29% frente ao real.&nbsp;<\/p>\n\n\n\n<p>Esta desvaloriza\u00e7\u00e3o da moeda brasileira foi o principal motor da disparada da infla\u00e7\u00e3o medida pelo <a href=\"https:\/\/warren.com.br\/magazine\/o-que-e-igpm\/\">IGP-M<\/a>, que atingiu <a href=\"https:\/\/warren.com.br\/magazine\/igpm\/\">alta recorde de 25,71%<\/a> entre fevereiro de 2020 e janeiro de 2021.<\/p>\n\n\n\n<p>Ao mesmo tempo, o real mais barato torna mais competitivas algumas das principais <strong>exporta\u00e7\u00f5es brasileiras<\/strong>, incluindo min\u00e9rio de ferro, petr\u00f3leo e <a href=\"https:\/\/warren.com.br\/magazine\/commodities\/\">commodities<\/a> agr\u00edcolas como soja, caf\u00e9, algod\u00e3o, a\u00e7\u00facar e milho.<\/p>\n\n\n\n<p>Para contexto, as exporta\u00e7\u00f5es do agroneg\u00f3cio superaram <strong>US$ 100 bilh\u00f5es<\/strong> em 2020 e o setor encerrou o ano em super\u00e1vit recorde de US$ 87,7 bilh\u00f5es, segundo o Minist\u00e9rio da Agricultura.<\/p>\n\n\n\n<p>O resultado disso \u00e9 que o governo federal, que tem no agroneg\u00f3cio uma de suas principais bases de apoio, poderia vir a limitar o poder de atua\u00e7\u00e3o do BC contra a infla\u00e7\u00e3o e a desvaloriza\u00e7\u00e3o da moeda, para favorecer setores espec\u00edficos da economia, caso o Banco Central n\u00e3o tivesse autonomia para atuar.<\/p>\n\n\n\n<p><strong>LEIA TAMB\u00c9M | <\/strong><a href=\"https:\/\/warren.com.br\/magazine\/dominancia-fiscal\/\"><strong>Domin\u00e2ncia fiscal: o que significa, quais os riscos e como se proteger<\/strong><\/a><strong>&nbsp;<\/strong><\/p>\n\n\n\n<h2 class=\"wp-block-heading\"><span class=\"ez-toc-section\" id=\"O_que_foi_aprovado_pelo_Congresso_sobre_a_autonomia_do_Banco_Central\"><\/span>O que foi aprovado pelo Congresso sobre a autonomia do Banco Central?<span class=\"ez-toc-section-end\"><\/span><\/h2>\n\n\n\n<figure class=\"wp-block-image size-large\"><img loading=\"lazy\" decoding=\"async\" width=\"1024\" height=\"576\" src=\"https:\/\/warren.com.br\/magazine\/wp-content\/uploads\/2021\/04\/autonomia-banco-central-congresso-1024x576.png\" alt=\"autonomia do banco central no congresso, ilustra\u00e7\u00e3o\" class=\"wp-image-10450\" srcset=\"https:\/\/warren.com.br\/magazine\/wp-content\/uploads\/2021\/04\/autonomia-banco-central-congresso-1024x576.png 1024w, https:\/\/warren.com.br\/magazine\/wp-content\/uploads\/2021\/04\/autonomia-banco-central-congresso-300x169.png 300w, https:\/\/warren.com.br\/magazine\/wp-content\/uploads\/2021\/04\/autonomia-banco-central-congresso-768x432.png 768w, https:\/\/warren.com.br\/magazine\/wp-content\/uploads\/2021\/04\/autonomia-banco-central-congresso.png 1280w\" sizes=\"auto, (max-width: 1024px) 100vw, 1024px\" \/><\/figure>\n\n\n\n<p>Em fevereiro de 2021, o Congresso Nacional aprovou um<strong> projeto de lei <\/strong>que estabelece um mandato de quatro anos para o presidente e os diretores do Banco Central.<\/p>\n\n\n\n<p>A lei foi sancionada pelo presidente Jair Bolsonaro no mesmo m\u00eas.<\/p>\n\n\n\n<p>Segundo a nova legisla\u00e7\u00e3o, o presidente do BC e os diretores ainda ser\u00e3o indicados pelo presidente da Rep\u00fablica e sabatinados pelo Senado.&nbsp;<\/p>\n\n\n\n<p>No entanto, uma vez empossados, os servidores n\u00e3o podem ser exonerados por ordem do Executivo.<\/p>\n\n\n\n<p>Ao final dos mandatos, o presidente do Banco Central e os outros oito diretores podem ser indicados uma \u00fanica vez para ocupar novamente os cargos por mais quatro anos.<\/p>\n\n\n\n<p>Al\u00e9m disso, a maioria dos mandatos do BC <strong>n\u00e3o deve coincidir com o mandato do presidente da Rep\u00fablica<\/strong>.&nbsp;<\/p>\n\n\n\n<p>Dos nove diretores, dois assumem no primeiro ano da gest\u00e3o do Executivo; dois no segundo ano; tr\u00eas (incluindo o presidente) no terceiro ano; e dois no quarto ano, sempre no dia 1\u00ba de mar\u00e7o.<\/p>\n\n\n\n<p>Outro ponto que foi validado pela nova lei diz respeito \u00e0 dedica\u00e7\u00e3o exclusiva dos chefes do BC.&nbsp;<\/p>\n\n\n\n<p>O presidente e os diretores podem exercer qualquer outra fun\u00e7\u00e3o p\u00fablica ou privada em paralelo ao cargo na autoridade monet\u00e1ria.<\/p>\n\n\n\n<p>Al\u00e9m disso, os diretores do Banco Central podem ter participa\u00e7\u00e3o acion\u00e1ria em institui\u00e7\u00f5es financeiras privadas supervisionadas pelo BC.&nbsp;<\/p>\n\n\n\n<p>Os c\u00f4njuges e parentes em at\u00e9 segundo grau dos diretores e do presidente tamb\u00e9m podem ser acionistas destas institui\u00e7\u00f5es.<\/p>\n\n\n\n<p>Por fim, o texto ainda oficializa a <strong>separa\u00e7\u00e3o entre Banco Central e Minist\u00e9rio da Economia<\/strong> e refor\u00e7a o compromisso da autoridade monet\u00e1ria com o combate \u00e0 infla\u00e7\u00e3o, a estabilidade do sistema financeiro e a fomenta\u00e7\u00e3o ao pleno emprego.<\/p>\n\n\n\n<p><strong>LEIA TAMB\u00c9M | <\/strong><a href=\"https:\/\/warren.com.br\/magazine\/taxa-de-corretagem\/\"><strong>Taxa de corretagem: como funciona e por que a Warren n\u00e3o cobra<\/strong><\/a><strong>&nbsp;<\/strong><\/p>\n\n\n\n<h2 class=\"wp-block-heading\"><span class=\"ez-toc-section\" id=\"Quais_sao_as_criticas_a_lei_de_autonomia_do_Banco_Central\"><\/span>Quais s\u00e3o as cr\u00edticas \u00e0 lei de autonomia do Banco Central?<span class=\"ez-toc-section-end\"><\/span><\/h2>\n\n\n\n<p>\u00c9 ineg\u00e1vel que o projeto aprovado para a autonomia do Banco Central do Brasil reduz a capacidade de press\u00e3o do governo federal sobre o presidente e os diretores do BC, uma vez que <strong>impede o presidente da Rep\u00fablica de demitir um servidor por diverg\u00eancias pol\u00edticas<\/strong>.<\/p>\n\n\n\n<p>A principal cr\u00edtica feita por especialistas \u00e0 nova lei n\u00e3o diz respeito \u00e0 exist\u00eancia ou n\u00e3o da autonomia do Banco Central, mas sim \u00e0<strong> real independ\u00eancia<\/strong> que a autoridade monet\u00e1ria conquista com essa medida.<\/p>\n\n\n\n<p>Em primeiro lugar, a nova lei mant\u00e9m a indica\u00e7\u00e3o dos cargos de dire\u00e7\u00e3o exclusivamente pelo presidente da Rep\u00fablica e a sabatina pelo Senado.&nbsp;<\/p>\n\n\n\n<p>Assim, a<strong> din\u00e2mica pol\u00edtica<\/strong> das nomea\u00e7\u00f5es se mant\u00e9m: o Planalto sempre indicar\u00e1 nomes alinhados \u00e0 sua agenda, e a aprova\u00e7\u00e3o depende da negocia\u00e7\u00e3o de apoio entre o Executivo e o Congresso.<\/p>\n\n\n\n<p>Esse sistema de nomea\u00e7\u00e3o diverge do m\u00e9todo de elei\u00e7\u00e3o interna adotado, por exemplo, nos EUA.&nbsp;<\/p>\n\n\n\n<p>O Federal Reserve (Fed, o banco central americano) \u00e9 formado por autoridades descentralizadas e o presidente nacional da entidade \u00e9 eleito pelos diretores regionais.<\/p>\n\n\n\n<p>Al\u00e9m disso, como os indicados aos cargos s\u00e3o historicamente ligados a gestoras de ativos e \u00e0 alta c\u00fapula de institui\u00e7\u00f5es financeiras, alguns especialistas argumentam que o novo sistema ainda n\u00e3o d\u00e1 espa\u00e7o para <strong>linhas econ\u00f4micas divergentes dentro do BC<\/strong>.<\/p>\n\n\n\n<p>Outra cr\u00edtica apresentada \u00e0 legisla\u00e7\u00e3o refere-se \u00e0s fun\u00e7\u00f5es paralelas e participa\u00e7\u00f5es societ\u00e1rias dos diretores.&nbsp;<\/p>\n\n\n\n<p>Como explicamos no t\u00f3pico anterior, a lei n\u00e3o restringe qualquer tipo de <a href=\"https:\/\/warren.com.br\/magazine\/conflito-de-interesse\/\">conflito de interesses<\/a> pelos chefes do BC.<\/p>\n\n\n\n<p>Em outras palavras, um diretor do Banco Central pode ser acionista de um banco supervisionado pela autoridade monet\u00e1ria, e tamb\u00e9m prestar consultoria a uma institui\u00e7\u00e3o que tamb\u00e9m esteja sujeita \u00e0 regulamenta\u00e7\u00e3o pelo BC.<\/p>\n\n\n\n<p>Por fim, a vis\u00e3o predominante no mercado \u00e9 de que a autonomia do Banco Central trar\u00e1 poucas mudan\u00e7as no curto prazo.<\/p>\n\n\n\n<p>A c\u00fapula atual do BC \u00e9 alinhada \u00e0 equipe econ\u00f4mica do governo e o presidente Campos Neto, caso indicado, tem chances de continuar \u00e0 frente do BC at\u00e9 2027.<\/p>\n\n\n\n<p>Gostou deste artigo? Separamos outros que podem ser do seu interesse:<\/p>\n\n\n\n<ul class=\"wp-block-list\">\n<li><a href=\"https:\/\/warren.com.br\/magazine\/como-os-conflitos-de-interesse-atrapalham-seus-investimentos\/\">Como os conflitos de interesse atrapalham seus investimentos<\/a><\/li>\n\n\n\n<li><a href=\"https:\/\/warren.com.br\/magazine\/agente-autonomo-de-investimentos\/\">Agente aut\u00f4nomo de investimentos: tudo que voc\u00ea precisa saber<\/a><\/li>\n\n\n\n<li><a href=\"https:\/\/warren.com.br\/magazine\/estagflacao\/\">Estagfla\u00e7\u00e3o: o que \u00e9, quando ela surge e por que o mercado financeiro tem medo<\/a><\/li>\n\n\n\n<li><a href=\"https:\/\/warren.com.br\/magazine\/investir-em-fiis-ou-imoveis\/\">Investir em FIIs ou em im\u00f3veis: compare as vantagens e desvantagens<\/a><\/li>\n<\/ul>\n","protected":false},"excerpt":{"rendered":"<p>Nas \u00faltimas semanas, o debate sobre a autonomia do Banco Central voltou ao notici\u00e1rio econ\u00f4mico e \u00e0 pauta do Congresso.<\/p>\n","protected":false},"author":8,"featured_media":10448,"comment_status":"open","ping_status":"open","sticky":false,"template":"","format":"standard","meta":{"_acf_changed":false,"footnotes":""},"categories":[1016],"tags":[],"class_list":["post-10447","post","type-post","status-publish","format-standard","has-post-thumbnail","hentry","category-por-dentro-do-mercado","entry"],"acf":[],"yoast_head":"<!-- This site is optimized with the Yoast SEO plugin v27.5 - https:\/\/yoast.com\/product\/yoast-seo-wordpress\/ -->\n<title>Autonomia do Banco Central: entenda o que \u00e9 e qual sua import\u00e2ncia<\/title>\n<meta name=\"description\" content=\"A autonomia do Banco Central pode ser descrita como a liberdade que a institui\u00e7\u00e3o tem para tomar decis\u00f5es de pol\u00edtica monet\u00e1ria sem interven\u00e7\u00e3o do governo. Entenda como funciona na pr\u00e1tica.\" \/>\n<meta name=\"robots\" content=\"index, follow, max-snippet:-1, max-image-preview:large, max-video-preview:-1\" \/>\n<link rel=\"canonical\" href=\"https:\/\/warren.com.br\/magazine\/autonomia-banco-central\/\" \/>\n<meta property=\"og:locale\" content=\"pt_BR\" \/>\n<meta property=\"og:type\" content=\"article\" \/>\n<meta property=\"og:title\" content=\"Autonomia do Banco Central: entenda o que \u00e9 e qual sua import\u00e2ncia\" \/>\n<meta property=\"og:description\" content=\"A autonomia do Banco Central pode ser descrita como a liberdade que a institui\u00e7\u00e3o tem para tomar decis\u00f5es de pol\u00edtica monet\u00e1ria sem interven\u00e7\u00e3o do governo. Entenda como funciona na pr\u00e1tica.\" \/>\n<meta property=\"og:url\" content=\"https:\/\/warren.com.br\/magazine\/autonomia-banco-central\/\" \/>\n<meta property=\"og:site_name\" content=\"Warren Magazine\" \/>\n<meta property=\"article:publisher\" content=\"https:\/\/www.facebook.com\/warrenbrasil\/\" \/>\n<meta property=\"article:published_time\" content=\"2021-04-16T17:33:31+00:00\" \/>\n<meta property=\"article:modified_time\" content=\"2023-08-03T01:14:13+00:00\" \/>\n<meta property=\"og:image\" content=\"https:\/\/warren.com.br\/magazine\/wp-content\/uploads\/2021\/04\/autonomia-banco-central.png\" \/>\n\t<meta property=\"og:image:width\" content=\"1280\" \/>\n\t<meta property=\"og:image:height\" content=\"720\" \/>\n\t<meta property=\"og:image:type\" content=\"image\/png\" \/>\n<meta name=\"author\" content=\"Reda\u00e7\u00e3o Warren\" \/>\n<meta name=\"twitter:card\" content=\"summary_large_image\" \/>\n<meta name=\"twitter:creator\" content=\"@warrenbrasil\" \/>\n<meta name=\"twitter:site\" content=\"@warrenbrasil\" \/>\n<meta name=\"twitter:label1\" content=\"Escrito por\" \/>\n\t<meta name=\"twitter:data1\" content=\"Reda\u00e7\u00e3o Warren\" \/>\n\t<meta name=\"twitter:label2\" content=\"Est. tempo de leitura\" \/>\n\t<meta name=\"twitter:data2\" content=\"11 minutos\" \/>\n<!-- \/ Yoast SEO plugin. -->","yoast_head_json":{"title":"Autonomia do Banco Central: entenda o que \u00e9 e qual sua import\u00e2ncia","description":"A autonomia do Banco Central pode ser descrita como a liberdade que a institui\u00e7\u00e3o tem para tomar decis\u00f5es de pol\u00edtica monet\u00e1ria sem interven\u00e7\u00e3o do governo. Entenda como funciona na pr\u00e1tica.","robots":{"index":"index","follow":"follow","max-snippet":"max-snippet:-1","max-image-preview":"max-image-preview:large","max-video-preview":"max-video-preview:-1"},"canonical":"https:\/\/warren.com.br\/magazine\/autonomia-banco-central\/","og_locale":"pt_BR","og_type":"article","og_title":"Autonomia do Banco Central: entenda o que \u00e9 e qual sua import\u00e2ncia","og_description":"A autonomia do Banco Central pode ser descrita como a liberdade que a institui\u00e7\u00e3o tem para tomar decis\u00f5es de pol\u00edtica monet\u00e1ria sem interven\u00e7\u00e3o do governo. Entenda como funciona na pr\u00e1tica.","og_url":"https:\/\/warren.com.br\/magazine\/autonomia-banco-central\/","og_site_name":"Warren Magazine","article_publisher":"https:\/\/www.facebook.com\/warrenbrasil\/","article_published_time":"2021-04-16T17:33:31+00:00","article_modified_time":"2023-08-03T01:14:13+00:00","og_image":[{"width":1280,"height":720,"url":"https:\/\/warren.com.br\/magazine\/wp-content\/uploads\/2021\/04\/autonomia-banco-central.png","type":"image\/png"}],"author":"Reda\u00e7\u00e3o Warren","twitter_card":"summary_large_image","twitter_creator":"@warrenbrasil","twitter_site":"@warrenbrasil","twitter_misc":{"Escrito por":"Reda\u00e7\u00e3o Warren","Est. tempo de leitura":"11 minutos"},"schema":{"@context":"https:\/\/schema.org","@graph":[{"@type":"NewsArticle","@id":"https:\/\/warren.com.br\/magazine\/autonomia-banco-central\/#article","isPartOf":{"@id":"https:\/\/warren.com.br\/magazine\/autonomia-banco-central\/"},"author":{"name":"Reda\u00e7\u00e3o Warren","@id":"https:\/\/warren.com.br\/magazine\/#\/schema\/person\/6ab5c3002c3fbf4a167e69ed8a2b228c"},"headline":"Autonomia do Banco Central: o que significa, qual a sua import\u00e2ncia e o que foi aprovado pelo governo","datePublished":"2021-04-16T17:33:31+00:00","dateModified":"2023-08-03T01:14:13+00:00","mainEntityOfPage":{"@id":"https:\/\/warren.com.br\/magazine\/autonomia-banco-central\/"},"wordCount":2256,"commentCount":0,"publisher":{"@id":"https:\/\/warren.com.br\/magazine\/#organization"},"image":{"@id":"https:\/\/warren.com.br\/magazine\/autonomia-banco-central\/#primaryimage"},"thumbnailUrl":"https:\/\/warren.com.br\/magazine\/wp-content\/uploads\/2021\/04\/autonomia-banco-central.png","articleSection":["Por dentro do mercado"],"inLanguage":"pt-BR"},{"@type":"WebPage","@id":"https:\/\/warren.com.br\/magazine\/autonomia-banco-central\/","url":"https:\/\/warren.com.br\/magazine\/autonomia-banco-central\/","name":"Autonomia do Banco Central: entenda o que \u00e9 e qual sua import\u00e2ncia","isPartOf":{"@id":"https:\/\/warren.com.br\/magazine\/#website"},"primaryImageOfPage":{"@id":"https:\/\/warren.com.br\/magazine\/autonomia-banco-central\/#primaryimage"},"image":{"@id":"https:\/\/warren.com.br\/magazine\/autonomia-banco-central\/#primaryimage"},"thumbnailUrl":"https:\/\/warren.com.br\/magazine\/wp-content\/uploads\/2021\/04\/autonomia-banco-central.png","datePublished":"2021-04-16T17:33:31+00:00","dateModified":"2023-08-03T01:14:13+00:00","description":"A autonomia do Banco Central pode ser descrita como a liberdade que a institui\u00e7\u00e3o tem para tomar decis\u00f5es de pol\u00edtica monet\u00e1ria sem interven\u00e7\u00e3o do governo. Entenda como funciona na pr\u00e1tica.","inLanguage":"pt-BR","potentialAction":[{"@type":"ReadAction","target":["https:\/\/warren.com.br\/magazine\/autonomia-banco-central\/"]}]},{"@type":"ImageObject","inLanguage":"pt-BR","@id":"https:\/\/warren.com.br\/magazine\/autonomia-banco-central\/#primaryimage","url":"https:\/\/warren.com.br\/magazine\/wp-content\/uploads\/2021\/04\/autonomia-banco-central.png","contentUrl":"https:\/\/warren.com.br\/magazine\/wp-content\/uploads\/2021\/04\/autonomia-banco-central.png","width":1280,"height":720,"caption":"autonomia banco central"},{"@type":"WebSite","@id":"https:\/\/warren.com.br\/magazine\/#website","url":"https:\/\/warren.com.br\/magazine\/","name":"Warren Magazine","description":"","publisher":{"@id":"https:\/\/warren.com.br\/magazine\/#organization"},"potentialAction":[{"@type":"SearchAction","target":{"@type":"EntryPoint","urlTemplate":"https:\/\/warren.com.br\/magazine\/?s={search_term_string}"},"query-input":{"@type":"PropertyValueSpecification","valueRequired":true,"valueName":"search_term_string"}}],"inLanguage":"pt-BR"},{"@type":"Organization","@id":"https:\/\/warren.com.br\/magazine\/#organization","name":"Warren Magazine","url":"https:\/\/warren.com.br\/magazine\/","logo":{"@type":"ImageObject","inLanguage":"pt-BR","@id":"https:\/\/warren.com.br\/magazine\/#\/schema\/logo\/image\/","url":"https:\/\/warren.com.br\/magazine\/wp-content\/uploads\/2023\/06\/ThumbMagazine.jpg","contentUrl":"https:\/\/warren.com.br\/magazine\/wp-content\/uploads\/2023\/06\/ThumbMagazine.jpg","width":2400,"height":1260,"caption":"Warren Magazine"},"image":{"@id":"https:\/\/warren.com.br\/magazine\/#\/schema\/logo\/image\/"},"sameAs":["https:\/\/www.facebook.com\/warrenbrasil\/","https:\/\/x.com\/warrenbrasil","https:\/\/www.instagram.com\/warrenbrasil\/","https:\/\/www.linkedin.com\/company\/warrenbrasil\/","https:\/\/www.youtube.com\/channel\/UCqIO5twa50iGz2wT5cGS-XQ"]},{"@type":"Person","@id":"https:\/\/warren.com.br\/magazine\/#\/schema\/person\/6ab5c3002c3fbf4a167e69ed8a2b228c","name":"Reda\u00e7\u00e3o Warren","image":{"@type":"ImageObject","inLanguage":"pt-BR","@id":"https:\/\/warren.com.br\/magazine\/wp-content\/uploads\/2023\/12\/Instagram-avatar-96x96.png","url":"https:\/\/warren.com.br\/magazine\/wp-content\/uploads\/2023\/12\/Instagram-avatar-96x96.png","contentUrl":"https:\/\/warren.com.br\/magazine\/wp-content\/uploads\/2023\/12\/Instagram-avatar-96x96.png","caption":"Reda\u00e7\u00e3o Warren"},"url":"https:\/\/warren.com.br\/magazine\/author\/redacao-warren\/"}]}},"_links":{"self":[{"href":"https:\/\/warren.com.br\/magazine\/wp-json\/wp\/v2\/posts\/10447","targetHints":{"allow":["GET"]}}],"collection":[{"href":"https:\/\/warren.com.br\/magazine\/wp-json\/wp\/v2\/posts"}],"about":[{"href":"https:\/\/warren.com.br\/magazine\/wp-json\/wp\/v2\/types\/post"}],"author":[{"embeddable":true,"href":"https:\/\/warren.com.br\/magazine\/wp-json\/wp\/v2\/users\/8"}],"replies":[{"embeddable":true,"href":"https:\/\/warren.com.br\/magazine\/wp-json\/wp\/v2\/comments?post=10447"}],"version-history":[{"count":1,"href":"https:\/\/warren.com.br\/magazine\/wp-json\/wp\/v2\/posts\/10447\/revisions"}],"predecessor-version":[{"id":20804,"href":"https:\/\/warren.com.br\/magazine\/wp-json\/wp\/v2\/posts\/10447\/revisions\/20804"}],"wp:featuredmedia":[{"embeddable":true,"href":"https:\/\/warren.com.br\/magazine\/wp-json\/wp\/v2\/media\/10448"}],"wp:attachment":[{"href":"https:\/\/warren.com.br\/magazine\/wp-json\/wp\/v2\/media?parent=10447"}],"wp:term":[{"taxonomy":"category","embeddable":true,"href":"https:\/\/warren.com.br\/magazine\/wp-json\/wp\/v2\/categories?post=10447"},{"taxonomy":"post_tag","embeddable":true,"href":"https:\/\/warren.com.br\/magazine\/wp-json\/wp\/v2\/tags?post=10447"}],"curies":[{"name":"wp","href":"https:\/\/api.w.org\/{rel}","templated":true}]}}