{"id":10471,"date":"2021-04-20T12:21:40","date_gmt":"2021-04-20T15:21:40","guid":{"rendered":"https:\/\/warren.com.br\/magazine\/?p=10471"},"modified":"2023-08-02T22:18:36","modified_gmt":"2023-08-03T01:18:36","slug":"novos-profissionais-alocacao","status":"publish","type":"post","link":"https:\/\/warren.com.br\/magazine\/novos-profissionais-alocacao\/","title":{"rendered":"Conhe\u00e7a os tr\u00eas novos profissionais que chegaram \u00e0 \u00e1rea de aloca\u00e7\u00e3o da Warren"},"content":{"rendered":"<div id=\"playht-iframe-wrapper\" style=\"max-height: 210px !important;\">\n\t<iframe\n\tscrolling=\"no\"\n\tclass=\"playht-iframe-player\"\n\tid=\"playht-iframe-player\"\n\theight=\"90px\"\n\twidth=\"100%\"\n\tframeborder=\"0\"\n\tstyle=\"max-height: 90px; height: 90px !important;\"\n\tsrc=\"https:\/\/play.ht\/embed\/?article_url=https:\/\/warren.com.br\/magazine\/?p=10471&voice=pt-BR-FranciscaNeural&appId=l7OQ6uC_zK&trans_id=-N7Qzj-_-EjnUv6s2Pyw\"\n\tdata-voice=\"pt-BR-FranciscaNeural\"\n\tarticle-url=\"https:\/\/warren.com.br\/magazine\/?p=10471\"\n\tdata-appId=\"l7OQ6uC_zK\"\n\tallowfullscreen=\"\">\n\t<\/iframe>\n<\/div>\n\n<p>Estamos sempre em busca de ampliar o leque de op\u00e7\u00f5es de investimentos do mercado, desenvolvendo produtos alinhados com os objetivos e perfis de nossos clientes.<\/p>\n\n\n\n<p>Com isso em mente, a Warren deu um importante passo rumo \u00e0 expans\u00e3o das nossas \u00e1reas de aloca\u00e7\u00e3o, gest\u00e3o e an\u00e1lise.<\/p>\n\n\n\n<p>Sob o comando do nosso CIO, <a href=\"https:\/\/warren.com.br\/magazine\/celson-placido\/\">Celson Placido<\/a>, a Warren d\u00e1 boas vindas a tr\u00eas novos nomes: <strong>Eduardo Otero, Carlos Macedo e Bruno Viveiros.&nbsp;<\/strong><\/p>\n\n\n\n<div id=\"ez-toc-container\" class=\"ez-toc-v2_0_82_2 counter-hierarchy ez-toc-counter ez-toc-grey ez-toc-container-direction\">\n<p class=\"ez-toc-title\" style=\"cursor:inherit\">Indice<\/p>\n<label for=\"ez-toc-cssicon-toggle-item-69f5d9e5d98a7\" class=\"ez-toc-cssicon-toggle-label\"><span class=\"ez-toc-cssicon\"><span class=\"eztoc-hide\" style=\"display:none;\">Toggle<\/span><span class=\"ez-toc-icon-toggle-span\"><svg style=\"fill: #999;color:#999\" xmlns=\"http:\/\/www.w3.org\/2000\/svg\" class=\"list-377408\" width=\"20px\" height=\"20px\" viewBox=\"0 0 24 24\" fill=\"none\"><path d=\"M6 6H4v2h2V6zm14 0H8v2h12V6zM4 11h2v2H4v-2zm16 0H8v2h12v-2zM4 16h2v2H4v-2zm16 0H8v2h12v-2z\" fill=\"currentColor\"><\/path><\/svg><svg style=\"fill: #999;color:#999\" class=\"arrow-unsorted-368013\" xmlns=\"http:\/\/www.w3.org\/2000\/svg\" width=\"10px\" height=\"10px\" viewBox=\"0 0 24 24\" version=\"1.2\" baseProfile=\"tiny\"><path d=\"M18.2 9.3l-6.2-6.3-6.2 6.3c-.2.2-.3.4-.3.7s.1.5.3.7c.2.2.4.3.7.3h11c.3 0 .5-.1.7-.3.2-.2.3-.5.3-.7s-.1-.5-.3-.7zM5.8 14.7l6.2 6.3 6.2-6.3c.2-.2.3-.5.3-.7s-.1-.5-.3-.7c-.2-.2-.4-.3-.7-.3h-11c-.3 0-.5.1-.7.3-.2.2-.3.5-.3.7s.1.5.3.7z\"\/><\/svg><\/span><\/span><\/label><input type=\"checkbox\"  id=\"ez-toc-cssicon-toggle-item-69f5d9e5d98a7\"  aria-label=\"Alternar\" \/><nav><ul class='ez-toc-list ez-toc-list-level-1 ' ><li class='ez-toc-page-1 ez-toc-heading-level-2'><a class=\"ez-toc-link ez-toc-heading-1\" href=\"https:\/\/warren.com.br\/magazine\/novos-profissionais-alocacao\/#Eduardo_Otero\" >Eduardo Otero<\/a><\/li><li class='ez-toc-page-1 ez-toc-heading-level-2'><a class=\"ez-toc-link ez-toc-heading-2\" href=\"https:\/\/warren.com.br\/magazine\/novos-profissionais-alocacao\/#Carlos_Macedo\" >Carlos Macedo<\/a><\/li><li class='ez-toc-page-1 ez-toc-heading-level-2'><a class=\"ez-toc-link ez-toc-heading-3\" href=\"https:\/\/warren.com.br\/magazine\/novos-profissionais-alocacao\/#Bruno_Viveiros\" >Bruno Viveiros<\/a><\/li><\/ul><\/nav><\/div>\n<h2 class=\"wp-block-heading\" id=\"eduardo-otero\"><span class=\"ez-toc-section\" id=\"Eduardo_Otero\"><\/span>Eduardo Otero<span class=\"ez-toc-section-end\"><\/span><\/h2>\n\n\n\n<p>Eduardo Otero \u00e9 economista pela Universidade Federal Fluminense (UFF), com especializa\u00e7\u00e3o em risco de mercado. Sua experi\u00eancia envolve sele\u00e7\u00e3o de gestores, estrutura\u00e7\u00e3o de portf\u00f3lios e precifica\u00e7\u00e3o de ativos.&nbsp;<\/p>\n\n\n\n<figure class=\"wp-block-image size-full is-resized\"><img loading=\"lazy\" decoding=\"async\" src=\"https:\/\/warren.com.br\/magazine\/wp-content\/uploads\/2021\/04\/Otero.jpg\" alt=\"Eduardo Otero - Warren\" class=\"wp-image-10500\" width=\"800\" height=\"717\" srcset=\"https:\/\/warren.com.br\/magazine\/wp-content\/uploads\/2021\/04\/Otero.jpg 800w, https:\/\/warren.com.br\/magazine\/wp-content\/uploads\/2021\/04\/Otero-300x269.jpg 300w, https:\/\/warren.com.br\/magazine\/wp-content\/uploads\/2021\/04\/Otero-768x688.jpg 768w\" sizes=\"auto, (max-width: 800px) 100vw, 800px\" \/><\/figure>\n\n\n\n<p>Na Warren, Eduardo ser\u00e1 respons\u00e1vel pelo <strong>Asset Allocation<\/strong>, pela constru\u00e7\u00e3o dos fundos de fundos (FICs) e pela gest\u00e3o de fortunas. Nas palavras de Celson Placido:<\/p>\n\n\n\n<p>&#8220;Eduardo \u00e9 um dos profissionais mais diligentes com que j\u00e1 trabalhei. Quando o mercado de assessoria era incipiente, ele j\u00e1 era <a href=\"https:\/\/warren.com.br\/magazine\/consultor-de-investimentos\/\">consultor<\/a>. Ele conhece as dores de nossos parceiros e possui experi\u00eancia na constru\u00e7\u00e3o de carteiras de clientes de alta renda&#8221;.<\/p>\n\n\n\n<h2 class=\"wp-block-heading\" id=\"carlos-macedo\"><span class=\"ez-toc-section\" id=\"Carlos_Macedo\"><\/span>Carlos Macedo<span class=\"ez-toc-section-end\"><\/span><\/h2>\n\n\n\n<p>Carlos Macedo \u00e9 mestre em Economia pela PUC-Rio e trabalhou por quase dez anos buscando boas oportunidades de investimento em gestoras de recursos.&nbsp;<\/p>\n\n\n\n<figure class=\"wp-block-image size-full is-resized\"><img loading=\"lazy\" decoding=\"async\" src=\"https:\/\/warren.com.br\/magazine\/wp-content\/uploads\/2021\/04\/Carlos.jpg\" alt=\"Carlos Macedo - Warren\" class=\"wp-image-10501\" width=\"1125\" height=\"1400\" srcset=\"https:\/\/warren.com.br\/magazine\/wp-content\/uploads\/2021\/04\/Carlos.jpg 1125w, https:\/\/warren.com.br\/magazine\/wp-content\/uploads\/2021\/04\/Carlos-241x300.jpg 241w, https:\/\/warren.com.br\/magazine\/wp-content\/uploads\/2021\/04\/Carlos-823x1024.jpg 823w, https:\/\/warren.com.br\/magazine\/wp-content\/uploads\/2021\/04\/Carlos-768x956.jpg 768w\" sizes=\"auto, (max-width: 1125px) 100vw, 1125px\" \/><\/figure>\n\n\n\n<p>Carlos auxiliar\u00e1 Otero na sele\u00e7\u00e3o dos melhores fundos e ativos para os nossos clientes, desenvolvendo tamb\u00e9m solu\u00e7\u00f5es alinhadas \u00e0s demandas dos consultores parceiros da<a href=\"https:\/\/warren.com.br\/business\/\"> Warren for Business<\/a>.<\/p>\n\n\n\n<p>&#8220;Carlos me complementa ao trazer toda a sua bagagem de ter trabalhado em diversos fundos e refor\u00e7a o nosso criterioso processo de <em>due diligence<\/em>&#8220;, comenta Eduardo.<\/p>\n\n\n\n<p>\u201cResolvi aceitar esse desafio pelo <a href=\"https:\/\/warren.com.br\/magazine\/o-que-e-afinal-alinhamento-com-o-cliente\/\">alinhamento<\/a> de valores e prop\u00f3sito. Com humildade, <a href=\"https:\/\/warren.com.br\/magazine\/fee-based\/\">transpar\u00eancia<\/a> e excel\u00eancia, construiremos as melhores solu\u00e7\u00f5es com e para nossos parceiros e clientes\u201d, complementa Macedo.<\/p>\n\n\n\n<h2 class=\"wp-block-heading\" id=\"bruno-viveiros\"><span class=\"ez-toc-section\" id=\"Bruno_Viveiros\"><\/span>Bruno Viveiros<span class=\"ez-toc-section-end\"><\/span><\/h2>\n\n\n\n<p>Bruno Viveiros \u00e9 uma aposta da \u00e1rea em jovens talentos. Engenheiro de Produ\u00e7\u00e3o pela UERJ, Bruno j\u00e1 trabalhou com planejamento e performance de recursos de tecnologia no Grupo Globo.<\/p>\n\n\n\n<figure class=\"wp-block-image size-full is-resized\"><img loading=\"lazy\" decoding=\"async\" src=\"https:\/\/warren.com.br\/magazine\/wp-content\/uploads\/2021\/04\/Bruno.jpg\" alt=\"Bruno Viveiros - Warren\" class=\"wp-image-10502\" width=\"835\" height=\"683\" srcset=\"https:\/\/warren.com.br\/magazine\/wp-content\/uploads\/2021\/04\/Bruno.jpg 835w, https:\/\/warren.com.br\/magazine\/wp-content\/uploads\/2021\/04\/Bruno-300x245.jpg 300w, https:\/\/warren.com.br\/magazine\/wp-content\/uploads\/2021\/04\/Bruno-768x628.jpg 768w\" sizes=\"auto, (max-width: 835px) 100vw, 835px\" \/><\/figure>\n\n\n\n<p>Ele comenta: \u201cconheci o Eduardo na sala de aula me preparando para entrar no mercado e, em fun\u00e7\u00e3o do desempenho, pude ser mentorado por ele. Quando o convite foi feito, eu n\u00e3o pensei duas vezes.\u201d<\/p>\n\n\n\n<p>Celson Placido refor\u00e7a que o foco da sua equipe \u00e9 prover mais op\u00e7\u00f5es de investimentos com a transpar\u00eancia e a tecnologia que s\u00e3o inerentes \u00e0 Warren:&nbsp;<\/p>\n\n\n\n<p>\u201cSelecionamos uma equipe com habilidades complementares e que preza por processos diligentes, transparentes e criteriosos. Nosso trabalho \u00e9 apoiado na prote\u00e7\u00e3o e retorno para o cliente, tornando sua experi\u00eancia cada vez melhor.\u201d<\/p>\n\n\n\n<p>Al\u00e9m disso, Celson d\u00e1 um spoiler incr\u00edvel: at\u00e9 o fim de 2021, ele e sua equipe pretendem lan\u00e7ar novos produtos, como fundos de fundos de diversas categorias. <\/p>\n\n\n\n<p><strong>\u00c9 a Warren mais uma vez em busca de entregar uma experi\u00eancia completa aos nossos clientes.<\/strong><\/p>\n\n\n\n<p><em>Texto constru\u00eddo em colabora\u00e7\u00e3o com Approach Comunica\u00e7\u00e3o.<\/em><\/p>\n\n\n\n<p>Quer conhecer outras pessoas que diariamente constroem o futuro dos investimentos no Brasil? Abaixo, confira alguns perfis da nossa se\u00e7\u00e3o <strong>Pessoas da Warren<\/strong>:<\/p>\n\n\n\n<ul class=\"wp-block-list\"><li><a href=\"https:\/\/warren.com.br\/magazine\/tito-gusmao\/\">Tito Gusm\u00e3o, s\u00f3cio-fundador e CEO<\/a><\/li><li><a href=\"https:\/\/warren.com.br\/magazine\/rodrigo-grundig\/\">Rodrigo Grundig, s\u00f3cio-fundador e CDO<\/a><\/li><li><a href=\"https:\/\/warren.com.br\/magazine\/kelly-gusmao\/\">Kelly Gusm\u00e3o, s\u00f3cia-fundadora e CPO<\/a><\/li><li><a href=\"https:\/\/warren.com.br\/magazine\/paola-behs\/\">Paola Behs, Chief Marketing Officer<\/a><\/li><li><a href=\"https:\/\/warren.com.br\/magazine\/yordanna-colombo\/\">Yordanna Colombo, L\u00edder de Relacionamento<\/a><\/li><li><a href=\"https:\/\/warren.com.br\/magazine\/giovanna-delfini\/\">Giovanna Delfini, L\u00edder de Conte\u00fado &amp; PR<\/a><\/li><li><a href=\"https:\/\/warren.com.br\/magazine\/daniela-audino\/\">Daniela Audino, Head de Portabilidade<\/a><\/li><\/ul>\n","protected":false},"excerpt":{"rendered":"<p>Estamos sempre em busca de ampliar o leque de op\u00e7\u00f5es de investimentos do mercado, desenvolvendo produtos alinhados com os objetivos e perfis de nossos clientes.<\/p>\n","protected":false},"author":8,"featured_media":12771,"comment_status":"open","ping_status":"open","sticky":false,"template":"","format":"standard","meta":{"_acf_changed":false,"footnotes":""},"categories":[752],"tags":[],"class_list":["post-10471","post","type-post","status-publish","format-standard","has-post-thumbnail","hentry","category-a-warren","entry"],"acf":[],"yoast_head":"<!-- This site is optimized with the Yoast SEO plugin v27.5 - https:\/\/yoast.com\/product\/yoast-seo-wordpress\/ -->\n<title>Conhe\u00e7a os novos nomes na \u00e1rea de aloca\u00e7\u00e3o da Warren<\/title>\n<meta name=\"description\" content=\"Eduardo Otero, Carlos Macedo e Bruno Viveiros chegam \u00e0 equipe de Asset Allocation, complementando o time do nosso CIO, Celson Placido.\" \/>\n<meta name=\"robots\" content=\"index, follow, max-snippet:-1, max-image-preview:large, max-video-preview:-1\" \/>\n<link rel=\"canonical\" href=\"https:\/\/warren.com.br\/magazine\/novos-profissionais-alocacao\/\" \/>\n<meta property=\"og:locale\" content=\"pt_BR\" \/>\n<meta property=\"og:type\" content=\"article\" \/>\n<meta property=\"og:title\" content=\"Conhe\u00e7a os novos nomes na \u00e1rea de aloca\u00e7\u00e3o da Warren\" \/>\n<meta property=\"og:description\" content=\"Eduardo Otero, Carlos Macedo e Bruno Viveiros chegam \u00e0 equipe de Asset Allocation, complementando o time do nosso CIO, Celson Placido.\" \/>\n<meta property=\"og:url\" content=\"https:\/\/warren.com.br\/magazine\/novos-profissionais-alocacao\/\" \/>\n<meta property=\"og:site_name\" content=\"Warren Magazine\" \/>\n<meta property=\"article:publisher\" content=\"https:\/\/www.facebook.com\/warrenbrasil\/\" \/>\n<meta property=\"article:published_time\" content=\"2021-04-20T15:21:40+00:00\" \/>\n<meta property=\"article:modified_time\" content=\"2023-08-03T01:18:36+00:00\" \/>\n<meta property=\"og:image\" content=\"https:\/\/warren.com.br\/magazine\/wp-content\/uploads\/2020\/08\/dhruv-weaver-DtNOKuodKD4-unsplash.jpg\" \/>\n\t<meta property=\"og:image:width\" content=\"1800\" \/>\n\t<meta property=\"og:image:height\" content=\"1012\" \/>\n\t<meta property=\"og:image:type\" content=\"image\/jpeg\" \/>\n<meta name=\"author\" content=\"Reda\u00e7\u00e3o Warren\" \/>\n<meta name=\"twitter:card\" content=\"summary_large_image\" \/>\n<meta name=\"twitter:creator\" content=\"@warrenbrasil\" \/>\n<meta name=\"twitter:site\" content=\"@warrenbrasil\" \/>\n<meta name=\"twitter:label1\" content=\"Escrito por\" \/>\n\t<meta name=\"twitter:data1\" content=\"Reda\u00e7\u00e3o Warren\" \/>\n\t<meta name=\"twitter:label2\" content=\"Est. tempo de leitura\" \/>\n\t<meta name=\"twitter:data2\" content=\"4 minutos\" \/>\n<!-- \/ Yoast SEO plugin. -->","yoast_head_json":{"title":"Conhe\u00e7a os novos nomes na \u00e1rea de aloca\u00e7\u00e3o da Warren","description":"Eduardo Otero, Carlos Macedo e Bruno Viveiros chegam \u00e0 equipe de Asset Allocation, complementando o time do nosso CIO, Celson Placido.","robots":{"index":"index","follow":"follow","max-snippet":"max-snippet:-1","max-image-preview":"max-image-preview:large","max-video-preview":"max-video-preview:-1"},"canonical":"https:\/\/warren.com.br\/magazine\/novos-profissionais-alocacao\/","og_locale":"pt_BR","og_type":"article","og_title":"Conhe\u00e7a os novos nomes na \u00e1rea de aloca\u00e7\u00e3o da Warren","og_description":"Eduardo Otero, Carlos Macedo e Bruno Viveiros chegam \u00e0 equipe de Asset Allocation, complementando o time do nosso CIO, Celson Placido.","og_url":"https:\/\/warren.com.br\/magazine\/novos-profissionais-alocacao\/","og_site_name":"Warren Magazine","article_publisher":"https:\/\/www.facebook.com\/warrenbrasil\/","article_published_time":"2021-04-20T15:21:40+00:00","article_modified_time":"2023-08-03T01:18:36+00:00","og_image":[{"width":1800,"height":1012,"url":"https:\/\/warren.com.br\/magazine\/wp-content\/uploads\/2020\/08\/dhruv-weaver-DtNOKuodKD4-unsplash.jpg","type":"image\/jpeg"}],"author":"Reda\u00e7\u00e3o Warren","twitter_card":"summary_large_image","twitter_creator":"@warrenbrasil","twitter_site":"@warrenbrasil","twitter_misc":{"Escrito por":"Reda\u00e7\u00e3o Warren","Est. tempo de leitura":"4 minutos"},"schema":{"@context":"https:\/\/schema.org","@graph":[{"@type":"NewsArticle","@id":"https:\/\/warren.com.br\/magazine\/novos-profissionais-alocacao\/#article","isPartOf":{"@id":"https:\/\/warren.com.br\/magazine\/novos-profissionais-alocacao\/"},"author":{"name":"Reda\u00e7\u00e3o Warren","@id":"https:\/\/warren.com.br\/magazine\/#\/schema\/person\/6ab5c3002c3fbf4a167e69ed8a2b228c"},"headline":"Conhe\u00e7a os tr\u00eas novos profissionais que chegaram \u00e0 \u00e1rea de aloca\u00e7\u00e3o da Warren","datePublished":"2021-04-20T15:21:40+00:00","dateModified":"2023-08-03T01:18:36+00:00","mainEntityOfPage":{"@id":"https:\/\/warren.com.br\/magazine\/novos-profissionais-alocacao\/"},"wordCount":565,"commentCount":0,"publisher":{"@id":"https:\/\/warren.com.br\/magazine\/#organization"},"image":{"@id":"https:\/\/warren.com.br\/magazine\/novos-profissionais-alocacao\/#primaryimage"},"thumbnailUrl":"https:\/\/warren.com.br\/magazine\/wp-content\/uploads\/2020\/08\/dhruv-weaver-DtNOKuodKD4-unsplash.jpg","articleSection":["A Warren\u00a0"],"inLanguage":"pt-BR"},{"@type":"WebPage","@id":"https:\/\/warren.com.br\/magazine\/novos-profissionais-alocacao\/","url":"https:\/\/warren.com.br\/magazine\/novos-profissionais-alocacao\/","name":"Conhe\u00e7a os novos nomes na \u00e1rea de aloca\u00e7\u00e3o da Warren","isPartOf":{"@id":"https:\/\/warren.com.br\/magazine\/#website"},"primaryImageOfPage":{"@id":"https:\/\/warren.com.br\/magazine\/novos-profissionais-alocacao\/#primaryimage"},"image":{"@id":"https:\/\/warren.com.br\/magazine\/novos-profissionais-alocacao\/#primaryimage"},"thumbnailUrl":"https:\/\/warren.com.br\/magazine\/wp-content\/uploads\/2020\/08\/dhruv-weaver-DtNOKuodKD4-unsplash.jpg","datePublished":"2021-04-20T15:21:40+00:00","dateModified":"2023-08-03T01:18:36+00:00","description":"Eduardo Otero, Carlos Macedo e Bruno Viveiros chegam \u00e0 equipe de Asset Allocation, complementando o time do nosso CIO, Celson Placido.","inLanguage":"pt-BR","potentialAction":[{"@type":"ReadAction","target":["https:\/\/warren.com.br\/magazine\/novos-profissionais-alocacao\/"]}]},{"@type":"ImageObject","inLanguage":"pt-BR","@id":"https:\/\/warren.com.br\/magazine\/novos-profissionais-alocacao\/#primaryimage","url":"https:\/\/warren.com.br\/magazine\/wp-content\/uploads\/2020\/08\/dhruv-weaver-DtNOKuodKD4-unsplash.jpg","contentUrl":"https:\/\/warren.com.br\/magazine\/wp-content\/uploads\/2020\/08\/dhruv-weaver-DtNOKuodKD4-unsplash.jpg","width":1800,"height":1012,"caption":"dhruv weaver DtNOKuodKD4 unsplash"},{"@type":"WebSite","@id":"https:\/\/warren.com.br\/magazine\/#website","url":"https:\/\/warren.com.br\/magazine\/","name":"Warren Magazine","description":"","publisher":{"@id":"https:\/\/warren.com.br\/magazine\/#organization"},"potentialAction":[{"@type":"SearchAction","target":{"@type":"EntryPoint","urlTemplate":"https:\/\/warren.com.br\/magazine\/?s={search_term_string}"},"query-input":{"@type":"PropertyValueSpecification","valueRequired":true,"valueName":"search_term_string"}}],"inLanguage":"pt-BR"},{"@type":"Organization","@id":"https:\/\/warren.com.br\/magazine\/#organization","name":"Warren Magazine","url":"https:\/\/warren.com.br\/magazine\/","logo":{"@type":"ImageObject","inLanguage":"pt-BR","@id":"https:\/\/warren.com.br\/magazine\/#\/schema\/logo\/image\/","url":"https:\/\/warren.com.br\/magazine\/wp-content\/uploads\/2023\/06\/ThumbMagazine.jpg","contentUrl":"https:\/\/warren.com.br\/magazine\/wp-content\/uploads\/2023\/06\/ThumbMagazine.jpg","width":2400,"height":1260,"caption":"Warren Magazine"},"image":{"@id":"https:\/\/warren.com.br\/magazine\/#\/schema\/logo\/image\/"},"sameAs":["https:\/\/www.facebook.com\/warrenbrasil\/","https:\/\/x.com\/warrenbrasil","https:\/\/www.instagram.com\/warrenbrasil\/","https:\/\/www.linkedin.com\/company\/warrenbrasil\/","https:\/\/www.youtube.com\/channel\/UCqIO5twa50iGz2wT5cGS-XQ"]},{"@type":"Person","@id":"https:\/\/warren.com.br\/magazine\/#\/schema\/person\/6ab5c3002c3fbf4a167e69ed8a2b228c","name":"Reda\u00e7\u00e3o Warren","image":{"@type":"ImageObject","inLanguage":"pt-BR","@id":"https:\/\/warren.com.br\/magazine\/wp-content\/uploads\/2023\/12\/Instagram-avatar-96x96.png","url":"https:\/\/warren.com.br\/magazine\/wp-content\/uploads\/2023\/12\/Instagram-avatar-96x96.png","contentUrl":"https:\/\/warren.com.br\/magazine\/wp-content\/uploads\/2023\/12\/Instagram-avatar-96x96.png","caption":"Reda\u00e7\u00e3o Warren"},"url":"https:\/\/warren.com.br\/magazine\/author\/redacao-warren\/"}]}},"_links":{"self":[{"href":"https:\/\/warren.com.br\/magazine\/wp-json\/wp\/v2\/posts\/10471","targetHints":{"allow":["GET"]}}],"collection":[{"href":"https:\/\/warren.com.br\/magazine\/wp-json\/wp\/v2\/posts"}],"about":[{"href":"https:\/\/warren.com.br\/magazine\/wp-json\/wp\/v2\/types\/post"}],"author":[{"embeddable":true,"href":"https:\/\/warren.com.br\/magazine\/wp-json\/wp\/v2\/users\/8"}],"replies":[{"embeddable":true,"href":"https:\/\/warren.com.br\/magazine\/wp-json\/wp\/v2\/comments?post=10471"}],"version-history":[{"count":2,"href":"https:\/\/warren.com.br\/magazine\/wp-json\/wp\/v2\/posts\/10471\/revisions"}],"predecessor-version":[{"id":15250,"href":"https:\/\/warren.com.br\/magazine\/wp-json\/wp\/v2\/posts\/10471\/revisions\/15250"}],"wp:featuredmedia":[{"embeddable":true,"href":"https:\/\/warren.com.br\/magazine\/wp-json\/wp\/v2\/media\/12771"}],"wp:attachment":[{"href":"https:\/\/warren.com.br\/magazine\/wp-json\/wp\/v2\/media?parent=10471"}],"wp:term":[{"taxonomy":"category","embeddable":true,"href":"https:\/\/warren.com.br\/magazine\/wp-json\/wp\/v2\/categories?post=10471"},{"taxonomy":"post_tag","embeddable":true,"href":"https:\/\/warren.com.br\/magazine\/wp-json\/wp\/v2\/tags?post=10471"}],"curies":[{"name":"wp","href":"https:\/\/api.w.org\/{rel}","templated":true}]}}