{"id":10645,"date":"2021-05-06T17:33:35","date_gmt":"2021-05-06T20:33:35","guid":{"rendered":"https:\/\/warren.com.br\/magazine\/?p=10645"},"modified":"2023-08-02T22:14:10","modified_gmt":"2023-08-03T01:14:10","slug":"o-que-e-deficit-comercial","status":"publish","type":"post","link":"https:\/\/warren.com.br\/magazine\/o-que-e-deficit-comercial\/","title":{"rendered":"O que \u00e9 d\u00e9ficit comercial"},"content":{"rendered":"<div id=\"playht-iframe-wrapper\" style=\"max-height: 210px !important;\">\n\t<iframe\n\tscrolling=\"no\"\n\tclass=\"playht-iframe-player\"\n\tid=\"playht-iframe-player\"\n\theight=\"90px\"\n\twidth=\"100%\"\n\tframeborder=\"0\"\n\tstyle=\"max-height: 90px; height: 90px !important;\"\n\tsrc=\"https:\/\/play.ht\/embed\/?article_url=https:\/\/warren.com.br\/magazine\/?p=10645&voice=pt-BR-FranciscaNeural&appId=l7OQ6uC_zK&trans_id=-N-ZLVlIc9K8wpSBeV45\"\n\tdata-voice=\"pt-BR-FranciscaNeural\"\n\tarticle-url=\"https:\/\/warren.com.br\/magazine\/?p=10645\"\n\tdata-appId=\"l7OQ6uC_zK\"\n\tallowfullscreen=\"\">\n\t<\/iframe>\n<\/div>\n\n<p><strong>D\u00e9ficit comercial <\/strong>\u00e9 o que ocorre quando um pa\u00eds vende menos do que compra do exterior. Ou seja, \u00e9 a diferen\u00e7a negativa entre as exporta\u00e7\u00f5es e importa\u00e7\u00f5es.<\/p>\n\n\n\n<p>Ele \u00e9 considerado um dos mais importantes indicadores em rela\u00e7\u00e3o ao com\u00e9rcio exterior e \u00e0s rela\u00e7\u00f5es econ\u00f4micas internacionais de uma na\u00e7\u00e3o.<\/p>\n\n\n\n<p>Em geral, o d\u00e9ficit acontece quando um pa\u00eds importa mais bens e servi\u00e7os do que \u00e9 capaz de vender para o exterior. O contr\u00e1rio disso, quando o pa\u00eds vende mais do que compra no exterior, \u00e9 o chamado super\u00e1vit comercial.<\/p>\n\n\n\n<div id=\"ez-toc-container\" class=\"ez-toc-v2_0_82_2 counter-hierarchy ez-toc-counter ez-toc-grey ez-toc-container-direction\">\n<p class=\"ez-toc-title\" style=\"cursor:inherit\">Indice<\/p>\n<label for=\"ez-toc-cssicon-toggle-item-69f3b81147ef8\" class=\"ez-toc-cssicon-toggle-label\"><span class=\"ez-toc-cssicon\"><span class=\"eztoc-hide\" style=\"display:none;\">Toggle<\/span><span class=\"ez-toc-icon-toggle-span\"><svg style=\"fill: #999;color:#999\" xmlns=\"http:\/\/www.w3.org\/2000\/svg\" class=\"list-377408\" width=\"20px\" height=\"20px\" viewBox=\"0 0 24 24\" fill=\"none\"><path d=\"M6 6H4v2h2V6zm14 0H8v2h12V6zM4 11h2v2H4v-2zm16 0H8v2h12v-2zM4 16h2v2H4v-2zm16 0H8v2h12v-2z\" fill=\"currentColor\"><\/path><\/svg><svg style=\"fill: #999;color:#999\" class=\"arrow-unsorted-368013\" xmlns=\"http:\/\/www.w3.org\/2000\/svg\" width=\"10px\" height=\"10px\" viewBox=\"0 0 24 24\" version=\"1.2\" baseProfile=\"tiny\"><path d=\"M18.2 9.3l-6.2-6.3-6.2 6.3c-.2.2-.3.4-.3.7s.1.5.3.7c.2.2.4.3.7.3h11c.3 0 .5-.1.7-.3.2-.2.3-.5.3-.7s-.1-.5-.3-.7zM5.8 14.7l6.2 6.3 6.2-6.3c.2-.2.3-.5.3-.7s-.1-.5-.3-.7c-.2-.2-.4-.3-.7-.3h-11c-.3 0-.5.1-.7.3-.2.2-.3.5-.3.7s.1.5.3.7z\"\/><\/svg><\/span><\/span><\/label><input type=\"checkbox\"  id=\"ez-toc-cssicon-toggle-item-69f3b81147ef8\"  aria-label=\"Alternar\" \/><nav><ul class='ez-toc-list ez-toc-list-level-1 ' ><li class='ez-toc-page-1 ez-toc-heading-level-2'><a class=\"ez-toc-link ez-toc-heading-1\" href=\"https:\/\/warren.com.br\/magazine\/o-que-e-deficit-comercial\/#Como_ocorre_o_deficit_comercial_na_pratica\" >Como ocorre o d\u00e9ficit comercial na pr\u00e1tica?<\/a><\/li><li class='ez-toc-page-1 ez-toc-heading-level-2'><a class=\"ez-toc-link ez-toc-heading-2\" href=\"https:\/\/warren.com.br\/magazine\/o-que-e-deficit-comercial\/#O_que_representa_um_deficit_comercial\" >O que representa um d\u00e9ficit comercial?<\/a><\/li><li class='ez-toc-page-1 ez-toc-heading-level-2'><a class=\"ez-toc-link ez-toc-heading-3\" href=\"https:\/\/warren.com.br\/magazine\/o-que-e-deficit-comercial\/#Como_o_deficit_comercial_e_medido\" >Como o d\u00e9ficit comercial \u00e9 medido?<\/a><\/li><\/ul><\/nav><\/div>\n<h2 class=\"wp-block-heading\"><span class=\"ez-toc-section\" id=\"Como_ocorre_o_deficit_comercial_na_pratica\"><\/span>Como ocorre o d\u00e9ficit comercial na pr\u00e1tica?<span class=\"ez-toc-section-end\"><\/span><\/h2>\n\n\n\n<p>S\u00e3o v\u00e1rias as condi\u00e7\u00f5es que podem influenciar as exporta\u00e7\u00f5es e importa\u00e7\u00f5es de um pa\u00eds. Por exemplo:<\/p>\n\n\n\n<ul class=\"wp-block-list\">\n<li>O c\u00e2mbio que torna um mesmo produto ou servi\u00e7o mais competitivo;<\/li>\n\n\n\n<li>A capacidade de produ\u00e7\u00e3o;<\/li>\n\n\n\n<li>O poder de compra;<\/li>\n\n\n\n<li>A produtividade; e<\/li>\n\n\n\n<li>Os gostos do consumidor, entre outros.<\/li>\n<\/ul>\n\n\n\n<p>O d\u00e9ficit comercial pode ter consequ\u00eancias graves para a economia, como problemas monet\u00e1rios, que s\u00e3o elementos de causa e efeito na determina\u00e7\u00e3o do estado da balan\u00e7a comercial.<\/p>\n\n\n\n<p>Na pr\u00e1tica, essa situa\u00e7\u00e3o resulta em uma economia que n\u00e3o \u00e9 capaz de se auto-sustentar, al\u00e9m de fazer com que o saldo em rela\u00e7\u00e3o ao que ela produz seja menor.&nbsp;<\/p>\n\n\n\n<p>Dessa forma, o d\u00e9ficit comercial costuma afetar bastante a atividade econ\u00f4mica de um pa\u00eds, sendo fonte de grandes desequil\u00edbrios macroecon\u00f4micos.<\/p>\n\n\n\n<p>\u00c9 importante diferenciar d\u00e9ficit comercial de d\u00e9ficit externo, tem rela\u00e7\u00e3o com o balan\u00e7o de pagamentos e n\u00e3o com com\u00e9rcio, ou seja, quando a receita de outros pa\u00edses \u00e9 menor que as despesas incorridas com esses mesmos pa\u00edses.<\/p>\n\n\n\n<p>O d\u00e9ficit externo inclui a diferen\u00e7a comercial entre importa\u00e7\u00e3o e exporta\u00e7\u00e3o, a diferen\u00e7a de capital e a diferen\u00e7a financeira ou de transfer\u00eancia.<\/p>\n\n\n\n<h2 class=\"wp-block-heading\"><span class=\"ez-toc-section\" id=\"O_que_representa_um_deficit_comercial\"><\/span>O que representa um d\u00e9ficit comercial?<span class=\"ez-toc-section-end\"><\/span><\/h2>\n\n\n\n<p>Quando a produ\u00e7\u00e3o de um pa\u00eds n\u00e3o consegue atender \u00e0 sua pr\u00f3pria demanda, as importa\u00e7\u00f5es aumentam. Nesse sentido, um d\u00e9ficit comercial n\u00e3o \u00e9 necessariamente prejudicial, porque muitas vezes se corrige com o tempo.&nbsp;<\/p>\n\n\n\n<p>Um aumento nos bens importados de outras na\u00e7\u00f5es faz com que os pre\u00e7os caiam para os consumidores do pa\u00eds em quest\u00e3o, \u00e0 medida que aumenta a concorr\u00eancia estrangeira.&nbsp;<\/p>\n\n\n\n<p>Os pre\u00e7os baixos, por sua vez, ajudam a reduzir a amea\u00e7a de infla\u00e7\u00e3o para a economia local. Al\u00e9m disso, um aumento nas importa\u00e7\u00f5es se reflete em uma maior variedade de bens e servi\u00e7os dispon\u00edveis para os residentes de uma na\u00e7\u00e3o.&nbsp;<\/p>\n\n\n\n<p>Uma economia em r\u00e1pido crescimento pode importar mais produtos \u00e0 medida que se expande, de modo que seus residentes possam consumir mais do que o pa\u00eds pode produzir. Consequentemente, um d\u00e9ficit comercial pode indicar que h\u00e1 uma economia em crescimento.<\/p>\n\n\n\n<h2 class=\"wp-block-heading\"><span class=\"ez-toc-section\" id=\"Como_o_deficit_comercial_e_medido\"><\/span>Como o d\u00e9ficit comercial \u00e9 medido?<span class=\"ez-toc-section-end\"><\/span><\/h2>\n\n\n\n<p>A venda de bens e servi\u00e7os no exterior constitui receita ao pa\u00eds que vende. Da mesma forma, o processo contr\u00e1rio, a importa\u00e7\u00e3o, representa uma despesa para o pa\u00eds que compra.&nbsp;<\/p>\n\n\n\n<p>A diferen\u00e7a entre receitas e pagamentos \u00e9 chamada de balan\u00e7a comercial.<\/p>\n\n\n\n<p>Assim, se a renda de um pa\u00eds for <strong>maior <\/strong>do que os pagamentos feitos, haver\u00e1 um super\u00e1vit comercial. Se a renda de um pa\u00eds for <strong>menor <\/strong>do que os pagamentos feitos, haver\u00e1 um d\u00e9ficit comercial. Este cen\u00e1rio tamb\u00e9m \u00e9 chamado de balan\u00e7a comercial negativa. <\/p>\n","protected":false},"excerpt":{"rendered":"<p>D\u00e9ficit comercial \u00e9 o que ocorre quando um pa\u00eds vende menos do que compra do exterior.<\/p>\n","protected":false},"author":8,"featured_media":10646,"comment_status":"open","ping_status":"open","sticky":false,"template":"","format":"standard","meta":{"_acf_changed":false,"footnotes":""},"categories":[1016],"tags":[],"class_list":["post-10645","post","type-post","status-publish","format-standard","has-post-thumbnail","hentry","category-por-dentro-do-mercado","entry"],"acf":[],"yoast_head":"<!-- This site is optimized with the Yoast SEO plugin v27.5 - https:\/\/yoast.com\/product\/yoast-seo-wordpress\/ -->\n<title>D\u00e9ficit comercial: entenda o que \u00e9 e como ele afeta a economia<\/title>\n<meta name=\"description\" content=\"D\u00e9ficit comercial \u00e9 o que acontece quando um pa\u00eds vende menos do que compra do exterior. Leia mais e entenda o que este cen\u00e1rio significa.\" \/>\n<meta name=\"robots\" content=\"index, follow, max-snippet:-1, max-image-preview:large, max-video-preview:-1\" \/>\n<link rel=\"canonical\" href=\"https:\/\/warren.com.br\/magazine\/o-que-e-deficit-comercial\/\" \/>\n<meta property=\"og:locale\" content=\"pt_BR\" \/>\n<meta property=\"og:type\" content=\"article\" \/>\n<meta property=\"og:title\" content=\"D\u00e9ficit comercial: entenda o que \u00e9 e como ele afeta a economia\" \/>\n<meta property=\"og:description\" content=\"D\u00e9ficit comercial \u00e9 o que acontece quando um pa\u00eds vende menos do que compra do exterior. Leia mais e entenda o que este cen\u00e1rio significa.\" \/>\n<meta property=\"og:url\" content=\"https:\/\/warren.com.br\/magazine\/o-que-e-deficit-comercial\/\" \/>\n<meta property=\"og:site_name\" content=\"Warren Magazine\" \/>\n<meta property=\"article:publisher\" content=\"https:\/\/www.facebook.com\/warrenbrasil\/\" \/>\n<meta property=\"article:published_time\" content=\"2021-05-06T20:33:35+00:00\" \/>\n<meta property=\"article:modified_time\" content=\"2023-08-03T01:14:10+00:00\" \/>\n<meta property=\"og:image\" content=\"https:\/\/warren.com.br\/magazine\/wp-content\/uploads\/2021\/05\/deficit-comercial.png\" \/>\n\t<meta property=\"og:image:width\" content=\"1280\" \/>\n\t<meta property=\"og:image:height\" content=\"720\" \/>\n\t<meta property=\"og:image:type\" content=\"image\/png\" \/>\n<meta name=\"author\" content=\"Reda\u00e7\u00e3o Warren\" \/>\n<meta name=\"twitter:card\" content=\"summary_large_image\" \/>\n<meta name=\"twitter:creator\" content=\"@warrenbrasil\" \/>\n<meta name=\"twitter:site\" content=\"@warrenbrasil\" \/>\n<meta name=\"twitter:label1\" content=\"Escrito por\" \/>\n\t<meta name=\"twitter:data1\" content=\"Reda\u00e7\u00e3o Warren\" \/>\n\t<meta name=\"twitter:label2\" content=\"Est. tempo de leitura\" \/>\n\t<meta name=\"twitter:data2\" content=\"3 minutos\" \/>\n<!-- \/ Yoast SEO plugin. -->","yoast_head_json":{"title":"D\u00e9ficit comercial: entenda o que \u00e9 e como ele afeta a economia","description":"D\u00e9ficit comercial \u00e9 o que acontece quando um pa\u00eds vende menos do que compra do exterior. Leia mais e entenda o que este cen\u00e1rio significa.","robots":{"index":"index","follow":"follow","max-snippet":"max-snippet:-1","max-image-preview":"max-image-preview:large","max-video-preview":"max-video-preview:-1"},"canonical":"https:\/\/warren.com.br\/magazine\/o-que-e-deficit-comercial\/","og_locale":"pt_BR","og_type":"article","og_title":"D\u00e9ficit comercial: entenda o que \u00e9 e como ele afeta a economia","og_description":"D\u00e9ficit comercial \u00e9 o que acontece quando um pa\u00eds vende menos do que compra do exterior. Leia mais e entenda o que este cen\u00e1rio significa.","og_url":"https:\/\/warren.com.br\/magazine\/o-que-e-deficit-comercial\/","og_site_name":"Warren Magazine","article_publisher":"https:\/\/www.facebook.com\/warrenbrasil\/","article_published_time":"2021-05-06T20:33:35+00:00","article_modified_time":"2023-08-03T01:14:10+00:00","og_image":[{"width":1280,"height":720,"url":"https:\/\/warren.com.br\/magazine\/wp-content\/uploads\/2021\/05\/deficit-comercial.png","type":"image\/png"}],"author":"Reda\u00e7\u00e3o Warren","twitter_card":"summary_large_image","twitter_creator":"@warrenbrasil","twitter_site":"@warrenbrasil","twitter_misc":{"Escrito por":"Reda\u00e7\u00e3o Warren","Est. tempo de leitura":"3 minutos"},"schema":{"@context":"https:\/\/schema.org","@graph":[{"@type":"NewsArticle","@id":"https:\/\/warren.com.br\/magazine\/o-que-e-deficit-comercial\/#article","isPartOf":{"@id":"https:\/\/warren.com.br\/magazine\/o-que-e-deficit-comercial\/"},"author":{"name":"Reda\u00e7\u00e3o Warren","@id":"https:\/\/warren.com.br\/magazine\/#\/schema\/person\/6ab5c3002c3fbf4a167e69ed8a2b228c"},"headline":"O que \u00e9 d\u00e9ficit comercial","datePublished":"2021-05-06T20:33:35+00:00","dateModified":"2023-08-03T01:14:10+00:00","mainEntityOfPage":{"@id":"https:\/\/warren.com.br\/magazine\/o-que-e-deficit-comercial\/"},"wordCount":605,"commentCount":0,"publisher":{"@id":"https:\/\/warren.com.br\/magazine\/#organization"},"image":{"@id":"https:\/\/warren.com.br\/magazine\/o-que-e-deficit-comercial\/#primaryimage"},"thumbnailUrl":"https:\/\/warren.com.br\/magazine\/wp-content\/uploads\/2021\/05\/deficit-comercial.png","articleSection":["Por dentro do mercado"],"inLanguage":"pt-BR"},{"@type":"WebPage","@id":"https:\/\/warren.com.br\/magazine\/o-que-e-deficit-comercial\/","url":"https:\/\/warren.com.br\/magazine\/o-que-e-deficit-comercial\/","name":"D\u00e9ficit comercial: entenda o que \u00e9 e como ele afeta a economia","isPartOf":{"@id":"https:\/\/warren.com.br\/magazine\/#website"},"primaryImageOfPage":{"@id":"https:\/\/warren.com.br\/magazine\/o-que-e-deficit-comercial\/#primaryimage"},"image":{"@id":"https:\/\/warren.com.br\/magazine\/o-que-e-deficit-comercial\/#primaryimage"},"thumbnailUrl":"https:\/\/warren.com.br\/magazine\/wp-content\/uploads\/2021\/05\/deficit-comercial.png","datePublished":"2021-05-06T20:33:35+00:00","dateModified":"2023-08-03T01:14:10+00:00","description":"D\u00e9ficit comercial \u00e9 o que acontece quando um pa\u00eds vende menos do que compra do exterior. Leia mais e entenda o que este cen\u00e1rio significa.","inLanguage":"pt-BR","potentialAction":[{"@type":"ReadAction","target":["https:\/\/warren.com.br\/magazine\/o-que-e-deficit-comercial\/"]}]},{"@type":"ImageObject","inLanguage":"pt-BR","@id":"https:\/\/warren.com.br\/magazine\/o-que-e-deficit-comercial\/#primaryimage","url":"https:\/\/warren.com.br\/magazine\/wp-content\/uploads\/2021\/05\/deficit-comercial.png","contentUrl":"https:\/\/warren.com.br\/magazine\/wp-content\/uploads\/2021\/05\/deficit-comercial.png","width":1280,"height":720,"caption":"deficit comercial"},{"@type":"WebSite","@id":"https:\/\/warren.com.br\/magazine\/#website","url":"https:\/\/warren.com.br\/magazine\/","name":"Warren Magazine","description":"","publisher":{"@id":"https:\/\/warren.com.br\/magazine\/#organization"},"potentialAction":[{"@type":"SearchAction","target":{"@type":"EntryPoint","urlTemplate":"https:\/\/warren.com.br\/magazine\/?s={search_term_string}"},"query-input":{"@type":"PropertyValueSpecification","valueRequired":true,"valueName":"search_term_string"}}],"inLanguage":"pt-BR"},{"@type":"Organization","@id":"https:\/\/warren.com.br\/magazine\/#organization","name":"Warren Magazine","url":"https:\/\/warren.com.br\/magazine\/","logo":{"@type":"ImageObject","inLanguage":"pt-BR","@id":"https:\/\/warren.com.br\/magazine\/#\/schema\/logo\/image\/","url":"https:\/\/warren.com.br\/magazine\/wp-content\/uploads\/2023\/06\/ThumbMagazine.jpg","contentUrl":"https:\/\/warren.com.br\/magazine\/wp-content\/uploads\/2023\/06\/ThumbMagazine.jpg","width":2400,"height":1260,"caption":"Warren Magazine"},"image":{"@id":"https:\/\/warren.com.br\/magazine\/#\/schema\/logo\/image\/"},"sameAs":["https:\/\/www.facebook.com\/warrenbrasil\/","https:\/\/x.com\/warrenbrasil","https:\/\/www.instagram.com\/warrenbrasil\/","https:\/\/www.linkedin.com\/company\/warrenbrasil\/","https:\/\/www.youtube.com\/channel\/UCqIO5twa50iGz2wT5cGS-XQ"]},{"@type":"Person","@id":"https:\/\/warren.com.br\/magazine\/#\/schema\/person\/6ab5c3002c3fbf4a167e69ed8a2b228c","name":"Reda\u00e7\u00e3o Warren","image":{"@type":"ImageObject","inLanguage":"pt-BR","@id":"https:\/\/warren.com.br\/magazine\/wp-content\/uploads\/2023\/12\/Instagram-avatar-96x96.png","url":"https:\/\/warren.com.br\/magazine\/wp-content\/uploads\/2023\/12\/Instagram-avatar-96x96.png","contentUrl":"https:\/\/warren.com.br\/magazine\/wp-content\/uploads\/2023\/12\/Instagram-avatar-96x96.png","caption":"Reda\u00e7\u00e3o Warren"},"url":"https:\/\/warren.com.br\/magazine\/author\/redacao-warren\/"}]}},"_links":{"self":[{"href":"https:\/\/warren.com.br\/magazine\/wp-json\/wp\/v2\/posts\/10645","targetHints":{"allow":["GET"]}}],"collection":[{"href":"https:\/\/warren.com.br\/magazine\/wp-json\/wp\/v2\/posts"}],"about":[{"href":"https:\/\/warren.com.br\/magazine\/wp-json\/wp\/v2\/types\/post"}],"author":[{"embeddable":true,"href":"https:\/\/warren.com.br\/magazine\/wp-json\/wp\/v2\/users\/8"}],"replies":[{"embeddable":true,"href":"https:\/\/warren.com.br\/magazine\/wp-json\/wp\/v2\/comments?post=10645"}],"version-history":[{"count":1,"href":"https:\/\/warren.com.br\/magazine\/wp-json\/wp\/v2\/posts\/10645\/revisions"}],"predecessor-version":[{"id":20722,"href":"https:\/\/warren.com.br\/magazine\/wp-json\/wp\/v2\/posts\/10645\/revisions\/20722"}],"wp:featuredmedia":[{"embeddable":true,"href":"https:\/\/warren.com.br\/magazine\/wp-json\/wp\/v2\/media\/10646"}],"wp:attachment":[{"href":"https:\/\/warren.com.br\/magazine\/wp-json\/wp\/v2\/media?parent=10645"}],"wp:term":[{"taxonomy":"category","embeddable":true,"href":"https:\/\/warren.com.br\/magazine\/wp-json\/wp\/v2\/categories?post=10645"},{"taxonomy":"post_tag","embeddable":true,"href":"https:\/\/warren.com.br\/magazine\/wp-json\/wp\/v2\/tags?post=10645"}],"curies":[{"name":"wp","href":"https:\/\/api.w.org\/{rel}","templated":true}]}}