{"id":11096,"date":"2021-07-05T16:29:02","date_gmt":"2021-07-05T19:29:02","guid":{"rendered":"https:\/\/warren.com.br\/magazine\/?p=11096"},"modified":"2023-08-02T22:18:34","modified_gmt":"2023-08-03T01:18:34","slug":"warren-pulse","status":"publish","type":"post","link":"https:\/\/warren.com.br\/magazine\/warren-pulse\/","title":{"rendered":"Conhe\u00e7a o Warren Pulse, a frente de diversidade, equidade e senso de pertencimento da Warren"},"content":{"rendered":"<div id=\"playht-iframe-wrapper\" style=\"max-height: 210px !important;\">\n\t<iframe\n\tscrolling=\"no\"\n\tclass=\"playht-iframe-player\"\n\tid=\"playht-iframe-player\"\n\theight=\"90px\"\n\twidth=\"100%\"\n\tframeborder=\"0\"\n\tstyle=\"max-height: 90px; height: 90px !important;\"\n\tsrc=\"https:\/\/play.ht\/embed\/?article_url=https:\/\/warren.com.br\/magazine\/?p=11096&voice=pt-BR-FranciscaNeural&appId=l7OQ6uC_zK&trans_id=-N7QseAoyQqiKhjrIj_H\"\n\tdata-voice=\"pt-BR-FranciscaNeural\"\n\tarticle-url=\"https:\/\/warren.com.br\/magazine\/?p=11096\"\n\tdata-appId=\"l7OQ6uC_zK\"\n\tallowfullscreen=\"\">\n\t<\/iframe>\n<\/div>\n\n<p>A ousadia e o questionamento est\u00e3o entre as principais caracter\u00edsticas da Warren. Surgimos colocando em xeque verdades antigas do mercado financeiro desde o nosso primeiro dia.&nbsp;<\/p>\n\n\n\n<p>Olhando para a sociedade, para o mercado de trabalho e para a realidade que nos cerca, tamb\u00e9m n\u00e3o deixamos esse questionamento de lado.&nbsp;<\/p>\n\n\n\n<p>Por que o mercado financeiro ainda \u00e9 t\u00e3o pouco diverso? Que a\u00e7\u00f5es podemos criar para promover inclus\u00e3o e senso de pertencimento \u2014 de verdade?<\/p>\n\n\n\n<p>Com a ousadia de quem n\u00e3o se contenta em apenas assistir aos problemas que marcam a sociedade, mas vai l\u00e1 e busca formas de resolv\u00ea-los, criamos o <strong>Warren Pulse<\/strong>.<\/p>\n\n\n\n<figure class=\"wp-block-embed is-type-video is-provider-youtube wp-block-embed-youtube wp-embed-aspect-16-9 wp-has-aspect-ratio\"><div class=\"wp-block-embed__wrapper\">\n<iframe loading=\"lazy\" title=\"Warren Pulse!\" width=\"750\" height=\"422\" src=\"https:\/\/www.youtube.com\/embed\/F02kuNJQ7Y4?feature=oembed\" frameborder=\"0\" allow=\"accelerometer; autoplay; clipboard-write; encrypted-media; gyroscope; picture-in-picture\" allowfullscreen><\/iframe>\n<\/div><\/figure>\n\n\n\n<p>Quer entender melhor o que \u00e9 o Warren Pulse e o que vem por a\u00ed? Ent\u00e3o continue a leitura!<\/p>\n\n\n\n<div id=\"ez-toc-container\" class=\"ez-toc-v2_0_82_2 counter-hierarchy ez-toc-counter ez-toc-grey ez-toc-container-direction\">\n<p class=\"ez-toc-title\" style=\"cursor:inherit\">Indice<\/p>\n<label for=\"ez-toc-cssicon-toggle-item-69f29bfb30d85\" class=\"ez-toc-cssicon-toggle-label\"><span class=\"ez-toc-cssicon\"><span class=\"eztoc-hide\" style=\"display:none;\">Toggle<\/span><span class=\"ez-toc-icon-toggle-span\"><svg style=\"fill: #999;color:#999\" xmlns=\"http:\/\/www.w3.org\/2000\/svg\" class=\"list-377408\" width=\"20px\" height=\"20px\" viewBox=\"0 0 24 24\" fill=\"none\"><path d=\"M6 6H4v2h2V6zm14 0H8v2h12V6zM4 11h2v2H4v-2zm16 0H8v2h12v-2zM4 16h2v2H4v-2zm16 0H8v2h12v-2z\" fill=\"currentColor\"><\/path><\/svg><svg style=\"fill: #999;color:#999\" class=\"arrow-unsorted-368013\" xmlns=\"http:\/\/www.w3.org\/2000\/svg\" width=\"10px\" height=\"10px\" viewBox=\"0 0 24 24\" version=\"1.2\" baseProfile=\"tiny\"><path d=\"M18.2 9.3l-6.2-6.3-6.2 6.3c-.2.2-.3.4-.3.7s.1.5.3.7c.2.2.4.3.7.3h11c.3 0 .5-.1.7-.3.2-.2.3-.5.3-.7s-.1-.5-.3-.7zM5.8 14.7l6.2 6.3 6.2-6.3c.2-.2.3-.5.3-.7s-.1-.5-.3-.7c-.2-.2-.4-.3-.7-.3h-11c-.3 0-.5.1-.7.3-.2.2-.3.5-.3.7s.1.5.3.7z\"\/><\/svg><\/span><\/span><\/label><input type=\"checkbox\"  id=\"ez-toc-cssicon-toggle-item-69f29bfb30d85\"  aria-label=\"Alternar\" \/><nav><ul class='ez-toc-list ez-toc-list-level-1 ' ><li class='ez-toc-page-1 ez-toc-heading-level-2'><a class=\"ez-toc-link ez-toc-heading-1\" href=\"https:\/\/warren.com.br\/magazine\/warren-pulse\/#O_que_e_o_Warren_Pulse\" >O que \u00e9 o Warren Pulse?<\/a><ul class='ez-toc-list-level-3' ><li class='ez-toc-heading-level-3'><a class=\"ez-toc-link ez-toc-heading-2\" href=\"https:\/\/warren.com.br\/magazine\/warren-pulse\/#Warren_Progresso_e_bancos_de_talentos\" >Warren Progresso e bancos de talentos<\/a><\/li><li class='ez-toc-page-1 ez-toc-heading-level-3'><a class=\"ez-toc-link ez-toc-heading-3\" href=\"https:\/\/warren.com.br\/magazine\/warren-pulse\/#ERGs_com_recortes_diversos\" >ERGs com recortes diversos<\/a><\/li><\/ul><\/li><li class='ez-toc-page-1 ez-toc-heading-level-2'><a class=\"ez-toc-link ez-toc-heading-4\" href=\"https:\/\/warren.com.br\/magazine\/warren-pulse\/#Como_acompanhar_o_Warren_Pulse\" >Como acompanhar o Warren Pulse?<\/a><\/li><\/ul><\/nav><\/div>\n<h2 class=\"wp-block-heading\"><span class=\"ez-toc-section\" id=\"O_que_e_o_Warren_Pulse\"><\/span>O que \u00e9 o Warren Pulse?<span class=\"ez-toc-section-end\"><\/span><\/h2>\n\n\n\n<p>O <strong>Warren Pulse<\/strong> \u00e9 a frente que representa todas as a\u00e7\u00f5es da Warren com foco em diversidade, equidade, inclus\u00e3o e senso de pertencimento para todas as pessoas.<\/p>\n\n\n\n<p>&#8220;Quando escolhemos o nome, olhamos para um elemento que todas as pessoas t\u00eam em comum, o cora\u00e7\u00e3o. A ideia de &#8216;pulsar&#8217; tamb\u00e9m ajuda a transmitir a vis\u00e3o de luta por tr\u00e1s de todas as causas que comp\u00f5em o Warren Pulse&#8221;, comenta <strong>Amanda Costamanha<\/strong>, L\u00edder de Comunica\u00e7\u00e3o &amp; Diversidade na Warren e uma das idealizadoras do projeto.<\/p>\n\n\n\n<p>O Warren Pulse d\u00e1 nome a um compromisso que j\u00e1 existe na Warren h\u00e1 muito tempo.<strong> <\/strong><\/p>\n\n\n\n<p><strong>Faz parte do nosso dia a dia dar aten\u00e7\u00e3o \u00e0 diversidade, \u00e0 inclus\u00e3o e ao senso de pertencimento.&nbsp;<\/strong><\/p>\n\n\n\n<p>Entre as a\u00e7\u00f5es que juntas pulsam rumo a uma Warren mais diversa e a um mundo mais igualit\u00e1rio, est\u00e3o:<\/p>\n\n\n\n<h3 class=\"wp-block-heading\"><span class=\"ez-toc-section\" id=\"Warren_Progresso_e_bancos_de_talentos\"><\/span>Warren Progresso e bancos de talentos<span class=\"ez-toc-section-end\"><\/span><\/h3>\n\n\n\n<p>O Warren Progresso \u00e9 a academia de talentos diversos da Warren que foca na <strong>contrata\u00e7\u00e3o e no desenvolvimento de pessoas em recortes de diversidade sub representados<\/strong>.<\/p>\n\n\n\n<p>Em janeiro, fizemos a primeira edi\u00e7\u00e3o do Warren Progresso, focando na inclus\u00e3o de pessoas trans em diferentes equipes da Warren, abrindo vagas exclusivas a estes grupos.&nbsp;<\/p>\n\n\n\n<p><strong>E sim, voc\u00ea leu certo: esta foi apenas a primeira edi\u00e7\u00e3o! Fique de olho porque em breve teremos novidades.<\/strong><\/p>\n\n\n\n<p>Al\u00e9m do Warren Progresso, montamos, em nossa plataforma de vagas, bancos de talentos espec\u00edficos para pessoas com defici\u00eancia, pessoas negras e ind\u00edgenas e pessoas trans e travestis.&nbsp;<\/p>\n\n\n\n<ul class=\"wp-block-list\"><li><a href=\"https:\/\/warrenbrasil.gupy.io\/jobs\/727838?jobBoardSource=gupy_public_page\">Clique aqui para acessar o banco de talentos para pessoas com defici\u00eancia.<\/a><\/li><\/ul>\n\n\n\n<ul class=\"wp-block-list\"><li><a href=\"https:\/\/warrenbrasil.gupy.io\/jobs\/645713?jobBoardSource=gupy_public_page\">Clique aqui para acessar o banco de talentos para pessoas negras e ind\u00edgenas.<\/a><\/li><\/ul>\n\n\n\n<ul class=\"wp-block-list\"><li><a href=\"https:\/\/warrenbrasil.gupy.io\/jobs\/645801?jobBoardSource=gupy_public_page\">Clique aqui para acessar o banco de talentos para pessoas trans e travestis.<\/a><\/li><\/ul>\n\n\n\n<h3 class=\"wp-block-heading\"><span class=\"ez-toc-section\" id=\"ERGs_com_recortes_diversos\"><\/span>ERGs com recortes diversos<span class=\"ez-toc-section-end\"><\/span><\/h3>\n\n\n\n<p>Na Warren, o senso de pertencimento j\u00e1 naturalmente ocorria entre diferentes recortes na forma de grupos informais criados por e para pessoas LGBTQIA+, mulheres, pessoas negras e pessoas com defici\u00eancia.<\/p>\n\n\n\n<p>Agora, nosso prop\u00f3sito \u00e9 evoluir estes grupos, criando ERGs (<em>Employee Resource Groups<\/em>). Estes grupos ser\u00e3o contribuidores internos para quebrarmos as barreiras e levarmos as pautas de diversidade e inclus\u00e3o a todas as frentes estrat\u00e9gicas e operacionais da Warren.<\/p>\n\n\n\n<p><strong>Nossos ERGs atuais s\u00e3o os grupos: Warren Mulheres, Warren Pride, Warren Afro e Warren Acessibilidade.<\/strong><\/p>\n\n\n\n<p>Cada ERG possui embaixadores. Atualmente, temos 8 pessoas embaixadoras na Warren, <em>collabs<\/em> que v\u00eam de diferentes times e representam cada uma dessas frentes para as quais os grupos se dedicam.<\/p>\n\n\n\n<p>Entre as atribui\u00e7\u00f5es futuras destes grupos e de quem os representa est\u00e3o a\u00e7\u00f5es como:<\/p>\n\n\n\n<ul class=\"wp-block-list\"><li>Levantar as demandas espec\u00edficas de diversidade, inclus\u00e3o e pertencimento dentro da Warren;<\/li><li>Organizar reuni\u00f5es abertas e rodas de conversa com pessoas da Warren e pessoas convidadas, para trazer ao dia a dia os temas que s\u00e3o caros aos seus grupos e \u00e0s suas pautas;<\/li><li>Criar um gloss\u00e1rio ou uma cartilha que ajude a trazer mais embasamento \u00e0s equipes da Warren a respeito das suas subjetividades, contextos hist\u00f3ricos e realidade atual.<\/li><\/ul>\n\n\n\n<p><strong>LEIA TAMB\u00c9M | <\/strong><a href=\"https:\/\/warren.com.br\/magazine\/mulheres-mercado-financeiro\/\"><strong>Conhe\u00e7a a trajet\u00f3ria de 3 mulheres no mercado financeiro<\/strong><\/a><\/p>\n\n\n\n<h2 class=\"wp-block-heading\"><span class=\"ez-toc-section\" id=\"Como_acompanhar_o_Warren_Pulse\"><\/span>Como acompanhar o Warren Pulse?<span class=\"ez-toc-section-end\"><\/span><\/h2>\n\n\n\n<p>Voc\u00ea pode ler mais sobre o projeto <a href=\"https:\/\/lp.warren.com.br\/warren-pulse\">clicando neste link<\/a>. E para saber sobre os pr\u00f3ximos passos do Warren Pulse, acompanhe os canais oficiais da Warren nas redes sociais: <a href=\"https:\/\/br.linkedin.com\/company\/warrenbrasil\">Linkedin<\/a>, <a href=\"https:\/\/www.youtube.com\/channel\/UCqIO5twa50iGz2wT5cGS-XQ\">YouTube<\/a>, <a href=\"https:\/\/twitter.com\/warrenbrasil\">Twitter<\/a> e <a href=\"https:\/\/www.instagram.com\/warrenbrasil\/?hl=pt-br\">Instagram<\/a>.<\/p>\n\n\n\n<p><strong>Continue a leitura!<\/strong><\/p>\n\n\n\n<ul class=\"wp-block-list\"><li><a href=\"https:\/\/warren.com.br\/magazine\/equidade-genero-investimentos\/\">Por que equidade de g\u00eanero tamb\u00e9m importa para os seus investimentos?<\/a><\/li><li><a href=\"https:\/\/warren.com.br\/magazine\/mulheres-inspiradoras\/\">Conhe\u00e7a algumas das mulheres que inspiram a Warren<\/a><\/li><li><a href=\"https:\/\/warren.com.br\/magazine\/como-criamos-o-warren-equals\/\">Kelly Gusm\u00e3o conta como criamos o Warren Equals<\/a><\/li><\/ul>\n","protected":false},"excerpt":{"rendered":"<p>A ousadia e o questionamento est\u00e3o entre as principais caracter\u00edsticas da Warren.<\/p>\n","protected":false},"author":8,"featured_media":12892,"comment_status":"open","ping_status":"open","sticky":false,"template":"","format":"standard","meta":{"_acf_changed":false,"footnotes":""},"categories":[752],"tags":[],"class_list":["post-11096","post","type-post","status-publish","format-standard","has-post-thumbnail","hentry","category-a-warren","entry"],"acf":[],"yoast_head":"<!-- This site is optimized with the Yoast SEO plugin v27.5 - https:\/\/yoast.com\/product\/yoast-seo-wordpress\/ -->\n<title>Conhe\u00e7a o Warren Pulse, a frente de diversidade, equidade e senso de pertencimento da Warren | Warren<\/title>\n<meta name=\"description\" content=\"Conhe\u00e7a a frente de diversidade, equidade e senso de pertencimento da Warren e saiba os principais projetos por tr\u00e1s da iniciativa.\" \/>\n<meta name=\"robots\" content=\"index, follow, max-snippet:-1, max-image-preview:large, max-video-preview:-1\" \/>\n<link rel=\"canonical\" href=\"https:\/\/warren.com.br\/magazine\/warren-pulse\/\" \/>\n<meta property=\"og:locale\" content=\"pt_BR\" \/>\n<meta property=\"og:type\" content=\"article\" \/>\n<meta property=\"og:title\" content=\"Conhe\u00e7a o Warren Pulse, a frente de diversidade, equidade e senso de pertencimento da Warren | Warren\" \/>\n<meta property=\"og:description\" content=\"Conhe\u00e7a a frente de diversidade, equidade e senso de pertencimento da Warren e saiba os principais projetos por tr\u00e1s da iniciativa.\" \/>\n<meta property=\"og:url\" content=\"https:\/\/warren.com.br\/magazine\/warren-pulse\/\" \/>\n<meta property=\"og:site_name\" content=\"Warren Magazine\" \/>\n<meta property=\"article:publisher\" content=\"https:\/\/www.facebook.com\/warrenbrasil\/\" \/>\n<meta property=\"article:published_time\" content=\"2021-07-05T19:29:02+00:00\" \/>\n<meta property=\"article:modified_time\" content=\"2023-08-03T01:18:34+00:00\" \/>\n<meta property=\"og:image\" content=\"https:\/\/warren.com.br\/magazine\/wp-content\/uploads\/2021\/07\/warren-pulse.jpg\" \/>\n\t<meta property=\"og:image:width\" content=\"1800\" \/>\n\t<meta property=\"og:image:height\" content=\"1012\" \/>\n\t<meta property=\"og:image:type\" content=\"image\/jpeg\" \/>\n<meta name=\"author\" content=\"Reda\u00e7\u00e3o Warren\" \/>\n<meta name=\"twitter:card\" content=\"summary_large_image\" \/>\n<meta name=\"twitter:creator\" content=\"@warrenbrasil\" \/>\n<meta name=\"twitter:site\" content=\"@warrenbrasil\" \/>\n<meta name=\"twitter:label1\" content=\"Escrito por\" \/>\n\t<meta name=\"twitter:data1\" content=\"Reda\u00e7\u00e3o Warren\" \/>\n\t<meta name=\"twitter:label2\" content=\"Est. tempo de leitura\" \/>\n\t<meta name=\"twitter:data2\" content=\"4 minutos\" \/>\n<!-- \/ Yoast SEO plugin. -->","yoast_head_json":{"title":"Conhe\u00e7a o Warren Pulse, a frente de diversidade, equidade e senso de pertencimento da Warren | Warren","description":"Conhe\u00e7a a frente de diversidade, equidade e senso de pertencimento da Warren e saiba os principais projetos por tr\u00e1s da iniciativa.","robots":{"index":"index","follow":"follow","max-snippet":"max-snippet:-1","max-image-preview":"max-image-preview:large","max-video-preview":"max-video-preview:-1"},"canonical":"https:\/\/warren.com.br\/magazine\/warren-pulse\/","og_locale":"pt_BR","og_type":"article","og_title":"Conhe\u00e7a o Warren Pulse, a frente de diversidade, equidade e senso de pertencimento da Warren | Warren","og_description":"Conhe\u00e7a a frente de diversidade, equidade e senso de pertencimento da Warren e saiba os principais projetos por tr\u00e1s da iniciativa.","og_url":"https:\/\/warren.com.br\/magazine\/warren-pulse\/","og_site_name":"Warren Magazine","article_publisher":"https:\/\/www.facebook.com\/warrenbrasil\/","article_published_time":"2021-07-05T19:29:02+00:00","article_modified_time":"2023-08-03T01:18:34+00:00","og_image":[{"width":1800,"height":1012,"url":"https:\/\/warren.com.br\/magazine\/wp-content\/uploads\/2021\/07\/warren-pulse.jpg","type":"image\/jpeg"}],"author":"Reda\u00e7\u00e3o Warren","twitter_card":"summary_large_image","twitter_creator":"@warrenbrasil","twitter_site":"@warrenbrasil","twitter_misc":{"Escrito por":"Reda\u00e7\u00e3o Warren","Est. tempo de leitura":"4 minutos"},"schema":{"@context":"https:\/\/schema.org","@graph":[{"@type":"NewsArticle","@id":"https:\/\/warren.com.br\/magazine\/warren-pulse\/#article","isPartOf":{"@id":"https:\/\/warren.com.br\/magazine\/warren-pulse\/"},"author":{"name":"Reda\u00e7\u00e3o Warren","@id":"https:\/\/warren.com.br\/magazine\/#\/schema\/person\/6ab5c3002c3fbf4a167e69ed8a2b228c"},"headline":"Conhe\u00e7a o Warren Pulse, a frente de diversidade, equidade e senso de pertencimento da Warren","datePublished":"2021-07-05T19:29:02+00:00","dateModified":"2023-08-03T01:18:34+00:00","mainEntityOfPage":{"@id":"https:\/\/warren.com.br\/magazine\/warren-pulse\/"},"wordCount":764,"commentCount":0,"publisher":{"@id":"https:\/\/warren.com.br\/magazine\/#organization"},"image":{"@id":"https:\/\/warren.com.br\/magazine\/warren-pulse\/#primaryimage"},"thumbnailUrl":"https:\/\/warren.com.br\/magazine\/wp-content\/uploads\/2021\/07\/warren-pulse.jpg","articleSection":["A Warren\u00a0"],"inLanguage":"pt-BR"},{"@type":"WebPage","@id":"https:\/\/warren.com.br\/magazine\/warren-pulse\/","url":"https:\/\/warren.com.br\/magazine\/warren-pulse\/","name":"Conhe\u00e7a o Warren Pulse, a frente de diversidade, equidade e senso de pertencimento da Warren | Warren","isPartOf":{"@id":"https:\/\/warren.com.br\/magazine\/#website"},"primaryImageOfPage":{"@id":"https:\/\/warren.com.br\/magazine\/warren-pulse\/#primaryimage"},"image":{"@id":"https:\/\/warren.com.br\/magazine\/warren-pulse\/#primaryimage"},"thumbnailUrl":"https:\/\/warren.com.br\/magazine\/wp-content\/uploads\/2021\/07\/warren-pulse.jpg","datePublished":"2021-07-05T19:29:02+00:00","dateModified":"2023-08-03T01:18:34+00:00","description":"Conhe\u00e7a a frente de diversidade, equidade e senso de pertencimento da Warren e saiba os principais projetos por tr\u00e1s da iniciativa.","inLanguage":"pt-BR","potentialAction":[{"@type":"ReadAction","target":["https:\/\/warren.com.br\/magazine\/warren-pulse\/"]}]},{"@type":"ImageObject","inLanguage":"pt-BR","@id":"https:\/\/warren.com.br\/magazine\/warren-pulse\/#primaryimage","url":"https:\/\/warren.com.br\/magazine\/wp-content\/uploads\/2021\/07\/warren-pulse.jpg","contentUrl":"https:\/\/warren.com.br\/magazine\/wp-content\/uploads\/2021\/07\/warren-pulse.jpg","width":1800,"height":1012,"caption":"warren pulse"},{"@type":"WebSite","@id":"https:\/\/warren.com.br\/magazine\/#website","url":"https:\/\/warren.com.br\/magazine\/","name":"Warren Magazine","description":"","publisher":{"@id":"https:\/\/warren.com.br\/magazine\/#organization"},"potentialAction":[{"@type":"SearchAction","target":{"@type":"EntryPoint","urlTemplate":"https:\/\/warren.com.br\/magazine\/?s={search_term_string}"},"query-input":{"@type":"PropertyValueSpecification","valueRequired":true,"valueName":"search_term_string"}}],"inLanguage":"pt-BR"},{"@type":"Organization","@id":"https:\/\/warren.com.br\/magazine\/#organization","name":"Warren Magazine","url":"https:\/\/warren.com.br\/magazine\/","logo":{"@type":"ImageObject","inLanguage":"pt-BR","@id":"https:\/\/warren.com.br\/magazine\/#\/schema\/logo\/image\/","url":"https:\/\/warren.com.br\/magazine\/wp-content\/uploads\/2023\/06\/ThumbMagazine.jpg","contentUrl":"https:\/\/warren.com.br\/magazine\/wp-content\/uploads\/2023\/06\/ThumbMagazine.jpg","width":2400,"height":1260,"caption":"Warren Magazine"},"image":{"@id":"https:\/\/warren.com.br\/magazine\/#\/schema\/logo\/image\/"},"sameAs":["https:\/\/www.facebook.com\/warrenbrasil\/","https:\/\/x.com\/warrenbrasil","https:\/\/www.instagram.com\/warrenbrasil\/","https:\/\/www.linkedin.com\/company\/warrenbrasil\/","https:\/\/www.youtube.com\/channel\/UCqIO5twa50iGz2wT5cGS-XQ"]},{"@type":"Person","@id":"https:\/\/warren.com.br\/magazine\/#\/schema\/person\/6ab5c3002c3fbf4a167e69ed8a2b228c","name":"Reda\u00e7\u00e3o Warren","image":{"@type":"ImageObject","inLanguage":"pt-BR","@id":"https:\/\/warren.com.br\/magazine\/wp-content\/uploads\/2023\/12\/Instagram-avatar-96x96.png","url":"https:\/\/warren.com.br\/magazine\/wp-content\/uploads\/2023\/12\/Instagram-avatar-96x96.png","contentUrl":"https:\/\/warren.com.br\/magazine\/wp-content\/uploads\/2023\/12\/Instagram-avatar-96x96.png","caption":"Reda\u00e7\u00e3o Warren"},"url":"https:\/\/warren.com.br\/magazine\/author\/redacao-warren\/"}]}},"_links":{"self":[{"href":"https:\/\/warren.com.br\/magazine\/wp-json\/wp\/v2\/posts\/11096","targetHints":{"allow":["GET"]}}],"collection":[{"href":"https:\/\/warren.com.br\/magazine\/wp-json\/wp\/v2\/posts"}],"about":[{"href":"https:\/\/warren.com.br\/magazine\/wp-json\/wp\/v2\/types\/post"}],"author":[{"embeddable":true,"href":"https:\/\/warren.com.br\/magazine\/wp-json\/wp\/v2\/users\/8"}],"replies":[{"embeddable":true,"href":"https:\/\/warren.com.br\/magazine\/wp-json\/wp\/v2\/comments?post=11096"}],"version-history":[{"count":1,"href":"https:\/\/warren.com.br\/magazine\/wp-json\/wp\/v2\/posts\/11096\/revisions"}],"predecessor-version":[{"id":17156,"href":"https:\/\/warren.com.br\/magazine\/wp-json\/wp\/v2\/posts\/11096\/revisions\/17156"}],"wp:featuredmedia":[{"embeddable":true,"href":"https:\/\/warren.com.br\/magazine\/wp-json\/wp\/v2\/media\/12892"}],"wp:attachment":[{"href":"https:\/\/warren.com.br\/magazine\/wp-json\/wp\/v2\/media?parent=11096"}],"wp:term":[{"taxonomy":"category","embeddable":true,"href":"https:\/\/warren.com.br\/magazine\/wp-json\/wp\/v2\/categories?post=11096"},{"taxonomy":"post_tag","embeddable":true,"href":"https:\/\/warren.com.br\/magazine\/wp-json\/wp\/v2\/tags?post=11096"}],"curies":[{"name":"wp","href":"https:\/\/api.w.org\/{rel}","templated":true}]}}