{"id":11418,"date":"2021-08-10T21:07:51","date_gmt":"2021-08-11T00:07:51","guid":{"rendered":"https:\/\/warren.com.br\/magazine\/?p=11418"},"modified":"2023-08-02T21:48:55","modified_gmt":"2023-08-03T00:48:55","slug":"previdencia-privada","status":"publish","type":"post","link":"https:\/\/warren.com.br\/magazine\/previdencia-privada\/","title":{"rendered":"Previd\u00eancia privada: como funciona, quando vale a pena e cuidados ao escolher [guia]"},"content":{"rendered":"<div id=\"playht-iframe-wrapper\" style=\"max-height: 210px !important;\">\n\t<iframe\n\tscrolling=\"no\"\n\tclass=\"playht-iframe-player\"\n\tid=\"playht-iframe-player\"\n\theight=\"90px\"\n\twidth=\"100%\"\n\tframeborder=\"0\"\n\tstyle=\"max-height: 90px; height: 90px !important;\"\n\tsrc=\"https:\/\/play.ht\/embed\/?article_url=https:\/\/warren.com.br\/magazine\/?p=11418&voice=pt-BR-FranciscaNeural&appId=l7OQ6uC_zK&trans_id=-Mzz9akBRaK6VsY_5pD5\"\n\tdata-voice=\"pt-BR-FranciscaNeural\"\n\tarticle-url=\"https:\/\/warren.com.br\/magazine\/?p=11418\"\n\tdata-appId=\"l7OQ6uC_zK\"\n\tallowfullscreen=\"\">\n\t<\/iframe>\n<\/div>\n\n<p>Voc\u00ea sabe como funcionam os planos de <strong>previd\u00eancia privada<\/strong>?<\/p>\n\n\n\n<p>Como o pr\u00f3prio nome indica, a <strong>previd\u00eancia privada<\/strong> inclui todos os <strong>planos de aposentadoria <\/strong>que n\u00e3o est\u00e3o ligados ao INSS, que administra a Previd\u00eancia Social.<\/p>\n\n\n\n<p>Ao contr\u00e1rio do que muitos pensam, n\u00e3o \u00e9 preciso escolher entre a <strong>previd\u00eancia privada<\/strong> ou INSS.&nbsp;<\/p>\n\n\n\n<p>As modalidades s\u00e3o complementares e podem ser adotadas ao mesmo tempo.<\/p>\n\n\n\n<p>Mas \u00e9 fato que a <strong>previd\u00eancia privada<\/strong> inspira muitas d\u00favidas entre os investidores. <a href=\"https:\/\/warren.com.br\/magazine\/pensando-em-previdencia-conheca-pgbl-e-vgbl\/\">PGBL ou VGBL<\/a>? Quais s\u00e3o as vantagens? Como funciona a tributa\u00e7\u00e3o?<\/p>\n\n\n\n<p>Neste artigo, vamos explicar<strong> como funciona a previd\u00eancia privada<\/strong> e mostrar os fatores que voc\u00ea deve avaliar quando estiver considerando este tipo de investimento.<\/p>\n\n\n\n<p>Vamos juntos descomplicar a <strong>previd\u00eancia privada<\/strong>? Nossa miss\u00e3o com este guia \u00e9 tirar todas as suas d\u00favidas nas pr\u00f3ximas linhas.<\/p>\n\n\n\n<p>Boa leitura!<\/p>\n\n\n\n<div id=\"ez-toc-container\" class=\"ez-toc-v2_0_82_2 counter-hierarchy ez-toc-counter ez-toc-grey ez-toc-container-direction\">\n<p class=\"ez-toc-title\" style=\"cursor:inherit\">Indice<\/p>\n<label for=\"ez-toc-cssicon-toggle-item-69f1aa5de5762\" class=\"ez-toc-cssicon-toggle-label\"><span class=\"ez-toc-cssicon\"><span class=\"eztoc-hide\" style=\"display:none;\">Toggle<\/span><span class=\"ez-toc-icon-toggle-span\"><svg style=\"fill: #999;color:#999\" xmlns=\"http:\/\/www.w3.org\/2000\/svg\" class=\"list-377408\" width=\"20px\" height=\"20px\" viewBox=\"0 0 24 24\" fill=\"none\"><path d=\"M6 6H4v2h2V6zm14 0H8v2h12V6zM4 11h2v2H4v-2zm16 0H8v2h12v-2zM4 16h2v2H4v-2zm16 0H8v2h12v-2z\" fill=\"currentColor\"><\/path><\/svg><svg style=\"fill: #999;color:#999\" class=\"arrow-unsorted-368013\" xmlns=\"http:\/\/www.w3.org\/2000\/svg\" width=\"10px\" height=\"10px\" viewBox=\"0 0 24 24\" version=\"1.2\" baseProfile=\"tiny\"><path d=\"M18.2 9.3l-6.2-6.3-6.2 6.3c-.2.2-.3.4-.3.7s.1.5.3.7c.2.2.4.3.7.3h11c.3 0 .5-.1.7-.3.2-.2.3-.5.3-.7s-.1-.5-.3-.7zM5.8 14.7l6.2 6.3 6.2-6.3c.2-.2.3-.5.3-.7s-.1-.5-.3-.7c-.2-.2-.4-.3-.7-.3h-11c-.3 0-.5.1-.7.3-.2.2-.3.5-.3.7s.1.5.3.7z\"\/><\/svg><\/span><\/span><\/label><input type=\"checkbox\"  id=\"ez-toc-cssicon-toggle-item-69f1aa5de5762\"  aria-label=\"Alternar\" \/><nav><ul class='ez-toc-list ez-toc-list-level-1 ' ><li class='ez-toc-page-1 ez-toc-heading-level-2'><a class=\"ez-toc-link ez-toc-heading-1\" href=\"https:\/\/warren.com.br\/magazine\/previdencia-privada\/#O_que_e_previdencia_privada\" >O que \u00e9 previd\u00eancia privada?<\/a><\/li><li class='ez-toc-page-1 ez-toc-heading-level-2'><a class=\"ez-toc-link ez-toc-heading-2\" href=\"https:\/\/warren.com.br\/magazine\/previdencia-privada\/#Como_funciona_a_previdencia_privada\" >Como funciona a previd\u00eancia privada?<\/a><\/li><li class='ez-toc-page-1 ez-toc-heading-level-2'><a class=\"ez-toc-link ez-toc-heading-3\" href=\"https:\/\/warren.com.br\/magazine\/previdencia-privada\/#Diferencas_entre_previdencia_privada_e_INSS\" >Diferen\u00e7as entre previd\u00eancia privada e INSS<\/a><\/li><li class='ez-toc-page-1 ez-toc-heading-level-2'><a class=\"ez-toc-link ez-toc-heading-4\" href=\"https:\/\/warren.com.br\/magazine\/previdencia-privada\/#Diferenca_entre_PGBL_e_VGBL\" >Diferen\u00e7a entre PGBL e VGBL<\/a><ul class='ez-toc-list-level-3' ><li class='ez-toc-heading-level-3'><a class=\"ez-toc-link ez-toc-heading-5\" href=\"https:\/\/warren.com.br\/magazine\/previdencia-privada\/#Plano_Gerador_de_Beneficio_Livre_PGBL\" >Plano Gerador de Benef\u00edcio Livre (PGBL)<\/a><\/li><li class='ez-toc-page-1 ez-toc-heading-level-3'><a class=\"ez-toc-link ez-toc-heading-6\" href=\"https:\/\/warren.com.br\/magazine\/previdencia-privada\/#Vida_Gerador_de_Beneficio_Livre_VGBL\" >Vida Gerador de Benef\u00edcio Livre (VGBL)<\/a><\/li><li class='ez-toc-page-1 ez-toc-heading-level-3'><a class=\"ez-toc-link ez-toc-heading-7\" href=\"https:\/\/warren.com.br\/magazine\/previdencia-privada\/#PGBL_x_VGBL_qual_a_melhor_escolha\" >PGBL x VGBL: qual a melhor escolha?<\/a><\/li><\/ul><\/li><li class='ez-toc-page-1 ez-toc-heading-level-2'><a class=\"ez-toc-link ez-toc-heading-8\" href=\"https:\/\/warren.com.br\/magazine\/previdencia-privada\/#Vantagens_da_previdencia_privada\" >Vantagens da previd\u00eancia privada<\/a><ul class='ez-toc-list-level-3' ><li class='ez-toc-heading-level-3'><a class=\"ez-toc-link ez-toc-heading-9\" href=\"https:\/\/warren.com.br\/magazine\/previdencia-privada\/#Opcoes_de_tributacao\" >Op\u00e7\u00f5es de tributa\u00e7\u00e3o<\/a><\/li><li class='ez-toc-page-1 ez-toc-heading-level-3'><a class=\"ez-toc-link ez-toc-heading-10\" href=\"https:\/\/warren.com.br\/magazine\/previdencia-privada\/#Nada_de_come-cotas\" >Nada de come-cotas<\/a><\/li><li class='ez-toc-page-1 ez-toc-heading-level-3'><a class=\"ez-toc-link ez-toc-heading-11\" href=\"https:\/\/warren.com.br\/magazine\/previdencia-privada\/#Sucessao_patrimonial\" >Sucess\u00e3o patrimonial<\/a><\/li><li class='ez-toc-page-1 ez-toc-heading-level-3'><a class=\"ez-toc-link ez-toc-heading-12\" href=\"https:\/\/warren.com.br\/magazine\/previdencia-privada\/#Portabilidade\" >Portabilidade<\/a><\/li><li class='ez-toc-page-1 ez-toc-heading-level-3'><a class=\"ez-toc-link ez-toc-heading-13\" href=\"https:\/\/warren.com.br\/magazine\/previdencia-privada\/#Liberdade_de_resgate\" >Liberdade de resgate<\/a><\/li><li class='ez-toc-page-1 ez-toc-heading-level-3'><a class=\"ez-toc-link ez-toc-heading-14\" href=\"https:\/\/warren.com.br\/magazine\/previdencia-privada\/#Opcao_de_debito_automatico\" >Op\u00e7\u00e3o de d\u00e9bito autom\u00e1tico<\/a><\/li><\/ul><\/li><li class='ez-toc-page-1 ez-toc-heading-level-2'><a class=\"ez-toc-link ez-toc-heading-15\" href=\"https:\/\/warren.com.br\/magazine\/previdencia-privada\/#Desvantagens_da_previdencia_privada\" >Desvantagens da previd\u00eancia privada<\/a><ul class='ez-toc-list-level-3' ><li class='ez-toc-heading-level-3'><a class=\"ez-toc-link ez-toc-heading-16\" href=\"https:\/\/warren.com.br\/magazine\/previdencia-privada\/#Tributacao_no_curto_prazo\" >Tributa\u00e7\u00e3o no curto prazo<\/a><\/li><li class='ez-toc-page-1 ez-toc-heading-level-3'><a class=\"ez-toc-link ez-toc-heading-17\" href=\"https:\/\/warren.com.br\/magazine\/previdencia-privada\/#Cuidado_com_as_taxas\" >Cuidado com as taxas<\/a><\/li><\/ul><\/li><li class='ez-toc-page-1 ez-toc-heading-level-2'><a class=\"ez-toc-link ez-toc-heading-18\" href=\"https:\/\/warren.com.br\/magazine\/previdencia-privada\/#Quando_optar_por_uma_previdencia_privada\" >Quando optar por uma previd\u00eancia privada?<\/a><\/li><li class='ez-toc-page-1 ez-toc-heading-level-2'><a class=\"ez-toc-link ez-toc-heading-19\" href=\"https:\/\/warren.com.br\/magazine\/previdencia-privada\/#Como_escolher_uma_previdencia_privada\" >Como escolher uma previd\u00eancia privada?<\/a><\/li><\/ul><\/nav><\/div>\n<h2 class=\"wp-block-heading\"><span class=\"ez-toc-section\" id=\"O_que_e_previdencia_privada\"><\/span>O que \u00e9 previd\u00eancia privada?<span class=\"ez-toc-section-end\"><\/span><\/h2>\n\n\n\n<figure class=\"wp-block-image size-large\"><img loading=\"lazy\" decoding=\"async\" width=\"1024\" height=\"576\" src=\"https:\/\/warren.com.br\/magazine\/wp-content\/uploads\/2021\/08\/o-que-e-previdencia-privada-1024x576.png\" alt=\"O que \u00e9 previd\u00eancia privada, ilustra\u00e7\u00e3o\" class=\"wp-image-11421\" srcset=\"https:\/\/warren.com.br\/magazine\/wp-content\/uploads\/2021\/08\/o-que-e-previdencia-privada-1024x576.png 1024w, https:\/\/warren.com.br\/magazine\/wp-content\/uploads\/2021\/08\/o-que-e-previdencia-privada-300x169.png 300w, https:\/\/warren.com.br\/magazine\/wp-content\/uploads\/2021\/08\/o-que-e-previdencia-privada-768x432.png 768w, https:\/\/warren.com.br\/magazine\/wp-content\/uploads\/2021\/08\/o-que-e-previdencia-privada.png 1280w\" sizes=\"auto, (max-width: 1024px) 100vw, 1024px\" \/><\/figure>\n\n\n\n<p>Os fundos de <strong>previd\u00eancia privada<\/strong> s\u00e3o um tipo de investimento de longo prazo, geralmente planejado para render por d\u00e9cadas antes do resgate. A <strong>previd\u00eancia privada<\/strong> \u00e9 muito popular no Brasil entre pessoas que desejam complementar a renda ap\u00f3s a aposentadoria.<\/p>\n\n\n\n<p>Enquanto a previd\u00eancia p\u00fablica \u00e9 obrigat\u00f3ria e tem al\u00edquotas reguladas por lei, a previd\u00eancia privada d\u00e1 ao investidor a <strong>liberdade de contribuir quando e com quanto quiser<\/strong>.<\/p>\n\n\n\n<p>Assim como outros <a href=\"https:\/\/warren.com.br\/magazine\/fundos-de-investimento\/\">fundos de investimento<\/a>, a <strong>previd\u00eancia privada<\/strong> \u00e9 administrada por gestores que aplicam os recursos em ativos como <a href=\"https:\/\/warren.com.br\/magazine\/investimento-renda-fixa\/\">t\u00edtulos de renda fixa<\/a> e <a href=\"https:\/\/warren.com.br\/magazine\/o-que-e-uma-acao\/\">a\u00e7\u00f5es<\/a>.<\/p>\n\n\n\n<p>Como a <strong>previd\u00eancia privada<\/strong> \u00e9 considerada um investimento seguro e mais conservador, estes fundos costumam aplicar majoritariamente na renda fixa de curto prazo, considerados os investimentos mais seguros \u00e0 disposi\u00e7\u00e3o.<\/p>\n\n\n\n<p>Mas, por ser um ve\u00edculo de investimento de longo prazo, tamb\u00e9m \u00e9 poss\u00edvel encontrar fundos de previd\u00eancia mais arrojados, com parcela relevante em <a href=\"https:\/\/warren.com.br\/magazine\/investimento-renda-variavel\/\">renda vari\u00e1vel<\/a>.<\/p>\n\n\n\n<p>Todos os fundos brasileiros de <strong>previd\u00eancia privada<\/strong> est\u00e3o sujeitos \u00e0 fiscaliza\u00e7\u00e3o da Superintend\u00eancia de Seguros Privados (<a href=\"http:\/\/www.susep.gov.br\/\">Susep<\/a>), do Minist\u00e9rio da Economia.<\/p>\n\n\n\n<p><strong>LEIA TAMB\u00c9M | <\/strong><a href=\"https:\/\/warren.com.br\/magazine\/fundo-warren-previdencia-gestao-ativa\/\"><strong>Confira os primeiros resultados do fundo Warren Previd\u00eancia Gest\u00e3o Ativa<\/strong><\/a><\/p>\n\n\n\n<p><strong>Quer falar sobre a sua previd\u00eancia com um dos nossos especialistas? Preencha o formul\u00e1rio abaixo que entraremos em contato:<\/strong><\/p>\n\n\n<script charset=\"utf-8\" type=\"text\/javascript\" src=\"\/\/js.hsforms.net\/forms\/v2.js\"><\/script><script>\n\t\thbspt.forms.create({\n\t\tregion: \"na1\",\n\t\tportalId: \"5032423\",\n\t\tformId: \"809ecdba-04e1-4a5c-b710-02c0583cd9d3\",\n\t\tversion: \"V2_PRERELEASE\"\n\t\t});\n\t\t<\/script>\n\n\n\n<h2 class=\"wp-block-heading\"><span class=\"ez-toc-section\" id=\"Como_funciona_a_previdencia_privada\"><\/span>Como funciona a previd\u00eancia privada?<span class=\"ez-toc-section-end\"><\/span><\/h2>\n\n\n\n<figure class=\"wp-block-image size-large\"><img loading=\"lazy\" decoding=\"async\" width=\"1024\" height=\"576\" src=\"https:\/\/warren.com.br\/magazine\/wp-content\/uploads\/2021\/08\/como-funciona-previdencia-privada-1024x576.png\" alt=\"Como funciona a previd\u00eancia privada, ilustra\u00e7\u00e3o\" class=\"wp-image-11422\" srcset=\"https:\/\/warren.com.br\/magazine\/wp-content\/uploads\/2021\/08\/como-funciona-previdencia-privada-1024x576.png 1024w, https:\/\/warren.com.br\/magazine\/wp-content\/uploads\/2021\/08\/como-funciona-previdencia-privada-300x169.png 300w, https:\/\/warren.com.br\/magazine\/wp-content\/uploads\/2021\/08\/como-funciona-previdencia-privada-768x432.png 768w, https:\/\/warren.com.br\/magazine\/wp-content\/uploads\/2021\/08\/como-funciona-previdencia-privada.png 1280w\" sizes=\"auto, (max-width: 1024px) 100vw, 1024px\" \/><\/figure>\n\n\n\n<p>A ideia da <strong>previd\u00eancia privada<\/strong> \u00e9 que o investidor contribua com uma quantia peri\u00f3dica ao longo da vida para depois resgatar o valor acumulado e os rendimentos.<\/p>\n\n\n\n<p>Essa contribui\u00e7\u00e3o \u00e9 calculada atrav\u00e9s dos chamados <strong>planos de previd\u00eancia privada<\/strong>, que estimam quanto e por quanto tempo o investidor deve pagar para receber o valor desejado.<\/p>\n\n\n\n<p>No momento do <strong>resgate<\/strong>, o beneficiado pode escolher entre receber todo o montante de uma s\u00f3 vez, ou convert\u00ea-lo em uma renda mensal por um tempo determinado.<\/p>\n\n\n\n<p>A pessoa que contrata o plano tamb\u00e9m pode escolher repassar o valor \u00e0 fam\u00edlia em caso de morte, ou receber o dinheiro se estiver impossibilitado de trabalhar por invalidez.<\/p>\n\n\n\n<p>Ainda \u00e9 poss\u00edvel cancelar o plano antes da data prevista e retirar o valor proporcional, mas esta op\u00e7\u00e3o costuma cobrar taxas adicionais e impor um prazo de car\u00eancia at\u00e9 o pagamento.<\/p>\n\n\n\n<p>Vale lembrar que existem algumas diferen\u00e7as entre os planos de <strong>previd\u00eancia privada<\/strong> em rela\u00e7\u00e3o \u00e0 tributa\u00e7\u00e3o de Imposto de Renda. Falaremos sobre isso em detalhes adiante.<\/p>\n\n\n\n<p><strong>LEIA MAIS | <\/strong><a href=\"https:\/\/warren.com.br\/magazine\/seguro-vida-previdencia-tabus\/\"><strong>Por que seguro de vida e previd\u00eancia privada ainda s\u00e3o tabus no Brasil?<\/strong><\/a><strong>&nbsp;<\/strong><\/p>\n\n\n\n<h2 class=\"wp-block-heading\"><span class=\"ez-toc-section\" id=\"Diferencas_entre_previdencia_privada_e_INSS\"><\/span>Diferen\u00e7as entre previd\u00eancia privada e INSS<span class=\"ez-toc-section-end\"><\/span><\/h2>\n\n\n\n<p>A principal<strong> diferen\u00e7a entre a previd\u00eancia p\u00fablica e a privada<\/strong> \u00e9 a seguinte: pelo INSS, a contribui\u00e7\u00e3o mensal \u00e9 obrigat\u00f3ria e proporcional \u00e0 renda e ao regime de trabalho.<\/p>\n\n\n\n<p>J\u00e1 a <strong>previd\u00eancia privada<\/strong> \u00e9 uma forma livre de investimento, em que o contratante pode avaliar diferentes planos e escolher quanto deseja aplicar de cada vez.<\/p>\n\n\n\n<p>Al\u00e9m disso, a previd\u00eancia p\u00fablica exige contribui\u00e7\u00f5es mensais, enquanto a privada permite que o investidor escolha pagar uma vez por ano, por exemplo.<\/p>\n\n\n\n<p>Outro ponto \u00e9 que a previd\u00eancia p\u00fablica \u00e9 cobrada enquanto a pessoa estiver trabalhando e recebendo renda, e essa cobran\u00e7a dura at\u00e9 que ela decida \u2014 e possa \u2014 se aposentar pelo INSS.<\/p>\n\n\n\n<p>A <strong>previd\u00eancia privada<\/strong>, por sua vez, \u00e9 inteiramente opcional e n\u00e3o tem data mandat\u00f3ria de in\u00edcio ou fim da contribui\u00e7\u00e3o. Voc\u00ea paga enquanto durar o plano escolhido.<\/p>\n\n\n\n<p>Ou seja: \u00e9 poss\u00edvel contratar <strong>previd\u00eancia privada<\/strong> para uma crian\u00e7a de 5 anos ou para um adulto de 50, e tamb\u00e9m pedir o resgate se estiver insatisfeito ou precisar do dinheiro.<\/p>\n\n\n\n<p>A previd\u00eancia p\u00fablica tamb\u00e9m tem pr\u00e9-requisitos de idade e tempo de servi\u00e7o para come\u00e7ar a pagar o benef\u00edcio, algo que n\u00e3o existe na modalidade privada.<\/p>\n\n\n\n<p>Por fim, vale lembrar que a aposentadoria pelo INSS \u00e9 garantida por lei e precisa ser paga pelo governo a quem cumpre os requisitos.<\/p>\n\n\n\n<p>Por outro lado, as institui\u00e7\u00f5es de <strong>previd\u00eancia privada<\/strong> est\u00e3o expostas a riscos de mercado e podem dar \u201ccalote\u201d nos investidores se quebrarem.<\/p>\n\n\n\n<p>Confira, abaixo, um quadro comparativo entre a <strong>previd\u00eancia privada<\/strong> e o INSS para voc\u00ea entender melhor:<\/p>\n\n\n\n<figure class=\"wp-block-table\"><table><tbody><tr><td>Pergunta<\/td><td><strong>Previd\u00eancia privada<\/strong><\/td><td>INSS<\/td><\/tr><tr><td>Quem faz a gest\u00e3o?<\/td><td>Institui\u00e7\u00f5es financeiras<\/td><td>Governo<\/td><\/tr><tr><td>\u00c9 obrigat\u00f3ria para quem tem CLT?<\/td><td>N\u00e3o<\/td><td>Sim<\/td><\/tr><tr><td>Qual o valor da contribui\u00e7\u00e3o?<\/td><td>Contribuinte escolhe<\/td><td>Fixa, de acordo com o sal\u00e1rio<\/td><\/tr><tr><td>H\u00e1 teto do benef\u00edcio?<\/td><td>N\u00e3o h\u00e1<\/td><td>R$ 6.433,57<\/td><\/tr><tr><td>\u00c9 poss\u00edvel fazer aportes?<\/td><td>Sim<\/td><td>N\u00e3o<\/td><\/tr><tr><td>\u00c9 poss\u00edvel resgatar?<\/td><td>Sim<\/td><td>N\u00e3o<\/td><\/tr><tr><td>Como \u00e9 o recebimento do benef\u00edcio?<\/td><td>De uma s\u00f3 vez ou mensalmente<\/td><td>Mensalmente<\/td><\/tr><tr><td>Qual a idade m\u00ednima para aposentadoria?<\/td><td>Sem idade m\u00ednima<\/td><td>60 anos para mulheres e 65 para homens, de forma geral<\/td><\/tr><\/tbody><\/table><\/figure>\n\n\n\n<p><strong>LEIA TAMB\u00c9M | <\/strong><a href=\"https:\/\/warren.com.br\/magazine\/como-declarar-fundos-de-investimento-imposto-de-renda\/\"><strong>Como declarar fundos de investimento no Imposto de Renda: passo a passo com imagens<\/strong><\/a><strong>&nbsp;<\/strong><\/p>\n\n\n\n<h2 class=\"wp-block-heading\"><span class=\"ez-toc-section\" id=\"Diferenca_entre_PGBL_e_VGBL\"><\/span>Diferen\u00e7a entre PGBL e VGBL<span class=\"ez-toc-section-end\"><\/span><\/h2>\n\n\n\n<figure class=\"wp-block-image size-large is-resized\"><img loading=\"lazy\" decoding=\"async\" src=\"https:\/\/warren.com.br\/magazine\/wp-content\/uploads\/2021\/08\/pgbl-vgbl-1024x576.png\" alt=\"Diferen\u00e7a entre PGBL e VGBL, ilustra\u00e7\u00e3o\" class=\"wp-image-11423\" width=\"840\" height=\"472\" srcset=\"https:\/\/warren.com.br\/magazine\/wp-content\/uploads\/2021\/08\/pgbl-vgbl-1024x576.png 1024w, https:\/\/warren.com.br\/magazine\/wp-content\/uploads\/2021\/08\/pgbl-vgbl-300x169.png 300w, https:\/\/warren.com.br\/magazine\/wp-content\/uploads\/2021\/08\/pgbl-vgbl-768x432.png 768w, https:\/\/warren.com.br\/magazine\/wp-content\/uploads\/2021\/08\/pgbl-vgbl.png 1280w\" sizes=\"auto, (max-width: 840px) 100vw, 840px\" \/><\/figure>\n\n\n\n<p>Tanto o <strong>PGBL quanto o VGBL<\/strong> s\u00e3o tipos de plano de <strong>previd\u00eancia privada<\/strong>, com valores, periodicidade e prazo vari\u00e1veis.<\/p>\n\n\n\n<p>A grande diferen\u00e7a entre estes dois regimes \u00e9 a<strong> forma de tributa\u00e7\u00e3o<\/strong>, isto \u00e9, o imposto que incide sobre o valor investido ou resgatado.<\/p>\n\n\n\n<p>Nos itens abaixo, vamos explicar detalhadamente a diferen\u00e7a entre cada tipo.<\/p>\n\n\n\n<h3 class=\"wp-block-heading\"><span class=\"ez-toc-section\" id=\"Plano_Gerador_de_Beneficio_Livre_PGBL\"><\/span>Plano Gerador de Benef\u00edcio Livre (PGBL)<span class=\"ez-toc-section-end\"><\/span><\/h3>\n\n\n\n<p>O <a href=\"https:\/\/warren.com.br\/magazine\/o-que-e-pgbl\/\">PGBL<\/a> \u00e9 uma forma de <strong>previd\u00eancia privada<\/strong> em que o Imposto de Renda \u00e9 cobrado sobre todo o valor que estava no fundo no momento do resgate.<\/p>\n\n\n\n<p>Por exemplo, se voc\u00ea sacar R$ 300 mil do fundo (integral ou em parcelas), ter\u00e1 que pagar IR sobre esse total.<\/p>\n\n\n\n<p>A grande vantagem do PGBL \u00e9 que ele permite abater as parcelas no Imposto de Renda ao longo do plano, desde que o valor corresponda a at\u00e9 12% da sua renda anual. Mas isso s\u00f3 vale para quem faz a declara\u00e7\u00e3o completa do Imposto de Renda.<\/p>\n\n\n\n<h3 class=\"wp-block-heading\"><span class=\"ez-toc-section\" id=\"Vida_Gerador_de_Beneficio_Livre_VGBL\"><\/span>Vida Gerador de Benef\u00edcio Livre (VGBL)<span class=\"ez-toc-section-end\"><\/span><\/h3>\n\n\n\n<p>J\u00e1 o fundo <a href=\"https:\/\/warren.com.br\/magazine\/o-que-e-vgbl\/\">VGBL<\/a> tem a particularidade de tributar somente o rendimento da previd\u00eancia, isto \u00e9, a diferen\u00e7a entre o valor final de resgate e o valor investido.<\/p>\n\n\n\n<p>Isso significa que se voc\u00ea contribuir com R$ 100 mil ao VGBL e resgatar R$ 300 mil ao final, o imposto recai somente sobre os R$ 200 mil de rendimento.<\/p>\n\n\n\n<p>Por outro lado, este tipo de <strong>previd\u00eancia privada<\/strong> n\u00e3o d\u00e1 a op\u00e7\u00e3o de deduzir os pagamentos peri\u00f3dicos na declara\u00e7\u00e3o do Imposto de Renda.<\/p>\n\n\n\n<h3 class=\"wp-block-heading\"><span class=\"ez-toc-section\" id=\"PGBL_x_VGBL_qual_a_melhor_escolha\"><\/span>PGBL x VGBL: qual a melhor escolha?<span class=\"ez-toc-section-end\"><\/span><\/h3>\n\n\n\n<p>Em termos simples, ao optar pelo PGBL, o investidor paga um imposto maior no final, mas a cobran\u00e7a \u00e9 menor durante o prazo contratado.<\/p>\n\n\n\n<p>Pela mesma l\u00f3gica, o VGBL sofre um imposto menor na data de resgate, mas a carga tribut\u00e1ria \u00e9 maior na fase de acumula\u00e7\u00e3o.<\/p>\n\n\n\n<p>Essa diferen\u00e7a entre as formas de tributa\u00e7\u00e3o \u00e9 chamada de tabela progressiva (PGBL) e tabela regressiva (VGBL).<\/p>\n\n\n\n<p>Para escolher, existe um <strong>c\u00e1lculo simples<\/strong>: some todas as suas despesas dedut\u00edveis no Imposto de Renda e confira se o resultado \u00e9 maior ou menor que R$ 16.754,34.<\/p>\n\n\n\n<p>Se a soma ultrapassar esse valor, voc\u00ea precisa fazer a declara\u00e7\u00e3o completa do IR. Nesse caso, o PGBL \u00e9 a melhor escolha, porque reduz o custo total do imposto.<\/p>\n\n\n\n<p>Agora, se o resultado for menor que esse n\u00famero, o ideal \u00e9 fazer a declara\u00e7\u00e3o simples do IR e optar pelo VGBL; assim, voc\u00ea paga menos impostos no c\u00e1lculo geral.<\/p>\n\n\n\n<p>Em outras palavras, o PGBL \u00e9 recomendado para pessoas com renda anual mais alta, enquanto o VGBL \u00e9 a escolha mais adequada para quem tem uma renda menor.<\/p>\n\n\n\n<p><strong>LEIA TAMB\u00c9M | <\/strong><a href=\"https:\/\/warren.com.br\/magazine\/fundo-warren-artemis\/\"><strong>Conhe\u00e7a o Warren Artemis, novo fundo de renda fixa para previd\u00eancia da Warren<\/strong><\/a><strong>&nbsp;<\/strong><\/p>\n\n\n\n<h2 class=\"wp-block-heading\"><span class=\"ez-toc-section\" id=\"Vantagens_da_previdencia_privada\"><\/span>Vantagens da previd\u00eancia privada<span class=\"ez-toc-section-end\"><\/span><\/h2>\n\n\n\n<figure class=\"wp-block-image size-large\"><img loading=\"lazy\" decoding=\"async\" width=\"1024\" height=\"576\" src=\"https:\/\/warren.com.br\/magazine\/wp-content\/uploads\/2021\/08\/vantagens-previdencia-privada-1024x576.png\" alt=\"Vantagens da previd\u00eancia privada, ilustra\u00e7\u00e3o\" class=\"wp-image-11424\" srcset=\"https:\/\/warren.com.br\/magazine\/wp-content\/uploads\/2021\/08\/vantagens-previdencia-privada-1024x576.png 1024w, https:\/\/warren.com.br\/magazine\/wp-content\/uploads\/2021\/08\/vantagens-previdencia-privada-300x169.png 300w, https:\/\/warren.com.br\/magazine\/wp-content\/uploads\/2021\/08\/vantagens-previdencia-privada-768x432.png 768w, https:\/\/warren.com.br\/magazine\/wp-content\/uploads\/2021\/08\/vantagens-previdencia-privada.png 1280w\" sizes=\"auto, (max-width: 1024px) 100vw, 1024px\" \/><\/figure>\n\n\n\n<p>Agora que voc\u00ea j\u00e1 entendeu como funciona a <strong>previd\u00eancia privada<\/strong>, vamos listar algumas das principais vantagens desse investimento.<\/p>\n\n\n\n<h3 class=\"wp-block-heading\"><span class=\"ez-toc-section\" id=\"Opcoes_de_tributacao\"><\/span>Op\u00e7\u00f5es de tributa\u00e7\u00e3o<span class=\"ez-toc-section-end\"><\/span><\/h3>\n\n\n\n<p>Como explicamos, a <strong>previd\u00eancia privada<\/strong> oferece <strong>duas formas de tributa\u00e7\u00e3o<\/strong> \u2014 progressiva e regressiva \u2014, que podem ser livremente escolhidas por quem contrata o plano.<\/p>\n\n\n\n<p>Assim, independente do seu n\u00edvel de renda, sempre \u00e9 poss\u00edvel escolher a op\u00e7\u00e3o que alivia a sua carga tribut\u00e1ria no longo prazo.<\/p>\n\n\n\n<p>O grande detalhe \u00e9 que a<strong> al\u00edquota do Imposto de Renda passa a ser de 10%<\/strong> para investimentos com resgate a partir de dez anos.<\/p>\n\n\n\n<p>Esse percentual corresponde \u00e0<strong> menor taxa entre todas as aplica\u00e7\u00f5es financeiras<\/strong>, excluindo-se aquelas que s\u00e3o totalmente isentas de IR.<\/p>\n\n\n\n<p>Ou seja: entre as aplica\u00e7\u00f5es financeiras que pagam IR, a previd\u00eancia \u00e9 a que tem a menor taxa, desde que esse per\u00edodo seja superado.&nbsp;<\/p>\n\n\n\n<h3 class=\"wp-block-heading\"><span class=\"ez-toc-section\" id=\"Nada_de_come-cotas\"><\/span>Nada de come-cotas<span class=\"ez-toc-section-end\"><\/span><\/h3>\n\n\n\n<p>O \u201c<a href=\"https:\/\/warren.com.br\/magazine\/come-cotas-o-que-e-e-como-funciona\/\">come-cotas<\/a>\u201d ou \u201cpapa-cotas\u201d \u00e9 um velho conhecido de quem j\u00e1 possui aplica\u00e7\u00f5es em fundos de investimento.<\/p>\n\n\n\n<p>O come-cotas existe na maioria dos fundos e corresponde \u00e0 cobran\u00e7a antecipada do Imposto de Renda sobre os rendimentos dessas aplica\u00e7\u00f5es.<\/p>\n\n\n\n<p>Em termos simples, o come-cotas ocorre quando o governo cobra IR a cada seis meses sobre os retornos dos investidores do fundo.<\/p>\n\n\n\n<p>Por\u00e9m, <strong>essa regra n\u00e3o existe para os fundos de previd\u00eancia privada<\/strong>. Nesses casos, o Imposto de Renda \u00e9 cobrado apenas no momento do resgate.<\/p>\n\n\n\n<h3 class=\"wp-block-heading\"><span class=\"ez-toc-section\" id=\"Sucessao_patrimonial\"><\/span>Sucess\u00e3o patrimonial<span class=\"ez-toc-section-end\"><\/span><\/h3>\n\n\n\n<p>A <strong>previd\u00eancia privada<\/strong> \u00e9 utilizada como um mecanismo de <a href=\"https:\/\/warren.com.br\/magazine\/sucessao-patrimonial\/\">sucess\u00e3o patrimonial<\/a>.&nbsp;<\/p>\n\n\n\n<p>Antes de distribuir a heran\u00e7a, a fam\u00edlia da pessoa que faleceu precisa contratar um advogado para fazer o invent\u00e1rio \u2014 isto \u00e9, o levantamento de todos os bens do falecido.<\/p>\n\n\n\n<p>Dependendo da quantidade de posses da pessoa, do n\u00famero de herdeiros e das d\u00edvidas em aberto, o invent\u00e1rio pode demorar um bom tempo para ser conclu\u00eddo.<\/p>\n\n\n\n<p>Essa \u00e9 outra vantagem da <strong>previd\u00eancia privada<\/strong>: em caso de falecimento do segurado, o plano dispensa a necessidade de invent\u00e1rio e <strong>o dinheiro \u00e9 liberado diretamente para os herdeiros<\/strong>.<\/p>\n\n\n\n<h3 class=\"wp-block-heading\"><span class=\"ez-toc-section\" id=\"Portabilidade\"><\/span>Portabilidade<span class=\"ez-toc-section-end\"><\/span><\/h3>\n\n\n\n<p>Os planos de <strong>previd\u00eancia privada<\/strong> oferecem a op\u00e7\u00e3o de <a href=\"https:\/\/warren.com.br\/magazine\/centralize-os-seus-investimentos-na-warren\/\"><strong>portabilidade<\/strong><\/a>, ou seja: de migrar todos os recursos para outras seguradoras ou fundos de previd\u00eancia.<\/p>\n\n\n\n<p>Esta transfer\u00eancia \u00e9 feita sem resgate ou custos adicionais e pode ocorrer tanto entre fundos de uma mesma gestora quanto para empresas diferentes.<\/p>\n\n\n\n<p>A portabilidade \u00e9 uma grande vantagem que d\u00e1 ao investidor a liberdade de optar por <strong>fundos com taxas menores ou melhor retorno <\/strong>sem qualquer preju\u00edzo no processo.<\/p>\n\n\n\n<figure class=\"wp-block-embed is-type-video is-provider-youtube wp-block-embed-youtube wp-embed-aspect-16-9 wp-has-aspect-ratio\"><div class=\"wp-block-embed__wrapper\">\n<iframe loading=\"lazy\" title=\"\u00c9 poss\u00edvel fazer portabilidade de previd\u00eancia de um banco para a Warren? | Warren Responde\" width=\"750\" height=\"422\" src=\"https:\/\/www.youtube.com\/embed\/nTiXB8XORwU?feature=oembed\" frameborder=\"0\" allow=\"accelerometer; autoplay; clipboard-write; encrypted-media; gyroscope; picture-in-picture\" allowfullscreen><\/iframe>\n<\/div><\/figure>\n\n\n\n<h3 class=\"wp-block-heading\"><span class=\"ez-toc-section\" id=\"Liberdade_de_resgate\"><\/span>Liberdade de resgate<span class=\"ez-toc-section-end\"><\/span><\/h3>\n\n\n\n<p>A maioria dos fundos de <strong>previd\u00eancia privada<\/strong> permite que voc\u00ea resgate os rendimentos tanto durante o ac\u00famulo quanto no final do per\u00edodo.<\/p>\n\n\n\n<p>Al\u00e9m disso, o investidor tem a op\u00e7\u00e3o de retirar todo o valor de uma vez ou converter os retornos em uma renda mensal para complementar a aposentadoria p\u00fablica.<\/p>\n\n\n\n<p>Vale destacar que o resgate antes da data prevista tem cobran\u00e7a de<strong> taxas adicionais<\/strong> e n\u00e3o \u00e9 imediato, exigindo um prazo de car\u00eancia ap\u00f3s o pedido de saque.<\/p>\n\n\n\n<h3 class=\"wp-block-heading\"><span class=\"ez-toc-section\" id=\"Opcao_de_debito_automatico\"><\/span>Op\u00e7\u00e3o de d\u00e9bito autom\u00e1tico<span class=\"ez-toc-section-end\"><\/span><\/h3>\n\n\n\n<p>Essa caracter\u00edstica \u00e9 bastante \u00fatil para pessoas que t\u00eam dificuldade em administrar os gastos ou de pagar as d\u00edvidas na data certa.<\/p>\n\n\n\n<p>Na maioria dos casos, o plano de <strong>previd\u00eancia privada<\/strong> d\u00e1 a escolha de debitar o valor mensal automaticamente na conta do beneficiado, <strong>evitando atrasos no investimento<\/strong> e garantindo uma disciplina para fazer o patrim\u00f4nio crescer.&nbsp;<\/p>\n\n\n\n<h2 class=\"wp-block-heading\"><span class=\"ez-toc-section\" id=\"Desvantagens_da_previdencia_privada\"><\/span>Desvantagens da previd\u00eancia privada<span class=\"ez-toc-section-end\"><\/span><\/h2>\n\n\n\n<p>Al\u00e9m das vantagens, a <strong>previd\u00eancia privada<\/strong> tamb\u00e9m tem algumas caracter\u00edsticas que podem ser interpretadas como desvantagens para quem n\u00e3o tem o perfil para esse investimento.<\/p>\n\n\n\n<p>Vamos entender melhor?<\/p>\n\n\n\n<h3 class=\"wp-block-heading\"><span class=\"ez-toc-section\" id=\"Tributacao_no_curto_prazo\"><\/span>Tributa\u00e7\u00e3o no curto prazo<span class=\"ez-toc-section-end\"><\/span><\/h3>\n\n\n\n<p>Explicamos acima que os fundos de longo prazo, aqueles com per\u00edodo maior que dez anos, entram na categoria de tributa\u00e7\u00e3o de 10% do Imposto de Renda.<\/p>\n\n\n\n<p>Entretanto, esta al\u00edquota vale somente para os resgates feitos ap\u00f3s o per\u00edodo m\u00ednimo de dez anos.<\/p>\n\n\n\n<p>Dependendo da escolha entre a tabela regressiva ou progressiva, um resgate no curto prazo, muito antes da data prevista, pode ser taxado em at\u00e9 35% do valor retirado.<\/p>\n\n\n\n<p>Isso acontece justamente para desincentivar esses resgates de curto prazo. Como a <strong>previd\u00eancia privada<\/strong> oferece benef\u00edcios tribut\u00e1rios por ser um ve\u00edculo de longo prazo, ela n\u00e3o poderia ter as mesmas caracter\u00edsticas no curto prazo.<\/p>\n\n\n\n<h3 class=\"wp-block-heading\"><span class=\"ez-toc-section\" id=\"Cuidado_com_as_taxas\"><\/span>Cuidado com as taxas<span class=\"ez-toc-section-end\"><\/span><\/h3>\n\n\n\n<p>Os fundos de <strong>previd\u00eancia privada<\/strong> podem estar sujeitos a algumas taxas, dependendo da administradora&nbsp;<\/p>\n\n\n\n<ul class=\"wp-block-list\">\n<li>Taxa de administra\u00e7\u00e3o: incide sobre o valor aplicado no fundo<\/li>\n\n\n\n<li>Taxa de performance: incide sobre os rendimentos que excederem o benchmark<\/li>\n\n\n\n<li>Taxa de carregamento: mais rara, incide sobre cada aplica\u00e7\u00e3o individual<\/li>\n\n\n\n<li>Taxa de resgate: tamb\u00e9m rara, incide sobre os resgates efetuados.<\/li>\n<\/ul>\n\n\n\n<p>Por um lado, estas taxas correspondem ao \u201ccusto\u201d de deixar seu dinheiro investido em um fundo relativamente seguro sem precisar acompanhar as opera\u00e7\u00f5es muito de perto.<\/p>\n\n\n\n<p>Por outro, alguns bancos e corretoras com conflitos de interesse podem cobrar caro por essas taxas, causando um <strong>impacto consider\u00e1vel<\/strong> no longo prazo.<\/p>\n\n\n\n<p>Felizmente, esse n\u00e3o \u00e9 o caso do fundo Warren Previd\u00eancia Gest\u00e3o Ativa, que n\u00e3o possui taxa de performance, nem de carregamento ou de resgate. A taxa de administra\u00e7\u00e3o \u00e9 de apenas 0,73% ao ano.<\/p>\n\n\n\n<p><strong>QUER SABER MAIS? <\/strong><a href=\"https:\/\/warren.com.br\/magazine\/fundo-warren-previdencia-gestao-ativa\/\"><strong>Os primeiros resultados do fundo Warren Previd\u00eancia Gest\u00e3o Ativa<\/strong><\/a><\/p>\n\n\n\n<h2 class=\"wp-block-heading\"><span class=\"ez-toc-section\" id=\"Quando_optar_por_uma_previdencia_privada\"><\/span>Quando optar por uma previd\u00eancia privada?<span class=\"ez-toc-section-end\"><\/span><\/h2>\n\n\n\n<p>A <strong>previd\u00eancia privada<\/strong> \u00e9, essencialmente, uma forma de <strong>complementar a aposentadoria<\/strong>.<\/p>\n\n\n\n<p>Embora esse tema seja constante no notici\u00e1rio e nas conversas familiares, \u00e9 comum que os jovens deixem para se preocupar com a aposentadoria em uma idade mais avan\u00e7ada.<\/p>\n\n\n\n<p>Contudo, a l\u00f3gica da <strong>previd\u00eancia privada<\/strong> \u00e9 exatamente<strong> come\u00e7ar a investir o quanto antes <\/strong>para poder resgatar o valor total na \u00e9poca em que ele for mais necess\u00e1rio.<\/p>\n\n\n\n<p>Voc\u00ea pode come\u00e7ar a aplicar nesse tipo de fundo no in\u00edcio da carreira ou quando tiver uma renda mais est\u00e1vel, ou mesmo contratar um plano como poupan\u00e7a para seus filhos.<\/p>\n\n\n\n<p>Para saber se \u00e9 a hora de entrar na <strong>previd\u00eancia privada<\/strong>, a pergunta a ser respondida \u00e9: qual deve ser a sua renda daqui a cinco anos? Ou dez anos, ou at\u00e9 trinta anos?<\/p>\n\n\n\n<p>Se voc\u00ea acredita que n\u00e3o ter\u00e1 renda t\u00e3o garantida no futuro, ou que ela ser\u00e1 mais baixa que o seu sal\u00e1rio atual, pode ser a hora de avaliar um plano de previd\u00eancia.<\/p>\n\n\n\n<p>Uma grande vantagem \u00e9 que <strong>\u00e9 poss\u00edvel iniciar aplicando valores pequenos<\/strong>, proporcionais ao que voc\u00ea ganha hoje, e aumentar a contribui\u00e7\u00e3o \u00e0 medida que a sua renda cresce.<\/p>\n\n\n\n<p>Investidores que olham para o futuro e planejam a pr\u00f3pria vida financeira n\u00e3o costumam abrir m\u00e3o da previd\u00eancia, pelos benef\u00edcios tribut\u00e1rios e pelo fato de ela funcionar como um instrumento de sucess\u00e3o patrimonial.<\/p>\n\n\n\n<p><strong>Quer falar sobre a sua previd\u00eancia com um dos nossos especialistas? Preencha o formul\u00e1rio abaixo que entraremos em contato:<\/strong><\/p>\n\n\n<script charset=\"utf-8\" type=\"text\/javascript\" src=\"\/\/js.hsforms.net\/forms\/v2.js\"><\/script><script>\n\t\thbspt.forms.create({\n\t\tregion: \"na1\",\n\t\tportalId: \"5032423\",\n\t\tformId: \"809ecdba-04e1-4a5c-b710-02c0583cd9d3\",\n\t\tversion: \"V2_PRERELEASE\"\n\t\t});\n\t\t<\/script>\n\n\n\n<h2 class=\"wp-block-heading\"><span class=\"ez-toc-section\" id=\"Como_escolher_uma_previdencia_privada\"><\/span>Como escolher uma previd\u00eancia privada?<span class=\"ez-toc-section-end\"><\/span><\/h2>\n\n\n\n<figure class=\"wp-block-image size-large\"><img loading=\"lazy\" decoding=\"async\" width=\"1024\" height=\"576\" src=\"https:\/\/warren.com.br\/magazine\/wp-content\/uploads\/2021\/08\/como-escolher-previdencia-privada-1024x576.png\" alt=\"Como escolher uma previd\u00eancia privada, ilustra\u00e7\u00e3o\" class=\"wp-image-11426\" srcset=\"https:\/\/warren.com.br\/magazine\/wp-content\/uploads\/2021\/08\/como-escolher-previdencia-privada-1024x576.png 1024w, https:\/\/warren.com.br\/magazine\/wp-content\/uploads\/2021\/08\/como-escolher-previdencia-privada-300x169.png 300w, https:\/\/warren.com.br\/magazine\/wp-content\/uploads\/2021\/08\/como-escolher-previdencia-privada-768x432.png 768w, https:\/\/warren.com.br\/magazine\/wp-content\/uploads\/2021\/08\/como-escolher-previdencia-privada.png 1280w\" sizes=\"auto, (max-width: 1024px) 100vw, 1024px\" \/><\/figure>\n\n\n\n<p>Antes de tudo, tenha em mente que esse dinheiro s\u00f3 deve retornar para voc\u00ea depois de muito tempo aplicado.<\/p>\n\n\n\n<p>Por isso, o ideal \u00e9 optar por planos de ao menos dez anos e investir um valor que voc\u00ea tem certeza de que n\u00e3o ser\u00e1 necess\u00e1rio no curto ou m\u00e9dio prazo.<\/p>\n\n\n\n<p>Depois, fa\u00e7a um c\u00e1lculo preciso da sua renda e despesas anuais, principalmente as dedut\u00edveis no IR. Este passo \u00e9 fundamental para escolher entre PGBL ou VGBL.<\/p>\n\n\n\n<p>Na hora de avaliar os fundos dispon\u00edveis, preste muita aten\u00e7\u00e3o \u00e0s taxas e condi\u00e7\u00f5es de cada plano.<\/p>\n\n\n\n<p>O plano de <strong>previd\u00eancia privada<\/strong> ideal tem uma boa rela\u00e7\u00e3o entre taxas e retornos, oferece portabilidade e exige o menor prazo de car\u00eancia poss\u00edvel, caso seja preciso resgatar.<\/p>\n\n\n\n<p>Tamb\u00e9m faz sentido buscar fundos de <a href=\"https:\/\/warren.com.br\/magazine\/como-os-conflitos-de-interesse-atrapalham-seus-investimentos\/\">gestoras que n\u00e3o possuem conflitos de interesse<\/a>, porque isso acaba tornando o custo final do produto muito menor para voc\u00ea. Com custos mais baixos, os retornos crescem no longo prazo.<\/p>\n\n\n\n<p>Por fim, vale a pena dedicar algum tempo a estudar o mercado e os diferentes ativos de renda fixa e renda vari\u00e1vel nos quais cada fundo aplica.<\/p>\n\n\n\n<p>Como explicamos, a <strong>previd\u00eancia privada <\/strong>re\u00fane tantos fundos mais conservadores, interessados em principalmente preservar o capital do cotista, quanto fundos mais agressivos, para quem tem vis\u00e3o de longo prazo e busca mais rentabilidade.<\/p>\n\n\n\n<p>Lembre-se: o investidor bem informado sempre estar\u00e1 mais preparado para enfrentar as oscila\u00e7\u00f5es, minimizar seus riscos e maximizar seus lucros.<\/p>\n\n\n\n<p><strong>Quer investir em previd\u00eancia privada com a Warren<\/strong>?<\/p>\n\n\n\n<p><a href=\"https:\/\/warren.com.br\/app\/#\/signup?utm_source=blog&amp;utm_medium=cta&amp;utm_campaign=header_blog\">Abra sua conta e comece hoje mesmo<\/a>. Depois que o seu cadastro estiver finalizado, entre em contato com nosso atendimento pelo chat para contratar um plano de previd\u00eancia adequado para voc\u00ea.&nbsp;<\/p>\n\n\n\n<p>Quer entender mais sobre <strong>previd\u00eancia privada<\/strong>? Confira a live que publicamos recentemente no Youtube da Warren:<\/p>\n\n\n\n<figure class=\"wp-block-embed is-type-video is-provider-youtube wp-block-embed-youtube wp-embed-aspect-16-9 wp-has-aspect-ratio\"><div class=\"wp-block-embed__wrapper\">\n<iframe loading=\"lazy\" title=\"Previd\u00eancia: por que preciso fazer uma? | Warren Live\" width=\"750\" height=\"422\" src=\"https:\/\/www.youtube.com\/embed\/Z5yj-NK48zM?feature=oembed\" frameborder=\"0\" allow=\"accelerometer; autoplay; clipboard-write; encrypted-media; gyroscope; picture-in-picture\" allowfullscreen><\/iframe>\n<\/div><\/figure>\n\n\n\n<ul class=\"wp-block-list\">\n<li><a href=\"https:\/\/warren.com.br\/magazine\/lyverson-viana-chega-para-ser-head-de-seguros-e-previdencia-da-warren\/\">Lyverson Viana chega para ser head de seguros e previd\u00eancia da Warren<\/a><\/li>\n\n\n\n<li><a href=\"https:\/\/warren.com.br\/magazine\/warren-e-icatu\/\">\u201cDificilmente um portf\u00f3lio n\u00e3o ter\u00e1 previd\u00eancia\u201d, afirma especialista<\/a>&nbsp;<\/li>\n<\/ul>\n","protected":false},"excerpt":{"rendered":"<p>Voc\u00ea sabe como funcionam os planos de previd\u00eancia privada?<\/p>\n","protected":false},"author":8,"featured_media":13401,"comment_status":"open","ping_status":"open","sticky":false,"template":"","format":"standard","meta":{"_acf_changed":false,"footnotes":""},"categories":[1015],"tags":[],"class_list":["post-11418","post","type-post","status-publish","format-standard","has-post-thumbnail","hentry","category-planejamento-financeiro","entry"],"acf":[],"yoast_head":"<!-- This site is optimized with the Yoast SEO plugin v27.5 - https:\/\/yoast.com\/product\/yoast-seo-wordpress\/ -->\n<title>Previd\u00eancia privada: como funciona, quando vale a pena e como escolher<\/title>\n<meta name=\"description\" content=\"Pensando em escolher uma previd\u00eancia privada para o seu futuro? Entenda como funciona, quais s\u00e3o as vantagens e que cuidados tomar neste guia completo.\" \/>\n<meta name=\"robots\" content=\"index, follow, max-snippet:-1, max-image-preview:large, max-video-preview:-1\" \/>\n<link rel=\"canonical\" href=\"https:\/\/warren.com.br\/magazine\/previdencia-privada\/\" \/>\n<meta property=\"og:locale\" content=\"pt_BR\" \/>\n<meta property=\"og:type\" content=\"article\" \/>\n<meta property=\"og:title\" content=\"Previd\u00eancia privada: como funciona, quando vale a pena e como escolher\" \/>\n<meta property=\"og:description\" content=\"Pensando em escolher uma previd\u00eancia privada para o seu futuro? Entenda como funciona, quais s\u00e3o as vantagens e que cuidados tomar neste guia completo.\" \/>\n<meta property=\"og:url\" content=\"https:\/\/warren.com.br\/magazine\/previdencia-privada\/\" \/>\n<meta property=\"og:site_name\" content=\"Warren Magazine\" \/>\n<meta property=\"article:publisher\" content=\"https:\/\/www.facebook.com\/warrenbrasil\/\" \/>\n<meta property=\"article:published_time\" content=\"2021-08-11T00:07:51+00:00\" \/>\n<meta property=\"article:modified_time\" content=\"2023-08-03T00:48:55+00:00\" \/>\n<meta property=\"og:image\" content=\"https:\/\/warren.com.br\/magazine\/wp-content\/uploads\/2021\/08\/previdencia-privada.jpg\" \/>\n\t<meta property=\"og:image:width\" content=\"1786\" \/>\n\t<meta property=\"og:image:height\" content=\"1108\" \/>\n\t<meta property=\"og:image:type\" content=\"image\/jpeg\" \/>\n<meta name=\"author\" content=\"Reda\u00e7\u00e3o Warren\" \/>\n<meta name=\"twitter:card\" content=\"summary_large_image\" \/>\n<meta name=\"twitter:creator\" content=\"@warrenbrasil\" \/>\n<meta name=\"twitter:site\" content=\"@warrenbrasil\" \/>\n<meta name=\"twitter:label1\" content=\"Escrito por\" \/>\n\t<meta name=\"twitter:data1\" content=\"Reda\u00e7\u00e3o Warren\" \/>\n\t<meta name=\"twitter:label2\" content=\"Est. tempo de leitura\" \/>\n\t<meta name=\"twitter:data2\" content=\"16 minutos\" \/>\n<!-- \/ Yoast SEO plugin. -->","yoast_head_json":{"title":"Previd\u00eancia privada: como funciona, quando vale a pena e como escolher","description":"Pensando em escolher uma previd\u00eancia privada para o seu futuro? Entenda como funciona, quais s\u00e3o as vantagens e que cuidados tomar neste guia completo.","robots":{"index":"index","follow":"follow","max-snippet":"max-snippet:-1","max-image-preview":"max-image-preview:large","max-video-preview":"max-video-preview:-1"},"canonical":"https:\/\/warren.com.br\/magazine\/previdencia-privada\/","og_locale":"pt_BR","og_type":"article","og_title":"Previd\u00eancia privada: como funciona, quando vale a pena e como escolher","og_description":"Pensando em escolher uma previd\u00eancia privada para o seu futuro? Entenda como funciona, quais s\u00e3o as vantagens e que cuidados tomar neste guia completo.","og_url":"https:\/\/warren.com.br\/magazine\/previdencia-privada\/","og_site_name":"Warren Magazine","article_publisher":"https:\/\/www.facebook.com\/warrenbrasil\/","article_published_time":"2021-08-11T00:07:51+00:00","article_modified_time":"2023-08-03T00:48:55+00:00","og_image":[{"width":1786,"height":1108,"url":"https:\/\/warren.com.br\/magazine\/wp-content\/uploads\/2021\/08\/previdencia-privada.jpg","type":"image\/jpeg"}],"author":"Reda\u00e7\u00e3o Warren","twitter_card":"summary_large_image","twitter_creator":"@warrenbrasil","twitter_site":"@warrenbrasil","twitter_misc":{"Escrito por":"Reda\u00e7\u00e3o Warren","Est. tempo de leitura":"16 minutos"},"schema":{"@context":"https:\/\/schema.org","@graph":[{"@type":"NewsArticle","@id":"https:\/\/warren.com.br\/magazine\/previdencia-privada\/#article","isPartOf":{"@id":"https:\/\/warren.com.br\/magazine\/previdencia-privada\/"},"author":{"name":"Reda\u00e7\u00e3o Warren","@id":"https:\/\/warren.com.br\/magazine\/#\/schema\/person\/6ab5c3002c3fbf4a167e69ed8a2b228c"},"headline":"Previd\u00eancia privada: como funciona, quando vale a pena e cuidados ao escolher [guia]","datePublished":"2021-08-11T00:07:51+00:00","dateModified":"2023-08-03T00:48:55+00:00","mainEntityOfPage":{"@id":"https:\/\/warren.com.br\/magazine\/previdencia-privada\/"},"wordCount":2987,"commentCount":0,"publisher":{"@id":"https:\/\/warren.com.br\/magazine\/#organization"},"image":{"@id":"https:\/\/warren.com.br\/magazine\/previdencia-privada\/#primaryimage"},"thumbnailUrl":"https:\/\/warren.com.br\/magazine\/wp-content\/uploads\/2021\/08\/previdencia-privada.jpg","articleSection":["Planejamento financeiro"],"inLanguage":"pt-BR"},{"@type":"WebPage","@id":"https:\/\/warren.com.br\/magazine\/previdencia-privada\/","url":"https:\/\/warren.com.br\/magazine\/previdencia-privada\/","name":"Previd\u00eancia privada: como funciona, quando vale a pena e como escolher","isPartOf":{"@id":"https:\/\/warren.com.br\/magazine\/#website"},"primaryImageOfPage":{"@id":"https:\/\/warren.com.br\/magazine\/previdencia-privada\/#primaryimage"},"image":{"@id":"https:\/\/warren.com.br\/magazine\/previdencia-privada\/#primaryimage"},"thumbnailUrl":"https:\/\/warren.com.br\/magazine\/wp-content\/uploads\/2021\/08\/previdencia-privada.jpg","datePublished":"2021-08-11T00:07:51+00:00","dateModified":"2023-08-03T00:48:55+00:00","description":"Pensando em escolher uma previd\u00eancia privada para o seu futuro? Entenda como funciona, quais s\u00e3o as vantagens e que cuidados tomar neste guia completo.","inLanguage":"pt-BR","potentialAction":[{"@type":"ReadAction","target":["https:\/\/warren.com.br\/magazine\/previdencia-privada\/"]}]},{"@type":"ImageObject","inLanguage":"pt-BR","@id":"https:\/\/warren.com.br\/magazine\/previdencia-privada\/#primaryimage","url":"https:\/\/warren.com.br\/magazine\/wp-content\/uploads\/2021\/08\/previdencia-privada.jpg","contentUrl":"https:\/\/warren.com.br\/magazine\/wp-content\/uploads\/2021\/08\/previdencia-privada.jpg","width":1786,"height":1108,"caption":"previdencia privada"},{"@type":"WebSite","@id":"https:\/\/warren.com.br\/magazine\/#website","url":"https:\/\/warren.com.br\/magazine\/","name":"Warren Magazine","description":"","publisher":{"@id":"https:\/\/warren.com.br\/magazine\/#organization"},"potentialAction":[{"@type":"SearchAction","target":{"@type":"EntryPoint","urlTemplate":"https:\/\/warren.com.br\/magazine\/?s={search_term_string}"},"query-input":{"@type":"PropertyValueSpecification","valueRequired":true,"valueName":"search_term_string"}}],"inLanguage":"pt-BR"},{"@type":"Organization","@id":"https:\/\/warren.com.br\/magazine\/#organization","name":"Warren Magazine","url":"https:\/\/warren.com.br\/magazine\/","logo":{"@type":"ImageObject","inLanguage":"pt-BR","@id":"https:\/\/warren.com.br\/magazine\/#\/schema\/logo\/image\/","url":"https:\/\/warren.com.br\/magazine\/wp-content\/uploads\/2023\/06\/ThumbMagazine.jpg","contentUrl":"https:\/\/warren.com.br\/magazine\/wp-content\/uploads\/2023\/06\/ThumbMagazine.jpg","width":2400,"height":1260,"caption":"Warren Magazine"},"image":{"@id":"https:\/\/warren.com.br\/magazine\/#\/schema\/logo\/image\/"},"sameAs":["https:\/\/www.facebook.com\/warrenbrasil\/","https:\/\/x.com\/warrenbrasil","https:\/\/www.instagram.com\/warrenbrasil\/","https:\/\/www.linkedin.com\/company\/warrenbrasil\/","https:\/\/www.youtube.com\/channel\/UCqIO5twa50iGz2wT5cGS-XQ"]},{"@type":"Person","@id":"https:\/\/warren.com.br\/magazine\/#\/schema\/person\/6ab5c3002c3fbf4a167e69ed8a2b228c","name":"Reda\u00e7\u00e3o Warren","image":{"@type":"ImageObject","inLanguage":"pt-BR","@id":"https:\/\/warren.com.br\/magazine\/wp-content\/uploads\/2023\/12\/Instagram-avatar-96x96.png","url":"https:\/\/warren.com.br\/magazine\/wp-content\/uploads\/2023\/12\/Instagram-avatar-96x96.png","contentUrl":"https:\/\/warren.com.br\/magazine\/wp-content\/uploads\/2023\/12\/Instagram-avatar-96x96.png","caption":"Reda\u00e7\u00e3o Warren"},"url":"https:\/\/warren.com.br\/magazine\/author\/redacao-warren\/"}]}},"_links":{"self":[{"href":"https:\/\/warren.com.br\/magazine\/wp-json\/wp\/v2\/posts\/11418","targetHints":{"allow":["GET"]}}],"collection":[{"href":"https:\/\/warren.com.br\/magazine\/wp-json\/wp\/v2\/posts"}],"about":[{"href":"https:\/\/warren.com.br\/magazine\/wp-json\/wp\/v2\/types\/post"}],"author":[{"embeddable":true,"href":"https:\/\/warren.com.br\/magazine\/wp-json\/wp\/v2\/users\/8"}],"replies":[{"embeddable":true,"href":"https:\/\/warren.com.br\/magazine\/wp-json\/wp\/v2\/comments?post=11418"}],"version-history":[{"count":5,"href":"https:\/\/warren.com.br\/magazine\/wp-json\/wp\/v2\/posts\/11418\/revisions"}],"predecessor-version":[{"id":20766,"href":"https:\/\/warren.com.br\/magazine\/wp-json\/wp\/v2\/posts\/11418\/revisions\/20766"}],"wp:featuredmedia":[{"embeddable":true,"href":"https:\/\/warren.com.br\/magazine\/wp-json\/wp\/v2\/media\/13401"}],"wp:attachment":[{"href":"https:\/\/warren.com.br\/magazine\/wp-json\/wp\/v2\/media?parent=11418"}],"wp:term":[{"taxonomy":"category","embeddable":true,"href":"https:\/\/warren.com.br\/magazine\/wp-json\/wp\/v2\/categories?post=11418"},{"taxonomy":"post_tag","embeddable":true,"href":"https:\/\/warren.com.br\/magazine\/wp-json\/wp\/v2\/tags?post=11418"}],"curies":[{"name":"wp","href":"https:\/\/api.w.org\/{rel}","templated":true}]}}