{"id":13812,"date":"2021-12-15T18:44:00","date_gmt":"2021-12-15T21:44:00","guid":{"rendered":"https:\/\/warren.com.br\/magazine\/?p=13812"},"modified":"2023-08-02T21:52:05","modified_gmt":"2023-08-03T00:52:05","slug":"o-que-e-portabilidade","status":"publish","type":"post","link":"https:\/\/warren.com.br\/magazine\/o-que-e-portabilidade\/","title":{"rendered":"O que \u00e9 portabilidade"},"content":{"rendered":"<div id=\"playht-iframe-wrapper\" style=\"max-height: 210px !important;\">\n\t<iframe\n\tscrolling=\"no\"\n\tclass=\"playht-iframe-player\"\n\tid=\"playht-iframe-player\"\n\theight=\"90px\"\n\twidth=\"100%\"\n\tframeborder=\"0\"\n\tstyle=\"max-height: 90px; height: 90px !important;\"\n\tsrc=\"https:\/\/play.ht\/embed\/?article_url=https:\/\/warren.com.br\/magazine\/?p=13812&voice=pt-BR-FranciscaNeural&appId=l7OQ6uC_zK&trans_id=-N7NC7-l_rYFHobIzNzw\"\n\tdata-voice=\"pt-BR-FranciscaNeural\"\n\tarticle-url=\"https:\/\/warren.com.br\/magazine\/?p=13812\"\n\tdata-appId=\"l7OQ6uC_zK\"\n\tallowfullscreen=\"\">\n\t<\/iframe>\n<\/div>\n\n<p><a href=\"https:\/\/warren.com.br\/magazine\/portabilidade-previdencia-privada\/\"><strong>Portabilidade<\/strong><\/a> \u00e9 a a\u00e7\u00e3o de migrar o seu plano de <a href=\"https:\/\/warren.com.br\/magazine\/previdencia-privada\/\">previd\u00eancia privada<\/a> j\u00e1 existente de uma institui\u00e7\u00e3o para outra, ou de um fundo de investimento para outro dentro da mesma institui\u00e7\u00e3o.<\/p>\n\n\n\n<p>Uma de suas principais vantagens \u00e9 o fato de que os valores investidos at\u00e9 o momento n\u00e3o s\u00e3o perdidos, e n\u00e3o \u00e9 necess\u00e1rio fazer um resgate para reinvestir o capital.<\/p>\n\n\n\n<p>Normalmente, ela \u00e9 utilizada quando o contratante quer melhorar o servi\u00e7o ou aumentar os resultados de seus investimentos.<\/p>\n\n\n\n<div id=\"ez-toc-container\" class=\"ez-toc-v2_0_82_2 counter-hierarchy ez-toc-counter ez-toc-grey ez-toc-container-direction\">\n<p class=\"ez-toc-title\" style=\"cursor:inherit\">Indice<\/p>\n<label for=\"ez-toc-cssicon-toggle-item-69f33915e3efc\" class=\"ez-toc-cssicon-toggle-label\"><span class=\"ez-toc-cssicon\"><span class=\"eztoc-hide\" style=\"display:none;\">Toggle<\/span><span class=\"ez-toc-icon-toggle-span\"><svg style=\"fill: #999;color:#999\" xmlns=\"http:\/\/www.w3.org\/2000\/svg\" class=\"list-377408\" width=\"20px\" height=\"20px\" viewBox=\"0 0 24 24\" fill=\"none\"><path d=\"M6 6H4v2h2V6zm14 0H8v2h12V6zM4 11h2v2H4v-2zm16 0H8v2h12v-2zM4 16h2v2H4v-2zm16 0H8v2h12v-2z\" fill=\"currentColor\"><\/path><\/svg><svg style=\"fill: #999;color:#999\" class=\"arrow-unsorted-368013\" xmlns=\"http:\/\/www.w3.org\/2000\/svg\" width=\"10px\" height=\"10px\" viewBox=\"0 0 24 24\" version=\"1.2\" baseProfile=\"tiny\"><path d=\"M18.2 9.3l-6.2-6.3-6.2 6.3c-.2.2-.3.4-.3.7s.1.5.3.7c.2.2.4.3.7.3h11c.3 0 .5-.1.7-.3.2-.2.3-.5.3-.7s-.1-.5-.3-.7zM5.8 14.7l6.2 6.3 6.2-6.3c.2-.2.3-.5.3-.7s-.1-.5-.3-.7c-.2-.2-.4-.3-.7-.3h-11c-.3 0-.5.1-.7.3-.2.2-.3.5-.3.7s.1.5.3.7z\"\/><\/svg><\/span><\/span><\/label><input type=\"checkbox\"  id=\"ez-toc-cssicon-toggle-item-69f33915e3efc\"  aria-label=\"Alternar\" \/><nav><ul class='ez-toc-list ez-toc-list-level-1 ' ><li class='ez-toc-page-1 ez-toc-heading-level-2'><a class=\"ez-toc-link ez-toc-heading-1\" href=\"https:\/\/warren.com.br\/magazine\/o-que-e-portabilidade\/#Como_realizar_a_portabilidade\" >Como realizar a portabilidade?<\/a><\/li><li class='ez-toc-page-1 ez-toc-heading-level-2'><a class=\"ez-toc-link ez-toc-heading-2\" href=\"https:\/\/warren.com.br\/magazine\/o-que-e-portabilidade\/#Por_que_realizar_a_portabilidade\" >Por que realizar a portabilidade?<\/a><\/li><\/ul><\/nav><\/div>\n<h2 class=\"wp-block-heading\"><span class=\"ez-toc-section\" id=\"Como_realizar_a_portabilidade\"><\/span>Como realizar a portabilidade?<span class=\"ez-toc-section-end\"><\/span><\/h2>\n\n\n\n<p>O processo de <strong>portabilidade <\/strong>s\u00f3 pode ser realizado durante a fase de <strong>acumula\u00e7\u00e3o <\/strong>do plano de previd\u00eancia. Ou seja, \u00e9 necess\u00e1rio ainda estar investindo para conseguir solicit\u00e1-la.<\/p>\n\n\n\n<p>Quando a portabilidade \u00e9 feita, um novo plano \u00e9 contratado. No entanto, n\u00e3o h\u00e1 cobran\u00e7a de imposto de renda ou de outras taxas, a menos que exista uma taxa de sa\u00edda ou de <a href=\"https:\/\/warren.com.br\/magazine\/o-que-e-taxa-de-carregamento\">carregamento<\/a> prevista no contrato atual.<\/p>\n\n\n\n<p>Outro fator que ir\u00e1 migrar junto no plano, al\u00e9m do valor j\u00e1 investido, \u00e9 o <strong>tempo de aplica\u00e7\u00e3o<\/strong>. Dessa forma, o rendimento que est\u00e1 atrelado ao tempo de investimento n\u00e3o ser\u00e1 afetado no processo.&nbsp;<\/p>\n\n\n\n<p>\u00c9 importante ressaltar que, na hora de fazer a portabilidade, a migra\u00e7\u00e3o s\u00f3 pode ser feita se os modelos de cobran\u00e7a e os tipos de plano forem os mesmos.<\/p>\n\n\n\n<p>Ou seja, planos com modelo de cobran\u00e7a progressivo s\u00f3 podem mudar para progressivo e panos com modelo regressivo s\u00f3 podem mudar para regressivo. Da mesma forma, um <a href=\"https:\/\/warren.com.br\/magazine\/o-que-e-pgbl\/\">Plano Gerador de Benef\u00edcio Livre (PGBL)<\/a> s\u00f3 pode migrar para outro plano PGBL. O mesmo vale para o <a href=\"https:\/\/warren.com.br\/magazine\/o-que-e-vgbl\/\">Vida Gerador de Benef\u00edcio Livre (VGBL)<\/a>.<\/p>\n\n\n\n<p><strong>LEIA MAIS | <\/strong><a href=\"https:\/\/warren.com.br\/magazine\/portabilidade-previdencia-privada\/\"><strong>Portabilidade na previd\u00eancia privada: como funciona, quando fazer e passo a passo para n\u00e3o errar<\/strong><\/a><\/p>\n\n\n\n<h2 class=\"wp-block-heading\"><span class=\"ez-toc-section\" id=\"Por_que_realizar_a_portabilidade\"><\/span>Por que realizar a portabilidade?<span class=\"ez-toc-section-end\"><\/span><\/h2>\n\n\n\n<p>S\u00e3o muitos os motivos que podem levar algu\u00e9m a realizar a <strong>portabilidade<\/strong> do seu plano de previd\u00eancia privada.<\/p>\n\n\n\n<p>Por isso, \u00e9 importante que alguns pontos sejam avaliados constantemente para entender se est\u00e1 na hora de realizar esse processo ou n\u00e3o. Para isso, \u00e9 poss\u00edvel responder algumas perguntas simples:<\/p>\n\n\n\n<ul class=\"wp-block-list\"><li>O rendimento do meu plano est\u00e1 de acordo com o esperado?&nbsp;<\/li><li>As taxas do meu plano fazem sentido? Existem outras alternativas?<\/li><li>A estrat\u00e9gia de investimento est\u00e1 alinhada com meu perfil financeiro?<\/li><li>A institui\u00e7\u00e3o que contratei o plano est\u00e1 correspondendo \u00e0s minhas expectativas?<\/li><\/ul>\n\n\n\n<p>Com essas respostas, possivelmente voc\u00ea ter\u00e1 mais clareza para decidir se precisa realizar uma portabilidade ou n\u00e3o.<\/p>\n\n\n\n<p><strong>Gostou da leitura? <\/strong>Fa\u00e7a uma simula\u00e7\u00e3o da sua previd\u00eancia privada e descubra as vantagens da Warren e Icatu Seguros para seu plano, <a href=\"https:\/\/warren.com.br\/app\/#\/previdencia\">clicando aqui<\/a>.<\/p>\n\n\n\n<p>Continue aprendendo sobre os termos do mercado financeiro aqui no Mercado de A a Z:<\/p>\n\n\n\n<ul class=\"wp-block-list\"><li><a href=\"https:\/\/warren.com.br\/magazine\/o-que-e-aporte\">Aporte<\/a><\/li><li><a href=\"https:\/\/warren.com.br\/magazine\/o-que-e-cotista\/\">Cotista<\/a><\/li><li><a href=\"https:\/\/warren.com.br\/magazine\/o-que-e-capital-segurado\/\">Capital segurado<\/a><\/li><li><a href=\"https:\/\/warren.com.br\/magazine\/o-que-e-sucessao-empresarial\/\">Sucess\u00e3o empresarial<\/a><\/li><li><a href=\"https:\/\/warren.com.br\/magazine\/o-que-e-diaria-por-incapacidade-temporaria\/\">Di\u00e1ria por incapacidade tempor\u00e1ria (DIT)<\/a><\/li><\/ul>\n","protected":false},"excerpt":{"rendered":"<p>Portabilidade \u00e9 a a\u00e7\u00e3o de migrar o seu plano de previd\u00eancia privada j\u00e1 existente de uma institui\u00e7\u00e3o para outra, ou de um fundo de investimento para outro dentro da mesma institui\u00e7\u00e3o.<\/p>\n","protected":false},"author":8,"featured_media":13813,"comment_status":"closed","ping_status":"open","sticky":false,"template":"","format":"standard","meta":{"_acf_changed":false,"footnotes":""},"categories":[1015],"tags":[],"class_list":["post-13812","post","type-post","status-publish","format-standard","has-post-thumbnail","hentry","category-planejamento-financeiro","entry"],"acf":[],"yoast_head":"<!-- This site is optimized with the Yoast SEO plugin v27.5 - https:\/\/yoast.com\/product\/yoast-seo-wordpress\/ -->\n<title>Portabilidade: saiba o que \u00e9 e como funciona este servi\u00e7o<\/title>\n<meta name=\"description\" content=\"Portabilidade \u00e9 a a\u00e7\u00e3o de migrar um plano de previd\u00eancia privada j\u00e1 existente de uma institui\u00e7\u00e3o para outra, ou de um plano para outro.\" \/>\n<meta name=\"robots\" content=\"index, follow, max-snippet:-1, max-image-preview:large, max-video-preview:-1\" \/>\n<link rel=\"canonical\" href=\"https:\/\/warren.com.br\/magazine\/o-que-e-portabilidade\/\" \/>\n<meta property=\"og:locale\" content=\"pt_BR\" \/>\n<meta property=\"og:type\" content=\"article\" \/>\n<meta property=\"og:title\" content=\"Portabilidade: saiba o que \u00e9 e como funciona este servi\u00e7o\" \/>\n<meta property=\"og:description\" content=\"Portabilidade \u00e9 a a\u00e7\u00e3o de migrar um plano de previd\u00eancia privada j\u00e1 existente de uma institui\u00e7\u00e3o para outra, ou de um plano para outro.\" \/>\n<meta property=\"og:url\" content=\"https:\/\/warren.com.br\/magazine\/o-que-e-portabilidade\/\" \/>\n<meta property=\"og:site_name\" content=\"Warren Magazine\" \/>\n<meta property=\"article:publisher\" content=\"https:\/\/www.facebook.com\/warrenbrasil\/\" \/>\n<meta property=\"article:published_time\" content=\"2021-12-15T21:44:00+00:00\" \/>\n<meta property=\"article:modified_time\" content=\"2023-08-03T00:52:05+00:00\" \/>\n<meta property=\"og:image\" content=\"https:\/\/warren.com.br\/magazine\/wp-content\/uploads\/2021\/12\/portabilidade.jpg\" \/>\n\t<meta property=\"og:image:width\" content=\"1800\" \/>\n\t<meta property=\"og:image:height\" content=\"1225\" \/>\n\t<meta property=\"og:image:type\" content=\"image\/jpeg\" \/>\n<meta name=\"author\" content=\"Reda\u00e7\u00e3o Warren\" \/>\n<meta name=\"twitter:card\" content=\"summary_large_image\" \/>\n<meta name=\"twitter:creator\" content=\"@warrenbrasil\" \/>\n<meta name=\"twitter:site\" content=\"@warrenbrasil\" \/>\n<meta name=\"twitter:label1\" content=\"Escrito por\" \/>\n\t<meta name=\"twitter:data1\" content=\"Reda\u00e7\u00e3o Warren\" \/>\n\t<meta name=\"twitter:label2\" content=\"Est. tempo de leitura\" \/>\n\t<meta name=\"twitter:data2\" content=\"3 minutos\" \/>\n<!-- \/ Yoast SEO plugin. -->","yoast_head_json":{"title":"Portabilidade: saiba o que \u00e9 e como funciona este servi\u00e7o","description":"Portabilidade \u00e9 a a\u00e7\u00e3o de migrar um plano de previd\u00eancia privada j\u00e1 existente de uma institui\u00e7\u00e3o para outra, ou de um plano para outro.","robots":{"index":"index","follow":"follow","max-snippet":"max-snippet:-1","max-image-preview":"max-image-preview:large","max-video-preview":"max-video-preview:-1"},"canonical":"https:\/\/warren.com.br\/magazine\/o-que-e-portabilidade\/","og_locale":"pt_BR","og_type":"article","og_title":"Portabilidade: saiba o que \u00e9 e como funciona este servi\u00e7o","og_description":"Portabilidade \u00e9 a a\u00e7\u00e3o de migrar um plano de previd\u00eancia privada j\u00e1 existente de uma institui\u00e7\u00e3o para outra, ou de um plano para outro.","og_url":"https:\/\/warren.com.br\/magazine\/o-que-e-portabilidade\/","og_site_name":"Warren Magazine","article_publisher":"https:\/\/www.facebook.com\/warrenbrasil\/","article_published_time":"2021-12-15T21:44:00+00:00","article_modified_time":"2023-08-03T00:52:05+00:00","og_image":[{"width":1800,"height":1225,"url":"https:\/\/warren.com.br\/magazine\/wp-content\/uploads\/2021\/12\/portabilidade.jpg","type":"image\/jpeg"}],"author":"Reda\u00e7\u00e3o Warren","twitter_card":"summary_large_image","twitter_creator":"@warrenbrasil","twitter_site":"@warrenbrasil","twitter_misc":{"Escrito por":"Reda\u00e7\u00e3o Warren","Est. tempo de leitura":"3 minutos"},"schema":{"@context":"https:\/\/schema.org","@graph":[{"@type":"NewsArticle","@id":"https:\/\/warren.com.br\/magazine\/o-que-e-portabilidade\/#article","isPartOf":{"@id":"https:\/\/warren.com.br\/magazine\/o-que-e-portabilidade\/"},"author":{"name":"Reda\u00e7\u00e3o Warren","@id":"https:\/\/warren.com.br\/magazine\/#\/schema\/person\/6ab5c3002c3fbf4a167e69ed8a2b228c"},"headline":"O que \u00e9 portabilidade","datePublished":"2021-12-15T21:44:00+00:00","dateModified":"2023-08-03T00:52:05+00:00","mainEntityOfPage":{"@id":"https:\/\/warren.com.br\/magazine\/o-que-e-portabilidade\/"},"wordCount":475,"publisher":{"@id":"https:\/\/warren.com.br\/magazine\/#organization"},"image":{"@id":"https:\/\/warren.com.br\/magazine\/o-que-e-portabilidade\/#primaryimage"},"thumbnailUrl":"https:\/\/warren.com.br\/magazine\/wp-content\/uploads\/2021\/12\/portabilidade.jpg","articleSection":["Planejamento financeiro"],"inLanguage":"pt-BR"},{"@type":"WebPage","@id":"https:\/\/warren.com.br\/magazine\/o-que-e-portabilidade\/","url":"https:\/\/warren.com.br\/magazine\/o-que-e-portabilidade\/","name":"Portabilidade: saiba o que \u00e9 e como funciona este servi\u00e7o","isPartOf":{"@id":"https:\/\/warren.com.br\/magazine\/#website"},"primaryImageOfPage":{"@id":"https:\/\/warren.com.br\/magazine\/o-que-e-portabilidade\/#primaryimage"},"image":{"@id":"https:\/\/warren.com.br\/magazine\/o-que-e-portabilidade\/#primaryimage"},"thumbnailUrl":"https:\/\/warren.com.br\/magazine\/wp-content\/uploads\/2021\/12\/portabilidade.jpg","datePublished":"2021-12-15T21:44:00+00:00","dateModified":"2023-08-03T00:52:05+00:00","description":"Portabilidade \u00e9 a a\u00e7\u00e3o de migrar um plano de previd\u00eancia privada j\u00e1 existente de uma institui\u00e7\u00e3o para outra, ou de um plano para outro.","inLanguage":"pt-BR","potentialAction":[{"@type":"ReadAction","target":["https:\/\/warren.com.br\/magazine\/o-que-e-portabilidade\/"]}]},{"@type":"ImageObject","inLanguage":"pt-BR","@id":"https:\/\/warren.com.br\/magazine\/o-que-e-portabilidade\/#primaryimage","url":"https:\/\/warren.com.br\/magazine\/wp-content\/uploads\/2021\/12\/portabilidade.jpg","contentUrl":"https:\/\/warren.com.br\/magazine\/wp-content\/uploads\/2021\/12\/portabilidade.jpg","width":1800,"height":1225,"caption":"portabilidade"},{"@type":"WebSite","@id":"https:\/\/warren.com.br\/magazine\/#website","url":"https:\/\/warren.com.br\/magazine\/","name":"Warren Magazine","description":"","publisher":{"@id":"https:\/\/warren.com.br\/magazine\/#organization"},"potentialAction":[{"@type":"SearchAction","target":{"@type":"EntryPoint","urlTemplate":"https:\/\/warren.com.br\/magazine\/?s={search_term_string}"},"query-input":{"@type":"PropertyValueSpecification","valueRequired":true,"valueName":"search_term_string"}}],"inLanguage":"pt-BR"},{"@type":"Organization","@id":"https:\/\/warren.com.br\/magazine\/#organization","name":"Warren Magazine","url":"https:\/\/warren.com.br\/magazine\/","logo":{"@type":"ImageObject","inLanguage":"pt-BR","@id":"https:\/\/warren.com.br\/magazine\/#\/schema\/logo\/image\/","url":"https:\/\/warren.com.br\/magazine\/wp-content\/uploads\/2023\/06\/ThumbMagazine.jpg","contentUrl":"https:\/\/warren.com.br\/magazine\/wp-content\/uploads\/2023\/06\/ThumbMagazine.jpg","width":2400,"height":1260,"caption":"Warren Magazine"},"image":{"@id":"https:\/\/warren.com.br\/magazine\/#\/schema\/logo\/image\/"},"sameAs":["https:\/\/www.facebook.com\/warrenbrasil\/","https:\/\/x.com\/warrenbrasil","https:\/\/www.instagram.com\/warrenbrasil\/","https:\/\/www.linkedin.com\/company\/warrenbrasil\/","https:\/\/www.youtube.com\/channel\/UCqIO5twa50iGz2wT5cGS-XQ"]},{"@type":"Person","@id":"https:\/\/warren.com.br\/magazine\/#\/schema\/person\/6ab5c3002c3fbf4a167e69ed8a2b228c","name":"Reda\u00e7\u00e3o Warren","image":{"@type":"ImageObject","inLanguage":"pt-BR","@id":"https:\/\/warren.com.br\/magazine\/wp-content\/uploads\/2023\/12\/Instagram-avatar-96x96.png","url":"https:\/\/warren.com.br\/magazine\/wp-content\/uploads\/2023\/12\/Instagram-avatar-96x96.png","contentUrl":"https:\/\/warren.com.br\/magazine\/wp-content\/uploads\/2023\/12\/Instagram-avatar-96x96.png","caption":"Reda\u00e7\u00e3o Warren"},"url":"https:\/\/warren.com.br\/magazine\/author\/redacao-warren\/"}]}},"_links":{"self":[{"href":"https:\/\/warren.com.br\/magazine\/wp-json\/wp\/v2\/posts\/13812","targetHints":{"allow":["GET"]}}],"collection":[{"href":"https:\/\/warren.com.br\/magazine\/wp-json\/wp\/v2\/posts"}],"about":[{"href":"https:\/\/warren.com.br\/magazine\/wp-json\/wp\/v2\/types\/post"}],"author":[{"embeddable":true,"href":"https:\/\/warren.com.br\/magazine\/wp-json\/wp\/v2\/users\/8"}],"replies":[{"embeddable":true,"href":"https:\/\/warren.com.br\/magazine\/wp-json\/wp\/v2\/comments?post=13812"}],"version-history":[{"count":1,"href":"https:\/\/warren.com.br\/magazine\/wp-json\/wp\/v2\/posts\/13812\/revisions"}],"predecessor-version":[{"id":13814,"href":"https:\/\/warren.com.br\/magazine\/wp-json\/wp\/v2\/posts\/13812\/revisions\/13814"}],"wp:featuredmedia":[{"embeddable":true,"href":"https:\/\/warren.com.br\/magazine\/wp-json\/wp\/v2\/media\/13813"}],"wp:attachment":[{"href":"https:\/\/warren.com.br\/magazine\/wp-json\/wp\/v2\/media?parent=13812"}],"wp:term":[{"taxonomy":"category","embeddable":true,"href":"https:\/\/warren.com.br\/magazine\/wp-json\/wp\/v2\/categories?post=13812"},{"taxonomy":"post_tag","embeddable":true,"href":"https:\/\/warren.com.br\/magazine\/wp-json\/wp\/v2\/tags?post=13812"}],"curies":[{"name":"wp","href":"https:\/\/api.w.org\/{rel}","templated":true}]}}