{"id":14338,"date":"2022-01-03T10:56:33","date_gmt":"2022-01-03T13:56:33","guid":{"rendered":"https:\/\/warren.com.br\/magazine\/?p=14338"},"modified":"2023-08-02T21:49:39","modified_gmt":"2023-08-03T00:49:39","slug":"por-que-investir-por-objetivos","status":"publish","type":"post","link":"https:\/\/warren.com.br\/magazine\/por-que-investir-por-objetivos\/","title":{"rendered":"Afinal, por que investir por objetivos?"},"content":{"rendered":"<div id=\"playht-iframe-wrapper\" style=\"max-height: 210px !important;\">\n\t<iframe\n\tscrolling=\"no\"\n\tclass=\"playht-iframe-player\"\n\tid=\"playht-iframe-player\"\n\theight=\"90px\"\n\twidth=\"100%\"\n\tframeborder=\"0\"\n\tstyle=\"max-height: 90px; height: 90px !important;\"\n\tsrc=\"https:\/\/play.ht\/embed\/?article_url=https:\/\/warren.com.br\/magazine\/?p=14338&voice=pt-BR-FranciscaNeural&appId=l7OQ6uC_zK&trans_id=-N7N7qJ2gNVoBhaffXvY\"\n\tdata-voice=\"pt-BR-FranciscaNeural\"\n\tarticle-url=\"https:\/\/warren.com.br\/magazine\/?p=14338\"\n\tdata-appId=\"l7OQ6uC_zK\"\n\tallowfullscreen=\"\">\n\t<\/iframe>\n<\/div>\n\n<p>Qualquer resposta para essa pergunta pode ser encontrada de forma simples, desde que outra pergunta tenha sido respondida antes: <strong>quais s\u00e3o os seus objetivos?<\/strong> <\/p>\n\n\n\n<p>Se uma pessoa cresce sem pensar em objetivos que movam seus esfor\u00e7os, como vai pensar em investir para alcan\u00e7ar algo que n\u00e3o existe na sua mente? <\/p>\n\n\n\n<p>Por isso, a primeira dica que dou nesse texto \u00e9: crie metas na sua vida, mesmo que comecem por coisas simples e depois, suba a r\u00e9gua desses objetivos conforme voc\u00ea consiga alcan\u00e7ar os mais f\u00e1ceis.&nbsp;<\/p>\n\n\n\n<p>Sei que pode n\u00e3o ser t\u00e3o simples pensar em planos de vida para algumas pessoas. Mas acredito que isso poderia come\u00e7ar j\u00e1 desde cedo, seja na escola ou em casa. <\/p>\n\n\n\n<p>O primeiro passo para qualquer pessoa que ajude na educa\u00e7\u00e3o de outra \u00e9 incentivar que se comece a pensar que o futuro existe, seja ele amanh\u00e3 ou daqui 30 anos. E, como o dinheiro est\u00e1 diretamente ligado \u00e0 uma boa parte do que podemos conquistar durante a vida, entender e aprender o h\u00e1bito de poupar dinheiro \u00e9 de grande valia.<\/p>\n\n\n\n<p>Uma proposta simples para os pais, por exemplo: estimule os filhos a guardarem dinheiro para a compra de um brinquedo mais caro ou de uma viagem que desejam fazer. <\/p>\n\n\n\n<p>Se os pais come\u00e7am a incentivar a crian\u00e7a, desde cedo, a fazer esfor\u00e7os para alcan\u00e7ar seus objetivos (como neste exemplo, guardar dinheiro), ficar\u00e1 muito mais simples para o adulto entender que \u00e9 preciso abdicar de algumas coisas para poder alcan\u00e7ar outras maiores.<\/p>\n\n\n\n<p>Enfim, estes par\u00e1grafos iniciais foram apenas para levantar a bola para a pergunta inicial desse texto: por que investir por objetivos?<\/p>\n\n\n\n<p>A partir do momento que entendemos quais s\u00e3o os nossos objetivos com o dinheiro, passamos a entender quais ser\u00e3o os esfor\u00e7os necess\u00e1rios para alcan\u00e7\u00e1-los. \u00c9 nesse momento que voc\u00ea precisa colocar em pr\u00e1tica a quest\u00e3o financeira: primeiro, <a href=\"https:\/\/warren.com.br\/magazine\/como-economizar-dinheiro-guia\/\">guardar dinheiro<\/a> e depois, investir corretamente.<\/p>\n\n\n\n<p><strong>Objetivos diferentes podem ter prazos diferentes e isso \u00e9 fundamental para escolher o tipo certo de investimento para cada um. <\/strong><\/p>\n\n\n\n<p>Se pensamos em uma viagem para daqui a um ano, \u00e9 preciso investir em produtos que tenham sua maturidade nesse per\u00edodo. <\/p>\n\n\n\n<p>O que quero dizer com isso? Se a viagem tem um prazo de um ano para ocorrer, n\u00e3o podemos pensar em investimentos agressivos, como bolsa de valores. Isso porque o prazo de um ano \u00e9 curto e pode causar frustra\u00e7\u00f5es na pessoa que est\u00e1 investindo. <\/p>\n\n\n\n<p>Neste caso, os investimentos para um ano deveriam estar concentrados em renda fixa e serem mais conservadores.<\/p>\n\n\n\n<p><strong>Por isso, al\u00e9m de saber o que voc\u00ea quer, tamb\u00e9m \u00e9 importante entender quando voc\u00ea quer<\/strong>. Isso tornaria a escolha dos investimentos mais assertiva.<\/p>\n\n\n\n<p>Se a ideia for investir para comprar a casa na praia daqui 10 anos, pode ser que produtos mais vol\u00e1teis possam dar melhores resultados. A\u00ed mora a import\u00e2ncia de investir por objetivos. Al\u00e9m disso, voc\u00ea tem muito mais comprometimento com os seus investimentos.<\/p>\n\n\n\n<p>&#8220;Eu n\u00e3o estou deixando de comprar um CDB, estou deixando o meu sonho de morar na beira da praia mais e mais longe&#8221;. \u00c9 isso que voc\u00ea pensa quando n\u00e3o se compromete com os aportes mensais, por exemplo.<\/p>\n\n\n\n<p>Para aqueles que querem sugest\u00f5es de objetivos para investir: bom, \u00e9 dif\u00edcil falar sobre isso, pois cada pessoa tem sonhos diferentes e tempos diferentes para alcan\u00e7\u00e1-los. <\/p>\n\n\n\n<p>Mas dois deles deveriam estar na mente de todos: investir em uma <a href=\"https:\/\/warren.com.br\/magazine\/como-criar-sua-reserva-de-emergencia\/\">reserva de emerg\u00eancia<\/a> e na <a href=\"https:\/\/warren.com.br\/magazine\/hora-pensar-aposentadoria\/\">aposentadoria<\/a>.&nbsp;<\/p>\n\n\n\n<p>A reserva de emerg\u00eancia deveria ser o primeiro objetivo de cada pessoa que come\u00e7a a guardar dinheiro. <\/p>\n\n\n\n<p>Por que ela \u00e9 importante? O nome dela j\u00e1 justifica a resposta, mas, podemos acrescentar tamb\u00e9m, que a reserva de emerg\u00eancia pode ser usada para uma <a href=\"https:\/\/warren.com.br\/magazine\/repensando-carreira-depois-30\/\">mudan\u00e7a de carreira<\/a>, para uma mudan\u00e7a de pa\u00eds ou qualquer coisa que seja imaginada para criar condi\u00e7\u00f5es melhores de vida.<\/p>\n\n\n\n<p>E o segundo objetivo que comentei, que deveria ser pensado como obrigat\u00f3rio, mesmo para pessoas mais novas, \u00e9 o de aposentadoria.<\/p>\n\n\n\n<p>Neste caso, estamos falando de um conceito mais abrangente, como o simples fato de a pessoa diminuir o ritmo de trabalho ou escolher apenas <a href=\"https:\/\/warren.com.br\/magazine\/ser-feliz-trabalho-utopia\/\">trabalhar naquilo que a faz feliz<\/a>. <\/p>\n\n\n\n<p>Posso citar v\u00e1rios motivos pelos quais esse objetivo deveria estar claro na cabe\u00e7a de todos, mas, o simples fato de podermos contar cada vez menos com a renda vindo de benef\u00edcios pagos pelo INSS, j\u00e1 deveria ser um motivo suficiente. <\/p>\n\n\n\n<p>Mas, o que mais gosto de citar, \u00e9 a liberdade de escolha, pois esse motivo traz muita satisfa\u00e7\u00e3o pessoal quando come\u00e7a ser alcan\u00e7ado. <\/p>\n\n\n\n<p><\/p>\n\n\n\n<p>Se voc\u00ea gostou do artigo, talvez tamb\u00e9m se interesse por:<\/p>\n\n\n\n<ul class=\"wp-block-list\"><li><a href=\"https:\/\/warren.com.br\/magazine\/planejar-sem-reclamar\/\">Quem n\u00e3o se planeja, talvez precise aceitar o destino sem reclamar<\/a><\/li><li><a href=\"https:\/\/warren.com.br\/magazine\/como-comecar-planejamento-financeiro\/\">Por onde come\u00e7ar o seu planejamento financeiro: passo a passo<\/a>&nbsp;<\/li><li><a href=\"https:\/\/warren.com.br\/magazine\/vitoria-do-perdedor-diversificacao\/\">A vit\u00f3ria do perdedor: um ensaio sobre diversifica\u00e7\u00e3o nos investimentos<\/a><\/li><\/ul>\n","protected":false},"excerpt":{"rendered":"<p>Qualquer resposta para essa pergunta pode ser encontrada de forma simples, desde que outra pergunta tenha sido respondida antes: quais s\u00e3o os seus objetivos?<\/p>\n","protected":false},"author":8,"featured_media":14339,"comment_status":"closed","ping_status":"open","sticky":false,"template":"","format":"standard","meta":{"_acf_changed":false,"footnotes":""},"categories":[1015],"tags":[],"class_list":["post-14338","post","type-post","status-publish","format-standard","has-post-thumbnail","hentry","category-planejamento-financeiro","entry"],"acf":[],"yoast_head":"<!-- This site is optimized with the Yoast SEO plugin v27.5 - https:\/\/yoast.com\/product\/yoast-seo-wordpress\/ -->\n<title>Cesar Corso: Afinal, por que investir por objetivos?<\/title>\n<meta name=\"description\" content=\"Al\u00e9m de saber o que voc\u00ea quer, tamb\u00e9m \u00e9 importante entender quando voc\u00ea quer. Isso torna a escolha dos investimentos mais assertiva.\" \/>\n<meta name=\"robots\" content=\"index, follow, max-snippet:-1, max-image-preview:large, max-video-preview:-1\" \/>\n<link rel=\"canonical\" href=\"https:\/\/warren.com.br\/magazine\/por-que-investir-por-objetivos\/\" \/>\n<meta property=\"og:locale\" content=\"pt_BR\" \/>\n<meta property=\"og:type\" content=\"article\" \/>\n<meta property=\"og:title\" content=\"Cesar Corso: Afinal, por que investir por objetivos?\" \/>\n<meta property=\"og:description\" content=\"Al\u00e9m de saber o que voc\u00ea quer, tamb\u00e9m \u00e9 importante entender quando voc\u00ea quer. Isso torna a escolha dos investimentos mais assertiva.\" \/>\n<meta property=\"og:url\" content=\"https:\/\/warren.com.br\/magazine\/por-que-investir-por-objetivos\/\" \/>\n<meta property=\"og:site_name\" content=\"Warren Magazine\" \/>\n<meta property=\"article:publisher\" content=\"https:\/\/www.facebook.com\/warrenbrasil\/\" \/>\n<meta property=\"article:published_time\" content=\"2022-01-03T13:56:33+00:00\" \/>\n<meta property=\"article:modified_time\" content=\"2023-08-03T00:49:39+00:00\" \/>\n<meta property=\"og:image\" content=\"https:\/\/warren.com.br\/magazine\/wp-content\/uploads\/2021\/12\/por-que-investir-por-objetivos.jpg\" \/>\n\t<meta property=\"og:image:width\" content=\"1800\" \/>\n\t<meta property=\"og:image:height\" content=\"1278\" \/>\n\t<meta property=\"og:image:type\" content=\"image\/jpeg\" \/>\n<meta name=\"author\" content=\"Reda\u00e7\u00e3o Warren\" \/>\n<meta name=\"twitter:card\" content=\"summary_large_image\" \/>\n<meta name=\"twitter:creator\" content=\"@warrenbrasil\" \/>\n<meta name=\"twitter:site\" content=\"@warrenbrasil\" \/>\n<meta name=\"twitter:label1\" content=\"Escrito por\" \/>\n\t<meta name=\"twitter:data1\" content=\"Reda\u00e7\u00e3o Warren\" \/>\n\t<meta name=\"twitter:label2\" content=\"Est. tempo de leitura\" \/>\n\t<meta name=\"twitter:data2\" content=\"5 minutos\" \/>\n<!-- \/ Yoast SEO plugin. -->","yoast_head_json":{"title":"Cesar Corso: Afinal, por que investir por objetivos?","description":"Al\u00e9m de saber o que voc\u00ea quer, tamb\u00e9m \u00e9 importante entender quando voc\u00ea quer. Isso torna a escolha dos investimentos mais assertiva.","robots":{"index":"index","follow":"follow","max-snippet":"max-snippet:-1","max-image-preview":"max-image-preview:large","max-video-preview":"max-video-preview:-1"},"canonical":"https:\/\/warren.com.br\/magazine\/por-que-investir-por-objetivos\/","og_locale":"pt_BR","og_type":"article","og_title":"Cesar Corso: Afinal, por que investir por objetivos?","og_description":"Al\u00e9m de saber o que voc\u00ea quer, tamb\u00e9m \u00e9 importante entender quando voc\u00ea quer. Isso torna a escolha dos investimentos mais assertiva.","og_url":"https:\/\/warren.com.br\/magazine\/por-que-investir-por-objetivos\/","og_site_name":"Warren Magazine","article_publisher":"https:\/\/www.facebook.com\/warrenbrasil\/","article_published_time":"2022-01-03T13:56:33+00:00","article_modified_time":"2023-08-03T00:49:39+00:00","og_image":[{"width":1800,"height":1278,"url":"https:\/\/warren.com.br\/magazine\/wp-content\/uploads\/2021\/12\/por-que-investir-por-objetivos.jpg","type":"image\/jpeg"}],"author":"Reda\u00e7\u00e3o Warren","twitter_card":"summary_large_image","twitter_creator":"@warrenbrasil","twitter_site":"@warrenbrasil","twitter_misc":{"Escrito por":"Reda\u00e7\u00e3o Warren","Est. tempo de leitura":"5 minutos"},"schema":{"@context":"https:\/\/schema.org","@graph":[{"@type":"NewsArticle","@id":"https:\/\/warren.com.br\/magazine\/por-que-investir-por-objetivos\/#article","isPartOf":{"@id":"https:\/\/warren.com.br\/magazine\/por-que-investir-por-objetivos\/"},"author":{"name":"Reda\u00e7\u00e3o Warren","@id":"https:\/\/warren.com.br\/magazine\/#\/schema\/person\/6ab5c3002c3fbf4a167e69ed8a2b228c"},"headline":"Afinal, por que investir por objetivos?","datePublished":"2022-01-03T13:56:33+00:00","dateModified":"2023-08-03T00:49:39+00:00","mainEntityOfPage":{"@id":"https:\/\/warren.com.br\/magazine\/por-que-investir-por-objetivos\/"},"wordCount":831,"publisher":{"@id":"https:\/\/warren.com.br\/magazine\/#organization"},"image":{"@id":"https:\/\/warren.com.br\/magazine\/por-que-investir-por-objetivos\/#primaryimage"},"thumbnailUrl":"https:\/\/warren.com.br\/magazine\/wp-content\/uploads\/2021\/12\/por-que-investir-por-objetivos.jpg","articleSection":["Planejamento financeiro"],"inLanguage":"pt-BR"},{"@type":"WebPage","@id":"https:\/\/warren.com.br\/magazine\/por-que-investir-por-objetivos\/","url":"https:\/\/warren.com.br\/magazine\/por-que-investir-por-objetivos\/","name":"Cesar Corso: Afinal, por que investir por objetivos?","isPartOf":{"@id":"https:\/\/warren.com.br\/magazine\/#website"},"primaryImageOfPage":{"@id":"https:\/\/warren.com.br\/magazine\/por-que-investir-por-objetivos\/#primaryimage"},"image":{"@id":"https:\/\/warren.com.br\/magazine\/por-que-investir-por-objetivos\/#primaryimage"},"thumbnailUrl":"https:\/\/warren.com.br\/magazine\/wp-content\/uploads\/2021\/12\/por-que-investir-por-objetivos.jpg","datePublished":"2022-01-03T13:56:33+00:00","dateModified":"2023-08-03T00:49:39+00:00","description":"Al\u00e9m de saber o que voc\u00ea quer, tamb\u00e9m \u00e9 importante entender quando voc\u00ea quer. Isso torna a escolha dos investimentos mais assertiva.","inLanguage":"pt-BR","potentialAction":[{"@type":"ReadAction","target":["https:\/\/warren.com.br\/magazine\/por-que-investir-por-objetivos\/"]}]},{"@type":"ImageObject","inLanguage":"pt-BR","@id":"https:\/\/warren.com.br\/magazine\/por-que-investir-por-objetivos\/#primaryimage","url":"https:\/\/warren.com.br\/magazine\/wp-content\/uploads\/2021\/12\/por-que-investir-por-objetivos.jpg","contentUrl":"https:\/\/warren.com.br\/magazine\/wp-content\/uploads\/2021\/12\/por-que-investir-por-objetivos.jpg","width":1800,"height":1278,"caption":"por que investir por objetivos"},{"@type":"WebSite","@id":"https:\/\/warren.com.br\/magazine\/#website","url":"https:\/\/warren.com.br\/magazine\/","name":"Warren Magazine","description":"","publisher":{"@id":"https:\/\/warren.com.br\/magazine\/#organization"},"potentialAction":[{"@type":"SearchAction","target":{"@type":"EntryPoint","urlTemplate":"https:\/\/warren.com.br\/magazine\/?s={search_term_string}"},"query-input":{"@type":"PropertyValueSpecification","valueRequired":true,"valueName":"search_term_string"}}],"inLanguage":"pt-BR"},{"@type":"Organization","@id":"https:\/\/warren.com.br\/magazine\/#organization","name":"Warren Magazine","url":"https:\/\/warren.com.br\/magazine\/","logo":{"@type":"ImageObject","inLanguage":"pt-BR","@id":"https:\/\/warren.com.br\/magazine\/#\/schema\/logo\/image\/","url":"https:\/\/warren.com.br\/magazine\/wp-content\/uploads\/2023\/06\/ThumbMagazine.jpg","contentUrl":"https:\/\/warren.com.br\/magazine\/wp-content\/uploads\/2023\/06\/ThumbMagazine.jpg","width":2400,"height":1260,"caption":"Warren Magazine"},"image":{"@id":"https:\/\/warren.com.br\/magazine\/#\/schema\/logo\/image\/"},"sameAs":["https:\/\/www.facebook.com\/warrenbrasil\/","https:\/\/x.com\/warrenbrasil","https:\/\/www.instagram.com\/warrenbrasil\/","https:\/\/www.linkedin.com\/company\/warrenbrasil\/","https:\/\/www.youtube.com\/channel\/UCqIO5twa50iGz2wT5cGS-XQ"]},{"@type":"Person","@id":"https:\/\/warren.com.br\/magazine\/#\/schema\/person\/6ab5c3002c3fbf4a167e69ed8a2b228c","name":"Reda\u00e7\u00e3o Warren","image":{"@type":"ImageObject","inLanguage":"pt-BR","@id":"https:\/\/warren.com.br\/magazine\/wp-content\/uploads\/2023\/12\/Instagram-avatar-96x96.png","url":"https:\/\/warren.com.br\/magazine\/wp-content\/uploads\/2023\/12\/Instagram-avatar-96x96.png","contentUrl":"https:\/\/warren.com.br\/magazine\/wp-content\/uploads\/2023\/12\/Instagram-avatar-96x96.png","caption":"Reda\u00e7\u00e3o Warren"},"url":"https:\/\/warren.com.br\/magazine\/author\/redacao-warren\/"}]}},"_links":{"self":[{"href":"https:\/\/warren.com.br\/magazine\/wp-json\/wp\/v2\/posts\/14338","targetHints":{"allow":["GET"]}}],"collection":[{"href":"https:\/\/warren.com.br\/magazine\/wp-json\/wp\/v2\/posts"}],"about":[{"href":"https:\/\/warren.com.br\/magazine\/wp-json\/wp\/v2\/types\/post"}],"author":[{"embeddable":true,"href":"https:\/\/warren.com.br\/magazine\/wp-json\/wp\/v2\/users\/8"}],"replies":[{"embeddable":true,"href":"https:\/\/warren.com.br\/magazine\/wp-json\/wp\/v2\/comments?post=14338"}],"version-history":[{"count":5,"href":"https:\/\/warren.com.br\/magazine\/wp-json\/wp\/v2\/posts\/14338\/revisions"}],"predecessor-version":[{"id":14525,"href":"https:\/\/warren.com.br\/magazine\/wp-json\/wp\/v2\/posts\/14338\/revisions\/14525"}],"wp:featuredmedia":[{"embeddable":true,"href":"https:\/\/warren.com.br\/magazine\/wp-json\/wp\/v2\/media\/14339"}],"wp:attachment":[{"href":"https:\/\/warren.com.br\/magazine\/wp-json\/wp\/v2\/media?parent=14338"}],"wp:term":[{"taxonomy":"category","embeddable":true,"href":"https:\/\/warren.com.br\/magazine\/wp-json\/wp\/v2\/categories?post=14338"},{"taxonomy":"post_tag","embeddable":true,"href":"https:\/\/warren.com.br\/magazine\/wp-json\/wp\/v2\/tags?post=14338"}],"curies":[{"name":"wp","href":"https:\/\/api.w.org\/{rel}","templated":true}]}}