{"id":14942,"date":"2022-01-18T16:11:28","date_gmt":"2022-01-18T19:11:28","guid":{"rendered":"https:\/\/warren.com.br\/magazine\/?p=14942"},"modified":"2023-08-02T22:15:51","modified_gmt":"2023-08-03T01:15:51","slug":"warren-box-aquisicao","status":"publish","type":"post","link":"https:\/\/warren.com.br\/magazine\/warren-box-aquisicao\/","title":{"rendered":"Apostando com for\u00e7a na tecnologia: Warren adquire a Box TI"},"content":{"rendered":"<div id=\"playht-iframe-wrapper\" style=\"max-height: 210px !important;\">\n\t<iframe\n\tscrolling=\"no\"\n\tclass=\"playht-iframe-player\"\n\tid=\"playht-iframe-player\"\n\theight=\"90px\"\n\twidth=\"100%\"\n\tframeborder=\"0\"\n\tstyle=\"max-height: 90px; height: 90px !important;\"\n\tsrc=\"https:\/\/play.ht\/embed\/?article_url=https:\/\/warren.com.br\/magazine\/?p=14942&voice=pt-BR-FranciscaNeural&appId=l7OQ6uC_zK&trans_id=-N7N5v3JuIe9dXucGDXB\"\n\tdata-voice=\"pt-BR-FranciscaNeural\"\n\tarticle-url=\"https:\/\/warren.com.br\/magazine\/?p=14942\"\n\tdata-appId=\"l7OQ6uC_zK\"\n\tallowfullscreen=\"\">\n\t<\/iframe>\n<\/div>\n\n<p>Come\u00e7amos 2022 com uma not\u00edcia muito animadora.<\/p>\n\n\n\n<p>Em nosso primeiro movimento de aquisi\u00e7\u00e3o do ano, anunciamos que <strong>a Box TI agora \u00e9 Warren.<\/strong><\/p>\n\n\n\n<p>A hist\u00f3ria da Warren \u00e9 marcada pela paix\u00e3o pela inova\u00e7\u00e3o, e a chegada da Box refor\u00e7a ainda mais a nossa cren\u00e7a de que <strong>descomplicar o mercado financeiro s\u00f3 \u00e9 poss\u00edvel com muita tecnologia envolvida.<\/strong><\/p>\n\n\n\n<p>Fundada em 2016, a Box TI \u00e9 uma empresa catarinense focada no desenvolvimento de projetos de alta complexidade.<\/p>\n\n\n\n<p>A aquisi\u00e7\u00e3o da Box vem no estilo de \u201cacqui-hiring\u201d, ou seja, quando o ativo mais precioso que estamos adquirindo \u00e9 <strong>o talento de quem faz a empresa acontecer<\/strong>.<\/p>\n\n\n\n<p>A Box \u00e9 composta por um grupo imbat\u00edvel de mais de 30 desenvolvedores que agora passam a integrar nosso time de tecnologia, liderado pelo Chief Technology Officer e cofundador <strong>Andr\u00e9 Gusm\u00e3o<\/strong>.<\/p>\n\n\n\n<p>Ali\u00e1s, deixamos para o Andr\u00e9 contar um pouco mais do que motivou esta uni\u00e3o: <\/p>\n\n\n\n<p><em>\u201cO comprometimento, a cultura alinhada com a nossa e a velocidade de entrega foram os grandes diferenciais que nos levaram \u00e0 escolha pela Box TI.\u201d<\/em><\/p>\n\n\n\n<p>Voc\u00ea pode conferir mais detalhes sobre a aquisi\u00e7\u00e3o da Box TI nas not\u00edcias publicadas nos seguintes portais: <a href=\"https:\/\/canaltech.com.br\/negocios\/corretora-digital-warren-aumenta-equipe-de-devs-com-aquisicao-da-box-ti-206616\/\">CanalTech<\/a>, <a href=\"https:\/\/www.spacemoney.com.br\/geral\/warren-adquire-catarinense-box-ti-por-meio-de-acordo\/176418\/\">SpaceMoney<\/a> e <a href=\"https:\/\/finsiders.com.br\/2022\/01\/13\/warren-faz-terceira-aquisicao-apos-rodada-serie-c\/\">Finsiders<\/a>.<\/p>\n\n\n\n<p>E n\u00e3o deixe de acompanhar <strong>nosso Instagram <\/strong><a href=\"https:\/\/www.instagram.com\/warrenbrasil\/\"><strong>@warrenbrasil<\/strong><\/a> para ficar de olho nas pr\u00f3ximas novidades na Warren. Por um 2022 cheio de not\u00edcias incr\u00edveis como essa!<\/p>\n\n\n\n<p><strong>Confira os seguintes artigos para continuar se informando:<\/strong><\/p>\n\n\n\n<ul class=\"wp-block-list\"><li><a href=\"https:\/\/warren.com.br\/magazine\/bota-pra-render\/\">Bota pra render: a Warren quer provar que o ver\u00e3o tem tudo a ver com investimentos<\/a><\/li><li><a href=\"https:\/\/warren.com.br\/magazine\/primeira-turma-jovens-aprendizes\/\">Conhe\u00e7a a primeira turma de jovens aprendizes da Warren<\/a><\/li><li><a href=\"https:\/\/warren.com.br\/magazine\/warren-na-imprensa-2021\/\">A Warren na imprensa: nossos destaques em 2021<\/a><\/li><\/ul>\n","protected":false},"excerpt":{"rendered":"<p>Come\u00e7amos 2022 com uma not\u00edcia muito animadora.<\/p>\n","protected":false},"author":8,"featured_media":14943,"comment_status":"closed","ping_status":"open","sticky":false,"template":"","format":"standard","meta":{"_acf_changed":false,"footnotes":""},"categories":[752],"tags":[],"class_list":["post-14942","post","type-post","status-publish","format-standard","has-post-thumbnail","hentry","category-a-warren","entry"],"acf":[],"yoast_head":"<!-- This site is optimized with the Yoast SEO plugin v27.5 - https:\/\/yoast.com\/product\/yoast-seo-wordpress\/ -->\n<title>Apostando com for\u00e7a na tecnologia: Warren adquire a Box TI | Warren<\/title>\n<meta name=\"description\" content=\"Em nosso primeiro movimento de aquisi\u00e7\u00e3o do ano, anunciamos que a Box TI agora \u00e9 Warren.\" \/>\n<meta name=\"robots\" content=\"index, follow, max-snippet:-1, max-image-preview:large, max-video-preview:-1\" \/>\n<link rel=\"canonical\" href=\"https:\/\/warren.com.br\/magazine\/warren-box-aquisicao\/\" \/>\n<meta property=\"og:locale\" content=\"pt_BR\" \/>\n<meta property=\"og:type\" content=\"article\" \/>\n<meta property=\"og:title\" content=\"Apostando com for\u00e7a na tecnologia: Warren adquire a Box TI | Warren\" \/>\n<meta property=\"og:description\" content=\"Em nosso primeiro movimento de aquisi\u00e7\u00e3o do ano, anunciamos que a Box TI agora \u00e9 Warren.\" \/>\n<meta property=\"og:url\" content=\"https:\/\/warren.com.br\/magazine\/warren-box-aquisicao\/\" \/>\n<meta property=\"og:site_name\" content=\"Warren Magazine\" \/>\n<meta property=\"article:publisher\" content=\"https:\/\/www.facebook.com\/warrenbrasil\/\" \/>\n<meta property=\"article:published_time\" content=\"2022-01-18T19:11:28+00:00\" \/>\n<meta property=\"article:modified_time\" content=\"2023-08-03T01:15:51+00:00\" \/>\n<meta property=\"og:image\" content=\"https:\/\/warren.com.br\/magazine\/wp-content\/uploads\/2022\/01\/box-ti.jpg\" \/>\n\t<meta property=\"og:image:width\" content=\"1800\" \/>\n\t<meta property=\"og:image:height\" content=\"1225\" \/>\n\t<meta property=\"og:image:type\" content=\"image\/jpeg\" \/>\n<meta name=\"author\" content=\"Reda\u00e7\u00e3o Warren\" \/>\n<meta name=\"twitter:card\" content=\"summary_large_image\" \/>\n<meta name=\"twitter:creator\" content=\"@warrenbrasil\" \/>\n<meta name=\"twitter:site\" content=\"@warrenbrasil\" \/>\n<meta name=\"twitter:label1\" content=\"Escrito por\" \/>\n\t<meta name=\"twitter:data1\" content=\"Reda\u00e7\u00e3o Warren\" \/>\n\t<meta name=\"twitter:label2\" content=\"Est. tempo de leitura\" \/>\n\t<meta name=\"twitter:data2\" content=\"2 minutos\" \/>\n<!-- \/ Yoast SEO plugin. -->","yoast_head_json":{"title":"Apostando com for\u00e7a na tecnologia: Warren adquire a Box TI | Warren","description":"Em nosso primeiro movimento de aquisi\u00e7\u00e3o do ano, anunciamos que a Box TI agora \u00e9 Warren.","robots":{"index":"index","follow":"follow","max-snippet":"max-snippet:-1","max-image-preview":"max-image-preview:large","max-video-preview":"max-video-preview:-1"},"canonical":"https:\/\/warren.com.br\/magazine\/warren-box-aquisicao\/","og_locale":"pt_BR","og_type":"article","og_title":"Apostando com for\u00e7a na tecnologia: Warren adquire a Box TI | Warren","og_description":"Em nosso primeiro movimento de aquisi\u00e7\u00e3o do ano, anunciamos que a Box TI agora \u00e9 Warren.","og_url":"https:\/\/warren.com.br\/magazine\/warren-box-aquisicao\/","og_site_name":"Warren Magazine","article_publisher":"https:\/\/www.facebook.com\/warrenbrasil\/","article_published_time":"2022-01-18T19:11:28+00:00","article_modified_time":"2023-08-03T01:15:51+00:00","og_image":[{"width":1800,"height":1225,"url":"https:\/\/warren.com.br\/magazine\/wp-content\/uploads\/2022\/01\/box-ti.jpg","type":"image\/jpeg"}],"author":"Reda\u00e7\u00e3o Warren","twitter_card":"summary_large_image","twitter_creator":"@warrenbrasil","twitter_site":"@warrenbrasil","twitter_misc":{"Escrito por":"Reda\u00e7\u00e3o Warren","Est. tempo de leitura":"2 minutos"},"schema":{"@context":"https:\/\/schema.org","@graph":[{"@type":"NewsArticle","@id":"https:\/\/warren.com.br\/magazine\/warren-box-aquisicao\/#article","isPartOf":{"@id":"https:\/\/warren.com.br\/magazine\/warren-box-aquisicao\/"},"author":{"name":"Reda\u00e7\u00e3o Warren","@id":"https:\/\/warren.com.br\/magazine\/#\/schema\/person\/6ab5c3002c3fbf4a167e69ed8a2b228c"},"headline":"Apostando com for\u00e7a na tecnologia: Warren adquire a Box TI","datePublished":"2022-01-18T19:11:28+00:00","dateModified":"2023-08-03T01:15:51+00:00","mainEntityOfPage":{"@id":"https:\/\/warren.com.br\/magazine\/warren-box-aquisicao\/"},"wordCount":282,"publisher":{"@id":"https:\/\/warren.com.br\/magazine\/#organization"},"image":{"@id":"https:\/\/warren.com.br\/magazine\/warren-box-aquisicao\/#primaryimage"},"thumbnailUrl":"https:\/\/warren.com.br\/magazine\/wp-content\/uploads\/2022\/01\/box-ti.jpg","articleSection":["A Warren\u00a0"],"inLanguage":"pt-BR"},{"@type":"WebPage","@id":"https:\/\/warren.com.br\/magazine\/warren-box-aquisicao\/","url":"https:\/\/warren.com.br\/magazine\/warren-box-aquisicao\/","name":"Apostando com for\u00e7a na tecnologia: Warren adquire a Box TI | Warren","isPartOf":{"@id":"https:\/\/warren.com.br\/magazine\/#website"},"primaryImageOfPage":{"@id":"https:\/\/warren.com.br\/magazine\/warren-box-aquisicao\/#primaryimage"},"image":{"@id":"https:\/\/warren.com.br\/magazine\/warren-box-aquisicao\/#primaryimage"},"thumbnailUrl":"https:\/\/warren.com.br\/magazine\/wp-content\/uploads\/2022\/01\/box-ti.jpg","datePublished":"2022-01-18T19:11:28+00:00","dateModified":"2023-08-03T01:15:51+00:00","description":"Em nosso primeiro movimento de aquisi\u00e7\u00e3o do ano, anunciamos que a Box TI agora \u00e9 Warren.","inLanguage":"pt-BR","potentialAction":[{"@type":"ReadAction","target":["https:\/\/warren.com.br\/magazine\/warren-box-aquisicao\/"]}]},{"@type":"ImageObject","inLanguage":"pt-BR","@id":"https:\/\/warren.com.br\/magazine\/warren-box-aquisicao\/#primaryimage","url":"https:\/\/warren.com.br\/magazine\/wp-content\/uploads\/2022\/01\/box-ti.jpg","contentUrl":"https:\/\/warren.com.br\/magazine\/wp-content\/uploads\/2022\/01\/box-ti.jpg","width":1800,"height":1225,"caption":"box ti"},{"@type":"WebSite","@id":"https:\/\/warren.com.br\/magazine\/#website","url":"https:\/\/warren.com.br\/magazine\/","name":"Warren Magazine","description":"","publisher":{"@id":"https:\/\/warren.com.br\/magazine\/#organization"},"potentialAction":[{"@type":"SearchAction","target":{"@type":"EntryPoint","urlTemplate":"https:\/\/warren.com.br\/magazine\/?s={search_term_string}"},"query-input":{"@type":"PropertyValueSpecification","valueRequired":true,"valueName":"search_term_string"}}],"inLanguage":"pt-BR"},{"@type":"Organization","@id":"https:\/\/warren.com.br\/magazine\/#organization","name":"Warren Magazine","url":"https:\/\/warren.com.br\/magazine\/","logo":{"@type":"ImageObject","inLanguage":"pt-BR","@id":"https:\/\/warren.com.br\/magazine\/#\/schema\/logo\/image\/","url":"https:\/\/warren.com.br\/magazine\/wp-content\/uploads\/2023\/06\/ThumbMagazine.jpg","contentUrl":"https:\/\/warren.com.br\/magazine\/wp-content\/uploads\/2023\/06\/ThumbMagazine.jpg","width":2400,"height":1260,"caption":"Warren Magazine"},"image":{"@id":"https:\/\/warren.com.br\/magazine\/#\/schema\/logo\/image\/"},"sameAs":["https:\/\/www.facebook.com\/warrenbrasil\/","https:\/\/x.com\/warrenbrasil","https:\/\/www.instagram.com\/warrenbrasil\/","https:\/\/www.linkedin.com\/company\/warrenbrasil\/","https:\/\/www.youtube.com\/channel\/UCqIO5twa50iGz2wT5cGS-XQ"]},{"@type":"Person","@id":"https:\/\/warren.com.br\/magazine\/#\/schema\/person\/6ab5c3002c3fbf4a167e69ed8a2b228c","name":"Reda\u00e7\u00e3o Warren","image":{"@type":"ImageObject","inLanguage":"pt-BR","@id":"https:\/\/warren.com.br\/magazine\/wp-content\/uploads\/2023\/12\/Instagram-avatar-96x96.png","url":"https:\/\/warren.com.br\/magazine\/wp-content\/uploads\/2023\/12\/Instagram-avatar-96x96.png","contentUrl":"https:\/\/warren.com.br\/magazine\/wp-content\/uploads\/2023\/12\/Instagram-avatar-96x96.png","caption":"Reda\u00e7\u00e3o Warren"},"url":"https:\/\/warren.com.br\/magazine\/author\/redacao-warren\/"}]}},"_links":{"self":[{"href":"https:\/\/warren.com.br\/magazine\/wp-json\/wp\/v2\/posts\/14942","targetHints":{"allow":["GET"]}}],"collection":[{"href":"https:\/\/warren.com.br\/magazine\/wp-json\/wp\/v2\/posts"}],"about":[{"href":"https:\/\/warren.com.br\/magazine\/wp-json\/wp\/v2\/types\/post"}],"author":[{"embeddable":true,"href":"https:\/\/warren.com.br\/magazine\/wp-json\/wp\/v2\/users\/8"}],"replies":[{"embeddable":true,"href":"https:\/\/warren.com.br\/magazine\/wp-json\/wp\/v2\/comments?post=14942"}],"version-history":[{"count":2,"href":"https:\/\/warren.com.br\/magazine\/wp-json\/wp\/v2\/posts\/14942\/revisions"}],"predecessor-version":[{"id":14948,"href":"https:\/\/warren.com.br\/magazine\/wp-json\/wp\/v2\/posts\/14942\/revisions\/14948"}],"wp:featuredmedia":[{"embeddable":true,"href":"https:\/\/warren.com.br\/magazine\/wp-json\/wp\/v2\/media\/14943"}],"wp:attachment":[{"href":"https:\/\/warren.com.br\/magazine\/wp-json\/wp\/v2\/media?parent=14942"}],"wp:term":[{"taxonomy":"category","embeddable":true,"href":"https:\/\/warren.com.br\/magazine\/wp-json\/wp\/v2\/categories?post=14942"},{"taxonomy":"post_tag","embeddable":true,"href":"https:\/\/warren.com.br\/magazine\/wp-json\/wp\/v2\/tags?post=14942"}],"curies":[{"name":"wp","href":"https:\/\/api.w.org\/{rel}","templated":true}]}}