{"id":1497,"date":"2019-10-23T18:01:35","date_gmt":"2019-10-23T21:01:35","guid":{"rendered":"https:\/\/blog.warrenbrasil.com\/?p=1497"},"modified":"2023-08-02T21:48:57","modified_gmt":"2023-08-03T00:48:57","slug":"reforma-da-previdencia-aprovada-como-planejar-sua-aposentadoria","status":"publish","type":"post","link":"https:\/\/warren.com.br\/magazine\/reforma-da-previdencia-aprovada-como-planejar-sua-aposentadoria\/","title":{"rendered":"Reforma da Previd\u00eancia aprovada: como planejar sua aposentadoria?"},"content":{"rendered":"<div id=\"playht-iframe-wrapper\" style=\"max-height: 210px !important;\">\n\t<iframe\n\tscrolling=\"no\"\n\tclass=\"playht-iframe-player\"\n\tid=\"playht-iframe-player\"\n\theight=\"90px\"\n\twidth=\"100%\"\n\tframeborder=\"0\"\n\tstyle=\"max-height: 90px; height: 90px !important;\"\n\tsrc=\"https:\/\/play.ht\/embed\/?article_url=https:\/\/warren.com.br\/magazine\/?p=1497&voice=en-US-AriaNeural&appId=l7OQ6uC_zK&trans_id=-N7SKOEDSLVZIMS08gS0\"\n\tdata-voice=\"en-US-AriaNeural\"\n\tarticle-url=\"https:\/\/warren.com.br\/magazine\/?p=1497\"\n\tdata-appId=\"l7OQ6uC_zK\"\n\tallowfullscreen=\"\">\n\t<\/iframe>\n<\/div>\n\n<p>Nesta quarta-feira (23), o Senado concluiu a aprova\u00e7\u00e3o da reforma da Previd\u00eancia. O novo texto modifica as regras de aposentadoria e prev\u00ea cerca de R$ 800 bilh\u00f5es de economia aos cofres p\u00fablicos em um prazo de dez anos.&nbsp;<\/p>\n\n\n\n<p>Para que as regras entrem efetivamente em vigor, a proposta de emenda constitucional precisa ir \u00e0 promulga\u00e7\u00e3o, que ainda n\u00e3o tem data marcada, mas deve ocorrer em <strong>novembro<\/strong>.<\/p>\n\n\n\n<div id=\"ez-toc-container\" class=\"ez-toc-v2_0_82_2 counter-hierarchy ez-toc-counter ez-toc-grey ez-toc-container-direction\">\n<p class=\"ez-toc-title\" style=\"cursor:inherit\">Indice<\/p>\n<label for=\"ez-toc-cssicon-toggle-item-69f18c75f3675\" class=\"ez-toc-cssicon-toggle-label\"><span class=\"ez-toc-cssicon\"><span class=\"eztoc-hide\" style=\"display:none;\">Toggle<\/span><span class=\"ez-toc-icon-toggle-span\"><svg style=\"fill: #999;color:#999\" xmlns=\"http:\/\/www.w3.org\/2000\/svg\" class=\"list-377408\" width=\"20px\" height=\"20px\" viewBox=\"0 0 24 24\" fill=\"none\"><path d=\"M6 6H4v2h2V6zm14 0H8v2h12V6zM4 11h2v2H4v-2zm16 0H8v2h12v-2zM4 16h2v2H4v-2zm16 0H8v2h12v-2z\" fill=\"currentColor\"><\/path><\/svg><svg style=\"fill: #999;color:#999\" class=\"arrow-unsorted-368013\" xmlns=\"http:\/\/www.w3.org\/2000\/svg\" width=\"10px\" height=\"10px\" viewBox=\"0 0 24 24\" version=\"1.2\" baseProfile=\"tiny\"><path d=\"M18.2 9.3l-6.2-6.3-6.2 6.3c-.2.2-.3.4-.3.7s.1.5.3.7c.2.2.4.3.7.3h11c.3 0 .5-.1.7-.3.2-.2.3-.5.3-.7s-.1-.5-.3-.7zM5.8 14.7l6.2 6.3 6.2-6.3c.2-.2.3-.5.3-.7s-.1-.5-.3-.7c-.2-.2-.4-.3-.7-.3h-11c-.3 0-.5.1-.7.3-.2.2-.3.5-.3.7s.1.5.3.7z\"\/><\/svg><\/span><\/span><\/label><input type=\"checkbox\"  id=\"ez-toc-cssicon-toggle-item-69f18c75f3675\"  aria-label=\"Alternar\" \/><nav><ul class='ez-toc-list ez-toc-list-level-1 ' ><li class='ez-toc-page-1 ez-toc-heading-level-3'><a class=\"ez-toc-link ez-toc-heading-1\" href=\"https:\/\/warren.com.br\/magazine\/reforma-da-previdencia-aprovada-como-planejar-sua-aposentadoria\/#Quais_sao_as_novas_regras_da_Previdencia\" >Quais s\u00e3o as novas regras da Previd\u00eancia?<\/a><\/li><li class='ez-toc-page-1 ez-toc-heading-level-3'><a class=\"ez-toc-link ez-toc-heading-2\" href=\"https:\/\/warren.com.br\/magazine\/reforma-da-previdencia-aprovada-como-planejar-sua-aposentadoria\/#Saiba_como_investir_para_a_sua_aposentadoria\" >Saiba como investir para a sua aposentadoria:<\/a><\/li><li class='ez-toc-page-1 ez-toc-heading-level-3'><a class=\"ez-toc-link ez-toc-heading-3\" href=\"https:\/\/warren.com.br\/magazine\/reforma-da-previdencia-aprovada-como-planejar-sua-aposentadoria\/#Previdencia_privada_com_a_Warren\" >Previd\u00eancia privada com a Warren<\/a><\/li><\/ul><\/nav><\/div>\n<h3 class=\"wp-block-heading\"><span class=\"ez-toc-section\" id=\"Quais_sao_as_novas_regras_da_Previdencia\"><\/span><strong>Quais s\u00e3o as novas regras da Previd\u00eancia?<\/strong><span class=\"ez-toc-section-end\"><\/span><\/h3>\n\n\n\n<p>Uma das regras \u00e9 a <strong>retomada da idade m\u00ednima para aposentadoria: 65 anos para homens e 62 para mulheres.<\/strong> Al\u00e9m da <strong>fixa\u00e7\u00e3o de tempos m\u00ednimos de contribui\u00e7\u00e3o<\/strong> distintos entre homens e mulheres e entre servidores p\u00fablicos, professores, trabalhadores rurais, policiais federais e congressistas.<\/p>\n\n\n\n<p>Neste novo cen\u00e1rio,<strong> n\u00e3o ser\u00e1 mais poss\u00edvel se aposentar antes da idade m\u00ednima pelo INSS<\/strong>, pois o tempo de contribui\u00e7\u00e3o livre desta vari\u00e1vel n\u00e3o existir\u00e1 mais.&nbsp;<\/p>\n\n\n\n<p>Quais s\u00e3o as op\u00e7\u00f5es para o brasileiro garantir a sua aposentadoria sem se preocupar com idade, tempo de contribui\u00e7\u00e3o e sem depender da Previd\u00eancia Social?<\/p>\n\n\n\n<h3 class=\"wp-block-heading\"><span class=\"ez-toc-section\" id=\"Saiba_como_investir_para_a_sua_aposentadoria\"><\/span><strong>Saiba como investir para a sua aposentadoria<\/strong>:<span class=\"ez-toc-section-end\"><\/span><\/h3>\n\n\n\n<p>Atualmente, existem diversos produtos dispon\u00edveis no mercado para o trabalhador investir na sua aposentadoria por conta pr\u00f3pria.&nbsp;<\/p>\n\n\n\n<p>Entretanto, <strong>os maiores fundos oferecidos por bancos e outras corretoras s\u00e3o compostos integralmente por renda fixa<\/strong>, o que n\u00e3o \u00e9 uma estrat\u00e9gia nada inteligente para objetivos de longo prazo. Isso, somado \u00e0s taxas &#8211; que costumam ser muito altas &#8211; resultam em uma <strong>p\u00e9ssima rentabilidade para o investidor<\/strong>.<\/p>\n\n\n\n<p><strong><a href=\"https:\/\/warren.com.br\/magazine\/2019\/10\/01\/por-que-a-rentabilidade-da-renda-fixa-nao-e-mais-a-mesma\/\" target=\"_blank\" rel=\"noreferrer noopener\" aria-label=\"LEIA MAIS | Por que a rentabilidade da renda fixa n\u00e3o \u00e9 mais a mesma? (abre em uma nova aba)\">LEIA MAIS | Por que a rentabilidade da renda fixa n\u00e3o \u00e9 mais a mesma?<\/a><\/strong><\/p>\n\n\n\n<h3 class=\"wp-block-heading\"><span class=\"ez-toc-section\" id=\"Previdencia_privada_com_a_Warren\"><\/span><strong>Previd\u00eancia privada com a Warren<\/strong><span class=\"ez-toc-section-end\"><\/span><\/h3>\n\n\n\n<p>Com a <strong><a href=\"https:\/\/warren.com.br\/\" target=\"_blank\" rel=\"noreferrer noopener\">Warren<\/a><\/strong>, \u00e9 poss\u00edvel investir para a aposentadoria com <strong>produtos muito mais alinhados com voc\u00ea e com performance acima dos principais fundos de previd\u00eancia dos bancos<\/strong>. <\/p>\n\n\n\n<p>Voc\u00ea acompanha o saldo e os rendimentos da sua previd\u00eancia como acompanha todas as suas carteiras na Warren: <strong>na nossa plataforma, com total transpar\u00eancia<\/strong>.<\/p>\n\n\n\n<p><strong><a href=\"https:\/\/warren.com.br\/magazine\/2019\/05\/28\/como-os-conflitos-de-interesse-atrapalham-seus-investimentos\/\" target=\"_blank\" rel=\"noreferrer noopener\" aria-label=\"LEIA MAIS | Como os conflitos de interesse atrapalham os seus investimentos (abre em uma nova aba)\">LEIA MAIS | Como os conflitos de interesse atrapalham os seus investimentos<\/a><\/strong><\/p>\n\n\n\n<p>Na nossa plataforma, voc\u00ea pode migrar o seu plano de Previd\u00eancia ou criar uma carteira com <strong>objetivo de longo prazo, com um portf\u00f3lio diversificado<\/strong>. <\/p>\n\n\n\n<p><strong><a href=\"https:\/\/warren.com.br\/magazine\/2019\/02\/28\/por-que-e-tao-importante-diversificar-investimentos\/\" target=\"_blank\" rel=\"noreferrer noopener\" aria-label=\"LEIA MAIS | A import\u00e2ncia de diversificar investimentos (abre em uma nova aba)\">LEIA MAIS | A import\u00e2ncia de diversificar investimentos<\/a><\/strong><\/p>\n\n\n\n<p>Investir na sua aposentadoria \u00e9 um objetivo de prazo bastante longo, o que \u00e9 \u00f3timo para voc\u00ea<strong>&nbsp;diversificar o portf\u00f3lio com produtos de renda fixa e vari\u00e1vel e buscar uma rentabilidade incr\u00edvel<\/strong> para curtir o seu futuro com tranquilidade.<\/p>\n\n\n\n<p><strong>Quer saber como? <\/strong>Clique <a href=\"https:\/\/warren.com.br\/app\/#\/previdencia\"><strong>aqui<\/strong><\/a> e saiba mais sobre previd\u00eancia privada na Warren.<\/p>\n\n\n\n<p><\/p>\n","protected":false},"excerpt":{"rendered":"<p>Saiba quais s\u00e3o as melhores op\u00e7\u00f5es para investir no seu merecido descanso no longo prazo<\/p>\n","protected":false},"author":8,"featured_media":1505,"comment_status":"closed","ping_status":"open","sticky":false,"template":"","format":"standard","meta":{"_acf_changed":false,"footnotes":""},"categories":[1015],"tags":[],"class_list":["post-1497","post","type-post","status-publish","format-standard","has-post-thumbnail","hentry","category-planejamento-financeiro","entry"],"acf":[],"yoast_head":"<!-- This site is optimized with the Yoast SEO plugin v27.5 - https:\/\/yoast.com\/product\/yoast-seo-wordpress\/ -->\n<title>Reforma da Previd\u00eancia aprovada: como planejar aposentadoria?<\/title>\n<meta name=\"description\" content=\"Saiba quais s\u00e3o as melhores op\u00e7\u00f5es para investir no seu merecido descanso no longo prazo\" \/>\n<meta name=\"robots\" content=\"index, follow, max-snippet:-1, max-image-preview:large, max-video-preview:-1\" \/>\n<link rel=\"canonical\" href=\"https:\/\/warren.com.br\/magazine\/reforma-da-previdencia-aprovada-como-planejar-sua-aposentadoria\/\" \/>\n<meta property=\"og:locale\" content=\"pt_BR\" \/>\n<meta property=\"og:type\" content=\"article\" \/>\n<meta property=\"og:title\" content=\"Reforma da Previd\u00eancia aprovada: como planejar aposentadoria?\" \/>\n<meta property=\"og:description\" content=\"Saiba quais s\u00e3o as melhores op\u00e7\u00f5es para investir no seu merecido descanso no longo prazo\" \/>\n<meta property=\"og:url\" content=\"https:\/\/warren.com.br\/magazine\/reforma-da-previdencia-aprovada-como-planejar-sua-aposentadoria\/\" \/>\n<meta property=\"og:site_name\" content=\"Warren Magazine\" \/>\n<meta property=\"article:publisher\" content=\"https:\/\/www.facebook.com\/warrenbrasil\/\" \/>\n<meta property=\"article:published_time\" content=\"2019-10-23T21:01:35+00:00\" \/>\n<meta property=\"article:modified_time\" content=\"2023-08-03T00:48:57+00:00\" \/>\n<meta property=\"og:image\" content=\"https:\/\/warren.com.br\/magazine\/wp-content\/uploads\/2019\/10\/thomas-ashlock-RAjND0B3HDw-unsplash-scaled-1.jpg\" \/>\n\t<meta property=\"og:image:width\" content=\"2048\" \/>\n\t<meta property=\"og:image:height\" content=\"1536\" \/>\n\t<meta property=\"og:image:type\" content=\"image\/jpeg\" \/>\n<meta name=\"author\" content=\"Reda\u00e7\u00e3o Warren\" \/>\n<meta name=\"twitter:card\" content=\"summary_large_image\" \/>\n<meta name=\"twitter:creator\" content=\"@warrenbrasil\" \/>\n<meta name=\"twitter:site\" content=\"@warrenbrasil\" \/>\n<meta name=\"twitter:label1\" content=\"Escrito por\" \/>\n\t<meta name=\"twitter:data1\" content=\"Reda\u00e7\u00e3o Warren\" \/>\n\t<meta name=\"twitter:label2\" content=\"Est. tempo de leitura\" \/>\n\t<meta name=\"twitter:data2\" content=\"2 minutos\" \/>\n<!-- \/ Yoast SEO plugin. -->","yoast_head_json":{"title":"Reforma da Previd\u00eancia aprovada: como planejar aposentadoria?","description":"Saiba quais s\u00e3o as melhores op\u00e7\u00f5es para investir no seu merecido descanso no longo prazo","robots":{"index":"index","follow":"follow","max-snippet":"max-snippet:-1","max-image-preview":"max-image-preview:large","max-video-preview":"max-video-preview:-1"},"canonical":"https:\/\/warren.com.br\/magazine\/reforma-da-previdencia-aprovada-como-planejar-sua-aposentadoria\/","og_locale":"pt_BR","og_type":"article","og_title":"Reforma da Previd\u00eancia aprovada: como planejar aposentadoria?","og_description":"Saiba quais s\u00e3o as melhores op\u00e7\u00f5es para investir no seu merecido descanso no longo prazo","og_url":"https:\/\/warren.com.br\/magazine\/reforma-da-previdencia-aprovada-como-planejar-sua-aposentadoria\/","og_site_name":"Warren Magazine","article_publisher":"https:\/\/www.facebook.com\/warrenbrasil\/","article_published_time":"2019-10-23T21:01:35+00:00","article_modified_time":"2023-08-03T00:48:57+00:00","og_image":[{"width":2048,"height":1536,"url":"https:\/\/warren.com.br\/magazine\/wp-content\/uploads\/2019\/10\/thomas-ashlock-RAjND0B3HDw-unsplash-scaled-1.jpg","type":"image\/jpeg"}],"author":"Reda\u00e7\u00e3o Warren","twitter_card":"summary_large_image","twitter_creator":"@warrenbrasil","twitter_site":"@warrenbrasil","twitter_misc":{"Escrito por":"Reda\u00e7\u00e3o Warren","Est. tempo de leitura":"2 minutos"},"schema":{"@context":"https:\/\/schema.org","@graph":[{"@type":"NewsArticle","@id":"https:\/\/warren.com.br\/magazine\/reforma-da-previdencia-aprovada-como-planejar-sua-aposentadoria\/#article","isPartOf":{"@id":"https:\/\/warren.com.br\/magazine\/reforma-da-previdencia-aprovada-como-planejar-sua-aposentadoria\/"},"author":{"name":"Reda\u00e7\u00e3o Warren","@id":"https:\/\/warren.com.br\/magazine\/#\/schema\/person\/6ab5c3002c3fbf4a167e69ed8a2b228c"},"headline":"Reforma da Previd\u00eancia aprovada: como planejar sua aposentadoria?","datePublished":"2019-10-23T21:01:35+00:00","dateModified":"2023-08-03T00:48:57+00:00","mainEntityOfPage":{"@id":"https:\/\/warren.com.br\/magazine\/reforma-da-previdencia-aprovada-como-planejar-sua-aposentadoria\/"},"wordCount":449,"publisher":{"@id":"https:\/\/warren.com.br\/magazine\/#organization"},"image":{"@id":"https:\/\/warren.com.br\/magazine\/reforma-da-previdencia-aprovada-como-planejar-sua-aposentadoria\/#primaryimage"},"thumbnailUrl":"https:\/\/warren.com.br\/magazine\/wp-content\/uploads\/2019\/10\/thomas-ashlock-RAjND0B3HDw-unsplash-scaled-1.jpg","articleSection":["Planejamento financeiro"],"inLanguage":"pt-BR"},{"@type":"WebPage","@id":"https:\/\/warren.com.br\/magazine\/reforma-da-previdencia-aprovada-como-planejar-sua-aposentadoria\/","url":"https:\/\/warren.com.br\/magazine\/reforma-da-previdencia-aprovada-como-planejar-sua-aposentadoria\/","name":"Reforma da Previd\u00eancia aprovada: como planejar aposentadoria?","isPartOf":{"@id":"https:\/\/warren.com.br\/magazine\/#website"},"primaryImageOfPage":{"@id":"https:\/\/warren.com.br\/magazine\/reforma-da-previdencia-aprovada-como-planejar-sua-aposentadoria\/#primaryimage"},"image":{"@id":"https:\/\/warren.com.br\/magazine\/reforma-da-previdencia-aprovada-como-planejar-sua-aposentadoria\/#primaryimage"},"thumbnailUrl":"https:\/\/warren.com.br\/magazine\/wp-content\/uploads\/2019\/10\/thomas-ashlock-RAjND0B3HDw-unsplash-scaled-1.jpg","datePublished":"2019-10-23T21:01:35+00:00","dateModified":"2023-08-03T00:48:57+00:00","description":"Saiba quais s\u00e3o as melhores op\u00e7\u00f5es para investir no seu merecido descanso no longo prazo","inLanguage":"pt-BR","potentialAction":[{"@type":"ReadAction","target":["https:\/\/warren.com.br\/magazine\/reforma-da-previdencia-aprovada-como-planejar-sua-aposentadoria\/"]}]},{"@type":"ImageObject","inLanguage":"pt-BR","@id":"https:\/\/warren.com.br\/magazine\/reforma-da-previdencia-aprovada-como-planejar-sua-aposentadoria\/#primaryimage","url":"https:\/\/warren.com.br\/magazine\/wp-content\/uploads\/2019\/10\/thomas-ashlock-RAjND0B3HDw-unsplash-scaled-1.jpg","contentUrl":"https:\/\/warren.com.br\/magazine\/wp-content\/uploads\/2019\/10\/thomas-ashlock-RAjND0B3HDw-unsplash-scaled-1.jpg","width":2048,"height":1536,"caption":"thomas ashlock RAjND0B3HDw unsplash scaled 1"},{"@type":"WebSite","@id":"https:\/\/warren.com.br\/magazine\/#website","url":"https:\/\/warren.com.br\/magazine\/","name":"Warren Magazine","description":"","publisher":{"@id":"https:\/\/warren.com.br\/magazine\/#organization"},"potentialAction":[{"@type":"SearchAction","target":{"@type":"EntryPoint","urlTemplate":"https:\/\/warren.com.br\/magazine\/?s={search_term_string}"},"query-input":{"@type":"PropertyValueSpecification","valueRequired":true,"valueName":"search_term_string"}}],"inLanguage":"pt-BR"},{"@type":"Organization","@id":"https:\/\/warren.com.br\/magazine\/#organization","name":"Warren Magazine","url":"https:\/\/warren.com.br\/magazine\/","logo":{"@type":"ImageObject","inLanguage":"pt-BR","@id":"https:\/\/warren.com.br\/magazine\/#\/schema\/logo\/image\/","url":"https:\/\/warren.com.br\/magazine\/wp-content\/uploads\/2023\/06\/ThumbMagazine.jpg","contentUrl":"https:\/\/warren.com.br\/magazine\/wp-content\/uploads\/2023\/06\/ThumbMagazine.jpg","width":2400,"height":1260,"caption":"Warren Magazine"},"image":{"@id":"https:\/\/warren.com.br\/magazine\/#\/schema\/logo\/image\/"},"sameAs":["https:\/\/www.facebook.com\/warrenbrasil\/","https:\/\/x.com\/warrenbrasil","https:\/\/www.instagram.com\/warrenbrasil\/","https:\/\/www.linkedin.com\/company\/warrenbrasil\/","https:\/\/www.youtube.com\/channel\/UCqIO5twa50iGz2wT5cGS-XQ"]},{"@type":"Person","@id":"https:\/\/warren.com.br\/magazine\/#\/schema\/person\/6ab5c3002c3fbf4a167e69ed8a2b228c","name":"Reda\u00e7\u00e3o Warren","image":{"@type":"ImageObject","inLanguage":"pt-BR","@id":"https:\/\/warren.com.br\/magazine\/wp-content\/uploads\/2023\/12\/Instagram-avatar-96x96.png","url":"https:\/\/warren.com.br\/magazine\/wp-content\/uploads\/2023\/12\/Instagram-avatar-96x96.png","contentUrl":"https:\/\/warren.com.br\/magazine\/wp-content\/uploads\/2023\/12\/Instagram-avatar-96x96.png","caption":"Reda\u00e7\u00e3o Warren"},"url":"https:\/\/warren.com.br\/magazine\/author\/redacao-warren\/"}]}},"_links":{"self":[{"href":"https:\/\/warren.com.br\/magazine\/wp-json\/wp\/v2\/posts\/1497","targetHints":{"allow":["GET"]}}],"collection":[{"href":"https:\/\/warren.com.br\/magazine\/wp-json\/wp\/v2\/posts"}],"about":[{"href":"https:\/\/warren.com.br\/magazine\/wp-json\/wp\/v2\/types\/post"}],"author":[{"embeddable":true,"href":"https:\/\/warren.com.br\/magazine\/wp-json\/wp\/v2\/users\/8"}],"replies":[{"embeddable":true,"href":"https:\/\/warren.com.br\/magazine\/wp-json\/wp\/v2\/comments?post=1497"}],"version-history":[{"count":3,"href":"https:\/\/warren.com.br\/magazine\/wp-json\/wp\/v2\/posts\/1497\/revisions"}],"predecessor-version":[{"id":20509,"href":"https:\/\/warren.com.br\/magazine\/wp-json\/wp\/v2\/posts\/1497\/revisions\/20509"}],"wp:featuredmedia":[{"embeddable":true,"href":"https:\/\/warren.com.br\/magazine\/wp-json\/wp\/v2\/media\/1505"}],"wp:attachment":[{"href":"https:\/\/warren.com.br\/magazine\/wp-json\/wp\/v2\/media?parent=1497"}],"wp:term":[{"taxonomy":"category","embeddable":true,"href":"https:\/\/warren.com.br\/magazine\/wp-json\/wp\/v2\/categories?post=1497"},{"taxonomy":"post_tag","embeddable":true,"href":"https:\/\/warren.com.br\/magazine\/wp-json\/wp\/v2\/tags?post=1497"}],"curies":[{"name":"wp","href":"https:\/\/api.w.org\/{rel}","templated":true}]}}