{"id":16191,"date":"2022-02-18T17:58:47","date_gmt":"2022-02-18T20:58:47","guid":{"rendered":"https:\/\/warren.com.br\/magazine\/?p=16191"},"modified":"2023-08-02T21:52:04","modified_gmt":"2023-08-03T00:52:04","slug":"resultados-previdencia-warren","status":"publish","type":"post","link":"https:\/\/warren.com.br\/magazine\/resultados-previdencia-warren\/","title":{"rendered":"Fundos de previd\u00eancia da Warren se destacam por sua performance. Conhe\u00e7a os n\u00fameros"},"content":{"rendered":"<div id=\"playht-iframe-wrapper\" style=\"max-height: 210px !important;\">\n\t<iframe\n\tscrolling=\"no\"\n\tclass=\"playht-iframe-player\"\n\tid=\"playht-iframe-player\"\n\theight=\"90px\"\n\twidth=\"100%\"\n\tframeborder=\"0\"\n\tstyle=\"max-height: 90px; height: 90px !important;\"\n\tsrc=\"https:\/\/play.ht\/embed\/?article_url=https:\/\/warren.com.br\/magazine\/?p=16191&voice=pt-BR-FranciscaNeural&appId=l7OQ6uC_zK&trans_id=-N7Mx126h1pIZyqjmPp_\"\n\tdata-voice=\"pt-BR-FranciscaNeural\"\n\tarticle-url=\"https:\/\/warren.com.br\/magazine\/?p=16191\"\n\tdata-appId=\"l7OQ6uC_zK\"\n\tallowfullscreen=\"\">\n\t<\/iframe>\n<\/div>\n\n<p>Os nossos dois principais <a href=\"https:\/\/warren.com.br\/magazine\/fundo-de-previdencia\/\">fundos de previd\u00eancia<\/a>, o <a href=\"https:\/\/warren.com.br\/magazine\/warren-prev-100-milhoes\/\">Warren Previd\u00eancia Gest\u00e3o Ativa<\/a> (CNPJ: 38.729.027\/0001-92) e o <a href=\"https:\/\/warren.com.br\/magazine\/fundo-warren-artemis\/\">Warren Art\u00eamis<\/a> (CNPJ: 41.858.415\/0001-88), completam, neste m\u00eas de fevereiro, 1 ano e 6 meses, respectivamente.&nbsp;<\/p>\n\n\n\n<p>Chegada esta data comemorativa, n\u00e3o pod\u00edamos deixar de falar sobre eles. Mais do que isso, gostar\u00edamos de explicar <strong>por que os fundos performaram t\u00e3o bem no per\u00edodo.<\/strong><\/p>\n\n\n\n<div id=\"ez-toc-container\" class=\"ez-toc-v2_0_82_2 counter-hierarchy ez-toc-counter ez-toc-grey ez-toc-container-direction\">\n<p class=\"ez-toc-title\" style=\"cursor:inherit\">Indice<\/p>\n<label for=\"ez-toc-cssicon-toggle-item-69f357b4f2071\" class=\"ez-toc-cssicon-toggle-label\"><span class=\"ez-toc-cssicon\"><span class=\"eztoc-hide\" style=\"display:none;\">Toggle<\/span><span class=\"ez-toc-icon-toggle-span\"><svg style=\"fill: #999;color:#999\" xmlns=\"http:\/\/www.w3.org\/2000\/svg\" class=\"list-377408\" width=\"20px\" height=\"20px\" viewBox=\"0 0 24 24\" fill=\"none\"><path d=\"M6 6H4v2h2V6zm14 0H8v2h12V6zM4 11h2v2H4v-2zm16 0H8v2h12v-2zM4 16h2v2H4v-2zm16 0H8v2h12v-2z\" fill=\"currentColor\"><\/path><\/svg><svg style=\"fill: #999;color:#999\" class=\"arrow-unsorted-368013\" xmlns=\"http:\/\/www.w3.org\/2000\/svg\" width=\"10px\" height=\"10px\" viewBox=\"0 0 24 24\" version=\"1.2\" baseProfile=\"tiny\"><path d=\"M18.2 9.3l-6.2-6.3-6.2 6.3c-.2.2-.3.4-.3.7s.1.5.3.7c.2.2.4.3.7.3h11c.3 0 .5-.1.7-.3.2-.2.3-.5.3-.7s-.1-.5-.3-.7zM5.8 14.7l6.2 6.3 6.2-6.3c.2-.2.3-.5.3-.7s-.1-.5-.3-.7c-.2-.2-.4-.3-.7-.3h-11c-.3 0-.5.1-.7.3-.2.2-.3.5-.3.7s.1.5.3.7z\"\/><\/svg><\/span><\/span><\/label><input type=\"checkbox\"  id=\"ez-toc-cssicon-toggle-item-69f357b4f2071\"  aria-label=\"Alternar\" \/><nav><ul class='ez-toc-list ez-toc-list-level-1 ' ><li class='ez-toc-page-1 ez-toc-heading-level-2'><a class=\"ez-toc-link ez-toc-heading-1\" href=\"https:\/\/warren.com.br\/magazine\/resultados-previdencia-warren\/#Contextualizando_nossas_estrategias\" >Contextualizando nossas estrat\u00e9gias<\/a><\/li><li class='ez-toc-page-1 ez-toc-heading-level-2'><a class=\"ez-toc-link ez-toc-heading-2\" href=\"https:\/\/warren.com.br\/magazine\/resultados-previdencia-warren\/#Warren_Previdencia_Gestao_Ativa\" >Warren Previd\u00eancia Gest\u00e3o Ativa<\/a><\/li><li class='ez-toc-page-1 ez-toc-heading-level-2'><a class=\"ez-toc-link ez-toc-heading-3\" href=\"https:\/\/warren.com.br\/magazine\/resultados-previdencia-warren\/#Warren_Artemis\" >Warren Art\u00eamis<\/a><\/li><\/ul><\/nav><\/div>\n<h2 class=\"wp-block-heading\" id=\"contextualizando-nossas-estrategias\"><span class=\"ez-toc-section\" id=\"Contextualizando_nossas_estrategias\"><\/span>Contextualizando nossas estrat\u00e9gias<span class=\"ez-toc-section-end\"><\/span><\/h2>\n\n\n\n<p>Os dois fundos t\u00eam em sua base a filosofia de investimentos utilizada pela Warren Asset, que aplica a ci\u00eancia e tecnologia para a constru\u00e7\u00e3o de portf\u00f3lios de investimento. Nossa aloca\u00e7\u00e3o \u00e9 constru\u00edda utilizando duas das principais teorias de investimento: o <strong>Modelo de Precifica\u00e7\u00e3o de Ativos<\/strong>, que discute os investimentos por fatores, e a <strong>Teoria Moderna de Portf\u00f3lios<\/strong>.<\/p>\n\n\n\n<p>Na <a href=\"https:\/\/warren.com.br\/magazine\/factor-investing\/\">teoria dos fatores<\/a>, a rentabilidade dos investimentos \u00e9 determinada por fatores de risco, que oferecem pr\u00eamios para compensar os investidores por assumirem mais risco e <a href=\"https:\/\/warren.com.br\/magazine\/volatilidade\/\">volatilidade<\/a>.&nbsp;Tais fatores podem ser macroecon\u00f4micos, como <a href=\"https:\/\/warren.com.br\/magazine\/inflacao\/\">infla\u00e7\u00e3o<\/a> e crescimento econ\u00f4mico, ou baseado em estilo, como valor e tamanho.&nbsp;<\/p>\n\n\n\n<p>Em nossa \u00faltima carta, mostramos que podemos extrair tr\u00eas principais li\u00e7\u00f5es de investimentos: a primeira \u00e9 que os fatores importam, n\u00e3o os ativos; a segunda \u00e9 que os ativos s\u00e3o conjuntos de fatores; e a terceira \u00e9 que cada investidor possui sua combina\u00e7\u00e3o \u00f3tima dos diferentes fatores.&nbsp;<\/p>\n\n\n\n<p>J\u00e1 a teoria de portf\u00f3lios nos fala que devemos buscar maximizar os retornos em rela\u00e7\u00e3o ao risco (a volatilidade dos retornos). Mas a genialidade da teoria \u00e9 mostrar que a <a href=\"https:\/\/warren.com.br\/magazine\/diversificacao-investimentos\/\">diversifica\u00e7\u00e3o<\/a> pode reduzir a volatilidade sem sacrificar os retornos.&nbsp;<\/p>\n\n\n\n<p>O <em>insight<\/em> da teoria \u00e9 que n\u00e3o apenas o risco do pr\u00f3prio ativo que \u00e9 importante para um investidor, mas o quanto ele contribui para a volatilidade total da carteira de ativos. Um investidor que det\u00e9m dois ativos que com baixa correla\u00e7\u00e3o pode ficar mais tranquilo sabendo que, se um cair no valor, o outro poder\u00e1 ficar est\u00e1vel, ou at\u00e9 mesmo subir.&nbsp;<\/p>\n\n\n\n<h2 class=\"wp-block-heading\" id=\"warren-previdencia-gestao-ativa\"><span class=\"ez-toc-section\" id=\"Warren_Previdencia_Gestao_Ativa\"><\/span>Warren Previd\u00eancia Gest\u00e3o Ativa<span class=\"ez-toc-section-end\"><\/span><\/h2>\n\n\n\n<p>\u00c9 dessa combina\u00e7\u00e3o de escolas de investimento que nasce o fundo Warren Previd\u00eancia Gest\u00e3o Ativa, um portf\u00f3lio completo e diversificado por meio de apenas um investimento.&nbsp;<\/p>\n\n\n\n<p>A aloca\u00e7\u00e3o re\u00fane diversas estrat\u00e9gias da casa e de terceiros, adotando uma <strong>abordagem multifatorial<\/strong>, com exposi\u00e7\u00e3o a ativos de <a href=\"https:\/\/warren.com.br\/magazine\/investimento-renda-fixa\/\">renda fixa<\/a> p\u00f3s-fixados, indexados \u00e0 infla\u00e7\u00e3o, cr\u00e9dito privado, a\u00e7\u00f5es brasileiras, a\u00e7\u00f5es internacionais, bem como fatores alternativos, como estrat\u00e9gias macro e quantitativa.&nbsp;<\/p>\n\n\n\n<p>Nos \u00faltimos 12 meses, <strong>o fundo acumulou uma alta de +4,51%<\/strong>. Mesmo com a queda de mais de 7% do <a href=\"https:\/\/warren.com.br\/magazine\/principais-acoes-do-ibovespa\/\">Ibovespa<\/a>, o fundo que carrega uma aloca\u00e7\u00e3o m\u00e9dia de 30% em bolsa conseguiu performar bem, dada a estrat\u00e9gia de diversifica\u00e7\u00e3o.&nbsp;<\/p>\n\n\n\n<p>Quando comparamos com os principais concorrentes, o fundo conquistou o p\u00f3dio de maior retorno, menor volatilidade e maior <a href=\"https:\/\/warren.com.br\/magazine\/indice-de-sharpe\/\">\u00edndice de Sharpe<\/a> da categoria.&nbsp;<\/p>\n\n\n\n<p><a href=\"https:\/\/faq.warren.com.br\/hc\/pt-br\/articles\/4403215242395-Warren-Previde-ncia-Gesta-o-Ativa?_gl=1*1v2nkd3*_gcl_aw*R0NMLjE2NDAwOTM4NTcuQ2owS0NRaUFrNGFPQmhDVEFSSXNBRldGUDlIMzhDMC12YkdnVTJ3QVdGallGZ1hfcnM1cExTcjlrcm5KaTk2QmhwYUgzZjAwTTA4c1p2Y2FBcU1HRUFMd193Y0I.*_ga*MjEyNTQ0NjAyMi4xNjE3Nzk5ODc2*_ga_DJ7ETNN20S*MTY0NTIxMDcwMS4xMDEyLjEuMTY0NTIxNTY4OS4zOA..&amp;_ga=2.103835970.358200575.1644839735-2125446022.1617799876\">Voc\u00ea pode conferir o regulamento completo do fundo clicando aqui.<\/a><\/p>\n\n\n\n<h2 class=\"wp-block-heading\" id=\"warren-artemis\"><span class=\"ez-toc-section\" id=\"Warren_Artemis\"><\/span>Warren Art\u00eamis<span class=\"ez-toc-section-end\"><\/span><\/h2>\n\n\n\n<p>J\u00e1 o Fundo Warren Art\u00eamis usa toda nossa tecnologia de gest\u00e3o, mas focado em extrair o m\u00e1ximo de uma \u00fanica classe: a renda fixa. No entanto, mesmo alocando apenas em ativos de renda fixa, o fundo se exp\u00f5e a uma diversidade de fatores.&nbsp;<\/p>\n\n\n\n<p>A aloca\u00e7\u00e3o \u00e9 composta por cr\u00e9dito banc\u00e1rio, tendo tamb\u00e9m posi\u00e7\u00e3o em deb\u00eantures, cotas s\u00eaniores de FIDCs e t\u00edtulos p\u00fablicos. O fundo busca superar o CDI no m\u00e9dio\/longo prazo, sem deixar de perseguir retorno real acima da infla\u00e7\u00e3o.<\/p>\n\n\n\n<p>Nos \u00faltimos 6 meses, o fundo acumulou uma alta de +4,69%, o que equivale a um retorno de CDI + 2,43% ao ano. O principal fator que vem contribuindo para esse resultado \u00e9 o cr\u00e9dito banc\u00e1rio. Com alta de juros e \u201cfechamento\u201d dos spreads, ele vem gerando um retorno adicional para a parcela atrelada ao CDI.<\/p>\n\n\n\n<p><a href=\"https:\/\/faq.warren.com.br\/hc\/pt-br\/articles\/4404560213275-Warren-Previde-ncia-Artemis?_gl=1*8uk6rm*_gcl_aw*R0NMLjE2NDAwOTM4NTcuQ2owS0NRaUFrNGFPQmhDVEFSSXNBRldGUDlIMzhDMC12YkdnVTJ3QVdGallGZ1hfcnM1cExTcjlrcm5KaTk2QmhwYUgzZjAwTTA4c1p2Y2FBcU1HRUFMd193Y0I.*_ga*MjEyNTQ0NjAyMi4xNjE3Nzk5ODc2*_ga_DJ7ETNN20S*MTY0NTIxMDcwMS4xMDEyLjEuMTY0NTIxNTc0Mi42MA..&amp;_ga=2.170304098.358200575.1644839735-2125446022.1617799876\">Voc\u00ea pode conferir o regulamento completo do fundo clicando aqui.<\/a><\/p>\n\n\n\n<p>Quer continuar aprendendo sobre previd\u00eancia? <strong>Confira os seguintes artigos:<\/strong><\/p>\n\n\n\n<ul class=\"wp-block-list\"><li><a href=\"https:\/\/warren.com.br\/magazine\/vantagens-previdencia-privada\/\">Entenda as vantagens de investir em previd\u00eancia privada<\/a>&nbsp;<\/li><li><a href=\"https:\/\/warren.com.br\/magazine\/portabilidade-previdencia-privada\/\">Portabilidade da previd\u00eancia privada: tudo que voc\u00ea precisa saber<\/a>&nbsp;<\/li><li><a href=\"https:\/\/warren.com.br\/magazine\/pensando-em-previdencia-conheca-pgbl-e-vgbl\/\">Pensando em previd\u00eancia privada? Conhe\u00e7a PGBL e VGBL<\/a>&nbsp;<\/li><\/ul>\n\n\n\n<p><em>Este post possui natureza informativa, n\u00e3o devendo ser entendido como recomenda\u00e7\u00e3o de qualquer investimento ou sugest\u00e3o de aloca\u00e7\u00e3o por parte dos destinat\u00e1rios. Os ativos financeiros e\/ou as carteiras de investimentos discutidas neste material podem n\u00e3o ser adequadas para todos os investidores, tendo em vista que os objetivos de investimento, situa\u00e7\u00e3o financeira e necessidades de cada investidor podem variar. Para avalia\u00e7\u00e3o da performance de um fundo de investimento, \u00e9 recomend\u00e1vel a an\u00e1lise de, no m\u00ednimo, 12 (doze) meses. Fundos de investimento n\u00e3o contam com garantia do administrador, do gestor, de qualquer mecanismo de seguro ou do Fundo Garantidor de Cr\u00e9dito \u2013 FGC. Rentabilidade passada n\u00e3o representa garantia de rentabilidade futura. A rentabilidade divulgada n\u00e3o \u00e9 l\u00edquida de impostos. Leia o prospecto, o formul\u00e1rio de informa\u00e7\u00f5es complementares, l\u00e2mina de informa\u00e7\u00f5es essenciais e o regulamento antes de investir.<\/em><\/p>\n","protected":false},"excerpt":{"rendered":"<p>Os nossos dois principais fundos de previd\u00eancia, o Warren Previd\u00eancia Gest\u00e3o Ativa (CNPJ: 38.<\/p>\n","protected":false},"author":8,"featured_media":16193,"comment_status":"closed","ping_status":"open","sticky":false,"template":"","format":"standard","meta":{"_acf_changed":false,"footnotes":""},"categories":[1015],"tags":[],"class_list":["post-16191","post","type-post","status-publish","format-standard","has-post-thumbnail","hentry","category-planejamento-financeiro","entry"],"acf":[],"yoast_head":"<!-- This site is optimized with the Yoast SEO plugin v27.5 - https:\/\/yoast.com\/product\/yoast-seo-wordpress\/ -->\n<title>Igor Cavaca: Fundos de previd\u00eancia da Warren se destacam por sua performance<\/title>\n<meta name=\"description\" content=\"Os nossos dois principais fundos de previd\u00eancia, o Warren Previd\u00eancia Gest\u00e3o Ativa (CNPJ: 38.729.027\/0001-92) e o Warren Art\u00eamis (CNPJ: 41.858.415\/0001-88), completam, neste m\u00eas de fevereiro, 1 ano e 6 meses, respectivamente. Chegada esta data comemorativa, n\u00e3o pod\u00edamos deixar de falar sobre eles. Mais do que isso, gostar\u00edamos de explicar por que os fundos performaram t\u00e3o bem no per\u00edodo.\" \/>\n<meta name=\"robots\" content=\"index, follow, max-snippet:-1, max-image-preview:large, max-video-preview:-1\" \/>\n<link rel=\"canonical\" href=\"https:\/\/warren.com.br\/magazine\/resultados-previdencia-warren\/\" \/>\n<meta property=\"og:locale\" content=\"pt_BR\" \/>\n<meta property=\"og:type\" content=\"article\" \/>\n<meta property=\"og:title\" content=\"Igor Cavaca: Fundos de previd\u00eancia da Warren se destacam por sua performance\" \/>\n<meta property=\"og:description\" content=\"Os nossos dois principais fundos de previd\u00eancia, o Warren Previd\u00eancia Gest\u00e3o Ativa (CNPJ: 38.729.027\/0001-92) e o Warren Art\u00eamis (CNPJ: 41.858.415\/0001-88), completam, neste m\u00eas de fevereiro, 1 ano e 6 meses, respectivamente. Chegada esta data comemorativa, n\u00e3o pod\u00edamos deixar de falar sobre eles. Mais do que isso, gostar\u00edamos de explicar por que os fundos performaram t\u00e3o bem no per\u00edodo.\" \/>\n<meta property=\"og:url\" content=\"https:\/\/warren.com.br\/magazine\/resultados-previdencia-warren\/\" \/>\n<meta property=\"og:site_name\" content=\"Warren Magazine\" \/>\n<meta property=\"article:publisher\" content=\"https:\/\/www.facebook.com\/warrenbrasil\/\" \/>\n<meta property=\"article:published_time\" content=\"2022-02-18T20:58:47+00:00\" \/>\n<meta property=\"article:modified_time\" content=\"2023-08-03T00:52:04+00:00\" \/>\n<meta property=\"og:image\" content=\"https:\/\/warren.com.br\/magazine\/wp-content\/uploads\/2022\/02\/previdencia.jpg\" \/>\n\t<meta property=\"og:image:width\" content=\"1800\" \/>\n\t<meta property=\"og:image:height\" content=\"1225\" \/>\n\t<meta property=\"og:image:type\" content=\"image\/jpeg\" \/>\n<meta name=\"author\" content=\"Reda\u00e7\u00e3o Warren\" \/>\n<meta name=\"twitter:card\" content=\"summary_large_image\" \/>\n<meta name=\"twitter:creator\" content=\"@warrenbrasil\" \/>\n<meta name=\"twitter:site\" content=\"@warrenbrasil\" \/>\n<meta name=\"twitter:label1\" content=\"Escrito por\" \/>\n\t<meta name=\"twitter:data1\" content=\"Reda\u00e7\u00e3o Warren\" \/>\n\t<meta name=\"twitter:label2\" content=\"Est. tempo de leitura\" \/>\n\t<meta name=\"twitter:data2\" content=\"5 minutos\" \/>\n<!-- \/ Yoast SEO plugin. -->","yoast_head_json":{"title":"Igor Cavaca: Fundos de previd\u00eancia da Warren se destacam por sua performance","description":"Os nossos dois principais fundos de previd\u00eancia, o Warren Previd\u00eancia Gest\u00e3o Ativa (CNPJ: 38.729.027\/0001-92) e o Warren Art\u00eamis (CNPJ: 41.858.415\/0001-88), completam, neste m\u00eas de fevereiro, 1 ano e 6 meses, respectivamente. Chegada esta data comemorativa, n\u00e3o pod\u00edamos deixar de falar sobre eles. Mais do que isso, gostar\u00edamos de explicar por que os fundos performaram t\u00e3o bem no per\u00edodo.","robots":{"index":"index","follow":"follow","max-snippet":"max-snippet:-1","max-image-preview":"max-image-preview:large","max-video-preview":"max-video-preview:-1"},"canonical":"https:\/\/warren.com.br\/magazine\/resultados-previdencia-warren\/","og_locale":"pt_BR","og_type":"article","og_title":"Igor Cavaca: Fundos de previd\u00eancia da Warren se destacam por sua performance","og_description":"Os nossos dois principais fundos de previd\u00eancia, o Warren Previd\u00eancia Gest\u00e3o Ativa (CNPJ: 38.729.027\/0001-92) e o Warren Art\u00eamis (CNPJ: 41.858.415\/0001-88), completam, neste m\u00eas de fevereiro, 1 ano e 6 meses, respectivamente. Chegada esta data comemorativa, n\u00e3o pod\u00edamos deixar de falar sobre eles. Mais do que isso, gostar\u00edamos de explicar por que os fundos performaram t\u00e3o bem no per\u00edodo.","og_url":"https:\/\/warren.com.br\/magazine\/resultados-previdencia-warren\/","og_site_name":"Warren Magazine","article_publisher":"https:\/\/www.facebook.com\/warrenbrasil\/","article_published_time":"2022-02-18T20:58:47+00:00","article_modified_time":"2023-08-03T00:52:04+00:00","og_image":[{"width":1800,"height":1225,"url":"https:\/\/warren.com.br\/magazine\/wp-content\/uploads\/2022\/02\/previdencia.jpg","type":"image\/jpeg"}],"author":"Reda\u00e7\u00e3o Warren","twitter_card":"summary_large_image","twitter_creator":"@warrenbrasil","twitter_site":"@warrenbrasil","twitter_misc":{"Escrito por":"Reda\u00e7\u00e3o Warren","Est. tempo de leitura":"5 minutos"},"schema":{"@context":"https:\/\/schema.org","@graph":[{"@type":"NewsArticle","@id":"https:\/\/warren.com.br\/magazine\/resultados-previdencia-warren\/#article","isPartOf":{"@id":"https:\/\/warren.com.br\/magazine\/resultados-previdencia-warren\/"},"author":{"name":"Reda\u00e7\u00e3o Warren","@id":"https:\/\/warren.com.br\/magazine\/#\/schema\/person\/6ab5c3002c3fbf4a167e69ed8a2b228c"},"headline":"Fundos de previd\u00eancia da Warren se destacam por sua performance. Conhe\u00e7a os n\u00fameros","datePublished":"2022-02-18T20:58:47+00:00","dateModified":"2023-08-03T00:52:04+00:00","mainEntityOfPage":{"@id":"https:\/\/warren.com.br\/magazine\/resultados-previdencia-warren\/"},"wordCount":877,"publisher":{"@id":"https:\/\/warren.com.br\/magazine\/#organization"},"image":{"@id":"https:\/\/warren.com.br\/magazine\/resultados-previdencia-warren\/#primaryimage"},"thumbnailUrl":"https:\/\/warren.com.br\/magazine\/wp-content\/uploads\/2022\/02\/previdencia.jpg","articleSection":["Planejamento financeiro"],"inLanguage":"pt-BR"},{"@type":"WebPage","@id":"https:\/\/warren.com.br\/magazine\/resultados-previdencia-warren\/","url":"https:\/\/warren.com.br\/magazine\/resultados-previdencia-warren\/","name":"Igor Cavaca: Fundos de previd\u00eancia da Warren se destacam por sua performance","isPartOf":{"@id":"https:\/\/warren.com.br\/magazine\/#website"},"primaryImageOfPage":{"@id":"https:\/\/warren.com.br\/magazine\/resultados-previdencia-warren\/#primaryimage"},"image":{"@id":"https:\/\/warren.com.br\/magazine\/resultados-previdencia-warren\/#primaryimage"},"thumbnailUrl":"https:\/\/warren.com.br\/magazine\/wp-content\/uploads\/2022\/02\/previdencia.jpg","datePublished":"2022-02-18T20:58:47+00:00","dateModified":"2023-08-03T00:52:04+00:00","description":"Os nossos dois principais fundos de previd\u00eancia, o Warren Previd\u00eancia Gest\u00e3o Ativa (CNPJ: 38.729.027\/0001-92) e o Warren Art\u00eamis (CNPJ: 41.858.415\/0001-88), completam, neste m\u00eas de fevereiro, 1 ano e 6 meses, respectivamente. Chegada esta data comemorativa, n\u00e3o pod\u00edamos deixar de falar sobre eles. Mais do que isso, gostar\u00edamos de explicar por que os fundos performaram t\u00e3o bem no per\u00edodo.","inLanguage":"pt-BR","potentialAction":[{"@type":"ReadAction","target":["https:\/\/warren.com.br\/magazine\/resultados-previdencia-warren\/"]}]},{"@type":"ImageObject","inLanguage":"pt-BR","@id":"https:\/\/warren.com.br\/magazine\/resultados-previdencia-warren\/#primaryimage","url":"https:\/\/warren.com.br\/magazine\/wp-content\/uploads\/2022\/02\/previdencia.jpg","contentUrl":"https:\/\/warren.com.br\/magazine\/wp-content\/uploads\/2022\/02\/previdencia.jpg","width":1800,"height":1225,"caption":"previdencia"},{"@type":"WebSite","@id":"https:\/\/warren.com.br\/magazine\/#website","url":"https:\/\/warren.com.br\/magazine\/","name":"Warren Magazine","description":"","publisher":{"@id":"https:\/\/warren.com.br\/magazine\/#organization"},"potentialAction":[{"@type":"SearchAction","target":{"@type":"EntryPoint","urlTemplate":"https:\/\/warren.com.br\/magazine\/?s={search_term_string}"},"query-input":{"@type":"PropertyValueSpecification","valueRequired":true,"valueName":"search_term_string"}}],"inLanguage":"pt-BR"},{"@type":"Organization","@id":"https:\/\/warren.com.br\/magazine\/#organization","name":"Warren Magazine","url":"https:\/\/warren.com.br\/magazine\/","logo":{"@type":"ImageObject","inLanguage":"pt-BR","@id":"https:\/\/warren.com.br\/magazine\/#\/schema\/logo\/image\/","url":"https:\/\/warren.com.br\/magazine\/wp-content\/uploads\/2023\/06\/ThumbMagazine.jpg","contentUrl":"https:\/\/warren.com.br\/magazine\/wp-content\/uploads\/2023\/06\/ThumbMagazine.jpg","width":2400,"height":1260,"caption":"Warren Magazine"},"image":{"@id":"https:\/\/warren.com.br\/magazine\/#\/schema\/logo\/image\/"},"sameAs":["https:\/\/www.facebook.com\/warrenbrasil\/","https:\/\/x.com\/warrenbrasil","https:\/\/www.instagram.com\/warrenbrasil\/","https:\/\/www.linkedin.com\/company\/warrenbrasil\/","https:\/\/www.youtube.com\/channel\/UCqIO5twa50iGz2wT5cGS-XQ"]},{"@type":"Person","@id":"https:\/\/warren.com.br\/magazine\/#\/schema\/person\/6ab5c3002c3fbf4a167e69ed8a2b228c","name":"Reda\u00e7\u00e3o Warren","image":{"@type":"ImageObject","inLanguage":"pt-BR","@id":"https:\/\/warren.com.br\/magazine\/wp-content\/uploads\/2023\/12\/Instagram-avatar-96x96.png","url":"https:\/\/warren.com.br\/magazine\/wp-content\/uploads\/2023\/12\/Instagram-avatar-96x96.png","contentUrl":"https:\/\/warren.com.br\/magazine\/wp-content\/uploads\/2023\/12\/Instagram-avatar-96x96.png","caption":"Reda\u00e7\u00e3o Warren"},"url":"https:\/\/warren.com.br\/magazine\/author\/redacao-warren\/"}]}},"_links":{"self":[{"href":"https:\/\/warren.com.br\/magazine\/wp-json\/wp\/v2\/posts\/16191","targetHints":{"allow":["GET"]}}],"collection":[{"href":"https:\/\/warren.com.br\/magazine\/wp-json\/wp\/v2\/posts"}],"about":[{"href":"https:\/\/warren.com.br\/magazine\/wp-json\/wp\/v2\/types\/post"}],"author":[{"embeddable":true,"href":"https:\/\/warren.com.br\/magazine\/wp-json\/wp\/v2\/users\/8"}],"replies":[{"embeddable":true,"href":"https:\/\/warren.com.br\/magazine\/wp-json\/wp\/v2\/comments?post=16191"}],"version-history":[{"count":7,"href":"https:\/\/warren.com.br\/magazine\/wp-json\/wp\/v2\/posts\/16191\/revisions"}],"predecessor-version":[{"id":16366,"href":"https:\/\/warren.com.br\/magazine\/wp-json\/wp\/v2\/posts\/16191\/revisions\/16366"}],"wp:featuredmedia":[{"embeddable":true,"href":"https:\/\/warren.com.br\/magazine\/wp-json\/wp\/v2\/media\/16193"}],"wp:attachment":[{"href":"https:\/\/warren.com.br\/magazine\/wp-json\/wp\/v2\/media?parent=16191"}],"wp:term":[{"taxonomy":"category","embeddable":true,"href":"https:\/\/warren.com.br\/magazine\/wp-json\/wp\/v2\/categories?post=16191"},{"taxonomy":"post_tag","embeddable":true,"href":"https:\/\/warren.com.br\/magazine\/wp-json\/wp\/v2\/tags?post=16191"}],"curies":[{"name":"wp","href":"https:\/\/api.w.org\/{rel}","templated":true}]}}