{"id":17482,"date":"2022-04-11T10:52:26","date_gmt":"2022-04-11T13:52:26","guid":{"rendered":"https:\/\/warren.com.br\/magazine\/?p=17482"},"modified":"2023-08-02T22:15:47","modified_gmt":"2023-08-03T01:15:47","slug":"warren-tech-academy","status":"publish","type":"post","link":"https:\/\/warren.com.br\/magazine\/warren-tech-academy\/","title":{"rendered":"Desenvolvendo talentos: Warren Tech Academy \u00e9 lan\u00e7ado e promove capacita\u00e7\u00f5es em Porto Alegre e Blumenau"},"content":{"rendered":"<div id=\"playht-iframe-wrapper\" style=\"max-height: 210px !important;\">\n\t<iframe\n\tscrolling=\"no\"\n\tclass=\"playht-iframe-player\"\n\tid=\"playht-iframe-player\"\n\theight=\"90px\"\n\twidth=\"100%\"\n\tframeborder=\"0\"\n\tstyle=\"max-height: 90px; height: 90px !important;\"\n\tsrc=\"https:\/\/play.ht\/embed\/?article_url=https:\/\/warren.com.br\/magazine\/?p=17482&voice=pt-BR-FranciscaNeural&appId=l7OQ6uC_zK&trans_id=-N0bGgWbM7UHJQw0SN3r\"\n\tdata-voice=\"pt-BR-FranciscaNeural\"\n\tarticle-url=\"https:\/\/warren.com.br\/magazine\/?p=17482\"\n\tdata-appId=\"l7OQ6uC_zK\"\n\tallowfullscreen=\"\">\n\t<\/iframe>\n<\/div>\n\n<p>Somos uma empresa de r\u00e1pido crescimento no mercado de investimentos porque no nosso DNA est\u00e1 a <strong>tecnologia<\/strong>.<\/p>\n\n\n\n<p>E por tr\u00e1s da tecnologia est\u00e3o muitas pessoas, todas elas focadas em entregar aos brasileiros a melhor experi\u00eancia de investimentos.<\/p>\n\n\n\n<p>Atualmente, <strong>40% da equipe da Warren est\u00e1 alocada na \u00e1rea tech. <\/strong>S\u00e3o pessoas&nbsp; desenvolvedoras, gerentes de produto, engenheiras, designers, entre outras.<\/p>\n\n\n\n<p>E essa<strong> <\/strong>porcentagem deve crescer ainda mais neste ano.<strong>&nbsp;<\/strong><\/p>\n\n\n\n<p>\u201cHoje no mercado j\u00e1 h\u00e1 uma demanda por profissionais de tecnologia muito maior que a oferta, e estima-se que nos pr\u00f3ximos anos milhares de vagas n\u00e3o ser\u00e3o preenchidas por falta de profissionais capacitados. Esse cen\u00e1rio \u00e9 ainda mais desafiador para uma empresa que, al\u00e9m da qualifica\u00e7\u00e3o, preza pelo <strong>alinhamento cultural<\/strong>\u201d, analisa Andr\u00e9 Gusm\u00e3o, s\u00f3cio-fundador e Chief Technology Officer da Warren.<\/p>\n\n\n\n<p>Diante disso, a Warren d\u00e1 um passo \u00e0 frente e passa a atuar como desenvolvedora dos profissionais, contribuindo com a qualifica\u00e7\u00e3o de todo segmento e tamb\u00e9m expandir a \u00e1rea tech da empresa.<\/p>\n\n\n\n<p>Em 2022, depois de tornar-se empresa-\u00e2ncora do <a href=\"https:\/\/warren.com.br\/magazine\/warren-patrocina-programa-de-capacitacao-em-tecnologia\/\">maior programa de forma\u00e7\u00e3o em tecnologia de Santa Catarina, o Entra21<\/a>, a Warren anuncia agora o lan\u00e7amento de um programa pr\u00f3prio de capacita\u00e7\u00e3o e recrutamento dos melhores talentos do mercado: o <strong>Warren Tech Academy.<\/strong><\/p>\n\n\n\n<figure class=\"wp-block-image size-full\"><img loading=\"lazy\" decoding=\"async\" width=\"600\" height=\"315\" src=\"https:\/\/warren.com.br\/magazine\/wp-content\/uploads\/2022\/04\/Gupy-02.png\" alt=\"\" class=\"wp-image-17483\" srcset=\"https:\/\/warren.com.br\/magazine\/wp-content\/uploads\/2022\/04\/Gupy-02.png 600w, https:\/\/warren.com.br\/magazine\/wp-content\/uploads\/2022\/04\/Gupy-02-300x158.png 300w\" sizes=\"auto, (max-width: 600px) 100vw, 600px\" \/><\/figure>\n\n\n\n<p>\u201cAcreditamos muito na forma\u00e7\u00e3o das pessoas, o que est\u00e1 diretamente ligado ao desafio de pouca m\u00e3o de obra na \u00e1rea e ao nosso desejo de trazer um <strong>impacto positivo para a sociedade<\/strong>. O Warren Tech Academy nasceu justamente com essa finalidade: fazer com que mais pessoas compartilhem da nossa ess\u00eancia e iniciem sua carreira em tecnologia com a gente\u201d, analisa Andr\u00e9.<\/p>\n\n\n\n<p>Em sua primeira edi\u00e7\u00e3o, o Warren Tech Academy abre turmas em duas cidades: <strong>Porto Alegre<\/strong>, no Rio Grande do Sul, e <strong>Blumenau<\/strong>, em Santa Catarina.<\/p>\n\n\n\n<p>\u201cAmbas possuem escrit\u00f3rios da Warren e s\u00e3o importantes p\u00f3los de tecnologia\u201d, explica Andr\u00e9.<\/p>\n\n\n\n<p><strong>A capacita\u00e7\u00e3o \u00e9 presencial nas duas cidades e tem o diferencial de contratar desde o primeiro dia de aula<\/strong>.<\/p>\n\n\n\n<p>O programa est\u00e1 com inscri\u00e7\u00f5es abertas e vai capacitar pessoas com<strong> 17 anos ou mais<\/strong>.&nbsp;<\/p>\n\n\n\n<p>Refor\u00e7ando o nosso <a href=\"https:\/\/warren.com.br\/magazine\/warren-pulse\/\"><strong>compromisso social com a diversidade e a inclus\u00e3o<\/strong><\/a>, ser\u00e3o priorizados os estudantes de escolas p\u00fablicas, mulheres e\/ou pessoas negras e ind\u00edgenas.<\/p>\n\n\n\n<p><strong>SAIBA MAIS | <\/strong><a href=\"https:\/\/warren.com.br\/magazine\/primeira-turma-jovens-aprendizes\/\"><strong>Conhe\u00e7a a primeira turma de jovens aprendizes da Warren<\/strong><\/a><strong>&nbsp;<\/strong><\/p>\n\n\n\n<div id=\"ez-toc-container\" class=\"ez-toc-v2_0_82_2 counter-hierarchy ez-toc-counter ez-toc-grey ez-toc-container-direction\">\n<p class=\"ez-toc-title\" style=\"cursor:inherit\">Indice<\/p>\n<label for=\"ez-toc-cssicon-toggle-item-69f5b5beddf42\" class=\"ez-toc-cssicon-toggle-label\"><span class=\"ez-toc-cssicon\"><span class=\"eztoc-hide\" style=\"display:none;\">Toggle<\/span><span class=\"ez-toc-icon-toggle-span\"><svg style=\"fill: #999;color:#999\" xmlns=\"http:\/\/www.w3.org\/2000\/svg\" class=\"list-377408\" width=\"20px\" height=\"20px\" viewBox=\"0 0 24 24\" fill=\"none\"><path d=\"M6 6H4v2h2V6zm14 0H8v2h12V6zM4 11h2v2H4v-2zm16 0H8v2h12v-2zM4 16h2v2H4v-2zm16 0H8v2h12v-2z\" fill=\"currentColor\"><\/path><\/svg><svg style=\"fill: #999;color:#999\" class=\"arrow-unsorted-368013\" xmlns=\"http:\/\/www.w3.org\/2000\/svg\" width=\"10px\" height=\"10px\" viewBox=\"0 0 24 24\" version=\"1.2\" baseProfile=\"tiny\"><path d=\"M18.2 9.3l-6.2-6.3-6.2 6.3c-.2.2-.3.4-.3.7s.1.5.3.7c.2.2.4.3.7.3h11c.3 0 .5-.1.7-.3.2-.2.3-.5.3-.7s-.1-.5-.3-.7zM5.8 14.7l6.2 6.3 6.2-6.3c.2-.2.3-.5.3-.7s-.1-.5-.3-.7c-.2-.2-.4-.3-.7-.3h-11c-.3 0-.5.1-.7.3-.2.2-.3.5-.3.7s.1.5.3.7z\"\/><\/svg><\/span><\/span><\/label><input type=\"checkbox\"  id=\"ez-toc-cssicon-toggle-item-69f5b5beddf42\"  aria-label=\"Alternar\" \/><nav><ul class='ez-toc-list ez-toc-list-level-1 ' ><li class='ez-toc-page-1 ez-toc-heading-level-2'><a class=\"ez-toc-link ez-toc-heading-1\" href=\"https:\/\/warren.com.br\/magazine\/warren-tech-academy\/#Confira_os_detalhes_do_processo_seletivo_em_cada_cidade\" >Confira os detalhes do processo seletivo em cada cidade<\/a><ul class='ez-toc-list-level-3' ><li class='ez-toc-heading-level-3'><a class=\"ez-toc-link ez-toc-heading-2\" href=\"https:\/\/warren.com.br\/magazine\/warren-tech-academy\/#Porto_Alegre\" >Porto Alegre<\/a><\/li><li class='ez-toc-page-1 ez-toc-heading-level-3'><a class=\"ez-toc-link ez-toc-heading-3\" href=\"https:\/\/warren.com.br\/magazine\/warren-tech-academy\/#Blumenau\" >Blumenau<\/a><\/li><\/ul><\/li><\/ul><\/nav><\/div>\n<h2 class=\"wp-block-heading\"><span class=\"ez-toc-section\" id=\"Confira_os_detalhes_do_processo_seletivo_em_cada_cidade\"><\/span>Confira os detalhes do processo seletivo em cada cidade<span class=\"ez-toc-section-end\"><\/span><\/h2>\n\n\n\n<h3 class=\"wp-block-heading\"><span class=\"ez-toc-section\" id=\"Porto_Alegre\"><\/span>Porto Alegre<span class=\"ez-toc-section-end\"><\/span><\/h3>\n\n\n\n<p>S\u00e3o <strong>32 vagas <\/strong>abertas.&nbsp;<\/p>\n\n\n\n<p>A capacita\u00e7\u00e3o totaliza <strong>400 horas\/aula<\/strong> focadas em <strong>Javascript<\/strong>.<\/p>\n\n\n\n<p>Os interessados podem saber mais e se candidatar pelo <a href=\"https:\/\/lp.warren.com.br\/warren-academy-tech-poa\">site<\/a> do programa.&nbsp;<\/p>\n\n\n\n<p>A partir das inscri\u00e7\u00f5es, o candidato passar\u00e1 por algumas etapas, envolvendo testes e rodadas de entrevistas. A forma\u00e7\u00e3o tem <strong>in\u00edcio no dia 16 de maio<\/strong>.&nbsp;<\/p>\n\n\n\n<p>A edi\u00e7\u00e3o de Porto Alegre ser\u00e1 realizada em parceria com o Senac, principal agente de educa\u00e7\u00e3o profissional voltado para o Com\u00e9rcio de Bens, Servi\u00e7os e Turismo do Pa\u00eds.<\/p>\n\n\n\n<p>Seu portf\u00f3lio contempla cursos presenciais e a dist\u00e2ncia, em diversas \u00e1reas do conhecimento, que v\u00e3o da Forma\u00e7\u00e3o Inicial e Continuada \u00e0 P\u00f3s-gradua\u00e7\u00e3o e permitem ao aluno planejar sua carreira profissional em uma perspectiva de educa\u00e7\u00e3o continuada.<\/p>\n\n\n\n<h3 class=\"wp-block-heading\"><span class=\"ez-toc-section\" id=\"Blumenau\"><\/span>Blumenau<span class=\"ez-toc-section-end\"><\/span><\/h3>\n\n\n\n<p>S\u00e3o <strong>25 vagas<\/strong> abertas.<\/p>\n\n\n\n<p>A capacita\u00e7\u00e3o totaliza <strong>400 horas\/aula<\/strong> focadas em <strong>Desenvolvimento Flutter e C#<\/strong>.<\/p>\n\n\n\n<p>A edi\u00e7\u00e3o Blumenau ter\u00e1 a execu\u00e7\u00e3o da ProWay, empresa da cidade especializada em capacita\u00e7\u00e3o para TI.<\/p>\n\n\n\n<p>No ano passado, a empresa foi condecorada com o Pr\u00eamio Gustav Salinger da Acib na categoria Inova\u00e7\u00e3o apresentando seu case para programas de atra\u00e7\u00e3o, sele\u00e7\u00e3o e forma\u00e7\u00e3o, que vem aplicando com sucesso e sob medida para desenvolvimento de times tech em empresas de todo o Brasil.<\/p>\n\n\n\n<p>Para participar o candidato deve acessar o <a href=\"http:\/\/warren.proway.com.br\/\">site<\/a> at\u00e9 1 de maio e seguir as etapas de testes e entrevistas. A forma\u00e7\u00e3o tem <strong>in\u00edcio em<\/strong> <strong>27 de junho<\/strong>.<\/p>\n\n\n\n<hr class=\"wp-block-separator\"\/>\n\n\n\n<p>Com base no seu interesse por este conte\u00fado, temos algumas recomenda\u00e7\u00f5es para voc\u00ea:<\/p>\n\n\n\n<ul class=\"wp-block-list\"><li><a href=\"https:\/\/warren.com.br\/magazine\/equipes-tech-warren\/\">Tecnol\u00f3gica na ess\u00eancia: lideran\u00e7as da Warren contam como \u00e9 o dia a dia das equipes de tech por aqui<\/a><\/li><li><a href=\"https:\/\/warren.com.br\/magazine\/warren-box-aquisicao\/\">Apostando com for\u00e7a na tecnologia: Warren adquire a Box TI<\/a>&nbsp;<\/li><li><a href=\"https:\/\/warren.com.br\/magazine\/warren-adquire-time-tech-da-simpaul\/\">Em mais um movimento de expans\u00e3o, Warren adquire time tech da sim;paul<\/a><\/li><li><a href=\"https:\/\/warren.com.br\/magazine\/warren-adquire-meuportfolio\/\">Warren adquire consolidador de investimentos Meuportfolio<\/a>&nbsp;&nbsp;<\/li><\/ul>\n","protected":false},"excerpt":{"rendered":"<p>Somos uma empresa de r\u00e1pido crescimento no mercado de investimentos porque no nosso DNA est\u00e1 a tecnologia.<\/p>\n","protected":false},"author":8,"featured_media":17530,"comment_status":"closed","ping_status":"open","sticky":false,"template":"","format":"standard","meta":{"_acf_changed":false,"footnotes":""},"categories":[752],"tags":[],"class_list":["post-17482","post","type-post","status-publish","format-standard","has-post-thumbnail","hentry","category-a-warren","entry"],"acf":[],"yoast_head":"<!-- This site is optimized with the Yoast SEO plugin v27.5 - https:\/\/yoast.com\/product\/yoast-seo-wordpress\/ -->\n<title>Warren lan\u00e7a programa de capacita\u00e7\u00e3o Warren Tech Academy<\/title>\n<meta name=\"description\" content=\"O programa vai capacitar profissionais em Porto Alegre e Blumenau, com o diferencial de contratar desde o primeiro dia de aula. Saiba mais.\" \/>\n<meta name=\"robots\" content=\"index, follow, max-snippet:-1, max-image-preview:large, max-video-preview:-1\" \/>\n<link rel=\"canonical\" href=\"https:\/\/warren.com.br\/magazine\/warren-tech-academy\/\" \/>\n<meta property=\"og:locale\" content=\"pt_BR\" \/>\n<meta property=\"og:type\" content=\"article\" \/>\n<meta property=\"og:title\" content=\"Warren lan\u00e7a programa de capacita\u00e7\u00e3o Warren Tech Academy\" \/>\n<meta property=\"og:description\" content=\"O programa vai capacitar profissionais em Porto Alegre e Blumenau, com o diferencial de contratar desde o primeiro dia de aula. Saiba mais.\" \/>\n<meta property=\"og:url\" content=\"https:\/\/warren.com.br\/magazine\/warren-tech-academy\/\" \/>\n<meta property=\"og:site_name\" content=\"Warren Magazine\" \/>\n<meta property=\"article:publisher\" content=\"https:\/\/www.facebook.com\/warrenbrasil\/\" \/>\n<meta property=\"article:published_time\" content=\"2022-04-11T13:52:26+00:00\" \/>\n<meta property=\"article:modified_time\" content=\"2023-08-03T01:15:47+00:00\" \/>\n<meta property=\"og:image\" content=\"https:\/\/warren.com.br\/magazine\/wp-content\/uploads\/2022\/04\/scott-webb-l-TNipQzhRQ-unsplash-1-scaled.jpg\" \/>\n\t<meta property=\"og:image:width\" content=\"1707\" \/>\n\t<meta property=\"og:image:height\" content=\"2560\" \/>\n\t<meta property=\"og:image:type\" content=\"image\/jpeg\" \/>\n<meta name=\"author\" content=\"Reda\u00e7\u00e3o Warren\" \/>\n<meta name=\"twitter:card\" content=\"summary_large_image\" \/>\n<meta name=\"twitter:creator\" content=\"@warrenbrasil\" \/>\n<meta name=\"twitter:site\" content=\"@warrenbrasil\" \/>\n<meta name=\"twitter:label1\" content=\"Escrito por\" \/>\n\t<meta name=\"twitter:data1\" content=\"Reda\u00e7\u00e3o Warren\" \/>\n\t<meta name=\"twitter:label2\" content=\"Est. tempo de leitura\" \/>\n\t<meta name=\"twitter:data2\" content=\"4 minutos\" \/>\n<!-- \/ Yoast SEO plugin. -->","yoast_head_json":{"title":"Warren lan\u00e7a programa de capacita\u00e7\u00e3o Warren Tech Academy","description":"O programa vai capacitar profissionais em Porto Alegre e Blumenau, com o diferencial de contratar desde o primeiro dia de aula. Saiba mais.","robots":{"index":"index","follow":"follow","max-snippet":"max-snippet:-1","max-image-preview":"max-image-preview:large","max-video-preview":"max-video-preview:-1"},"canonical":"https:\/\/warren.com.br\/magazine\/warren-tech-academy\/","og_locale":"pt_BR","og_type":"article","og_title":"Warren lan\u00e7a programa de capacita\u00e7\u00e3o Warren Tech Academy","og_description":"O programa vai capacitar profissionais em Porto Alegre e Blumenau, com o diferencial de contratar desde o primeiro dia de aula. Saiba mais.","og_url":"https:\/\/warren.com.br\/magazine\/warren-tech-academy\/","og_site_name":"Warren Magazine","article_publisher":"https:\/\/www.facebook.com\/warrenbrasil\/","article_published_time":"2022-04-11T13:52:26+00:00","article_modified_time":"2023-08-03T01:15:47+00:00","og_image":[{"width":1707,"height":2560,"url":"https:\/\/warren.com.br\/magazine\/wp-content\/uploads\/2022\/04\/scott-webb-l-TNipQzhRQ-unsplash-1-scaled.jpg","type":"image\/jpeg"}],"author":"Reda\u00e7\u00e3o Warren","twitter_card":"summary_large_image","twitter_creator":"@warrenbrasil","twitter_site":"@warrenbrasil","twitter_misc":{"Escrito por":"Reda\u00e7\u00e3o Warren","Est. tempo de leitura":"4 minutos"},"schema":{"@context":"https:\/\/schema.org","@graph":[{"@type":"NewsArticle","@id":"https:\/\/warren.com.br\/magazine\/warren-tech-academy\/#article","isPartOf":{"@id":"https:\/\/warren.com.br\/magazine\/warren-tech-academy\/"},"author":{"name":"Reda\u00e7\u00e3o Warren","@id":"https:\/\/warren.com.br\/magazine\/#\/schema\/person\/6ab5c3002c3fbf4a167e69ed8a2b228c"},"headline":"Desenvolvendo talentos: Warren Tech Academy \u00e9 lan\u00e7ado e promove capacita\u00e7\u00f5es em Porto Alegre e Blumenau","datePublished":"2022-04-11T13:52:26+00:00","dateModified":"2023-08-03T01:15:47+00:00","mainEntityOfPage":{"@id":"https:\/\/warren.com.br\/magazine\/warren-tech-academy\/"},"wordCount":744,"publisher":{"@id":"https:\/\/warren.com.br\/magazine\/#organization"},"image":{"@id":"https:\/\/warren.com.br\/magazine\/warren-tech-academy\/#primaryimage"},"thumbnailUrl":"https:\/\/warren.com.br\/magazine\/wp-content\/uploads\/2022\/04\/scott-webb-l-TNipQzhRQ-unsplash-1-scaled.jpg","articleSection":["A Warren\u00a0"],"inLanguage":"pt-BR"},{"@type":"WebPage","@id":"https:\/\/warren.com.br\/magazine\/warren-tech-academy\/","url":"https:\/\/warren.com.br\/magazine\/warren-tech-academy\/","name":"Warren lan\u00e7a programa de capacita\u00e7\u00e3o Warren Tech Academy","isPartOf":{"@id":"https:\/\/warren.com.br\/magazine\/#website"},"primaryImageOfPage":{"@id":"https:\/\/warren.com.br\/magazine\/warren-tech-academy\/#primaryimage"},"image":{"@id":"https:\/\/warren.com.br\/magazine\/warren-tech-academy\/#primaryimage"},"thumbnailUrl":"https:\/\/warren.com.br\/magazine\/wp-content\/uploads\/2022\/04\/scott-webb-l-TNipQzhRQ-unsplash-1-scaled.jpg","datePublished":"2022-04-11T13:52:26+00:00","dateModified":"2023-08-03T01:15:47+00:00","description":"O programa vai capacitar profissionais em Porto Alegre e Blumenau, com o diferencial de contratar desde o primeiro dia de aula. Saiba mais.","inLanguage":"pt-BR","potentialAction":[{"@type":"ReadAction","target":["https:\/\/warren.com.br\/magazine\/warren-tech-academy\/"]}]},{"@type":"ImageObject","inLanguage":"pt-BR","@id":"https:\/\/warren.com.br\/magazine\/warren-tech-academy\/#primaryimage","url":"https:\/\/warren.com.br\/magazine\/wp-content\/uploads\/2022\/04\/scott-webb-l-TNipQzhRQ-unsplash-1-scaled.jpg","contentUrl":"https:\/\/warren.com.br\/magazine\/wp-content\/uploads\/2022\/04\/scott-webb-l-TNipQzhRQ-unsplash-1-scaled.jpg","width":1707,"height":2560,"caption":"scott webb l TNipQzhRQ unsplash 1 scaled"},{"@type":"WebSite","@id":"https:\/\/warren.com.br\/magazine\/#website","url":"https:\/\/warren.com.br\/magazine\/","name":"Warren Magazine","description":"","publisher":{"@id":"https:\/\/warren.com.br\/magazine\/#organization"},"potentialAction":[{"@type":"SearchAction","target":{"@type":"EntryPoint","urlTemplate":"https:\/\/warren.com.br\/magazine\/?s={search_term_string}"},"query-input":{"@type":"PropertyValueSpecification","valueRequired":true,"valueName":"search_term_string"}}],"inLanguage":"pt-BR"},{"@type":"Organization","@id":"https:\/\/warren.com.br\/magazine\/#organization","name":"Warren Magazine","url":"https:\/\/warren.com.br\/magazine\/","logo":{"@type":"ImageObject","inLanguage":"pt-BR","@id":"https:\/\/warren.com.br\/magazine\/#\/schema\/logo\/image\/","url":"https:\/\/warren.com.br\/magazine\/wp-content\/uploads\/2023\/06\/ThumbMagazine.jpg","contentUrl":"https:\/\/warren.com.br\/magazine\/wp-content\/uploads\/2023\/06\/ThumbMagazine.jpg","width":2400,"height":1260,"caption":"Warren Magazine"},"image":{"@id":"https:\/\/warren.com.br\/magazine\/#\/schema\/logo\/image\/"},"sameAs":["https:\/\/www.facebook.com\/warrenbrasil\/","https:\/\/x.com\/warrenbrasil","https:\/\/www.instagram.com\/warrenbrasil\/","https:\/\/www.linkedin.com\/company\/warrenbrasil\/","https:\/\/www.youtube.com\/channel\/UCqIO5twa50iGz2wT5cGS-XQ"]},{"@type":"Person","@id":"https:\/\/warren.com.br\/magazine\/#\/schema\/person\/6ab5c3002c3fbf4a167e69ed8a2b228c","name":"Reda\u00e7\u00e3o Warren","image":{"@type":"ImageObject","inLanguage":"pt-BR","@id":"https:\/\/warren.com.br\/magazine\/wp-content\/uploads\/2023\/12\/Instagram-avatar-96x96.png","url":"https:\/\/warren.com.br\/magazine\/wp-content\/uploads\/2023\/12\/Instagram-avatar-96x96.png","contentUrl":"https:\/\/warren.com.br\/magazine\/wp-content\/uploads\/2023\/12\/Instagram-avatar-96x96.png","caption":"Reda\u00e7\u00e3o Warren"},"url":"https:\/\/warren.com.br\/magazine\/author\/redacao-warren\/"}]}},"_links":{"self":[{"href":"https:\/\/warren.com.br\/magazine\/wp-json\/wp\/v2\/posts\/17482","targetHints":{"allow":["GET"]}}],"collection":[{"href":"https:\/\/warren.com.br\/magazine\/wp-json\/wp\/v2\/posts"}],"about":[{"href":"https:\/\/warren.com.br\/magazine\/wp-json\/wp\/v2\/types\/post"}],"author":[{"embeddable":true,"href":"https:\/\/warren.com.br\/magazine\/wp-json\/wp\/v2\/users\/8"}],"replies":[{"embeddable":true,"href":"https:\/\/warren.com.br\/magazine\/wp-json\/wp\/v2\/comments?post=17482"}],"version-history":[{"count":11,"href":"https:\/\/warren.com.br\/magazine\/wp-json\/wp\/v2\/posts\/17482\/revisions"}],"predecessor-version":[{"id":17593,"href":"https:\/\/warren.com.br\/magazine\/wp-json\/wp\/v2\/posts\/17482\/revisions\/17593"}],"wp:featuredmedia":[{"embeddable":true,"href":"https:\/\/warren.com.br\/magazine\/wp-json\/wp\/v2\/media\/17530"}],"wp:attachment":[{"href":"https:\/\/warren.com.br\/magazine\/wp-json\/wp\/v2\/media?parent=17482"}],"wp:term":[{"taxonomy":"category","embeddable":true,"href":"https:\/\/warren.com.br\/magazine\/wp-json\/wp\/v2\/categories?post=17482"},{"taxonomy":"post_tag","embeddable":true,"href":"https:\/\/warren.com.br\/magazine\/wp-json\/wp\/v2\/tags?post=17482"}],"curies":[{"name":"wp","href":"https:\/\/api.w.org\/{rel}","templated":true}]}}