{"id":17539,"date":"2022-04-12T15:16:26","date_gmt":"2022-04-12T18:16:26","guid":{"rendered":"https:\/\/warren.com.br\/magazine\/?p=17539"},"modified":"2023-08-02T21:55:15","modified_gmt":"2023-08-03T00:55:15","slug":"historico-da-inflacao","status":"publish","type":"post","link":"https:\/\/warren.com.br\/magazine\/historico-da-inflacao\/","title":{"rendered":"A hist\u00f3ria da infla\u00e7\u00e3o brasileira, contada por quem a enfrentou nas \u00faltimas d\u00e9cadas"},"content":{"rendered":"<div id=\"playht-iframe-wrapper\" style=\"max-height: 210px !important;\">\n\t<iframe\n\tscrolling=\"no\"\n\tclass=\"playht-iframe-player\"\n\tid=\"playht-iframe-player\"\n\theight=\"90px\"\n\twidth=\"100%\"\n\tframeborder=\"0\"\n\tstyle=\"max-height: 90px; height: 90px !important;\"\n\tsrc=\"https:\/\/play.ht\/embed\/?article_url=https:\/\/warren.com.br\/magazine\/?p=17539&voice=pt-BR-FranciscaNeural&appId=l7OQ6uC_zK&trans_id=-N0a6qkT1X8mE9g3qlx0\"\n\tdata-voice=\"pt-BR-FranciscaNeural\"\n\tarticle-url=\"https:\/\/warren.com.br\/magazine\/?p=17539\"\n\tdata-appId=\"l7OQ6uC_zK\"\n\tallowfullscreen=\"\">\n\t<\/iframe>\n<\/div>\n\n<p>Fechando 2021 com a maior infla\u00e7\u00e3o em seis anos, o Brasil j\u00e1 viveu tempos melhores economicamente \u2014 mas viveu tempos piores tamb\u00e9m!<\/p>\n\n\n\n<p><strong>Para reconstruir esse cen\u00e1rio, pensar o presente e projetar o futuro, falamos com especialistas e cidad\u00e3os comuns, que sentem no dia a dia o peso que a alta da infla\u00e7\u00e3o tem no or\u00e7amento.<\/strong><\/p>\n\n\n\n<p>Nesta reportagem, voc\u00ea vai conhecer a hist\u00f3ria do casal aposentado <strong>Ana Shirlei Castro<\/strong>, 74, e <strong>Maximiano Bertoldo<\/strong>, 82, que acompanhou (e driblou) anos de alta no custo de vida, curtiu a significativa melhora dos anos 2000 e que, hoje, convive com as incertezas de um presente em que o \u00edndice de infla\u00e7\u00e3o supera os 10%.&nbsp;<\/p>\n\n\n\n<p>Al\u00e9m disso, conversamos com a jovem Coordenadora de Vendas Diretas e estudante de Engenharia de Alimentos <strong>Du\u00e9len Feij\u00f3<\/strong>, que decidiu morar sozinha em 2021 e j\u00e1 sente na pele o contraste entre o que ela pensava que seria a vida adulta e o que, de fato, tem sido.<\/p>\n\n\n\n<p>Para analisar as adversidades e os motivos da crise, o economista e professor da Escola de Neg\u00f3cios da PUCRS <strong>Adelar Fochezatto<\/strong> explica o que \u00e9 a infla\u00e7\u00e3o e o que esperar dela nos pr\u00f3ximos meses.<\/p>\n\n\n\n<p>Ao final, voc\u00ea ainda vai conferir dicas de planejamento em tempos de crise com<strong> Mariana Martinewski<\/strong>, especialista em investimentos na Warren .<\/p>\n\n\n\n<p>Vamos l\u00e1?<\/p>\n\n\n\n<div id=\"ez-toc-container\" class=\"ez-toc-v2_0_82_2 counter-hierarchy ez-toc-counter ez-toc-grey ez-toc-container-direction\">\n<p class=\"ez-toc-title\" style=\"cursor:inherit\">Indice<\/p>\n<label for=\"ez-toc-cssicon-toggle-item-69f1a52055acd\" class=\"ez-toc-cssicon-toggle-label\"><span class=\"ez-toc-cssicon\"><span class=\"eztoc-hide\" style=\"display:none;\">Toggle<\/span><span class=\"ez-toc-icon-toggle-span\"><svg style=\"fill: #999;color:#999\" xmlns=\"http:\/\/www.w3.org\/2000\/svg\" class=\"list-377408\" width=\"20px\" height=\"20px\" viewBox=\"0 0 24 24\" fill=\"none\"><path d=\"M6 6H4v2h2V6zm14 0H8v2h12V6zM4 11h2v2H4v-2zm16 0H8v2h12v-2zM4 16h2v2H4v-2zm16 0H8v2h12v-2z\" fill=\"currentColor\"><\/path><\/svg><svg style=\"fill: #999;color:#999\" class=\"arrow-unsorted-368013\" xmlns=\"http:\/\/www.w3.org\/2000\/svg\" width=\"10px\" height=\"10px\" viewBox=\"0 0 24 24\" version=\"1.2\" baseProfile=\"tiny\"><path d=\"M18.2 9.3l-6.2-6.3-6.2 6.3c-.2.2-.3.4-.3.7s.1.5.3.7c.2.2.4.3.7.3h11c.3 0 .5-.1.7-.3.2-.2.3-.5.3-.7s-.1-.5-.3-.7zM5.8 14.7l6.2 6.3 6.2-6.3c.2-.2.3-.5.3-.7s-.1-.5-.3-.7c-.2-.2-.4-.3-.7-.3h-11c-.3 0-.5.1-.7.3-.2.2-.3.5-.3.7s.1.5.3.7z\"\/><\/svg><\/span><\/span><\/label><input type=\"checkbox\"  id=\"ez-toc-cssicon-toggle-item-69f1a52055acd\"  aria-label=\"Alternar\" \/><nav><ul class='ez-toc-list ez-toc-list-level-1 ' ><li class='ez-toc-page-1 ez-toc-heading-level-2'><a class=\"ez-toc-link ez-toc-heading-1\" href=\"https:\/\/warren.com.br\/magazine\/historico-da-inflacao\/#Tempos_de_escassez_criatividade_solidariedade_e_pe_no_freio\" >Tempos de escassez: criatividade, solidariedade e p\u00e9 no freio&nbsp;&nbsp;<\/a><ul class='ez-toc-list-level-3' ><li class='ez-toc-heading-level-3'><a class=\"ez-toc-link ez-toc-heading-2\" href=\"https:\/\/warren.com.br\/magazine\/historico-da-inflacao\/#Mas_afinal_o_que_e_inflacao_Por_que_em_alguns_momentos_os_precos_estabilizam_e_em_outros_aumentam_toda_semana\" >Mas, afinal, o que \u00e9 infla\u00e7\u00e3o? Por que em alguns momentos os pre\u00e7os estabilizam e, em outros, aumentam toda semana?<\/a><\/li><\/ul><\/li><li class='ez-toc-page-1 ez-toc-heading-level-2'><a class=\"ez-toc-link ez-toc-heading-3\" href=\"https:\/\/warren.com.br\/magazine\/historico-da-inflacao\/#O_que_explica_as_oscilacoes_do_IPCA_ao_longo_das_ultimas_decadas\" >O que explica as oscila\u00e7\u00f5es do IPCA ao longo das \u00faltimas d\u00e9cadas?<\/a><ul class='ez-toc-list-level-3' ><li class='ez-toc-heading-level-3'><a class=\"ez-toc-link ez-toc-heading-4\" href=\"https:\/\/warren.com.br\/magazine\/historico-da-inflacao\/#Decada_de_1960\" >D\u00e9cada de 1960<\/a><\/li><li class='ez-toc-page-1 ez-toc-heading-level-3'><a class=\"ez-toc-link ez-toc-heading-5\" href=\"https:\/\/warren.com.br\/magazine\/historico-da-inflacao\/#Decada_de_1970\" >D\u00e9cada de 1970<\/a><\/li><li class='ez-toc-page-1 ez-toc-heading-level-3'><a class=\"ez-toc-link ez-toc-heading-6\" href=\"https:\/\/warren.com.br\/magazine\/historico-da-inflacao\/#Decada_de_1980\" >D\u00e9cada de 1980<\/a><\/li><li class='ez-toc-page-1 ez-toc-heading-level-3'><a class=\"ez-toc-link ez-toc-heading-7\" href=\"https:\/\/warren.com.br\/magazine\/historico-da-inflacao\/#Decada_de_1990\" >D\u00e9cada de 1990<\/a><\/li><li class='ez-toc-page-1 ez-toc-heading-level-3'><a class=\"ez-toc-link ez-toc-heading-8\" href=\"https:\/\/warren.com.br\/magazine\/historico-da-inflacao\/#Decada_de_2000\" >D\u00e9cada de 2000<\/a><\/li><li class='ez-toc-page-1 ez-toc-heading-level-3'><a class=\"ez-toc-link ez-toc-heading-9\" href=\"https:\/\/warren.com.br\/magazine\/historico-da-inflacao\/#Decada_de_2010\" >D\u00e9cada de 2010<\/a><\/li><\/ul><\/li><li class='ez-toc-page-1 ez-toc-heading-level-2'><a class=\"ez-toc-link ez-toc-heading-10\" href=\"https:\/\/warren.com.br\/magazine\/historico-da-inflacao\/#E_o_que_explica_a_inflacao_hoje_Vai_melhorar\" >E o que explica a infla\u00e7\u00e3o hoje? Vai melhorar?<\/a><\/li><li class='ez-toc-page-1 ez-toc-heading-level-2'><a class=\"ez-toc-link ez-toc-heading-11\" href=\"https:\/\/warren.com.br\/magazine\/historico-da-inflacao\/#Inflacao_alta_e_sempre_ruim\" >Infla\u00e7\u00e3o alta \u00e9 sempre ruim?<\/a><ul class='ez-toc-list-level-3' ><li class='ez-toc-heading-level-3'><a class=\"ez-toc-link ez-toc-heading-12\" href=\"https:\/\/warren.com.br\/magazine\/historico-da-inflacao\/#O_que_o_governo_faz_nessas_situacoes\" >O que o governo faz nessas situa\u00e7\u00f5es?&nbsp;<\/a><\/li><\/ul><\/li><li class='ez-toc-page-1 ez-toc-heading-level-2'><a class=\"ez-toc-link ez-toc-heading-13\" href=\"https:\/\/warren.com.br\/magazine\/historico-da-inflacao\/#Para_os_tempos_dificeis_uma_solucao_reagir_e_investir_em_planejamento\" >Para os tempos dif\u00edceis, uma solu\u00e7\u00e3o: reagir e investir em planejamento<\/a><\/li><li class='ez-toc-page-1 ez-toc-heading-level-2'><a class=\"ez-toc-link ez-toc-heading-14\" href=\"https:\/\/warren.com.br\/magazine\/historico-da-inflacao\/#E_quando_a_inflacao_baixar\" >E quando a infla\u00e7\u00e3o baixar?<\/a><\/li><\/ul><\/nav><\/div>\n<h2 class=\"wp-block-heading\"><span class=\"ez-toc-section\" id=\"Tempos_de_escassez_criatividade_solidariedade_e_pe_no_freio\"><\/span>Tempos de escassez: criatividade, solidariedade e p\u00e9 no freio&nbsp;&nbsp;<span class=\"ez-toc-section-end\"><\/span><\/h2>\n\n\n\n<p>Carne uma vez por semana, plantio de leguminosas e verduras no quintal de casa e escambo de mercadoria com os vizinhos.&nbsp;<\/p>\n\n\n\n<p><strong>Assim lidava com a alta varia\u00e7\u00e3o do pre\u00e7o dos alimentos nos anos 1960, 1970 e 1980 o casal de aposentados Ana Shirlei Castro e Maximiano Bertoldo. Al\u00e9m deles pr\u00f3prios, a dupla ainda precisava alimentar tr\u00eas filhos<\/strong>.<\/p>\n\n\n\n<p>\u201cNo final dos anos 1970, as coisas at\u00e9 come\u00e7aram a melhorar para mim, porque ingressei em um cargo p\u00fablico. Mas antes, quando ganhava um sal\u00e1rio m\u00ednimo, deixava mais de 50% no mercado. E olha, n\u00e3o tinha luxo, n\u00e3o, viu? Era s\u00f3 o b\u00e1sico\u201d, relembra Maximiano.<\/p>\n\n\n\n<p>A esposa complementa: \u201cPara tentar contornar a situa\u00e7\u00e3o, a gente trocava muito com os vizinhos tamb\u00e9m. Um comprava mais arroz, outro mais feij\u00e3o\u2026 Quem plantava oferecia verdura em troca de algum outro alimento. Era assim mesmo, porque tudo era muito caro\u201d.<\/p>\n\n\n\n<p>Para quem lida com as contas de casa, especialmente com apenas um sal\u00e1rio m\u00ednimo, esse relato poderia muito bem ser de 2021, quando a infla\u00e7\u00e3o atingiu, segundo o IBGE, o patamar de 10,06% pela primeira vez em seis anos.<\/p>\n\n\n\n<p>Inclusive, mesmo com uma renda superior a um sal\u00e1rio m\u00ednimo, Ana Shirlei relata que o sentimento daquela \u00e9poca est\u00e1 voltando: \u201cSinto que est\u00e1 ficando mais dif\u00edcil novamente, principalmente para quem n\u00e3o tem estudos\u201d, considera.<\/p>\n\n\n\n<h3 class=\"wp-block-heading\"><span class=\"ez-toc-section\" id=\"Mas_afinal_o_que_e_inflacao_Por_que_em_alguns_momentos_os_precos_estabilizam_e_em_outros_aumentam_toda_semana\"><\/span><strong>Mas, afinal, o que \u00e9 infla\u00e7\u00e3o? Por que em alguns momentos os pre\u00e7os estabilizam e, em outros, aumentam toda semana?<\/strong><span class=\"ez-toc-section-end\"><\/span><\/h3>\n\n\n\n<p>De acordo com o economista Adelar Fochezatto, professor da Escola de Neg\u00f3cios da PUCRS e ex-presidente da extinta Funda\u00e7\u00e3o de Economia e Estat\u00edstica (FEE), <strong>a <\/strong><a href=\"https:\/\/warren.com.br\/magazine\/inflacao\/\"><strong>infla\u00e7\u00e3o<\/strong><\/a><strong> \u00e9, em palavras simples, o aumento dos pre\u00e7os de uma lista de itens ao longo do m\u00eas<\/strong>.&nbsp;<\/p>\n\n\n\n<p>\u201cMedida por \u00edndices como o <a href=\"https:\/\/warren.com.br\/magazine\/o-que-e-ipca\/\">IPCA<\/a>, \u00cdndice Nacional de Pre\u00e7os ao Consumidor Amplo, e o <a href=\"https:\/\/warren.com.br\/magazine\/o-que-e-igpm\/\">IGP-M<\/a>, \u00cdndice Geral de Pre\u00e7os do Mercado, ela \u00e9 calculada a partir de uma pesquisa de 377 produtos, como banana, pasta de dente, arroz e feij\u00e3o, por exemplo\u201d, explica o especialista.<\/p>\n\n\n\n<p><strong>Ele ressalta ainda que a infla\u00e7\u00e3o n\u00e3o diz respeito apenas \u00e0 alimenta\u00e7\u00e3o, mas tamb\u00e9m \u00e0 luz, \u00e1gua, ao combust\u00edvel, \u00e0 educa\u00e7\u00e3o, e a outros produtos e servi\u00e7os que comp\u00f5em o custo de vida.&nbsp;<\/strong><\/p>\n\n\n\n<p>Ainda sobre a sensa\u00e7\u00e3o de Ana Shirlei, de que tudo est\u00e1 ficando mais caro novamente, o professor Adelar reflete: \u201crealmente, j\u00e1 vivemos tempos de infla\u00e7\u00e3o menor\u201d. Mas ele pondera: \u201cPor\u00e9m, o que vivemos hoje ainda \u00e9 muito melhor do que nos anos 1980, n\u00e3o h\u00e1 compara\u00e7\u00e3o\u201d.&nbsp;<\/p>\n\n\n\n<p>E \u00e9 verdade. Naquela \u00e9poca, a infla\u00e7\u00e3o acumulada do ano <strong>chegava a quase 2.000%<\/strong>, conforme o IBGE. <strong>Em um \u00fanico m\u00eas, em dezembro de 1989, a varia\u00e7\u00e3o no pre\u00e7o dos produtos chegou a 51%<\/strong>.<\/p>\n\n\n\n<figure class=\"wp-block-image\"><img decoding=\"async\" src=\"https:\/\/lh6.googleusercontent.com\/vPY8whADeihPdP4uxlJE6aL6hVCc0iuGxUdNqYXkcha1_kA0dVpVnBo214RdZdkbyfbx3JW74Cj76z5F55PT5TFiTvm6cgoAytyngffRzZAPdBXC6synm5QAZTtXAJCfh3e1wtC7\" alt=\"\"\/><figcaption>Hiperinfla\u00e7\u00e3o: no fim da d\u00e9cada de 1980 e in\u00edcio da d\u00e9cada de 1990, os picos da infla\u00e7\u00e3o foram t\u00e3o altos que fica dif\u00edcil representar visualmente as oscila\u00e7\u00f5es de outros per\u00edodos. Fonte: FGV<\/figcaption><\/figure>\n\n\n\n<p>Era essa instabilidade que fazia com que o casal tivesse que, al\u00e9m das estrat\u00e9gias citadas na abertura desta reportagem, se deslocar at\u00e9 um mercado longe de casa, onde os pre\u00e7os eram mais acess\u00edveis.&nbsp;<\/p>\n\n\n\n<p>Apesar disso, salienta o professor, embora os \u00edndices sejam mais controlados atualmente, n\u00e3o h\u00e1 motivo para comemorar.<\/p>\n\n\n\n<p><strong>O IPCA est\u00e1 muito acima da meta estabelecida pelo <\/strong><a href=\"https:\/\/warren.com.br\/magazine\/banco-central\/\"><strong>Banco Central<\/strong><\/a><strong>, que \u00e9 de 4,5% ao ano<\/strong>, o que j\u00e1 compromete os h\u00e1bitos das fam\u00edlias brasileiras. \u201cEstamos precisando cortar gastos n\u00e3o essenciais e substituir alimentos como a carne por ovos\u201d.<\/p>\n\n\n\n<p>A infla\u00e7\u00e3o acima dos 10% tamb\u00e9m traz outro problema: se permanecer assim por muito tempo, abre brechas para a normaliza\u00e7\u00e3o da infla\u00e7\u00e3o inercial, um tipo de infla\u00e7\u00e3o caracterizado por apresentar um patamar alto, mas n\u00e3o explosivo, j\u00e1 que seu crescimento \u00e9 constante.<\/p>\n\n\n\n<p>\u201cIsso significa que contratos de aluguel, por exemplo, podem incluir ajustes nos pre\u00e7os de acordo com a infla\u00e7\u00e3o, o que \u00e9 muito ruim para o planejamento das fam\u00edlias\u201d, explica o professor.<\/p>\n\n\n\n<p><strong>LEIA MAIS | <\/strong><a href=\"https:\/\/warren.com.br\/magazine\/hidrogenio-verde\/\"><strong>Leandro Siqueira: O Hidrog\u00eanio Verde veio para salvar o mundo?<\/strong><\/a><\/p>\n\n\n\n<h2 class=\"wp-block-heading\"><span class=\"ez-toc-section\" id=\"O_que_explica_as_oscilacoes_do_IPCA_ao_longo_das_ultimas_decadas\"><\/span>O que explica as oscila\u00e7\u00f5es do IPCA ao longo das \u00faltimas d\u00e9cadas?<span class=\"ez-toc-section-end\"><\/span><\/h2>\n\n\n\n<p>Ana Shirlei e o marido passaram por diversos cen\u00e1rios inflacion\u00e1rios do pa\u00eds.<\/p>\n\n\n\n<p>Desde a \u00e9poca em que precisavam \u201cgastar a sola do sapato\u201d, como define Adelar, para encontrar os melhores pre\u00e7os e fazer estoques de mantimentos, uma vez que \u201cos selos de novos valores eram colados um por cima do outro todos os dias\u201d, como relembra a aposentada, at\u00e9 \u00e9pocas mais favor\u00e1veis, como no in\u00edcio dos anos 2000, quando o poder aquisitivo subiu e os pre\u00e7os baixaram \u2014 e chegando at\u00e9 este per\u00edodo de incertezas e deteriora\u00e7\u00e3o da economia que o pa\u00eds vive hoje.&nbsp;<\/p>\n\n\n\n<p><strong>O que, ent\u00e3o, explica essas mudan\u00e7as ao longo das d\u00e9cadas?<\/strong><\/p>\n\n\n\n<p>Por se tratar de um tema complexo, a resposta tampouco \u00e9 simples. A infla\u00e7\u00e3o \u00e9 influenciada por diversos fatores econ\u00f4micos e pol\u00edticos e, por isso, a justificativa n\u00e3o \u00e9 sempre a mesma.<\/p>\n\n\n\n<p>Confira abaixo os principais motivos para a alta no \u00edndice em cada d\u00e9cada.<\/p>\n\n\n\n<h3 class=\"wp-block-heading\"><span class=\"ez-toc-section\" id=\"Decada_de_1960\"><\/span>D\u00e9cada de 1960<span class=\"ez-toc-section-end\"><\/span><\/h3>\n\n\n\n<p>Em 1964, a infla\u00e7\u00e3o chegou a <strong>92%<\/strong>, impulsionada pelos gastos com o governo militar, a crise mundial de petr\u00f3leo e a ditadura vivida no pa\u00eds.<\/p>\n\n\n\n<h3 class=\"wp-block-heading\"><span class=\"ez-toc-section\" id=\"Decada_de_1970\"><\/span>D\u00e9cada de 1970<span class=\"ez-toc-section-end\"><\/span><\/h3>\n\n\n\n<p>Ap\u00f3s a melhora nos \u00edndices at\u00e9 1973, o endividamento p\u00fablico se tornou insustent\u00e1vel, o que levou ao aumento dos pre\u00e7os dos produtos b\u00e1sicos e ao arrocho salarial (quando os reajustes salariais n\u00e3o acompanham a infla\u00e7\u00e3o).<\/p>\n\n\n\n<p>Em 1976, a infla\u00e7\u00e3o acumulada, ou seja, a soma da varia\u00e7\u00e3o da infla\u00e7\u00e3o durante os meses daquele ano, chegou a <strong>46%<\/strong>.<\/p>\n\n\n\n<p>Nessa \u00e9poca, era comum que as fam\u00edlias tivessem muita dificuldade para comprar eletrodom\u00e9sticos.&nbsp;<\/p>\n\n\n\n<p>\u201cLevamos quatro anos para comprar uma geladeira e sete para comprar a primeira televis\u00e3o. Foram anos juntando dinheiro, consegue imaginar?\u201d, relembra o funcion\u00e1rio p\u00fablico aposentado Maximiano.&nbsp;<\/p>\n\n\n\n<h3 class=\"wp-block-heading\"><span class=\"ez-toc-section\" id=\"Decada_de_1980\"><\/span>D\u00e9cada de 1980<span class=\"ez-toc-section-end\"><\/span><\/h3>\n\n\n\n<p>Ao final da chamada \u201cd\u00e9cada perdida\u201d da economia brasileira, a infla\u00e7\u00e3o chegou a <strong>1.999%<\/strong> em 1989, com o aumento da d\u00edvida externa e interna e com a explos\u00e3o de uma crise econ\u00f4mica na Am\u00e9rica Latina e no Leste Europeu, causada por d\u00e9ficit fiscal e oscila\u00e7\u00f5es no c\u00e2mbio.<\/p>\n\n\n\n<p>Foi nesse per\u00edodo que Maximiano e Ana Shirlei precisavam fazer amplas pesquisas de pre\u00e7o no mercado e, quando poss\u00edvel, estocar alimentos, porque os pre\u00e7os mudavam todos os dias.<\/p>\n\n\n\n<h3 class=\"wp-block-heading\"><span class=\"ez-toc-section\" id=\"Decada_de_1990\"><\/span>D\u00e9cada de 1990<span class=\"ez-toc-section-end\"><\/span><\/h3>\n\n\n\n<p>Depois de uma infla\u00e7\u00e3o de <strong>2.400% <\/strong>no in\u00edcio dos anos 1990, reflexo dos \u00faltimos anos da d\u00e9cada anterior, em 1999, o \u00edndice fechou o ano em <strong>9%<\/strong>.<\/p>\n\n\n\n<p>Neste per\u00edodo, o pa\u00eds sofreu tentativas desastrosas de controle da infla\u00e7\u00e3o, com o <a href=\"https:\/\/economia.uol.com.br\/noticias\/bbc\/2020\/03\/17\/entre-infartos-falencias-e-suicidios-os-30-anos-do-confisco-da-poupanca.htm\">confisco de poupan\u00e7a no governo de Fernando Collor<\/a> por conta do fracasso dos planos Collor I e II.<\/p>\n\n\n\n<p>Foi tamb\u00e9m nos anos 1990, precisamente em 1994, que surgiu o <a href=\"https:\/\/www.bcb.gov.br\/controleinflacao\/planoreal\"><strong>Plano Real<\/strong><\/a>, um conjunto de reformas econ\u00f4micas implementado no governo do ent\u00e3o presidente Itamar Franco que tinha como objetivo justamente<strong> controlar a hiperinfla\u00e7\u00e3o.<\/strong><\/p>\n\n\n\n<p>O gr\u00e1fico abaixo mostra bem o impacto do Plano Real: em junho de 1994, um m\u00eas antes de seu lan\u00e7amento, a infla\u00e7\u00e3o em 12 meses chegou a quase 500%. O \u00edndice foi caindo, chegando perto dos 30% um ano depois, segundo o IBGE.<\/p>\n\n\n\n<figure class=\"wp-block-image\"><img decoding=\"async\" src=\"https:\/\/lh5.googleusercontent.com\/cuDwMHmYwkotKkpAbVRwllgZtwDEBhPw_JoSlh-7JGnYMP_bB03pVHX6rQJaR_4SEpyKK2tBzIGhHfu8r6mXi5BFw3wSV4LjF0Smg_7G02IQ--8uvmqOrQG_x1SPypP9IopirDVL\" alt=\"\"\/><figcaption>Taxa de varia\u00e7\u00e3o do IPCA em 12 meses entre os anos de 1994 e 1995. Fonte: FGV<\/figcaption><\/figure>\n\n\n\n<p>A reforma monet\u00e1ria, a abertura econ\u00f4mica e a boa equipe no comando conseguiram estabilizar a infla\u00e7\u00e3o em patamares baixos. Como podemos ver no gr\u00e1fico a seguir, a m\u00e9dia de infla\u00e7\u00e3o entre 1996 e 2018 foi de 6,4%, o que comprova o sucesso do Plano Real no combate \u00e0 infla\u00e7\u00e3o.<\/p>\n\n\n\n<figure class=\"wp-block-image\"><img decoding=\"async\" src=\"https:\/\/lh5.googleusercontent.com\/JlJEdV3S0mEs9xXn9zXtgRlj2eFQfJlQUyDeg5DIpee6JyfLMMT4uPLpGr_hRbjkkKC9-zMEB7rShC9MwqyKH_2uMZdYLnPMU6b6mtXOp8KAog7jBdxJUe3IyDznXOUGCK6vX9on\" alt=\"\"\/><figcaption>Fonte: FGV<\/figcaption><\/figure>\n\n\n\n<h3 class=\"wp-block-heading\"><span class=\"ez-toc-section\" id=\"Decada_de_2000\"><\/span>D\u00e9cada de 2000<span class=\"ez-toc-section-end\"><\/span><\/h3>\n\n\n\n<p>A maior taxa de infla\u00e7\u00e3o nos anos 2000 foi em 2002, quando atingiu <strong>12%<\/strong>, influenciada pelo <strong>aumento do d\u00f3lar<\/strong>.<\/p>\n\n\n\n<h3 class=\"wp-block-heading\"><span class=\"ez-toc-section\" id=\"Decada_de_2010\"><\/span>D\u00e9cada de 2010<span class=\"ez-toc-section-end\"><\/span><\/h3>\n\n\n\n<p>Este foi o per\u00edodo de maior equil\u00edbrio nas contas p\u00fablicas, com a infla\u00e7\u00e3o dentro da meta estipulada, oscilando entre <strong>4% e 6% ao ano<\/strong>.<\/p>\n\n\n\n<p>A partir de 2011, no entanto, houve um descontrole na pol\u00edtica de pre\u00e7os, e em 2015 o pa\u00eds entrou em recess\u00e3o, com o boom do desemprego.<\/p>\n\n\n\n<p>\u201cO in\u00edcio dos anos 2000 foram muito bons. Pessoas mais pobres conseguiram comprar carro, eletrodom\u00e9stico e at\u00e9 viajar de avi\u00e3o. A vida ficou mais f\u00e1cil\u201d, relembra Maximiano.&nbsp;<\/p>\n\n\n\n<p><strong>Du\u00e9len Feij\u00f3<\/strong>, Coordenadora de Vendas Diretas, cresceu nesse per\u00edodo, mas hoje, aos 25 anos, reflete outra vis\u00e3o: \u201cCresci tendo uma ideia de estabilidade financeira e de carreira que n\u00e3o se concretizaram. A economia estagnou e nem a aposentadoria \u00e9 garantida. Precisamos nos reinventar no mercado\u201d.<\/p>\n\n\n\n<p><strong>LEIA TAMB\u00c9M | <\/strong><a href=\"https:\/\/warren.com.br\/magazine\/impacto-preco-combustiveis\/\"><strong>Fred Nobre: Por que o pre\u00e7o dos combust\u00edveis impacta suas finan\u00e7as mesmo que voc\u00ea n\u00e3o dirija?<\/strong><\/a><\/p>\n\n\n\n<h2 class=\"wp-block-heading\"><span class=\"ez-toc-section\" id=\"E_o_que_explica_a_inflacao_hoje_Vai_melhorar\"><\/span>E o que explica a infla\u00e7\u00e3o hoje? Vai melhorar?<span class=\"ez-toc-section-end\"><\/span><\/h2>\n\n\n\n<p>Em 2021, Du\u00e9len decidiu se mudar para Florian\u00f3polis (SC), ap\u00f3s ser contratada para o seu novo cargo na empresa Leve. Ela, que em Porto Alegre dividia as contas com a m\u00e3e, j\u00e1 sentiu a diferen\u00e7a no bolso.&nbsp;<\/p>\n\n\n\n<p>\u201cSe antes eu estava gastando em torno de R$ 400 apenas comigo, hoje meu gasto dobrou quando o assunto \u00e9 alimenta\u00e7\u00e3o\u201d, analisa.<\/p>\n\n\n\n<p>Para lidar com a alta geral dos pre\u00e7os, Du\u00e9len teve que mudar alguns h\u00e1bitos. \u201cJ\u00e1 n\u00e3o compro tantos produtos para experimentar, como eu fazia antes. Sempre tento comer alimentos saud\u00e1veis, mas at\u00e9 a feira est\u00e1 cara\u201d.<\/p>\n\n\n\n<p>E compara: <strong>\u201cHoje \u00e9 mais barato voc\u00ea comer alimentos ultraprocessados do que frescos. Pode ver: o macarr\u00e3o instant\u00e2neo continua um real, j\u00e1 o arroz e o feij\u00e3o s\u00f3 sobem de pre\u00e7o. Eu tenho uma posi\u00e7\u00e3o privilegiada, mas e quem n\u00e3o tem?<\/strong>\u201d, questiona.&nbsp;<\/p>\n\n\n\n<p>As mesmas mudan\u00e7as aconteceram quando o assunto \u00e9 transporte. \u201cNa hora de voltar para Porto Alegre, volto de \u00f4nibus, porque uma passagem a\u00e9rea, que antes custava R$ 93, hoje custa R$ 400\u201d.&nbsp;<\/p>\n\n\n\n<p>A infla\u00e7\u00e3o de 2021, segundo o professor Adelar, pode ser explicada, em partes, pelos seguintes motivos:&nbsp;<\/p>\n\n\n\n<ul class=\"wp-block-list\"><li>Pandemia da Covid-19;<\/li><li>Alta do c\u00e2mbio (o ideal \u00e9 o d\u00f3lar abaixo de R$ 4); e<\/li><li>Aumento no pre\u00e7o dos insumos, como combust\u00edvel.<\/li><\/ul>\n\n\n\n<p>\u00c9 a\u00ed que voc\u00ea, leitor, pode estar pensando: mas a agricultura n\u00e3o foi um dos poucos setores que menos sofreu com as paralisa\u00e7\u00f5es da pandemia?<\/p>\n\n\n\n<p>Correto. <strong>Mas a infla\u00e7\u00e3o \u00e9 um c\u00e1lculo complexo e \u00e9 influenciada por fatores como mat\u00e9ria-prima, c\u00e2mbio e transporte, que foram afetados pelo isolamento.&nbsp;<\/strong><\/p>\n\n\n\n<p>\u201cHoje estamos pagando caro pela alimenta\u00e7\u00e3o. A oferta \u00e9 inferior \u00e0 demanda, por isso ainda estamos sentindo os efeitos dessas medidas de restri\u00e7\u00e3o contra a pandemia na hora de fazer o mercado\u201d, explica Adelar.<\/p>\n\n\n\n<p>Para driblar o problema, Ana Shirlei e Maximiano, calejados quando o assunto \u00e9 infla\u00e7\u00e3o, voltaram a plantar verduras e legumes no p\u00e1tio de casa e est\u00e3o optando por outros tipos de alimentos para substituir a carne vermelha, como frango e ovo.<\/p>\n\n\n\n<p><strong>Diante deste cen\u00e1rio, tanto os aposentados quanto a jovem adulta desejam saber: a situa\u00e7\u00e3o vai melhorar?<\/strong>&nbsp;<\/p>\n\n\n\n<p>Bem, de acordo com Adelar, a resposta \u00e9 sim.<\/p>\n\n\n\n<p>Com a normaliza\u00e7\u00e3o dos servi\u00e7os e o recuo da pandemia, a tend\u00eancia \u00e9 que, em 2022, o IPCA acumulado volte para os patamares planejados, algo em torno de 4,5%.&nbsp;<\/p>\n\n\n\n<p>Apesar dessa melhora, ele ressalta que outros fatores geopol\u00edticos podem mudar as proje\u00e7\u00f5es. \u201cA <a href=\"https:\/\/warren.com.br\/magazine\/consequencias-russia-ucrania\/\">guerra na Ucr\u00e2nia<\/a> e o c\u00e2mbio alto tamb\u00e9m impactam a infla\u00e7\u00e3o. A perspectiva, em rela\u00e7\u00e3o a 2021, \u00e9 de redu\u00e7\u00e3o do \u00edndice, mas fica um ponto de interroga\u00e7\u00e3o por conta dessas situa\u00e7\u00f5es\u201d, resume.<\/p>\n\n\n\n<p>Ele tamb\u00e9m explica que o cen\u00e1rio pol\u00edtico do Brasil atual \u00e9 inst\u00e1vel e que isso se reflete nos resultados para a infla\u00e7\u00e3o.&nbsp;<\/p>\n\n\n\n<p><strong>\u201cSe a pol\u00edtica macroecon\u00f4mica n\u00e3o \u00e9 confi\u00e1vel, n\u00e3o h\u00e1 est\u00edmulo para o investimento, e a\u00ed n\u00e3o h\u00e1 gera\u00e7\u00e3o de emprego, nem de renda\u201d.<\/strong><\/p>\n\n\n\n<p>Isso sem contar o capital especulativo, que \u00e9 o dinheiro que \u201centra e sai\u201d do pa\u00eds para a compra t\u00edtulos no mercado financeiro.<\/p>\n\n\n\n<p>\u201c\u00c9 importante que esse dinheiro entre porque aumenta nossas reservas internacionais e baixa o valor do c\u00e2mbio, permitindo que o pa\u00eds importe insumos por um pre\u00e7o melhor, reduzindo, assim, a infla\u00e7\u00e3o\u201d.<\/p>\n\n\n\n<h2 class=\"wp-block-heading\"><span class=\"ez-toc-section\" id=\"Inflacao_alta_e_sempre_ruim\"><\/span>Infla\u00e7\u00e3o alta \u00e9 sempre ruim?<span class=\"ez-toc-section-end\"><\/span><\/h2>\n\n\n\n<p>No geral, sim.<\/p>\n\n\n\n<p>Mas na economia as respostas n\u00e3o s\u00e3o t\u00e3o \u00f3bvias. Por isso, para que o cen\u00e1rio do pa\u00eds e a qualidade de vida das pessoas melhorem de fato, n\u00e3o basta uma queda na infla\u00e7\u00e3o.<\/p>\n\n\n\n<p>Isso porque, no caso de uma oferta superior \u00e0 demanda, ou seja, quando as pessoas n\u00e3o t\u00eam dinheiro para comprar tudo o que \u00e9 produzido, a infla\u00e7\u00e3o cai, mas isso pode significar que a renda est\u00e1 baixa e o desemprego, em alta.<\/p>\n\n\n\n<p>\u201cNesse caso seria pior. Ter\u00edamos uma infla\u00e7\u00e3o baixa em uma economia enfraquecida. <strong>O ideal \u00e9 ter uma infla\u00e7\u00e3o baixa em uma economia aquecida<\/strong>. A\u00ed, sim, podemos dizer que a baixa infla\u00e7\u00e3o \u00e9 um sintoma bom\u201d, explica.<\/p>\n\n\n\n<p>O contr\u00e1rio tamb\u00e9m ocorre.<strong> <\/strong>Uma infla\u00e7\u00e3o alta porque a economia est\u00e1 bombando tamb\u00e9m \u00e9 um cen\u00e1rio poss\u00edvel.<\/p>\n\n\n\n<p>\u201cPodemos ter momentos de infla\u00e7\u00e3o alta por um ciclo virtuoso da economia. No geral, infla\u00e7\u00e3o alta n\u00e3o \u00e9 um bom resultado, mas existem exce\u00e7\u00f5es\u201d.&nbsp;<\/p>\n\n\n\n<p><strong>Vale destacar ainda que a infla\u00e7\u00e3o alta, embora tenha essas nuances que precisam ser consideradas, em todos os casos afeta muito mais as pessoas que t\u00eam baixa renda.&nbsp;<\/strong><\/p>\n\n\n\n<p>\u201cQuem consome todo o sal\u00e1rio do m\u00eas para sobreviver \u00e9 quem mais sofre, porque n\u00e3o h\u00e1 como se proteger com aplica\u00e7\u00f5es. O pre\u00e7o dos alimentos aumentam ao longo do m\u00eas e o rendimento segue fixo\u201d, finaliza Adelar.<\/p>\n\n\n\n<p><strong>LEIA TAMB\u00c9M | <\/strong><a href=\"https:\/\/warren.com.br\/magazine\/investir-inflacao-credito-privado\/\"><strong>Como investir em tempos de infla\u00e7\u00e3o? Hora de falar sobre cr\u00e9dito privado<\/strong><\/a><\/p>\n\n\n\n<h3 class=\"wp-block-heading\"><span class=\"ez-toc-section\" id=\"O_que_o_governo_faz_nessas_situacoes\"><\/span>O que o governo faz nessas situa\u00e7\u00f5es?&nbsp;<span class=\"ez-toc-section-end\"><\/span><\/h3>\n\n\n\n<p>Como vimos, as pessoas precisam encontrar meios para dar conta de per\u00edodos complicados, n\u00e3o \u00e9 mesmo?<\/p>\n\n\n\n<p>Redu\u00e7\u00e3o de custos, aumento da renda, procura por mercados mais baratos, substitui\u00e7\u00e3o de alimentos e elimina\u00e7\u00e3o de sup\u00e9rfluos s\u00e3o algumas das medidas adotadas.<\/p>\n\n\n\n<p><strong>Mas e o governo?&nbsp;<\/strong><\/p>\n\n\n\n<p>Segundo o economista Adelar, para baixar a infla\u00e7\u00e3o e gerar crescimento econ\u00f4mico \u00e9 necess\u00e1rio um conjunto de fatores que dependem de a\u00e7\u00f5es do governo, como criar uma boa reserva internacional, realizar reformas, como a tribut\u00e1ria e a trabalhista, e o investimento no mercado interno, atrav\u00e9s de pesquisa e ci\u00eancia.<\/p>\n\n\n\n<p>Desde o Plano Real, no entanto, o Brasil escolheu apenas o controle do IPCA em detrimento do crescimento econ\u00f4mico, aponta o especialista.<\/p>\n\n\n\n<p>\u201cO governo aumenta a <a href=\"https:\/\/warren.com.br\/magazine\/taxa-selic\/\">taxa b\u00e1sica de juros<\/a>, inibindo a demanda e, principalmente, o investimento e o consumo. Quando isso acontece, n\u00e3o gera emprego, nem renda. Vivemos uma economia est\u00e1vel, mas com baixo crescimento\u201d, resume.<\/p>\n\n\n\n<h2 class=\"wp-block-heading\"><span class=\"ez-toc-section\" id=\"Para_os_tempos_dificeis_uma_solucao_reagir_e_investir_em_planejamento\"><\/span>Para os tempos dif\u00edceis, uma solu\u00e7\u00e3o: reagir e investir em planejamento<span class=\"ez-toc-section-end\"><\/span><\/h2>\n\n\n\n<p>Para lidar com a infla\u00e7\u00e3o, a estudante de Engenharia de Alimentos Du\u00e9len Feij\u00f3 tem economizado n\u00e3o s\u00f3 em artigos essenciais, mas tamb\u00e9m nas atividades de lazer.<\/p>\n\n\n\n<p>Mas <strong>\u00e9 com <\/strong><a href=\"https:\/\/warren.com.br\/magazine\/como-comecar-planejamento-financeiro\/\"><strong>planejamento<\/strong><\/a><strong>, colocando suas despesas e receitas em uma planilha, que ela consegue realizar os seus maiores sonhos, como construir um bom patrim\u00f4nio e viajar<\/strong>.&nbsp;<\/p>\n\n\n\n<p>\u201cConsigo guardar quase 20% do meu or\u00e7amento para <a href=\"https:\/\/warren.com.br\/magazine\/reserva-de-emergencia\/\">reserva de emerg\u00eancia<\/a>. Minha ideia \u00e9 que, em caso de necessidade, consiga me manter por uns sete ou oito meses, no m\u00ednimo\u201d, pondera.<\/p>\n\n\n\n<p>E essa postura \u00e9 uma das principais recomendadas por <strong>Mariana Martinewski<\/strong>, especialista em investimentos na Warren, em tempos de crise.<\/p>\n\n\n\n<p>\u201cEm primeiro lugar, \u00e9 preciso <strong>priorizar os custos essenciais e evitar d\u00edvidas<\/strong>. Depois, especialmente em tempos de alta infla\u00e7\u00e3o, \u00e9 preciso pensar em uma reserva de emerg\u00eancia&#8221;.<\/p>\n\n\n\n<p>Na \u00e9poca de hiperinfla\u00e7\u00e3o, Maximiano e Ana Shirlei n\u00e3o tinham acesso a institui\u00e7\u00f5es financeiras, mas, do seu modo,<strong> tentavam colocar em pr\u00e1tica formas de investir<\/strong>: &#8220;A gente tamb\u00e9m dava um jeito de fazer renda extra, vendendo doces e lavando roupa para fora\u201d, relembra Ana Shirlei.<\/p>\n\n\n\n<p>Com esse dinheiro, ao longo de muitos anos, conseguiram comprar outro terreno e construir uma casa para alugar.&nbsp;<\/p>\n\n\n\n<p>\u201c<strong>Todo dinheiro a mais que entrava, a gente guardava para investir em um bem de maior valor. Hoje, a renda do aluguel nos ajuda a ter uma vida mais tranquila, mesmo com as altas nos pre\u00e7os. Tem que sempre pensar nisso, n\u00e9?<\/strong>\u201d, considera a aposentada.&nbsp;<\/p>\n\n\n\n<p>Apesar dessa ser, sim, uma estrat\u00e9gia v\u00e1lida, hoje em dia, com tantas op\u00e7\u00f5es acess\u00edveis, Mariana recomenda tamb\u00e9m que, nesses per\u00edodos de infla\u00e7\u00e3o elevada, as pessoas optem por investimentos que acompanhem o \u00edndice, como t\u00edtulos<strong> IPCA +<\/strong>, ou os que acompanham a taxa Selic, como <a href=\"https:\/\/warren.com.br\/magazine\/cdb\/\"><strong>CDBs<\/strong><\/a> e alguns <a href=\"https:\/\/warren.com.br\/magazine\/tipos-de-fundos-imobiliarios\/\"><strong>fundos imobili\u00e1rios<\/strong><\/a>.<\/p>\n\n\n\n<p>\u201cIsso sem contar, \u00e9 claro, na educa\u00e7\u00e3o financeira familiar. As crian\u00e7as, desde pequenas, devem come\u00e7ar a aprender a economizar e a colaborar para a sa\u00fade das finan\u00e7as\u201d, reflete.<\/p>\n\n\n\n<h2 class=\"wp-block-heading\"><span class=\"ez-toc-section\" id=\"E_quando_a_inflacao_baixar\"><\/span>E quando a infla\u00e7\u00e3o baixar?<span class=\"ez-toc-section-end\"><\/span><\/h2>\n\n\n\n<p>Como projeta o economista Adelar, a tend\u00eancia \u00e9 de melhora na infla\u00e7\u00e3o.<\/p>\n\n\n\n<p>Al\u00e9m disso, \u00e9 poss\u00edvel que crescimentos econ\u00f4micos pontuais ocorram, mas o futuro ainda \u00e9 incerto, especialmente porque 2022 \u00e9 um ano de elei\u00e7\u00f5es presidenciais no pa\u00eds, e o mundo enfrenta, como sabemos, uma grave crise geopol\u00edtica.&nbsp;<\/p>\n\n\n\n<p>Mas tudo indica que a infla\u00e7\u00e3o vai baixar. E com um cen\u00e1rio mais positivo, Du\u00e9len n\u00e3o v\u00ea a hora de voltar a viajar sem tantas preocupa\u00e7\u00f5es. Por\u00e9m, ela sabe que mesmo em&nbsp; tempos de bonan\u00e7a \u00e9 preciso manter um planejamento financeiro constante, para estar preparada para qualquer adversidade.<\/p>\n\n\n\n<p><strong>\u201cPara realizar uma viagem, eu preciso ter um planejamento muito direcionado\u201d, <\/strong>salienta.<\/p>\n\n\n\n<p>J\u00e1 o casal de aposentados espera que, nos pr\u00f3ximos anos, o custo de vida diminua, possibilitando mais passeios e, tamb\u00e9m, algumas reformas na casa.<\/p>\n\n\n\n<p>Mariana ainda adverte que, apesar de ser poss\u00edvel relaxar algumas restri\u00e7\u00f5es or\u00e7ament\u00e1rias na baixa da crise, \u201c<strong>\u00e9 tempo de investir ainda mais, tornando <\/strong><a href=\"https:\/\/warren.com.br\/magazine\/diversificar-seus-investimentos\/\"><strong>a carteira mais diversificada<\/strong><\/a><strong> e garantindo seguran\u00e7a para os momentos mais dif\u00edceis<\/strong>\u201d, conclui.<\/p>\n\n\n\n<p>Na Warren, n\u00f3s sugerimos as melhores carteiras de investimento, de acordo com o seu <a href=\"https:\/\/warren.com.br\/magazine\/perfil-de-investidor\/\">perfil de investidor<\/a> e os seus objetivos de curto, m\u00e9dio e longo prazo.&nbsp;<\/p>\n\n\n\n<p><strong>Quer conhecer o nosso trabalho? <a href=\"https:\/\/warren.com.br\/app\/#\/signup\">Abra sua conta<\/a><\/strong> <strong>e d\u00ea os primeiros passos.<\/strong><\/p>\n\n\n\n<p>Se voc\u00ea gostou da leitura, confira outros artigos que separamos para voc\u00ea:<a href=\"https:\/\/warren.com.br\/magazine\/acumular-patrimonio-sem-preocupacao\/\">&nbsp;<\/a><\/p>\n\n\n\n<ul class=\"wp-block-list\"><li><a href=\"https:\/\/warren.com.br\/magazine\/dicas-para-ganhar-dinheiro\/\">Dicas para ganhar dinheiro e gerar renda extra<\/a><\/li><li><a href=\"https:\/\/warren.com.br\/magazine\/higiene-do-sono\/\">Higiene do sono: a pr\u00e1tica que pode ajudar a dormir melhor<\/a><\/li><li><a href=\"https:\/\/warren.com.br\/magazine\/estresse-financeiro\/\">Estresse financeiro: saiba o que \u00e9 e como aliviar os seus sintomas<\/a><\/li><li><a href=\"https:\/\/warren.com.br\/magazine\/acumular-patrimonio-sem-preocupacao\/\">Investir n\u00e3o precisa ser sin\u00f4nimo de ansiedade: 3 dicas para acumular patrim\u00f4nio sem preocupa\u00e7\u00e3o&nbsp;<\/a><\/li><\/ul>\n","protected":false},"excerpt":{"rendered":"<p>Fechando 2021 com a maior infla\u00e7\u00e3o em seis anos, o Brasil j\u00e1 viveu tempos melhores economicamente \u2014 mas viveu tempos piores tamb\u00e9m!<\/p>\n","protected":false},"author":8,"featured_media":17606,"comment_status":"closed","ping_status":"open","sticky":false,"template":"","format":"standard","meta":{"_acf_changed":false,"footnotes":""},"categories":[1015],"tags":[],"class_list":["post-17539","post","type-post","status-publish","format-standard","has-post-thumbnail","hentry","category-planejamento-financeiro","entry"],"acf":[],"yoast_head":"<!-- This site is optimized with the Yoast SEO plugin v27.5 - https:\/\/yoast.com\/product\/yoast-seo-wordpress\/ -->\n<title>A hist\u00f3ria da infla\u00e7\u00e3o no Brasil: explica\u00e7\u00f5es e relatos de quem viveu na pr\u00e1tica<\/title>\n<meta name=\"description\" content=\"A infla\u00e7\u00e3o voltou a atingir patamares que n\u00e3o eram sentidos h\u00e1 pelo menos seis anos. Mas o cen\u00e1rio j\u00e1 foi muito pior. Nesta reportagem, ouvimos os relatos de quem conviveu com as altas dos pre\u00e7os nas \u00faltimas d\u00e9cadas.\" \/>\n<meta name=\"robots\" content=\"index, follow, max-snippet:-1, max-image-preview:large, max-video-preview:-1\" \/>\n<link rel=\"canonical\" href=\"https:\/\/warren.com.br\/magazine\/historico-da-inflacao\/\" \/>\n<meta property=\"og:locale\" content=\"pt_BR\" \/>\n<meta property=\"og:type\" content=\"article\" \/>\n<meta property=\"og:title\" content=\"A hist\u00f3ria da infla\u00e7\u00e3o no Brasil: explica\u00e7\u00f5es e relatos de quem viveu na pr\u00e1tica\" \/>\n<meta property=\"og:description\" content=\"A infla\u00e7\u00e3o voltou a atingir patamares que n\u00e3o eram sentidos h\u00e1 pelo menos seis anos. Mas o cen\u00e1rio j\u00e1 foi muito pior. Nesta reportagem, ouvimos os relatos de quem conviveu com as altas dos pre\u00e7os nas \u00faltimas d\u00e9cadas.\" \/>\n<meta property=\"og:url\" content=\"https:\/\/warren.com.br\/magazine\/historico-da-inflacao\/\" \/>\n<meta property=\"og:site_name\" content=\"Warren Magazine\" \/>\n<meta property=\"article:publisher\" content=\"https:\/\/www.facebook.com\/warrenbrasil\/\" \/>\n<meta property=\"article:published_time\" content=\"2022-04-12T18:16:26+00:00\" \/>\n<meta property=\"article:modified_time\" content=\"2023-08-03T00:55:15+00:00\" \/>\n<meta property=\"og:image\" content=\"https:\/\/warren.com.br\/magazine\/wp-content\/uploads\/2022\/04\/historia-da-inflacao-1.jpg\" \/>\n\t<meta property=\"og:image:width\" content=\"1800\" \/>\n\t<meta property=\"og:image:height\" content=\"1225\" \/>\n\t<meta property=\"og:image:type\" content=\"image\/jpeg\" \/>\n<meta name=\"author\" content=\"Reda\u00e7\u00e3o Warren\" \/>\n<meta name=\"twitter:card\" content=\"summary_large_image\" \/>\n<meta name=\"twitter:creator\" content=\"@warrenbrasil\" \/>\n<meta name=\"twitter:site\" content=\"@warrenbrasil\" \/>\n<meta name=\"twitter:label1\" content=\"Escrito por\" \/>\n\t<meta name=\"twitter:data1\" content=\"Reda\u00e7\u00e3o Warren\" \/>\n\t<meta name=\"twitter:label2\" content=\"Est. tempo de leitura\" \/>\n\t<meta name=\"twitter:data2\" content=\"18 minutos\" \/>\n<!-- \/ Yoast SEO plugin. -->","yoast_head_json":{"title":"A hist\u00f3ria da infla\u00e7\u00e3o no Brasil: explica\u00e7\u00f5es e relatos de quem viveu na pr\u00e1tica","description":"A infla\u00e7\u00e3o voltou a atingir patamares que n\u00e3o eram sentidos h\u00e1 pelo menos seis anos. Mas o cen\u00e1rio j\u00e1 foi muito pior. Nesta reportagem, ouvimos os relatos de quem conviveu com as altas dos pre\u00e7os nas \u00faltimas d\u00e9cadas.","robots":{"index":"index","follow":"follow","max-snippet":"max-snippet:-1","max-image-preview":"max-image-preview:large","max-video-preview":"max-video-preview:-1"},"canonical":"https:\/\/warren.com.br\/magazine\/historico-da-inflacao\/","og_locale":"pt_BR","og_type":"article","og_title":"A hist\u00f3ria da infla\u00e7\u00e3o no Brasil: explica\u00e7\u00f5es e relatos de quem viveu na pr\u00e1tica","og_description":"A infla\u00e7\u00e3o voltou a atingir patamares que n\u00e3o eram sentidos h\u00e1 pelo menos seis anos. Mas o cen\u00e1rio j\u00e1 foi muito pior. Nesta reportagem, ouvimos os relatos de quem conviveu com as altas dos pre\u00e7os nas \u00faltimas d\u00e9cadas.","og_url":"https:\/\/warren.com.br\/magazine\/historico-da-inflacao\/","og_site_name":"Warren Magazine","article_publisher":"https:\/\/www.facebook.com\/warrenbrasil\/","article_published_time":"2022-04-12T18:16:26+00:00","article_modified_time":"2023-08-03T00:55:15+00:00","og_image":[{"width":1800,"height":1225,"url":"https:\/\/warren.com.br\/magazine\/wp-content\/uploads\/2022\/04\/historia-da-inflacao-1.jpg","type":"image\/jpeg"}],"author":"Reda\u00e7\u00e3o Warren","twitter_card":"summary_large_image","twitter_creator":"@warrenbrasil","twitter_site":"@warrenbrasil","twitter_misc":{"Escrito por":"Reda\u00e7\u00e3o Warren","Est. tempo de leitura":"18 minutos"},"schema":{"@context":"https:\/\/schema.org","@graph":[{"@type":"NewsArticle","@id":"https:\/\/warren.com.br\/magazine\/historico-da-inflacao\/#article","isPartOf":{"@id":"https:\/\/warren.com.br\/magazine\/historico-da-inflacao\/"},"author":{"name":"Reda\u00e7\u00e3o Warren","@id":"https:\/\/warren.com.br\/magazine\/#\/schema\/person\/6ab5c3002c3fbf4a167e69ed8a2b228c"},"headline":"A hist\u00f3ria da infla\u00e7\u00e3o brasileira, contada por quem a enfrentou nas \u00faltimas d\u00e9cadas","datePublished":"2022-04-12T18:16:26+00:00","dateModified":"2023-08-03T00:55:15+00:00","mainEntityOfPage":{"@id":"https:\/\/warren.com.br\/magazine\/historico-da-inflacao\/"},"wordCount":3435,"publisher":{"@id":"https:\/\/warren.com.br\/magazine\/#organization"},"image":{"@id":"https:\/\/warren.com.br\/magazine\/historico-da-inflacao\/#primaryimage"},"thumbnailUrl":"https:\/\/warren.com.br\/magazine\/wp-content\/uploads\/2022\/04\/historia-da-inflacao-1.jpg","articleSection":["Planejamento financeiro"],"inLanguage":"pt-BR"},{"@type":"WebPage","@id":"https:\/\/warren.com.br\/magazine\/historico-da-inflacao\/","url":"https:\/\/warren.com.br\/magazine\/historico-da-inflacao\/","name":"A hist\u00f3ria da infla\u00e7\u00e3o no Brasil: explica\u00e7\u00f5es e relatos de quem viveu na pr\u00e1tica","isPartOf":{"@id":"https:\/\/warren.com.br\/magazine\/#website"},"primaryImageOfPage":{"@id":"https:\/\/warren.com.br\/magazine\/historico-da-inflacao\/#primaryimage"},"image":{"@id":"https:\/\/warren.com.br\/magazine\/historico-da-inflacao\/#primaryimage"},"thumbnailUrl":"https:\/\/warren.com.br\/magazine\/wp-content\/uploads\/2022\/04\/historia-da-inflacao-1.jpg","datePublished":"2022-04-12T18:16:26+00:00","dateModified":"2023-08-03T00:55:15+00:00","description":"A infla\u00e7\u00e3o voltou a atingir patamares que n\u00e3o eram sentidos h\u00e1 pelo menos seis anos. Mas o cen\u00e1rio j\u00e1 foi muito pior. Nesta reportagem, ouvimos os relatos de quem conviveu com as altas dos pre\u00e7os nas \u00faltimas d\u00e9cadas.","inLanguage":"pt-BR","potentialAction":[{"@type":"ReadAction","target":["https:\/\/warren.com.br\/magazine\/historico-da-inflacao\/"]}]},{"@type":"ImageObject","inLanguage":"pt-BR","@id":"https:\/\/warren.com.br\/magazine\/historico-da-inflacao\/#primaryimage","url":"https:\/\/warren.com.br\/magazine\/wp-content\/uploads\/2022\/04\/historia-da-inflacao-1.jpg","contentUrl":"https:\/\/warren.com.br\/magazine\/wp-content\/uploads\/2022\/04\/historia-da-inflacao-1.jpg","width":1800,"height":1225,"caption":"historia da inflacao 1"},{"@type":"WebSite","@id":"https:\/\/warren.com.br\/magazine\/#website","url":"https:\/\/warren.com.br\/magazine\/","name":"Warren Magazine","description":"","publisher":{"@id":"https:\/\/warren.com.br\/magazine\/#organization"},"potentialAction":[{"@type":"SearchAction","target":{"@type":"EntryPoint","urlTemplate":"https:\/\/warren.com.br\/magazine\/?s={search_term_string}"},"query-input":{"@type":"PropertyValueSpecification","valueRequired":true,"valueName":"search_term_string"}}],"inLanguage":"pt-BR"},{"@type":"Organization","@id":"https:\/\/warren.com.br\/magazine\/#organization","name":"Warren Magazine","url":"https:\/\/warren.com.br\/magazine\/","logo":{"@type":"ImageObject","inLanguage":"pt-BR","@id":"https:\/\/warren.com.br\/magazine\/#\/schema\/logo\/image\/","url":"https:\/\/warren.com.br\/magazine\/wp-content\/uploads\/2023\/06\/ThumbMagazine.jpg","contentUrl":"https:\/\/warren.com.br\/magazine\/wp-content\/uploads\/2023\/06\/ThumbMagazine.jpg","width":2400,"height":1260,"caption":"Warren Magazine"},"image":{"@id":"https:\/\/warren.com.br\/magazine\/#\/schema\/logo\/image\/"},"sameAs":["https:\/\/www.facebook.com\/warrenbrasil\/","https:\/\/x.com\/warrenbrasil","https:\/\/www.instagram.com\/warrenbrasil\/","https:\/\/www.linkedin.com\/company\/warrenbrasil\/","https:\/\/www.youtube.com\/channel\/UCqIO5twa50iGz2wT5cGS-XQ"]},{"@type":"Person","@id":"https:\/\/warren.com.br\/magazine\/#\/schema\/person\/6ab5c3002c3fbf4a167e69ed8a2b228c","name":"Reda\u00e7\u00e3o Warren","image":{"@type":"ImageObject","inLanguage":"pt-BR","@id":"https:\/\/warren.com.br\/magazine\/wp-content\/uploads\/2023\/12\/Instagram-avatar-96x96.png","url":"https:\/\/warren.com.br\/magazine\/wp-content\/uploads\/2023\/12\/Instagram-avatar-96x96.png","contentUrl":"https:\/\/warren.com.br\/magazine\/wp-content\/uploads\/2023\/12\/Instagram-avatar-96x96.png","caption":"Reda\u00e7\u00e3o Warren"},"url":"https:\/\/warren.com.br\/magazine\/author\/redacao-warren\/"}]}},"_links":{"self":[{"href":"https:\/\/warren.com.br\/magazine\/wp-json\/wp\/v2\/posts\/17539","targetHints":{"allow":["GET"]}}],"collection":[{"href":"https:\/\/warren.com.br\/magazine\/wp-json\/wp\/v2\/posts"}],"about":[{"href":"https:\/\/warren.com.br\/magazine\/wp-json\/wp\/v2\/types\/post"}],"author":[{"embeddable":true,"href":"https:\/\/warren.com.br\/magazine\/wp-json\/wp\/v2\/users\/8"}],"replies":[{"embeddable":true,"href":"https:\/\/warren.com.br\/magazine\/wp-json\/wp\/v2\/comments?post=17539"}],"version-history":[{"count":12,"href":"https:\/\/warren.com.br\/magazine\/wp-json\/wp\/v2\/posts\/17539\/revisions"}],"predecessor-version":[{"id":17700,"href":"https:\/\/warren.com.br\/magazine\/wp-json\/wp\/v2\/posts\/17539\/revisions\/17700"}],"wp:featuredmedia":[{"embeddable":true,"href":"https:\/\/warren.com.br\/magazine\/wp-json\/wp\/v2\/media\/17606"}],"wp:attachment":[{"href":"https:\/\/warren.com.br\/magazine\/wp-json\/wp\/v2\/media?parent=17539"}],"wp:term":[{"taxonomy":"category","embeddable":true,"href":"https:\/\/warren.com.br\/magazine\/wp-json\/wp\/v2\/categories?post=17539"},{"taxonomy":"post_tag","embeddable":true,"href":"https:\/\/warren.com.br\/magazine\/wp-json\/wp\/v2\/tags?post=17539"}],"curies":[{"name":"wp","href":"https:\/\/api.w.org\/{rel}","templated":true}]}}