{"id":17673,"date":"2022-04-19T15:47:38","date_gmt":"2022-04-19T18:47:38","guid":{"rendered":"https:\/\/warren.com.br\/magazine\/?p=17673"},"modified":"2023-08-02T21:48:04","modified_gmt":"2023-08-03T00:48:04","slug":"mes-atipico","status":"publish","type":"post","link":"https:\/\/warren.com.br\/magazine\/mes-atipico\/","title":{"rendered":"O mito do m\u00eas at\u00edpico"},"content":{"rendered":"<div id=\"playht-iframe-wrapper\" style=\"max-height: 210px !important;\">\n\t<iframe\n\tscrolling=\"no\"\n\tclass=\"playht-iframe-player\"\n\tid=\"playht-iframe-player\"\n\theight=\"90px\"\n\twidth=\"100%\"\n\tframeborder=\"0\"\n\tstyle=\"max-height: 90px; height: 90px !important;\"\n\tsrc=\"https:\/\/play.ht\/embed\/?article_url=https:\/\/warren.com.br\/magazine\/?p=17673&voice=pt-BR-FranciscaNeural&appId=l7OQ6uC_zK&trans_id=-N1sYRFKRuZ6zLiuVQwm\"\n\tdata-voice=\"pt-BR-FranciscaNeural\"\n\tarticle-url=\"https:\/\/warren.com.br\/magazine\/?p=17673\"\n\tdata-appId=\"l7OQ6uC_zK\"\n\tallowfullscreen=\"\">\n\t<\/iframe>\n<\/div>\n\n<p>Quando o assunto \u00e9 finan\u00e7as pessoais, uma das queixas mais frequentes se refere ao rombo no or\u00e7amento causado por <strong>gastos excepcionais<\/strong>.<\/p>\n\n\n\n<p>Existe at\u00e9 uma express\u00e3o para descrever esses momentos em que os gastos fogem da esperada normalidade: <strong>m\u00eas at\u00edpico<\/strong>.<\/p>\n\n\n\n<p>O tal do m\u00eas at\u00edpico geralmente \u00e9 associado a situa\u00e7\u00f5es que demandam um gasto maior de dinheiro com itens que n\u00e3o fazem parte da rotina, como consultas, viagens, eventos e anivers\u00e1rios.<\/p>\n\n\n\n<p>Um detalhe curioso nessa hist\u00f3ria do m\u00eas at\u00edpico \u00e9 que, ao longo do ano, o discurso de atribuir o custo de vida elevado a alguma excepcionalidade que n\u00e3o ocorrer\u00e1 novamente costuma aparecer <strong>v\u00e1rias e v\u00e1rias vezes.<\/strong><\/p>\n\n\n\n<p>De tanto ouvir as pessoas comentando sobre meses at\u00edpicos, um questionamento passou a me inquietar: como algo que \u00e9 supostamente at\u00edpico acontece com tanta frequ\u00eancia?&nbsp;<\/p>\n\n\n\n<p>Ao notar que a dita exce\u00e7\u00e3o era uma regra, a minha conclus\u00e3o foi de que o famoso m\u00eas at\u00edpico, na verdade, n\u00e3o existe.&nbsp;&nbsp;<\/p>\n\n\n\n<p><strong>O mito do m\u00eas at\u00edpico sup\u00f5e que todos os outros meses seguem uma regularidade.<\/strong> Se essa premissa fosse verdadeira, o custo de vida seria razoavelmente constante, mas a realidade \u00e9 bem diferente desse padr\u00e3o imagin\u00e1rio.<\/p>\n\n\n\n<p>Os gastos mensais com moradia, transporte, alimenta\u00e7\u00e3o, lazer e demais itens da rotina comp\u00f5em boa parte do or\u00e7amento, mas existem outros gastos que tamb\u00e9m precisam ser considerados nessa conta, mesmo n\u00e3o sendo recorrentes.<\/p>\n\n\n\n<p>Nosso custo de vida oscila significativamente ao longo do ano por conta de celebra\u00e7\u00f5es, datas comemorativas, f\u00e9rias, procedimentos m\u00e9dicos e demais gastos que podem ser chamados de eventuais, sazonais ou espor\u00e1dicos.<\/p>\n\n\n\n<p><strong>Se as despesas eventuais s\u00e3o desconsideradas, o pr\u00f3prio custo de vida \u00e9 subestimado. <\/strong>Com essa percep\u00e7\u00e3o distorcida sobre a propor\u00e7\u00e3o dos gastos, o risco de assumir compromissos financeiros invi\u00e1veis \u00e9 alt\u00edssimo, o que pode gerar d\u00edvidas e comprometer o <a href=\"https:\/\/warren.com.br\/magazine\/bem-estar-financeiro\/\">bem-estar financeiro<\/a> e a capacidade de <a href=\"https:\/\/warren.com.br\/magazine\/como-guardar-dinheiro\/\">poupar<\/a>.<\/p>\n\n\n\n<p>Quando sugiro que seja feita uma lista dos gastos eventuais para cada m\u00eas do ano, as pessoas costumam sentir dificuldade em lembrar destas poss\u00edveis despesas, justamente por n\u00e3o terem o h\u00e1bito do planejamento.<\/p>\n\n\n\n<p>Para facilitar esse exerc\u00edcio, compartilho aqui uma lista dos gastos eventuais que voc\u00ea n\u00e3o pode esquecer de incluir no seu or\u00e7amento.<\/p>\n\n\n\n<p><strong>Anivers\u00e1rios: <\/strong>o seu e os de pessoas queridas \u00e0s quais voc\u00ea costuma dar presentes ou comparecer nas festas. Lembre tamb\u00e9m do anivers\u00e1rio de namoro\/casamento, se for o caso.<\/p>\n\n\n\n<p><strong>Datas comemorativas:<\/strong> Carnaval, P\u00e1scoa, Dia das M\u00e3es, Festa Junina, Dia dos Namorados, Dia dos Pais, Dia das Crian\u00e7as, Black Friday, Natal e Reveillon.<\/p>\n\n\n\n<p><strong>Consultas:<\/strong> dentista, nutricionista, psiquiatra e demais profissionais particulares com frequ\u00eancia peri\u00f3dica.<\/p>\n\n\n\n<p><strong>Carro:<\/strong> IPVA, licenciamento, seguro e revis\u00e3o.<\/p>\n\n\n\n<p><strong>Est\u00e9tica:<\/strong> corte de cabelo e demais procedimentos est\u00e9ticos.<\/p>\n\n\n\n<p><strong>Feriados:<\/strong> viagens e passeios.<\/p>\n\n\n\n<p><strong>Vestu\u00e1rio: <\/strong>compras sazonais, como no in\u00edcio de cada esta\u00e7\u00e3o ou antes do Natal, por exemplo.<\/p>\n\n\n\n<p><strong>Eventos:<\/strong> shows, congressos e exposi\u00e7\u00f5es.<\/p>\n\n\n\n<p><strong>Escola:<\/strong> matr\u00edcula, material escolar e uniforme.<\/p>\n\n\n\n<p>Como voc\u00ea notou, <strong>a lista \u00e9 longa<\/strong> e, olhando para ela, \u00e9 poss\u00edvel constatar o qu\u00e3o ilus\u00f3ria \u00e9 a ideia de que o custo de vida se resume aos gastos rotineiros.<\/p>\n\n\n\n<p>Cada m\u00eas tem uma din\u00e2mica de gastos diferente \u2014 e o seu<strong> planejamento financeiro<\/strong> precisa considerar as despesas espec\u00edficas de cada \u00e9poca do ano para evitar sustos com esses gastos que parecem imprevistos, mas j\u00e1 t\u00eam data e hora marcada para acontecer.<\/p>\n\n\n\n<p><strong>N\u00e3o existe m\u00eas at\u00edpico porque n\u00e3o existe m\u00eas t\u00edpico.<\/strong><\/p>\n\n\n\n<p>At\u00e9 o pr\u00f3ximo texto!<\/p>\n\n\n\n<hr class=\"wp-block-separator\"\/>\n\n\n\n<p><strong>Continue a leitura na Warren Magazine:<\/strong><\/p>\n\n\n\n<ul class=\"wp-block-list\"><li><a href=\"https:\/\/warren.com.br\/magazine\/reflexao-tir\/\">Do carrinho de pipoca \u00e0s empresas da bolsa, uma reflex\u00e3o sobre a TIR<\/a><\/li><li><a href=\"https:\/\/warren.com.br\/magazine\/acumular-patrimonio-sem-preocupacao\/\">3 dicas para acumular patrim\u00f4nio sem preocupa\u00e7\u00e3o<\/a><\/li><li><a href=\"https:\/\/warren.com.br\/magazine\/reserva-de-emergencia\/\">Reserva de emerg\u00eancia: como montar, quanto guardar e onde investir [guia]<\/a><\/li><\/ul>\n\n\n\n<p><em>Os posicionamentos e an\u00e1lises neste artigo s\u00e3o responsabilidade do colunista e n\u00e3o refletem necessariamente a opini\u00e3o da Warren.<\/em><\/p>\n","protected":false},"excerpt":{"rendered":"<p>Quando o assunto \u00e9 finan\u00e7as pessoais, uma das queixas mais frequentes se refere ao rombo no or\u00e7amento causado por gastos excepcionais.<\/p>\n","protected":false},"author":56,"featured_media":17674,"comment_status":"closed","ping_status":"open","sticky":false,"template":"","format":"standard","meta":{"_acf_changed":false,"footnotes":""},"categories":[1015],"tags":[],"class_list":["post-17673","post","type-post","status-publish","format-standard","has-post-thumbnail","hentry","category-planejamento-financeiro","entry"],"acf":[],"yoast_head":"<!-- This site is optimized with the Yoast SEO plugin v27.5 - https:\/\/yoast.com\/product\/yoast-seo-wordpress\/ -->\n<title>Fred Marques: O mito do m\u00eas at\u00edpico<\/title>\n<meta name=\"description\" content=\"O mito do m\u00eas at\u00edpico sup\u00f5e que todos os outros meses seguem uma regularidade. Mas ser\u00e1 que \u00e9 esse o caso mesmo?\" \/>\n<meta name=\"robots\" content=\"index, follow, max-snippet:-1, max-image-preview:large, max-video-preview:-1\" \/>\n<link rel=\"canonical\" href=\"https:\/\/warren.com.br\/magazine\/mes-atipico\/\" \/>\n<meta property=\"og:locale\" content=\"pt_BR\" \/>\n<meta property=\"og:type\" content=\"article\" \/>\n<meta property=\"og:title\" content=\"Fred Marques: O mito do m\u00eas at\u00edpico\" \/>\n<meta property=\"og:description\" content=\"O mito do m\u00eas at\u00edpico sup\u00f5e que todos os outros meses seguem uma regularidade. Mas ser\u00e1 que \u00e9 esse o caso mesmo?\" \/>\n<meta property=\"og:url\" content=\"https:\/\/warren.com.br\/magazine\/mes-atipico\/\" \/>\n<meta property=\"og:site_name\" content=\"Warren Magazine\" \/>\n<meta property=\"article:publisher\" content=\"https:\/\/www.facebook.com\/warrenbrasil\/\" \/>\n<meta property=\"article:published_time\" content=\"2022-04-19T18:47:38+00:00\" \/>\n<meta property=\"article:modified_time\" content=\"2023-08-03T00:48:04+00:00\" \/>\n<meta property=\"og:image\" content=\"https:\/\/warren.com.br\/magazine\/wp-content\/uploads\/2022\/04\/mes-atipico.jpg\" \/>\n\t<meta property=\"og:image:width\" content=\"1800\" \/>\n\t<meta property=\"og:image:height\" content=\"1225\" \/>\n\t<meta property=\"og:image:type\" content=\"image\/jpeg\" \/>\n<meta name=\"author\" content=\"Fred Marques\" \/>\n<meta name=\"twitter:card\" content=\"summary_large_image\" \/>\n<meta name=\"twitter:creator\" content=\"@warrenbrasil\" \/>\n<meta name=\"twitter:site\" content=\"@warrenbrasil\" \/>\n<meta name=\"twitter:label1\" content=\"Escrito por\" \/>\n\t<meta name=\"twitter:data1\" content=\"Fred Marques\" \/>\n\t<meta name=\"twitter:label2\" content=\"Est. tempo de leitura\" \/>\n\t<meta name=\"twitter:data2\" content=\"4 minutos\" \/>\n<!-- \/ Yoast SEO plugin. -->","yoast_head_json":{"title":"Fred Marques: O mito do m\u00eas at\u00edpico","description":"O mito do m\u00eas at\u00edpico sup\u00f5e que todos os outros meses seguem uma regularidade. Mas ser\u00e1 que \u00e9 esse o caso mesmo?","robots":{"index":"index","follow":"follow","max-snippet":"max-snippet:-1","max-image-preview":"max-image-preview:large","max-video-preview":"max-video-preview:-1"},"canonical":"https:\/\/warren.com.br\/magazine\/mes-atipico\/","og_locale":"pt_BR","og_type":"article","og_title":"Fred Marques: O mito do m\u00eas at\u00edpico","og_description":"O mito do m\u00eas at\u00edpico sup\u00f5e que todos os outros meses seguem uma regularidade. Mas ser\u00e1 que \u00e9 esse o caso mesmo?","og_url":"https:\/\/warren.com.br\/magazine\/mes-atipico\/","og_site_name":"Warren Magazine","article_publisher":"https:\/\/www.facebook.com\/warrenbrasil\/","article_published_time":"2022-04-19T18:47:38+00:00","article_modified_time":"2023-08-03T00:48:04+00:00","og_image":[{"width":1800,"height":1225,"url":"https:\/\/warren.com.br\/magazine\/wp-content\/uploads\/2022\/04\/mes-atipico.jpg","type":"image\/jpeg"}],"author":"Fred Marques","twitter_card":"summary_large_image","twitter_creator":"@warrenbrasil","twitter_site":"@warrenbrasil","twitter_misc":{"Escrito por":"Fred Marques","Est. tempo de leitura":"4 minutos"},"schema":{"@context":"https:\/\/schema.org","@graph":[{"@type":"NewsArticle","@id":"https:\/\/warren.com.br\/magazine\/mes-atipico\/#article","isPartOf":{"@id":"https:\/\/warren.com.br\/magazine\/mes-atipico\/"},"author":{"name":"Fred Marques","@id":"https:\/\/warren.com.br\/magazine\/#\/schema\/person\/06a67c1eac62ef849b9f4155a9e6c42c"},"headline":"O mito do m\u00eas at\u00edpico","datePublished":"2022-04-19T18:47:38+00:00","dateModified":"2023-08-03T00:48:04+00:00","mainEntityOfPage":{"@id":"https:\/\/warren.com.br\/magazine\/mes-atipico\/"},"wordCount":689,"publisher":{"@id":"https:\/\/warren.com.br\/magazine\/#organization"},"image":{"@id":"https:\/\/warren.com.br\/magazine\/mes-atipico\/#primaryimage"},"thumbnailUrl":"https:\/\/warren.com.br\/magazine\/wp-content\/uploads\/2022\/04\/mes-atipico.jpg","articleSection":["Planejamento financeiro"],"inLanguage":"pt-BR"},{"@type":"WebPage","@id":"https:\/\/warren.com.br\/magazine\/mes-atipico\/","url":"https:\/\/warren.com.br\/magazine\/mes-atipico\/","name":"Fred Marques: O mito do m\u00eas at\u00edpico","isPartOf":{"@id":"https:\/\/warren.com.br\/magazine\/#website"},"primaryImageOfPage":{"@id":"https:\/\/warren.com.br\/magazine\/mes-atipico\/#primaryimage"},"image":{"@id":"https:\/\/warren.com.br\/magazine\/mes-atipico\/#primaryimage"},"thumbnailUrl":"https:\/\/warren.com.br\/magazine\/wp-content\/uploads\/2022\/04\/mes-atipico.jpg","datePublished":"2022-04-19T18:47:38+00:00","dateModified":"2023-08-03T00:48:04+00:00","description":"O mito do m\u00eas at\u00edpico sup\u00f5e que todos os outros meses seguem uma regularidade. Mas ser\u00e1 que \u00e9 esse o caso mesmo?","inLanguage":"pt-BR","potentialAction":[{"@type":"ReadAction","target":["https:\/\/warren.com.br\/magazine\/mes-atipico\/"]}]},{"@type":"ImageObject","inLanguage":"pt-BR","@id":"https:\/\/warren.com.br\/magazine\/mes-atipico\/#primaryimage","url":"https:\/\/warren.com.br\/magazine\/wp-content\/uploads\/2022\/04\/mes-atipico.jpg","contentUrl":"https:\/\/warren.com.br\/magazine\/wp-content\/uploads\/2022\/04\/mes-atipico.jpg","width":1800,"height":1225,"caption":"mes atipico"},{"@type":"WebSite","@id":"https:\/\/warren.com.br\/magazine\/#website","url":"https:\/\/warren.com.br\/magazine\/","name":"Warren Magazine","description":"","publisher":{"@id":"https:\/\/warren.com.br\/magazine\/#organization"},"potentialAction":[{"@type":"SearchAction","target":{"@type":"EntryPoint","urlTemplate":"https:\/\/warren.com.br\/magazine\/?s={search_term_string}"},"query-input":{"@type":"PropertyValueSpecification","valueRequired":true,"valueName":"search_term_string"}}],"inLanguage":"pt-BR"},{"@type":"Organization","@id":"https:\/\/warren.com.br\/magazine\/#organization","name":"Warren Magazine","url":"https:\/\/warren.com.br\/magazine\/","logo":{"@type":"ImageObject","inLanguage":"pt-BR","@id":"https:\/\/warren.com.br\/magazine\/#\/schema\/logo\/image\/","url":"https:\/\/warren.com.br\/magazine\/wp-content\/uploads\/2023\/06\/ThumbMagazine.jpg","contentUrl":"https:\/\/warren.com.br\/magazine\/wp-content\/uploads\/2023\/06\/ThumbMagazine.jpg","width":2400,"height":1260,"caption":"Warren Magazine"},"image":{"@id":"https:\/\/warren.com.br\/magazine\/#\/schema\/logo\/image\/"},"sameAs":["https:\/\/www.facebook.com\/warrenbrasil\/","https:\/\/x.com\/warrenbrasil","https:\/\/www.instagram.com\/warrenbrasil\/","https:\/\/www.linkedin.com\/company\/warrenbrasil\/","https:\/\/www.youtube.com\/channel\/UCqIO5twa50iGz2wT5cGS-XQ"]},{"@type":"Person","@id":"https:\/\/warren.com.br\/magazine\/#\/schema\/person\/06a67c1eac62ef849b9f4155a9e6c42c","name":"Fred Marques","image":{"@type":"ImageObject","inLanguage":"pt-BR","@id":"https:\/\/warren.com.br\/magazine\/wp-content\/uploads\/2022\/01\/fred-marques-96x96.png","url":"https:\/\/warren.com.br\/magazine\/wp-content\/uploads\/2022\/01\/fred-marques-96x96.png","contentUrl":"https:\/\/warren.com.br\/magazine\/wp-content\/uploads\/2022\/01\/fred-marques-96x96.png","caption":"Fred Marques"},"description":"Tamb\u00e9m conhecido como o \u201cquerido consultor financeiro\u201d, Fred \u00e9 especialista em investimentos com certifica\u00e7\u00e3o CEA, al\u00e9m de ser formado em Psicologia pela UFSC. J\u00e1 orientou centenas de clientes, unindo o universo das ci\u00eancias humanas \u00e0s pr\u00e1ticas do planejamento financeiro.","sameAs":["https:\/\/www.instagram.com\/ofredmarques\/"],"url":"https:\/\/warren.com.br\/magazine\/author\/fred-marques\/"}]}},"_links":{"self":[{"href":"https:\/\/warren.com.br\/magazine\/wp-json\/wp\/v2\/posts\/17673","targetHints":{"allow":["GET"]}}],"collection":[{"href":"https:\/\/warren.com.br\/magazine\/wp-json\/wp\/v2\/posts"}],"about":[{"href":"https:\/\/warren.com.br\/magazine\/wp-json\/wp\/v2\/types\/post"}],"author":[{"embeddable":true,"href":"https:\/\/warren.com.br\/magazine\/wp-json\/wp\/v2\/users\/56"}],"replies":[{"embeddable":true,"href":"https:\/\/warren.com.br\/magazine\/wp-json\/wp\/v2\/comments?post=17673"}],"version-history":[{"count":6,"href":"https:\/\/warren.com.br\/magazine\/wp-json\/wp\/v2\/posts\/17673\/revisions"}],"predecessor-version":[{"id":17821,"href":"https:\/\/warren.com.br\/magazine\/wp-json\/wp\/v2\/posts\/17673\/revisions\/17821"}],"wp:featuredmedia":[{"embeddable":true,"href":"https:\/\/warren.com.br\/magazine\/wp-json\/wp\/v2\/media\/17674"}],"wp:attachment":[{"href":"https:\/\/warren.com.br\/magazine\/wp-json\/wp\/v2\/media?parent=17673"}],"wp:term":[{"taxonomy":"category","embeddable":true,"href":"https:\/\/warren.com.br\/magazine\/wp-json\/wp\/v2\/categories?post=17673"},{"taxonomy":"post_tag","embeddable":true,"href":"https:\/\/warren.com.br\/magazine\/wp-json\/wp\/v2\/tags?post=17673"}],"curies":[{"name":"wp","href":"https:\/\/api.w.org\/{rel}","templated":true}]}}