{"id":17824,"date":"2022-04-26T16:54:49","date_gmt":"2022-04-26T19:54:49","guid":{"rendered":"https:\/\/warren.com.br\/magazine\/?p=17824"},"modified":"2023-08-02T21:48:03","modified_gmt":"2023-08-03T00:48:03","slug":"reserva-emergencia-quitar-dividas","status":"publish","type":"post","link":"https:\/\/warren.com.br\/magazine\/reserva-emergencia-quitar-dividas\/","title":{"rendered":"Criar uma reserva de emerg\u00eancia ou quitar as d\u00edvidas?"},"content":{"rendered":"<div id=\"playht-iframe-wrapper\" style=\"max-height: 210px !important;\">\n\t<iframe\n\tscrolling=\"no\"\n\tclass=\"playht-iframe-player\"\n\tid=\"playht-iframe-player\"\n\theight=\"90px\"\n\twidth=\"100%\"\n\tframeborder=\"0\"\n\tstyle=\"max-height: 90px; height: 90px !important;\"\n\tsrc=\"https:\/\/play.ht\/embed\/?article_url=https:\/\/warren.com.br\/magazine\/?p=17824&voice=pt-BR-FranciscaNeural&appId=l7OQ6uC_zK&trans_id=-N1FfGi9BnC916fyToyN\"\n\tdata-voice=\"pt-BR-FranciscaNeural\"\n\tarticle-url=\"https:\/\/warren.com.br\/magazine\/?p=17824\"\n\tdata-appId=\"l7OQ6uC_zK\"\n\tallowfullscreen=\"\">\n\t<\/iframe>\n<\/div>\n\n<p>Ter uma vida financeira mais tranquila e equilibrada deve ser prioridade, por isso, a <a href=\"https:\/\/warren.com.br\/magazine\/reserva-de-emergencia\/\" target=\"_blank\" rel=\"noreferrer noopener\">reserva de emerg\u00eancia<\/a> \u00e9 o passo inicial no mundo dos investimentos.&nbsp;<\/p>\n\n\n\n<p>O objetivo dessa reserva \u00e9 <strong>defender o seu or\u00e7amento perante qualquer situa\u00e7\u00e3o imprevista<\/strong> \u2014 seja o conserto que o seguro do seu carro n\u00e3o cobre, problemas de sa\u00fade, perda do sal\u00e1rio mensal, e por a\u00ed vai.<\/p>\n\n\n\n<p>Dada a import\u00e2ncia da acumula\u00e7\u00e3o dessa reserva, \u00e9 necess\u00e1rio fazer uma<strong> <\/strong>an\u00e1lise do or\u00e7amento e estrutura da renda familiar para chegar ao valor ideal.<\/p>\n\n\n\n<p>Falamos muito sobre reserva de emerg\u00eancia aqui no portal, ent\u00e3o talvez voc\u00ea j\u00e1 saiba: a recomenda\u00e7\u00e3o \u00e9 que ela tenha entre <strong>3 e 12 meses do valor mensal das despesas<\/strong>, sendo 6 meses o prazo mais pratic\u00e1vel.&nbsp;<\/p>\n\n\n\n<p>Outro ponto importante ao construir essa reserva \u00e9 avaliar o <strong>padr\u00e3o de vida<\/strong>, ou seja, ter clareza sobre o que poderia ser reduzido em uma situa\u00e7\u00e3o de emerg\u00eancia.&nbsp;<\/p>\n\n\n\n<p>Agora, digamos que voc\u00ea esteja avaliando a constru\u00e7\u00e3o da sua reserva de emerg\u00eancia, mas possui d\u00edvidas. Como estimar o tamanho dela?<\/p>\n\n\n\n<p>Primeiramente, voc\u00ea deve <strong>listar todas as suas despesas mensais<\/strong>. Esse \u00e9 o primeiro&nbsp; exerc\u00edcio para a estrutura\u00e7\u00e3o do valor de reserva necess\u00e1rio.&nbsp;<\/p>\n\n\n\n<p>Com a lista em m\u00e3os, <strong>veja se \u00e9 poss\u00edvel reduzir algumas despesas<\/strong>, como o custo de alimenta\u00e7\u00e3o ou assinaturas de <em>streamings<\/em>.&nbsp;<\/p>\n\n\n\n<p>Por que \u00e9 importante reduzir despesas nesse momento?<\/p>\n\n\n\n<p>Essa redu\u00e7\u00e3o vai auxiliar voc\u00ea a acumular mais dinheiro a cada m\u00eas e, como consequ\u00eancia, voc\u00ea poder\u00e1 utiliz\u00e1-lo na antecipa\u00e7\u00e3o de uma parcela de empr\u00e9stimo, por exemplo, caso voc\u00ea tenha recorrido a esse tipo de cr\u00e9dito.&nbsp;<\/p>\n\n\n\n<p>Segundo ponto: <strong>avalie de forma detalhada a natureza da sua d\u00edvida atual<\/strong>.<\/p>\n\n\n\n<p>Se voc\u00ea adquiriu um im\u00f3vel atrav\u00e9s da contrata\u00e7\u00e3o de um financiamento imobili\u00e1rio, utilize o saldo do FGTS para amortizar a d\u00edvida e diminuir a parcela mensal. Essa modalidade de financiamento possui um menor custo quando comparado \u00e0s demais linhas de cr\u00e9dito.&nbsp;<\/p>\n\n\n\n<p>Mas, n\u00e3o deixe colocar no seu radar de an\u00e1lise a taxa contratada e o custo efetivo total do seu contrato, pois existem alternativas para portabilizar essa d\u00edvida para outro banco e reduzir o custo previsto para os demais anos. <strong>Negocie!&nbsp;<\/strong><\/p>\n\n\n\n<p>O FGTS \u00e9 liberado apenas para amortiza\u00e7\u00e3o de financiamentos imobili\u00e1rios, contendo ainda algumas regras espec\u00edficas. Por isso, para os demais empr\u00e9stimos, avalie se h\u00e1 possibilidade de renegocia\u00e7\u00e3o da d\u00edvida para uma taxa menor, ou at\u00e9 a viabilidade em adicionar algum bem em garantia, pois isso, na maioria das vezes, reduz os juros.<\/p>\n\n\n\n<p>Se voc\u00ea est\u00e1 pagando juros de cheque especial e rotativo do cart\u00e3o de cr\u00e9dito, n\u00e3o pense duas vezes, priorize a regulariza\u00e7\u00e3o destes saldos.&nbsp;<\/p>\n\n\n\n<p>Ap\u00f3s uma an\u00e1lise minuciosa do tipo da d\u00edvida e a redu\u00e7\u00e3o para juros mais baratos, uma dosagem entre a cria\u00e7\u00e3o da reserva e a quita\u00e7\u00e3o das parcelas pode ser feita.<\/p>\n\n\n\n<p><strong>Prepare o seu or\u00e7amento para criar o valor de reserva ao menos para 3 meses de despesas. A partir da\u00ed, utilize o valor que seria poupado para a quita\u00e7\u00e3o de parcelas.<\/strong><\/p>\n\n\n\n<p>Por que?<\/p>\n\n\n\n<p>Falando de finan\u00e7as comportamentais, <strong>\u00e9 mais prazeroso guardar e ver o dinheiro crescendo do que quitar todas as d\u00edvidas de uma vez<\/strong>. \u00c9 claro, isso deve ser considerado quando voc\u00ea n\u00e3o est\u00e1 pagando juros de cheque especial e rotativo do cart\u00e3o de cr\u00e9dito.<\/p>\n\n\n\n<p>Se voc\u00ea acumulou um saldo na reserva que poder\u00e1 ser usado para quitar 100% do seu empr\u00e9stimo, negocie bem essa antecipa\u00e7\u00e3o e avalie a utiliza\u00e7\u00e3o do saldo guardado.<\/p>\n\n\n\n<p>Tendo as contas em dia, \u00e9 hora de voltar a focar na sua reserva de emerg\u00eancia. O passo mais importante, que foi cri\u00e1-la, voc\u00ea j\u00e1 deu. Agora, a reconstru\u00e7\u00e3o dela ser\u00e1 mais r\u00e1pida e prazerosa.<\/p>\n\n\n\n<p>Com ela pronta, voc\u00ea evita uma futura contrata\u00e7\u00e3o de empr\u00e9stimo ou uso de outras formas de cr\u00e9dito. <strong><a href=\"https:\/\/warren.com.br\/app\/#\/signup\" target=\"_blank\" rel=\"noreferrer noopener\">Comece sua reserva agora mesmo.<\/a><\/strong><br><\/p>\n\n\n\n<hr class=\"wp-block-separator has-css-opacity\"\/>\n\n\n\n<p>Com base no seu interesse por este conte\u00fado, temos outras sugest\u00f5es para voc\u00ea:<\/p>\n\n\n\n<ul class=\"wp-block-list\"><li><a href=\"https:\/\/warren.com.br\/magazine\/os-4-ciclos-de-vida\/\">Ana Kamila: Conhe\u00e7a os 4 ciclos de vida e saiba como se planejar financeiramente para cada um<\/a><\/li><li><a href=\"https:\/\/warren.com.br\/magazine\/estresse-financeiro\/\">Estresse financeiro: saiba o que \u00e9 e como aliviar os seus sintomas<\/a><\/li><li><a href=\"https:\/\/warren.com.br\/magazine\/autocuidado-financeiro\/\">9 maneiras de praticar o autocuidado financeiro<\/a><\/li><li><a href=\"https:\/\/warren.com.br\/magazine\/mes-atipico\/\">Fred Marques: O mito do m\u00eas at\u00edpico<\/a><\/li><\/ul>\n","protected":false},"excerpt":{"rendered":"<p>Ter uma vida financeira mais tranquila e equilibrada deve ser prioridade, por isso, a reserva de emerg\u00eancia \u00e9 o passo inicial no mundo dos investimentos.<\/p>\n","protected":false},"author":49,"featured_media":17828,"comment_status":"closed","ping_status":"open","sticky":false,"template":"","format":"standard","meta":{"_acf_changed":false,"footnotes":""},"categories":[1015],"tags":[],"class_list":["post-17824","post","type-post","status-publish","format-standard","has-post-thumbnail","hentry","category-planejamento-financeiro","entry"],"acf":[],"yoast_head":"<!-- This site is optimized with the Yoast SEO plugin v27.5 - https:\/\/yoast.com\/product\/yoast-seo-wordpress\/ -->\n<title>Ana Kamila: Criar uma reserva de emerg\u00eancia ou quitar as d\u00edvidas?<\/title>\n<meta name=\"description\" content=\"Sua reserva deve ter entre 3 e 12 meses do valor mensal das despesas. Mas quando h\u00e1 d\u00edvidas, o que fazer primeiro? Descubra aqui.\" \/>\n<meta name=\"robots\" content=\"index, follow, max-snippet:-1, max-image-preview:large, max-video-preview:-1\" \/>\n<link rel=\"canonical\" href=\"https:\/\/warren.com.br\/magazine\/reserva-emergencia-quitar-dividas\/\" \/>\n<meta property=\"og:locale\" content=\"pt_BR\" \/>\n<meta property=\"og:type\" content=\"article\" \/>\n<meta property=\"og:title\" content=\"Ana Kamila: Criar uma reserva de emerg\u00eancia ou quitar as d\u00edvidas?\" \/>\n<meta property=\"og:description\" content=\"Sua reserva deve ter entre 3 e 12 meses do valor mensal das despesas. Mas quando h\u00e1 d\u00edvidas, o que fazer primeiro? Descubra aqui.\" \/>\n<meta property=\"og:url\" content=\"https:\/\/warren.com.br\/magazine\/reserva-emergencia-quitar-dividas\/\" \/>\n<meta property=\"og:site_name\" content=\"Warren Magazine\" \/>\n<meta property=\"article:publisher\" content=\"https:\/\/www.facebook.com\/warrenbrasil\/\" \/>\n<meta property=\"article:published_time\" content=\"2022-04-26T19:54:49+00:00\" \/>\n<meta property=\"article:modified_time\" content=\"2023-08-03T00:48:03+00:00\" \/>\n<meta property=\"og:image\" content=\"https:\/\/warren.com.br\/magazine\/wp-content\/uploads\/2022\/04\/3.educacao-financeira.jpg\" \/>\n\t<meta property=\"og:image:width\" content=\"1800\" \/>\n\t<meta property=\"og:image:height\" content=\"1225\" \/>\n\t<meta property=\"og:image:type\" content=\"image\/jpeg\" \/>\n<meta name=\"author\" content=\"Ana Kamila\" \/>\n<meta name=\"twitter:card\" content=\"summary_large_image\" \/>\n<meta name=\"twitter:creator\" content=\"@warrenbrasil\" \/>\n<meta name=\"twitter:site\" content=\"@warrenbrasil\" \/>\n<meta name=\"twitter:label1\" content=\"Escrito por\" \/>\n\t<meta name=\"twitter:data1\" content=\"Ana Kamila\" \/>\n\t<meta name=\"twitter:label2\" content=\"Est. tempo de leitura\" \/>\n\t<meta name=\"twitter:data2\" content=\"4 minutos\" \/>\n<!-- \/ Yoast SEO plugin. -->","yoast_head_json":{"title":"Ana Kamila: Criar uma reserva de emerg\u00eancia ou quitar as d\u00edvidas?","description":"Sua reserva deve ter entre 3 e 12 meses do valor mensal das despesas. Mas quando h\u00e1 d\u00edvidas, o que fazer primeiro? Descubra aqui.","robots":{"index":"index","follow":"follow","max-snippet":"max-snippet:-1","max-image-preview":"max-image-preview:large","max-video-preview":"max-video-preview:-1"},"canonical":"https:\/\/warren.com.br\/magazine\/reserva-emergencia-quitar-dividas\/","og_locale":"pt_BR","og_type":"article","og_title":"Ana Kamila: Criar uma reserva de emerg\u00eancia ou quitar as d\u00edvidas?","og_description":"Sua reserva deve ter entre 3 e 12 meses do valor mensal das despesas. Mas quando h\u00e1 d\u00edvidas, o que fazer primeiro? Descubra aqui.","og_url":"https:\/\/warren.com.br\/magazine\/reserva-emergencia-quitar-dividas\/","og_site_name":"Warren Magazine","article_publisher":"https:\/\/www.facebook.com\/warrenbrasil\/","article_published_time":"2022-04-26T19:54:49+00:00","article_modified_time":"2023-08-03T00:48:03+00:00","og_image":[{"width":1800,"height":1225,"url":"https:\/\/warren.com.br\/magazine\/wp-content\/uploads\/2022\/04\/3.educacao-financeira.jpg","type":"image\/jpeg"}],"author":"Ana Kamila","twitter_card":"summary_large_image","twitter_creator":"@warrenbrasil","twitter_site":"@warrenbrasil","twitter_misc":{"Escrito por":"Ana Kamila","Est. tempo de leitura":"4 minutos"},"schema":{"@context":"https:\/\/schema.org","@graph":[{"@type":"NewsArticle","@id":"https:\/\/warren.com.br\/magazine\/reserva-emergencia-quitar-dividas\/#article","isPartOf":{"@id":"https:\/\/warren.com.br\/magazine\/reserva-emergencia-quitar-dividas\/"},"author":{"name":"Ana Kamila","@id":"https:\/\/warren.com.br\/magazine\/#\/schema\/person\/b012ea0a84dd80febcf4f76fa0890039"},"headline":"Criar uma reserva de emerg\u00eancia ou quitar as d\u00edvidas?","datePublished":"2022-04-26T19:54:49+00:00","dateModified":"2023-08-03T00:48:03+00:00","mainEntityOfPage":{"@id":"https:\/\/warren.com.br\/magazine\/reserva-emergencia-quitar-dividas\/"},"wordCount":755,"publisher":{"@id":"https:\/\/warren.com.br\/magazine\/#organization"},"image":{"@id":"https:\/\/warren.com.br\/magazine\/reserva-emergencia-quitar-dividas\/#primaryimage"},"thumbnailUrl":"https:\/\/warren.com.br\/magazine\/wp-content\/uploads\/2022\/04\/3.educacao-financeira.jpg","articleSection":["Planejamento financeiro"],"inLanguage":"pt-BR"},{"@type":"WebPage","@id":"https:\/\/warren.com.br\/magazine\/reserva-emergencia-quitar-dividas\/","url":"https:\/\/warren.com.br\/magazine\/reserva-emergencia-quitar-dividas\/","name":"Ana Kamila: Criar uma reserva de emerg\u00eancia ou quitar as d\u00edvidas?","isPartOf":{"@id":"https:\/\/warren.com.br\/magazine\/#website"},"primaryImageOfPage":{"@id":"https:\/\/warren.com.br\/magazine\/reserva-emergencia-quitar-dividas\/#primaryimage"},"image":{"@id":"https:\/\/warren.com.br\/magazine\/reserva-emergencia-quitar-dividas\/#primaryimage"},"thumbnailUrl":"https:\/\/warren.com.br\/magazine\/wp-content\/uploads\/2022\/04\/3.educacao-financeira.jpg","datePublished":"2022-04-26T19:54:49+00:00","dateModified":"2023-08-03T00:48:03+00:00","description":"Sua reserva deve ter entre 3 e 12 meses do valor mensal das despesas. Mas quando h\u00e1 d\u00edvidas, o que fazer primeiro? Descubra aqui.","inLanguage":"pt-BR","potentialAction":[{"@type":"ReadAction","target":["https:\/\/warren.com.br\/magazine\/reserva-emergencia-quitar-dividas\/"]}]},{"@type":"ImageObject","inLanguage":"pt-BR","@id":"https:\/\/warren.com.br\/magazine\/reserva-emergencia-quitar-dividas\/#primaryimage","url":"https:\/\/warren.com.br\/magazine\/wp-content\/uploads\/2022\/04\/3.educacao-financeira.jpg","contentUrl":"https:\/\/warren.com.br\/magazine\/wp-content\/uploads\/2022\/04\/3.educacao-financeira.jpg","width":1800,"height":1225,"caption":"3.educacao financeira"},{"@type":"WebSite","@id":"https:\/\/warren.com.br\/magazine\/#website","url":"https:\/\/warren.com.br\/magazine\/","name":"Warren Magazine","description":"","publisher":{"@id":"https:\/\/warren.com.br\/magazine\/#organization"},"potentialAction":[{"@type":"SearchAction","target":{"@type":"EntryPoint","urlTemplate":"https:\/\/warren.com.br\/magazine\/?s={search_term_string}"},"query-input":{"@type":"PropertyValueSpecification","valueRequired":true,"valueName":"search_term_string"}}],"inLanguage":"pt-BR"},{"@type":"Organization","@id":"https:\/\/warren.com.br\/magazine\/#organization","name":"Warren Magazine","url":"https:\/\/warren.com.br\/magazine\/","logo":{"@type":"ImageObject","inLanguage":"pt-BR","@id":"https:\/\/warren.com.br\/magazine\/#\/schema\/logo\/image\/","url":"https:\/\/warren.com.br\/magazine\/wp-content\/uploads\/2023\/06\/ThumbMagazine.jpg","contentUrl":"https:\/\/warren.com.br\/magazine\/wp-content\/uploads\/2023\/06\/ThumbMagazine.jpg","width":2400,"height":1260,"caption":"Warren Magazine"},"image":{"@id":"https:\/\/warren.com.br\/magazine\/#\/schema\/logo\/image\/"},"sameAs":["https:\/\/www.facebook.com\/warrenbrasil\/","https:\/\/x.com\/warrenbrasil","https:\/\/www.instagram.com\/warrenbrasil\/","https:\/\/www.linkedin.com\/company\/warrenbrasil\/","https:\/\/www.youtube.com\/channel\/UCqIO5twa50iGz2wT5cGS-XQ"]},{"@type":"Person","@id":"https:\/\/warren.com.br\/magazine\/#\/schema\/person\/b012ea0a84dd80febcf4f76fa0890039","name":"Ana Kamila","image":{"@type":"ImageObject","inLanguage":"pt-BR","@id":"https:\/\/warren.com.br\/magazine\/wp-content\/uploads\/2023\/04\/anamaga-96x96.jpg","url":"https:\/\/warren.com.br\/magazine\/wp-content\/uploads\/2023\/04\/anamaga-96x96.jpg","contentUrl":"https:\/\/warren.com.br\/magazine\/wp-content\/uploads\/2023\/04\/anamaga-96x96.jpg","caption":"Ana Kamila"},"description":"Especialista em Investimentos na Warren, Ana atua no mercado financeiro h\u00e1 10 anos. Possui certifica\u00e7\u00e3o de planejadora financeira CFP\u00ae.","sameAs":["https:\/\/www.linkedin.com\/in\/anakamilacasagrande\/"],"url":"https:\/\/warren.com.br\/magazine\/author\/ana-kamila\/"}]}},"_links":{"self":[{"href":"https:\/\/warren.com.br\/magazine\/wp-json\/wp\/v2\/posts\/17824","targetHints":{"allow":["GET"]}}],"collection":[{"href":"https:\/\/warren.com.br\/magazine\/wp-json\/wp\/v2\/posts"}],"about":[{"href":"https:\/\/warren.com.br\/magazine\/wp-json\/wp\/v2\/types\/post"}],"author":[{"embeddable":true,"href":"https:\/\/warren.com.br\/magazine\/wp-json\/wp\/v2\/users\/49"}],"replies":[{"embeddable":true,"href":"https:\/\/warren.com.br\/magazine\/wp-json\/wp\/v2\/comments?post=17824"}],"version-history":[{"count":12,"href":"https:\/\/warren.com.br\/magazine\/wp-json\/wp\/v2\/posts\/17824\/revisions"}],"predecessor-version":[{"id":19418,"href":"https:\/\/warren.com.br\/magazine\/wp-json\/wp\/v2\/posts\/17824\/revisions\/19418"}],"wp:featuredmedia":[{"embeddable":true,"href":"https:\/\/warren.com.br\/magazine\/wp-json\/wp\/v2\/media\/17828"}],"wp:attachment":[{"href":"https:\/\/warren.com.br\/magazine\/wp-json\/wp\/v2\/media?parent=17824"}],"wp:term":[{"taxonomy":"category","embeddable":true,"href":"https:\/\/warren.com.br\/magazine\/wp-json\/wp\/v2\/categories?post=17824"},{"taxonomy":"post_tag","embeddable":true,"href":"https:\/\/warren.com.br\/magazine\/wp-json\/wp\/v2\/tags?post=17824"}],"curies":[{"name":"wp","href":"https:\/\/api.w.org\/{rel}","templated":true}]}}