{"id":20116,"date":"2022-09-06T10:51:01","date_gmt":"2022-09-06T13:51:01","guid":{"rendered":"https:\/\/warren.com.br\/magazine\/?p=20116"},"modified":"2023-08-02T22:15:41","modified_gmt":"2023-08-03T01:15:41","slug":"formacao-warren-tech-academy","status":"publish","type":"post","link":"https:\/\/warren.com.br\/magazine\/formacao-warren-tech-academy\/","title":{"rendered":"Forma\u00e7\u00e3o de talentos: primeira edi\u00e7\u00e3o do Warren Tech Academy em Porto Alegre capacita 30 pessoas em JavaScript"},"content":{"rendered":"\n<p>A noite de quinta-feira, 1 de setembro, foi especial para os participantes da primeira edi\u00e7\u00e3o do <a href=\"https:\/\/warren.com.br\/magazine\/warren-tech-academy-porto-alegre\/\">Warren Tech Academy<\/a> de Porto Alegre. Em cerim\u00f4nia de formatura realizada na Warren, os 30 alunos receberam certificado pela qualifica\u00e7\u00e3o em linguagem de programa\u00e7\u00e3o <strong>Java Script.<\/strong><\/p>\n\n\n\n<p>O programa, que teve como principal objetivo contribuir com a qualifica\u00e7\u00e3o do mercado de tecnologia, teve in\u00edcio em maio e totalizou <strong>200 horas<\/strong>, com aulas presenciais e atividades ass\u00edncronas. O Senac foi parceiro da edi\u00e7\u00e3o.<\/p>\n\n\n\n<figure class=\"wp-block-image\"><img decoding=\"async\" src=\"https:\/\/lh5.googleusercontent.com\/3uId9mYvpmrCAFwWAyhOiMsPn-1IFZadwrdXlQmmlRfoU_YHSMV-kn9IlsNd7R5pRBT1rksrka9YbbCHPiXRZ_1kOkSGNI97eU2knjcG7xzZimci0AUDFFLOL-xWreu4osc1EnK-7QQ9s1__mjp0FOkEWtGA1TPuxO4xhhosEvy-TX0DJ0gs4J1EVg\" alt=\"\"\/><\/figure>\n\n\n\n<p>Para <strong>Andr\u00e9 Eberhardt<\/strong>, vice-presidente de Engenharia da Warren, o Warren Tech Academy impacta positivamente muitas pessoas. \u201cN\u00e3o apenas os participantes e suas fam\u00edlias. Impacta tamb\u00e9m a Warren, no sentido de estarmos pr\u00f3ximos e entendermos as pessoas que far\u00e3o parte do mercado de tecnologia daqui pra frente, e tamb\u00e9m o mercado como um todo, que contar\u00e1 com profissionais cada vez mais melhores\u201d.<\/p>\n\n\n\n<p>Para <a href=\"https:\/\/warren.com.br\/magazine\/analuh\/\"><strong>Analuh<\/strong><\/a>, analista de Diversidade e Inclus\u00e3o da Warren, a edi\u00e7\u00e3o contribuiu com algo que, para n\u00f3s, \u00e9 essencial: aumentar a diversidade no mercado.<\/p>\n\n\n\n<p>\u201cO quadro de participantes contemplou 37% de mulheres, 32% de pretos e pardos e 22% da comunidade LGBTQIA+, com faixa et\u00e1ria entre 17 e 48 anos. Sabemos que ainda \u00e9 preciso mais a\u00e7\u00f5es com foco em inclus\u00e3o para termos em um mercado de trabalho mais diverso e representativo, mas \u00e9 um passo importante. Ainda mais em tecnologia, que \u00e9 um mercado aquecido e pode oferecer grandes oportunidades\u201d, declara.<\/p>\n\n\n\n<p><strong>Desir\u00e9e Anicet<\/strong>, Business Partner do time de Pessoas e Cultura da Warren, \u00e9 uma das mais de 30 colaboradoras envolvidas com o Warren Tech Academy desde a sua concep\u00e7\u00e3o, que iniciou em novembro de 2021.&nbsp;<\/p>\n\n\n\n<p>Ela observa que \u201co \u2018jeito de fazer as coisas\u2019 da Warren ficou evidente durante todo o processo. Todo mundo se engajou e focou em oferecer aos alunos a melhor experi\u00eancia de ensino. Uma preocupa\u00e7\u00e3o genu\u00edna de desenvolver essas pessoas e contribuir com o mercado de tecnologia do pa\u00eds\u201d.&nbsp;<\/p>\n\n\n\n<p>Conversamos com alguns dos 30 participantes para saber como foi a experi\u00eancia. Abaixo, voc\u00ea confere o que eles compartilharam com a gente.<\/p>\n\n\n\n<div id=\"ez-toc-container\" class=\"ez-toc-v2_0_82_2 counter-hierarchy ez-toc-counter ez-toc-grey ez-toc-container-direction\">\n<p class=\"ez-toc-title\" style=\"cursor:inherit\">Indice<\/p>\n<label for=\"ez-toc-cssicon-toggle-item-69f5a4bcf1461\" class=\"ez-toc-cssicon-toggle-label\"><span class=\"ez-toc-cssicon\"><span class=\"eztoc-hide\" style=\"display:none;\">Toggle<\/span><span class=\"ez-toc-icon-toggle-span\"><svg style=\"fill: #999;color:#999\" xmlns=\"http:\/\/www.w3.org\/2000\/svg\" class=\"list-377408\" width=\"20px\" height=\"20px\" viewBox=\"0 0 24 24\" fill=\"none\"><path d=\"M6 6H4v2h2V6zm14 0H8v2h12V6zM4 11h2v2H4v-2zm16 0H8v2h12v-2zM4 16h2v2H4v-2zm16 0H8v2h12v-2z\" fill=\"currentColor\"><\/path><\/svg><svg style=\"fill: #999;color:#999\" class=\"arrow-unsorted-368013\" xmlns=\"http:\/\/www.w3.org\/2000\/svg\" width=\"10px\" height=\"10px\" viewBox=\"0 0 24 24\" version=\"1.2\" baseProfile=\"tiny\"><path d=\"M18.2 9.3l-6.2-6.3-6.2 6.3c-.2.2-.3.4-.3.7s.1.5.3.7c.2.2.4.3.7.3h11c.3 0 .5-.1.7-.3.2-.2.3-.5.3-.7s-.1-.5-.3-.7zM5.8 14.7l6.2 6.3 6.2-6.3c.2-.2.3-.5.3-.7s-.1-.5-.3-.7c-.2-.2-.4-.3-.7-.3h-11c-.3 0-.5.1-.7.3-.2.2-.3.5-.3.7s.1.5.3.7z\"\/><\/svg><\/span><\/span><\/label><input type=\"checkbox\"  id=\"ez-toc-cssicon-toggle-item-69f5a4bcf1461\"  aria-label=\"Alternar\" \/><nav><ul class='ez-toc-list ez-toc-list-level-1 ' ><li class='ez-toc-page-1 ez-toc-heading-level-3'><a class=\"ez-toc-link ez-toc-heading-1\" href=\"https:\/\/warren.com.br\/magazine\/formacao-warren-tech-academy\/#Giovani_Marroni_22_anos\" >Giovani Marroni, 22 anos<\/a><\/li><li class='ez-toc-page-1 ez-toc-heading-level-3'><a class=\"ez-toc-link ez-toc-heading-2\" href=\"https:\/\/warren.com.br\/magazine\/formacao-warren-tech-academy\/#Rafaela_Silva_dos_Santos_28_anos\" >Rafaela Silva dos Santos, 28 anos<\/a><\/li><li class='ez-toc-page-1 ez-toc-heading-level-3'><a class=\"ez-toc-link ez-toc-heading-3\" href=\"https:\/\/warren.com.br\/magazine\/formacao-warren-tech-academy\/#Renata_Bandeira_da_Silva_27_anos\" >Renata Bandeira da Silva, 27 anos<\/a><\/li><li class='ez-toc-page-1 ez-toc-heading-level-3'><a class=\"ez-toc-link ez-toc-heading-4\" href=\"https:\/\/warren.com.br\/magazine\/formacao-warren-tech-academy\/#Doodley_19_anos\" >Doodley, 19 anos<\/a><\/li><\/ul><\/nav><\/div>\n<h3 class=\"wp-block-heading\"><span class=\"ez-toc-section\" id=\"Giovani_Marroni_22_anos\"><\/span>Giovani Marroni, 22 anos<span class=\"ez-toc-section-end\"><\/span><\/h3>\n\n\n\n<p>Giovani j\u00e1 estudava linguagem de programa\u00e7\u00e3o mas n\u00e3o tinha experi\u00eancia com JavaScript. \u201cAntes de fazer o curso, eu tinha uma ideia e ficava com vontade de executar, mas n\u00e3o sabia como. Agora j\u00e1 tenho o conhecimento que preciso para come\u00e7ar\u201d, comemora.<\/p>\n\n\n\n<p>Para ele, al\u00e9m do desenvolvimento t\u00e9cnico, a Warren Tech Academy contribuiu com o <strong>aperfei\u00e7oamento de habilidades interpessoais<\/strong>. \u201cEntendi, por exemplo, que ao ajudar um colega eu tamb\u00e9m aprendia. E sei que essa capacidade de ensinar vai ser importante para mim\u201d, acredita.<\/p>\n\n\n\n<figure class=\"wp-block-image\"><img decoding=\"async\" src=\"https:\/\/lh5.googleusercontent.com\/ApYSLYeDIjSfL5spcpCqVOWX_rBjCUzWFBesEWf_eQ4zVZ2NH9SVA6j70Fctj355lTDLJPsEyvBuIFDwd_yG9m4vjzMedLHow-NvJ8FZT0YDCK78xi_S5tnD08TXnPXRn-g2puuxFtQp9bjjBMW9MJAZJaTvMKPdmmZFYFqnQ-aJEXHr-qHHd9871Q\" alt=\"\"\/><\/figure>\n\n\n\n<h3 class=\"wp-block-heading\"><span class=\"ez-toc-section\" id=\"Rafaela_Silva_dos_Santos_28_anos\"><\/span>Rafaela Silva dos Santos, 28 anos<span class=\"ez-toc-section-end\"><\/span><\/h3>\n\n\n\n<p>Rafaela tinha interesse em trabalhar com tecnologia, mas como as op\u00e7\u00f5es s\u00e3o muitas, sentia necessidade de um direcionamento.&nbsp;<\/p>\n\n\n\n<p>\u201cO curso me deu a base para decidir que quero ser desenvolvedora front-end. Gosto muito de design e vejo que h\u00e1 uma conex\u00e3o\u201d, diz.<\/p>\n\n\n\n<p>Ela acrescenta que os conhecimentos adquiridos <strong>j\u00e1 est\u00e3o ajudando a tornar real um projeto pessoal<\/strong> e que o objetivo \u00e9 continuar estudando para conseguir uma boa oportunidade na \u00e1rea.<\/p>\n\n\n\n<figure class=\"wp-block-image\"><img decoding=\"async\" src=\"https:\/\/lh5.googleusercontent.com\/qHsMDQx1gIkngle1eh2sPeQarJ2ebiGsS4OyKbBGKLSBHasOZMayGDrGIwBk6DFD5GwoQXKa-KSPmXn7PH5Voaa6aw95KAgxEtH8hlz3dy1Gsum52ajyKrEL19QtjCHshuFe_Kr-TxoQde4LhQAitP7Y33LE7jobdhJZXOU6Mlh6hU49cyYQSSiRag\" alt=\"\"\/><\/figure>\n\n\n\n<h3 class=\"wp-block-heading\"><span class=\"ez-toc-section\" id=\"Renata_Bandeira_da_Silva_27_anos\"><\/span>Renata Bandeira da Silva, 27 anos<span class=\"ez-toc-section-end\"><\/span><\/h3>\n\n\n\n<p>Renata conta que est\u00e1 em fase de migra\u00e7\u00e3o de carreira, por isso, vinha estudando h\u00e1 algum tempo e pesquisando op\u00e7\u00f5es de cursos. \u201cO Warren Tech Academy me ajudou a melhorar e aprender v\u00e1rias coisas, me ajudou a perceber em que patamar eu estava\u201d, afirma.<\/p>\n\n\n\n<p>Para ela, as trocas di\u00e1rias possibilitadas pelo curso s\u00e3o um ponto forte. \u201cAo ver que algu\u00e9m estava com d\u00favida, \u2018preso\u2019 em um c\u00f3digo tentando resolver algo, a gente logo perguntava o que estava acontecendo e convers\u00e1vamos para resolver juntos\u201d, lembra.<\/p>\n\n\n\n<p>O resultado, para ela, vai al\u00e9m da qualifica\u00e7\u00e3o t\u00e9cnica. \u201cO Warren Tech Academy <strong>aumentou minha rede de contatos<\/strong>. Tivemos contato com v\u00e1rios instrutores diferentes, e cada um deles tem a sua rede. Essa experi\u00eancia das aulas presenciais torna o v\u00ednculo mais f\u00e1cil\u201d, acredita.<\/p>\n\n\n\n<figure class=\"wp-block-image\"><img decoding=\"async\" src=\"https:\/\/lh6.googleusercontent.com\/Wtvb3XyOhqBUtFeBYGNKzdQy0naYATAmsE0erPfTcy1h14hdtJ0oNvZM20PKtCbIwElJPyrwLdUccTQJPak-lU_m03HGz4haLmgzTTaSuWZ44enI2Vo1Q-jX4SsBE_hNrCM5MvP_d2zzK0qpnNLTwCBRmmAE4G4pxlIvV1RaeKjaB0VOKsBb2ypHlg\" alt=\"\"\/><\/figure>\n\n\n\n<h3 class=\"wp-block-heading\"><span class=\"ez-toc-section\" id=\"Doodley_19_anos\"><\/span>Doodley, 19 anos<span class=\"ez-toc-section-end\"><\/span><\/h3>\n\n\n\n<p>Doodley \u00e9 haitiano e est\u00e1 no Brasil h\u00e1 quatro anos. Antes de iniciar o curso, tinha um interesse maior em aprender HTML e CSS. Agora, pretende focar em JavaScript.<\/p>\n\n\n\n<p>\u201cCom o certificado, acho que vou conseguir uma oportunidade na \u00e1rea, mas vou continuar estudando. <strong>Quanto mais voc\u00ea aprende, melhor voc\u00ea trabalha<\/strong>\u201d.<\/p>\n\n\n\n<figure class=\"wp-block-image\"><img decoding=\"async\" src=\"https:\/\/lh5.googleusercontent.com\/0Nlqh50DhFPhZjETDnugWGhh_9xh8s9loNZTVMVPEy7yjXiAYRYBdiXz97SWUzy09bdnfBThI8Rh_8Kb8VTZ-Oh-DHubzH2sdiJtyAf_C0U3TL7Ayhk-6EvYH8T_x_OgSFVohPfrngePMs9gIguBpCO5cTURBnXbcbTD_IznG-Z6OFleawemYnEq3Q\" alt=\"\"\/><\/figure>\n\n\n\n<hr class=\"wp-block-separator has-alpha-channel-opacity\"\/>\n\n\n\n<p><strong>Conte\u00fados recomendados para voc\u00ea:<\/strong><\/p>\n\n\n\n<ul class=\"wp-block-list\"><li><a href=\"https:\/\/warren.com.br\/magazine\/warren-tech-academy\/\">Desenvolvendo talentos: Warren Tech Academy \u00e9 lan\u00e7ado e promove capacita\u00e7\u00f5es em Porto Alegre e Blumenau<\/a>&nbsp;&nbsp;<\/li><li><a href=\"https:\/\/warren.com.br\/magazine\/tribo-de-aceleracao\/\">Tribo de Acelera\u00e7\u00e3o: conhe\u00e7a o time tech que acelera a aprendizagem de pessoas desenvolvedoras da Warren<\/a>&nbsp;<\/li><li><a href=\"https:\/\/warren.com.br\/magazine\/notebooks-coletivo-morro-da-cruz\/\">Tecnologia para todos: Warren doa 21 notebooks para a ONG Coletivo Morro da Cruz<\/a>&nbsp;<\/li><li><a href=\"https:\/\/warren.com.br\/magazine\/warren-contra-lgbtfobia\/\">Conhe\u00e7a as iniciativas da Warren para a comunidade LGBTQIA+<\/a><\/li><li><a href=\"https:\/\/warren.com.br\/magazine\/vagas-exclusivas-para-mulheres-negras\/\">Warren abre vagas exclusivas para mulheres negras em nova edi\u00e7\u00e3o do programa Warren Progresso<\/a>&nbsp;<\/li><li><a href=\"https:\/\/warren.com.br\/magazine\/primeira-turma-jovens-aprendizes\/\">Conhe\u00e7a a primeira turma de jovens aprendizes da Warren<\/a><\/li><\/ul>\n","protected":false},"excerpt":{"rendered":"<p>A noite de quinta-feira, 1 de setembro, foi especial para os participantes da primeira edi\u00e7\u00e3o do Warren Tech Academy de Porto Alegre.<\/p>\n","protected":false},"author":8,"featured_media":20117,"comment_status":"closed","ping_status":"open","sticky":false,"template":"","format":"standard","meta":{"_acf_changed":false,"footnotes":""},"categories":[752],"tags":[],"class_list":["post-20116","post","type-post","status-publish","format-standard","has-post-thumbnail","hentry","category-a-warren","entry"],"acf":[],"yoast_head":"<!-- This site is optimized with the Yoast SEO plugin v27.5 - https:\/\/yoast.com\/product\/yoast-seo-wordpress\/ -->\n<title>Forma\u00e7\u00e3o de talentos: primeira edi\u00e7\u00e3o do Warren Tech Academy em Porto Alegre capacita 30 pessoas em JavaScript<\/title>\n<meta name=\"description\" content=\"O programa teve in\u00edcio em maio e totalizou 200 horas, com aulas presenciais e atividades ass\u00edncronas. Saiba os detalhes.\" \/>\n<meta name=\"robots\" content=\"index, follow, max-snippet:-1, max-image-preview:large, max-video-preview:-1\" \/>\n<link rel=\"canonical\" href=\"https:\/\/warren.com.br\/magazine\/formacao-warren-tech-academy\/\" \/>\n<meta property=\"og:locale\" content=\"pt_BR\" \/>\n<meta property=\"og:type\" content=\"article\" \/>\n<meta property=\"og:title\" content=\"Forma\u00e7\u00e3o de talentos: primeira edi\u00e7\u00e3o do Warren Tech Academy em Porto Alegre capacita 30 pessoas em JavaScript\" \/>\n<meta property=\"og:description\" content=\"O programa teve in\u00edcio em maio e totalizou 200 horas, com aulas presenciais e atividades ass\u00edncronas. Saiba os detalhes.\" \/>\n<meta property=\"og:url\" content=\"https:\/\/warren.com.br\/magazine\/formacao-warren-tech-academy\/\" \/>\n<meta property=\"og:site_name\" content=\"Warren Magazine\" \/>\n<meta property=\"article:publisher\" content=\"https:\/\/www.facebook.com\/warrenbrasil\/\" \/>\n<meta property=\"article:published_time\" content=\"2022-09-06T13:51:01+00:00\" \/>\n<meta property=\"article:modified_time\" content=\"2023-08-03T01:15:41+00:00\" \/>\n<meta property=\"og:image\" content=\"https:\/\/warren.com.br\/magazine\/wp-content\/uploads\/2022\/09\/erfan-moradi-wKc-i5zwfok-unsplash-1.jpg\" \/>\n\t<meta property=\"og:image:width\" content=\"1800\" \/>\n\t<meta property=\"og:image:height\" content=\"1225\" \/>\n\t<meta property=\"og:image:type\" content=\"image\/jpeg\" \/>\n<meta name=\"author\" content=\"Reda\u00e7\u00e3o Warren\" \/>\n<meta name=\"twitter:card\" content=\"summary_large_image\" \/>\n<meta name=\"twitter:creator\" content=\"@warrenbrasil\" \/>\n<meta name=\"twitter:site\" content=\"@warrenbrasil\" \/>\n<meta name=\"twitter:label1\" content=\"Escrito por\" \/>\n\t<meta name=\"twitter:data1\" content=\"Reda\u00e7\u00e3o Warren\" \/>\n\t<meta name=\"twitter:label2\" content=\"Est. tempo de leitura\" \/>\n\t<meta name=\"twitter:data2\" content=\"4 minutos\" \/>\n<!-- \/ Yoast SEO plugin. -->","yoast_head_json":{"title":"Forma\u00e7\u00e3o de talentos: primeira edi\u00e7\u00e3o do Warren Tech Academy em Porto Alegre capacita 30 pessoas em JavaScript","description":"O programa teve in\u00edcio em maio e totalizou 200 horas, com aulas presenciais e atividades ass\u00edncronas. Saiba os detalhes.","robots":{"index":"index","follow":"follow","max-snippet":"max-snippet:-1","max-image-preview":"max-image-preview:large","max-video-preview":"max-video-preview:-1"},"canonical":"https:\/\/warren.com.br\/magazine\/formacao-warren-tech-academy\/","og_locale":"pt_BR","og_type":"article","og_title":"Forma\u00e7\u00e3o de talentos: primeira edi\u00e7\u00e3o do Warren Tech Academy em Porto Alegre capacita 30 pessoas em JavaScript","og_description":"O programa teve in\u00edcio em maio e totalizou 200 horas, com aulas presenciais e atividades ass\u00edncronas. Saiba os detalhes.","og_url":"https:\/\/warren.com.br\/magazine\/formacao-warren-tech-academy\/","og_site_name":"Warren Magazine","article_publisher":"https:\/\/www.facebook.com\/warrenbrasil\/","article_published_time":"2022-09-06T13:51:01+00:00","article_modified_time":"2023-08-03T01:15:41+00:00","og_image":[{"width":1800,"height":1225,"url":"https:\/\/warren.com.br\/magazine\/wp-content\/uploads\/2022\/09\/erfan-moradi-wKc-i5zwfok-unsplash-1.jpg","type":"image\/jpeg"}],"author":"Reda\u00e7\u00e3o Warren","twitter_card":"summary_large_image","twitter_creator":"@warrenbrasil","twitter_site":"@warrenbrasil","twitter_misc":{"Escrito por":"Reda\u00e7\u00e3o Warren","Est. tempo de leitura":"4 minutos"},"schema":{"@context":"https:\/\/schema.org","@graph":[{"@type":"NewsArticle","@id":"https:\/\/warren.com.br\/magazine\/formacao-warren-tech-academy\/#article","isPartOf":{"@id":"https:\/\/warren.com.br\/magazine\/formacao-warren-tech-academy\/"},"author":{"name":"Reda\u00e7\u00e3o Warren","@id":"https:\/\/warren.com.br\/magazine\/#\/schema\/person\/6ab5c3002c3fbf4a167e69ed8a2b228c"},"headline":"Forma\u00e7\u00e3o de talentos: primeira edi\u00e7\u00e3o do Warren Tech Academy em Porto Alegre capacita 30 pessoas em JavaScript","datePublished":"2022-09-06T13:51:01+00:00","dateModified":"2023-08-03T01:15:41+00:00","mainEntityOfPage":{"@id":"https:\/\/warren.com.br\/magazine\/formacao-warren-tech-academy\/"},"wordCount":832,"publisher":{"@id":"https:\/\/warren.com.br\/magazine\/#organization"},"image":{"@id":"https:\/\/warren.com.br\/magazine\/formacao-warren-tech-academy\/#primaryimage"},"thumbnailUrl":"https:\/\/warren.com.br\/magazine\/wp-content\/uploads\/2022\/09\/erfan-moradi-wKc-i5zwfok-unsplash-1.jpg","articleSection":["A Warren\u00a0"],"inLanguage":"pt-BR"},{"@type":"WebPage","@id":"https:\/\/warren.com.br\/magazine\/formacao-warren-tech-academy\/","url":"https:\/\/warren.com.br\/magazine\/formacao-warren-tech-academy\/","name":"Forma\u00e7\u00e3o de talentos: primeira edi\u00e7\u00e3o do Warren Tech Academy em Porto Alegre capacita 30 pessoas em JavaScript","isPartOf":{"@id":"https:\/\/warren.com.br\/magazine\/#website"},"primaryImageOfPage":{"@id":"https:\/\/warren.com.br\/magazine\/formacao-warren-tech-academy\/#primaryimage"},"image":{"@id":"https:\/\/warren.com.br\/magazine\/formacao-warren-tech-academy\/#primaryimage"},"thumbnailUrl":"https:\/\/warren.com.br\/magazine\/wp-content\/uploads\/2022\/09\/erfan-moradi-wKc-i5zwfok-unsplash-1.jpg","datePublished":"2022-09-06T13:51:01+00:00","dateModified":"2023-08-03T01:15:41+00:00","description":"O programa teve in\u00edcio em maio e totalizou 200 horas, com aulas presenciais e atividades ass\u00edncronas. Saiba os detalhes.","inLanguage":"pt-BR","potentialAction":[{"@type":"ReadAction","target":["https:\/\/warren.com.br\/magazine\/formacao-warren-tech-academy\/"]}]},{"@type":"ImageObject","inLanguage":"pt-BR","@id":"https:\/\/warren.com.br\/magazine\/formacao-warren-tech-academy\/#primaryimage","url":"https:\/\/warren.com.br\/magazine\/wp-content\/uploads\/2022\/09\/erfan-moradi-wKc-i5zwfok-unsplash-1.jpg","contentUrl":"https:\/\/warren.com.br\/magazine\/wp-content\/uploads\/2022\/09\/erfan-moradi-wKc-i5zwfok-unsplash-1.jpg","width":1800,"height":1225,"caption":"Forma\u00e7\u00e3o de talentos: primeira edi\u00e7\u00e3o do Warren Tech Academy de Porto Alegre capacita 30 pessoas em JavaScript,, ilustra\u00e7\u00e3o"},{"@type":"WebSite","@id":"https:\/\/warren.com.br\/magazine\/#website","url":"https:\/\/warren.com.br\/magazine\/","name":"Warren Magazine","description":"","publisher":{"@id":"https:\/\/warren.com.br\/magazine\/#organization"},"potentialAction":[{"@type":"SearchAction","target":{"@type":"EntryPoint","urlTemplate":"https:\/\/warren.com.br\/magazine\/?s={search_term_string}"},"query-input":{"@type":"PropertyValueSpecification","valueRequired":true,"valueName":"search_term_string"}}],"inLanguage":"pt-BR"},{"@type":"Organization","@id":"https:\/\/warren.com.br\/magazine\/#organization","name":"Warren Magazine","url":"https:\/\/warren.com.br\/magazine\/","logo":{"@type":"ImageObject","inLanguage":"pt-BR","@id":"https:\/\/warren.com.br\/magazine\/#\/schema\/logo\/image\/","url":"https:\/\/warren.com.br\/magazine\/wp-content\/uploads\/2023\/06\/ThumbMagazine.jpg","contentUrl":"https:\/\/warren.com.br\/magazine\/wp-content\/uploads\/2023\/06\/ThumbMagazine.jpg","width":2400,"height":1260,"caption":"Warren Magazine"},"image":{"@id":"https:\/\/warren.com.br\/magazine\/#\/schema\/logo\/image\/"},"sameAs":["https:\/\/www.facebook.com\/warrenbrasil\/","https:\/\/x.com\/warrenbrasil","https:\/\/www.instagram.com\/warrenbrasil\/","https:\/\/www.linkedin.com\/company\/warrenbrasil\/","https:\/\/www.youtube.com\/channel\/UCqIO5twa50iGz2wT5cGS-XQ"]},{"@type":"Person","@id":"https:\/\/warren.com.br\/magazine\/#\/schema\/person\/6ab5c3002c3fbf4a167e69ed8a2b228c","name":"Reda\u00e7\u00e3o Warren","image":{"@type":"ImageObject","inLanguage":"pt-BR","@id":"https:\/\/warren.com.br\/magazine\/wp-content\/uploads\/2023\/12\/Instagram-avatar-96x96.png","url":"https:\/\/warren.com.br\/magazine\/wp-content\/uploads\/2023\/12\/Instagram-avatar-96x96.png","contentUrl":"https:\/\/warren.com.br\/magazine\/wp-content\/uploads\/2023\/12\/Instagram-avatar-96x96.png","caption":"Reda\u00e7\u00e3o Warren"},"url":"https:\/\/warren.com.br\/magazine\/author\/redacao-warren\/"}]}},"_links":{"self":[{"href":"https:\/\/warren.com.br\/magazine\/wp-json\/wp\/v2\/posts\/20116","targetHints":{"allow":["GET"]}}],"collection":[{"href":"https:\/\/warren.com.br\/magazine\/wp-json\/wp\/v2\/posts"}],"about":[{"href":"https:\/\/warren.com.br\/magazine\/wp-json\/wp\/v2\/types\/post"}],"author":[{"embeddable":true,"href":"https:\/\/warren.com.br\/magazine\/wp-json\/wp\/v2\/users\/8"}],"replies":[{"embeddable":true,"href":"https:\/\/warren.com.br\/magazine\/wp-json\/wp\/v2\/comments?post=20116"}],"version-history":[{"count":11,"href":"https:\/\/warren.com.br\/magazine\/wp-json\/wp\/v2\/posts\/20116\/revisions"}],"predecessor-version":[{"id":20272,"href":"https:\/\/warren.com.br\/magazine\/wp-json\/wp\/v2\/posts\/20116\/revisions\/20272"}],"wp:featuredmedia":[{"embeddable":true,"href":"https:\/\/warren.com.br\/magazine\/wp-json\/wp\/v2\/media\/20117"}],"wp:attachment":[{"href":"https:\/\/warren.com.br\/magazine\/wp-json\/wp\/v2\/media?parent=20116"}],"wp:term":[{"taxonomy":"category","embeddable":true,"href":"https:\/\/warren.com.br\/magazine\/wp-json\/wp\/v2\/categories?post=20116"},{"taxonomy":"post_tag","embeddable":true,"href":"https:\/\/warren.com.br\/magazine\/wp-json\/wp\/v2\/tags?post=20116"}],"curies":[{"name":"wp","href":"https:\/\/api.w.org\/{rel}","templated":true}]}}