{"id":20200,"date":"2022-09-09T17:37:24","date_gmt":"2022-09-09T20:37:24","guid":{"rendered":"https:\/\/warren.com.br\/magazine\/?p=20200"},"modified":"2023-08-02T22:18:02","modified_gmt":"2023-08-03T01:18:02","slug":"resultados-fundos-agosto","status":"publish","type":"post","link":"https:\/\/warren.com.br\/magazine\/resultados-fundos-agosto\/","title":{"rendered":"Confira a performance dos fundos da Warren Asset em agosto"},"content":{"rendered":"\n<p>Confira a performance dos fundos da Warren Asset em agosto<\/p>\n\n\n\n<p>Antes de falarmos sobre a performance dos fundos, vamos recapitular os acontecimentos mais importantes do mercado.<\/p>\n\n\n\n<div id=\"ez-toc-container\" class=\"ez-toc-v2_0_82_2 counter-hierarchy ez-toc-counter ez-toc-grey ez-toc-container-direction\">\n<p class=\"ez-toc-title\" style=\"cursor:inherit\">Indice<\/p>\n<label for=\"ez-toc-cssicon-toggle-item-69f3390f95a37\" class=\"ez-toc-cssicon-toggle-label\"><span class=\"ez-toc-cssicon\"><span class=\"eztoc-hide\" style=\"display:none;\">Toggle<\/span><span class=\"ez-toc-icon-toggle-span\"><svg style=\"fill: #999;color:#999\" xmlns=\"http:\/\/www.w3.org\/2000\/svg\" class=\"list-377408\" width=\"20px\" height=\"20px\" viewBox=\"0 0 24 24\" fill=\"none\"><path d=\"M6 6H4v2h2V6zm14 0H8v2h12V6zM4 11h2v2H4v-2zm16 0H8v2h12v-2zM4 16h2v2H4v-2zm16 0H8v2h12v-2z\" fill=\"currentColor\"><\/path><\/svg><svg style=\"fill: #999;color:#999\" class=\"arrow-unsorted-368013\" xmlns=\"http:\/\/www.w3.org\/2000\/svg\" width=\"10px\" height=\"10px\" viewBox=\"0 0 24 24\" version=\"1.2\" baseProfile=\"tiny\"><path d=\"M18.2 9.3l-6.2-6.3-6.2 6.3c-.2.2-.3.4-.3.7s.1.5.3.7c.2.2.4.3.7.3h11c.3 0 .5-.1.7-.3.2-.2.3-.5.3-.7s-.1-.5-.3-.7zM5.8 14.7l6.2 6.3 6.2-6.3c.2-.2.3-.5.3-.7s-.1-.5-.3-.7c-.2-.2-.4-.3-.7-.3h-11c-.3 0-.5.1-.7.3-.2.2-.3.5-.3.7s.1.5.3.7z\"\/><\/svg><\/span><\/span><\/label><input type=\"checkbox\"  id=\"ez-toc-cssicon-toggle-item-69f3390f95a37\"  aria-label=\"Alternar\" \/><nav><ul class='ez-toc-list ez-toc-list-level-1 ' ><ul class='ez-toc-list-level-3' ><li class='ez-toc-heading-level-3'><a class=\"ez-toc-link ez-toc-heading-1\" href=\"https:\/\/warren.com.br\/magazine\/resultados-fundos-agosto\/#Cenario_internacional\" >Cen\u00e1rio internacional<\/a><\/li><li class='ez-toc-page-1 ez-toc-heading-level-3'><a class=\"ez-toc-link ez-toc-heading-2\" href=\"https:\/\/warren.com.br\/magazine\/resultados-fundos-agosto\/#Cenario_domestico\" >Cen\u00e1rio dom\u00e9stico<\/a><ul class='ez-toc-list-level-4' ><li class='ez-toc-heading-level-4'><a class=\"ez-toc-link ez-toc-heading-3\" href=\"https:\/\/warren.com.br\/magazine\/resultados-fundos-agosto\/#Saldo_de_investidores_estrangeiros_na_Bolsa\" >Saldo de investidores estrangeiros na Bolsa<\/a><\/li><li class='ez-toc-page-1 ez-toc-heading-level-4'><a class=\"ez-toc-link ez-toc-heading-4\" href=\"https:\/\/warren.com.br\/magazine\/resultados-fundos-agosto\/#Performance_da_bolsa\" >Performance da bolsa<\/a><\/li><\/ul><\/li><li class='ez-toc-page-1 ez-toc-heading-level-3'><a class=\"ez-toc-link ez-toc-heading-5\" href=\"https:\/\/warren.com.br\/magazine\/resultados-fundos-agosto\/#Cripto\" >Cripto<\/a><\/li><\/ul><\/li><li class='ez-toc-page-1 ez-toc-heading-level-2'><a class=\"ez-toc-link ez-toc-heading-6\" href=\"https:\/\/warren.com.br\/magazine\/resultados-fundos-agosto\/#Warren_Previdencia_Gestao_Ativa\" >Warren Previd\u00eancia Gest\u00e3o Ativa&nbsp;<\/a><\/li><li class='ez-toc-page-1 ez-toc-heading-level-2'><a class=\"ez-toc-link ez-toc-heading-7\" href=\"https:\/\/warren.com.br\/magazine\/resultados-fundos-agosto\/#Warren_Tesouro_Selic\" >Warren Tesouro Selic&nbsp;<\/a><\/li><li class='ez-toc-page-1 ez-toc-heading-level-2'><a class=\"ez-toc-link ez-toc-heading-8\" href=\"https:\/\/warren.com.br\/magazine\/resultados-fundos-agosto\/#Warren_FIC_CP\" >Warren FIC CP<\/a><\/li><li class='ez-toc-page-1 ez-toc-heading-level-2'><a class=\"ez-toc-link ez-toc-heading-9\" href=\"https:\/\/warren.com.br\/magazine\/resultados-fundos-agosto\/#Warren_Cash_Clash\" >Warren Cash Clash<\/a><\/li><li class='ez-toc-page-1 ez-toc-heading-level-2'><a class=\"ez-toc-link ez-toc-heading-10\" href=\"https:\/\/warren.com.br\/magazine\/resultados-fundos-agosto\/#Warren_Isis\" >Warren \u00cdsis<\/a><\/li><li class='ez-toc-page-1 ez-toc-heading-level-2'><a class=\"ez-toc-link ez-toc-heading-11\" href=\"https:\/\/warren.com.br\/magazine\/resultados-fundos-agosto\/#Warren_Artemis\" >Warren Artemis<\/a><\/li><li class='ez-toc-page-1 ez-toc-heading-level-2'><a class=\"ez-toc-link ez-toc-heading-12\" href=\"https:\/\/warren.com.br\/magazine\/resultados-fundos-agosto\/#Warren_Venus\" >Warren V\u00eanus<\/a><\/li><li class='ez-toc-page-1 ez-toc-heading-level-2'><a class=\"ez-toc-link ez-toc-heading-13\" href=\"https:\/\/warren.com.br\/magazine\/resultados-fundos-agosto\/#Warren_IPCA_Curto\" >Warren IPCA Curto<\/a><\/li><li class='ez-toc-page-1 ez-toc-heading-level-2'><a class=\"ez-toc-link ez-toc-heading-14\" href=\"https:\/\/warren.com.br\/magazine\/resultados-fundos-agosto\/#Warren_Omaha\" >Warren Omaha<\/a><\/li><li class='ez-toc-page-1 ez-toc-heading-level-2'><a class=\"ez-toc-link ez-toc-heading-15\" href=\"https:\/\/warren.com.br\/magazine\/resultados-fundos-agosto\/#Warren_BR\" >Warren BR<\/a><\/li><li class='ez-toc-page-1 ez-toc-heading-level-2'><a class=\"ez-toc-link ez-toc-heading-16\" href=\"https:\/\/warren.com.br\/magazine\/resultados-fundos-agosto\/#Warren_USA\" >Warren USA<\/a><\/li><li class='ez-toc-page-1 ez-toc-heading-level-2'><a class=\"ez-toc-link ez-toc-heading-17\" href=\"https:\/\/warren.com.br\/magazine\/resultados-fundos-agosto\/#Warren_Green\" >Warren Green<\/a><\/li><li class='ez-toc-page-1 ez-toc-heading-level-2'><a class=\"ez-toc-link ez-toc-heading-18\" href=\"https:\/\/warren.com.br\/magazine\/resultados-fundos-agosto\/#Warren_Equals\" >Warren Equals<\/a><\/li><li class='ez-toc-page-1 ez-toc-heading-level-2'><a class=\"ez-toc-link ez-toc-heading-19\" href=\"https:\/\/warren.com.br\/magazine\/resultados-fundos-agosto\/#Warren_Dolar\" >Warren D\u00f3lar<\/a><\/li><li class='ez-toc-page-1 ez-toc-heading-level-2'><a class=\"ez-toc-link ez-toc-heading-20\" href=\"https:\/\/warren.com.br\/magazine\/resultados-fundos-agosto\/#Warren_Cripto\" >Warren Cripto<\/a><\/li><\/ul><\/nav><\/div>\n<h3 class=\"wp-block-heading\"><span class=\"ez-toc-section\" id=\"Cenario_internacional\"><\/span>Cen\u00e1rio internacional<span class=\"ez-toc-section-end\"><\/span><\/h3>\n\n\n\n<p>No cen\u00e1rio internacional, a nova rodada de recuo das proje\u00e7\u00f5es de crescimento foi resultado, em grande parte, da fraqueza verificada no segundo trimestre. O <a href=\"https:\/\/warren.com.br\/magazine\/pib\/\"><strong>PIB<\/strong><\/a><strong> americano recuou<\/strong>, enquanto <strong>o chin\u00eas teve queda superior \u00e0 esperada<\/strong> num per\u00edodo marcado por medidas de <em>lockdown <\/em>adotadas como resposta ao aumento de casos de Covid-19.<\/p>\n\n\n\n<p>Ou seja, dados efetivamente fracos se juntam ao ajuste altista nas taxas de juros em diversos pa\u00edses, ao efeito contracionista dos pre\u00e7os de energia mais elevados e \u00e0s incertezas geopol\u00edticas, resultando numa trajet\u00f3ria de deteriora\u00e7\u00e3o na expectativa de crescimento global.&nbsp;<\/p>\n\n\n\n<p>Esse risco de recess\u00e3o nos EUA, que poderia levar a uma mudan\u00e7a na atua\u00e7\u00e3o do FED para uma linha menos restritiva, serviu como gatilho para uma <strong>expressiva alta dos principais \u00edndices de renda vari\u00e1vel globais<\/strong>.<\/p>\n\n\n\n<p>Outro alerta de risco global \u00e9 a quest\u00e3o geopol\u00edtica da <a href=\"https:\/\/warren.com.br\/magazine\/consequencias-russia-ucrania\/\">guerra R\u00fassia x Ucr\u00e2nia<\/a> que est\u00e1 gerando afli\u00e7\u00e3o diante do crescente problema de abastecimento de g\u00e1s natural na Europa, que pode levar a uma nova rodada de eleva\u00e7\u00e3o de pre\u00e7os, trazendo a possibilidade de dificuldades de suprimento de energia para a atividade produtiva na regi\u00e3o.&nbsp;<\/p>\n\n\n\n<p>Com isso, aumentou a <strong>chance de a Zona do Euro entrar em recess\u00e3o<\/strong> nos pr\u00f3ximos trimestres.&nbsp;<\/p>\n\n\n\n<h3 class=\"wp-block-heading\"><span class=\"ez-toc-section\" id=\"Cenario_domestico\"><\/span>Cen\u00e1rio dom\u00e9stico<span class=\"ez-toc-section-end\"><\/span><\/h3>\n\n\n\n<p>A bolsa brasileira tem se destacado como um investimento interessante para investidor estrangeiro que vem procurando retornos mais atrativos, dado que um dos indicadores usados pelo mercado para avaliar o pre\u00e7o das a\u00e7\u00f5es, como o P\/L, vem sugerindo que os pap\u00e9is est\u00e3o baratos em rela\u00e7\u00e3o a m\u00e9dia hist\u00f3rica e diante da perspectiva de queda da taxa de juros.&nbsp;<\/p>\n\n\n\n<p>A rela\u00e7\u00e3o do pre\u00e7o versus o lucro das empresas na Bolsa (P\/L) est\u00e1 em nove vezes, abaixo da m\u00e9dia hist\u00f3rica do indicador de 11 vezes.<\/p>\n\n\n\n<p>Para voc\u00ea entender: o \u00edndice pre\u00e7o\/lucro (P\/L) \u00e9 um indicador financeiro formado pela rela\u00e7\u00e3o entre o pre\u00e7o atual de uma a\u00e7\u00e3o dividida pelo lucro por a\u00e7\u00e3o desse ativo. Para calcular, divide-se o pre\u00e7o de uma a\u00e7\u00e3o pelo lucro pago por cada a\u00e7\u00e3o (dividindo o lucro total pelo n\u00famero de a\u00e7\u00f5es da empresa).<\/p>\n\n\n\n<h4 class=\"wp-block-heading\"><span class=\"ez-toc-section\" id=\"Saldo_de_investidores_estrangeiros_na_Bolsa\"><\/span>Saldo de investidores estrangeiros na Bolsa<span class=\"ez-toc-section-end\"><\/span><\/h4>\n\n\n\n<figure class=\"wp-block-image\"><img decoding=\"async\" src=\"https:\/\/lh3.googleusercontent.com\/NeKv_ie9a0o6pM0nf6jA72YFRDlDcRf5t_I-Xz0VDHfz7N2RWrgllz_OqeVTpA8oBcJQDU5xY3WDciLr6qTZdp3xvWZiPIEQ8qb9AS_nEZMJ0UJqJolXZIZ7d5rKukWblya3iLSJoF2IdB_FxWcHQ1VFZF7WqaWAL9HKqtlDAd2Zc5i_Vl3Cp6rA2w\" alt=\"\"\/><\/figure>\n\n\n\n<p>Fonte B3. O gr\u00e1fico Considera entrada de recursos para oferta de a\u00e7\u00f5es (IPO e follow-on) at\u00e9 30\/08\/2022.<\/p>\n\n\n\n<p>As maiores beneficiadas com o cen\u00e1rio macro foram as varejistas, sendo os destaques Positivo (POSI3), com mais de 73,18%, Magazine Luiza (MGLU3), com mais de 65,50% e Via Varejo (VIIA3), com mais de 34,17%.&nbsp;<\/p>\n\n\n\n<p>Outro destaque foi as a\u00e7\u00f5es ordin\u00e1rias e preferenciais da Petrobras (PETR3;PETR4), que subiram respectivamente 21,34% e 19,25%, dado pelo pagamento de dividendos, folga nos pre\u00e7os dos combust\u00edveis e melhora no cen\u00e1rio para a empresa.&nbsp;<\/p>\n\n\n\n<h4 class=\"wp-block-heading\"><span class=\"ez-toc-section\" id=\"Performance_da_bolsa\"><\/span>Performance da bolsa<span class=\"ez-toc-section-end\"><\/span><\/h4>\n\n\n\n<figure class=\"wp-block-image\"><img decoding=\"async\" src=\"https:\/\/lh5.googleusercontent.com\/-YWcRWO2dhK1GFR9hCUe6vjNTEF0o0LiCSBN63L_TwLZbcRC9WsKAFXYMnxx8D9fcOYpAg3SxNkAN4IKP9Zykt2V4C7gu0bew3LE-W8I5TTtHwgUPaV-he3pSetp19OlQrMBV9E9G1xcc27Bs_vJrMPYyBdfSw9FC31HGPt2zZZsL0KMkdcFBGiUIA\" alt=\"\"\/><\/figure>\n\n\n\n<p>Em agosto, tivemos um <strong>m\u00eas com menos <\/strong><a href=\"https:\/\/warren.com.br\/magazine\/volatilidade\/\"><strong>volatilidade<\/strong><\/a>. Mas com a aproxima\u00e7\u00e3o das elei\u00e7\u00f5es \u00e9 esperado um aumento de volatilidade no cen\u00e1rio. Principalmente por ser uma elei\u00e7\u00e3o polarizada, os dois oponentes populares nas suas respectivas pontas e com alta rejei\u00e7\u00e3o na ponta oposta, fazendo com que o espa\u00e7o para uma terceira via seja reduzido.&nbsp;<\/p>\n\n\n\n<p>Os eleitores ainda sem candidato s\u00e3o, conforme exposto por especialistas, pragm\u00e1ticos e n\u00e3o se sensibilizam com pautas comportamentais ou de valores, como boa parte das pontas. Para eles, apenas uma coisa importa: a economia. Qual candidato vai colocar mais dinheiro no seu bolso.&nbsp;<\/p>\n\n\n\n<p>Neste cen\u00e1rio, o momento \u00e9 favor\u00e1vel para o candidato Bolsonaro, com a <a href=\"https:\/\/warren.com.br\/magazine\/inflacao\/\">infla\u00e7\u00e3o<\/a> em queda (duas leituras seguidas de defla\u00e7\u00e3o), gasolina j\u00e1 abaixo de cinco reais, desemprego nas m\u00ednimas desde 2016 e um PIB entregando um crescimento em 2022 que poucos esperavam. Isso explica a recupera\u00e7\u00e3o recente de Bolsonaro nas pesquisas e \u00e9 prov\u00e1vel que esse movimento continue at\u00e9 o primeiro turno.&nbsp;<\/p>\n\n\n\n<p>Outro ponto que se deve ficar em alerta \u00e9 que no Brasil as elei\u00e7\u00f5es n\u00e3o costumam ser tranquilas, com alguns acontecimentos inesperados \u2014 como a queda do avi\u00e3o do presidenci\u00e1vel Eduardo Campos, em 2014, e a facada que atingiu, em 2018, o tamb\u00e9m candidato \u00e0 presid\u00eancia Jair Bolsonaro \u2014 favorecendo reviravoltas.<\/p>\n\n\n\n<p>Soma-se o fato de as elei\u00e7\u00f5es serem polarizadas e haver paix\u00f5es \u00e0 flor da pele, o que pode trazer muita volatilidade aos ativos de risco. Ao que as pesquisas v\u00eam indicando at\u00e9 o momento, ser\u00e1 uma elei\u00e7\u00e3o apertada, com pouca diferen\u00e7a entre Lula e Bolsonaro.<\/p>\n\n\n\n<h3 class=\"wp-block-heading\"><span class=\"ez-toc-section\" id=\"Cripto\"><\/span>Cripto<span class=\"ez-toc-section-end\"><\/span><\/h3>\n\n\n\n<p>No m\u00eas de agosto, o mercado de <a href=\"https:\/\/warren.com.br\/magazine\/o-que-e-mineracao-de-criptomoedas\/\">criptomoedas<\/a> <strong>voltou a cair<\/strong> depois de julho ter tido a melhor performance de valoriza\u00e7\u00e3o do ano. O <a href=\"https:\/\/warren.com.br\/magazine\/bitcoin\/\">Bitcoin<\/a> sofreu uma desvaloriza\u00e7\u00e3o de 12,49% nos \u00faltimos 30 dias, indo de US$ 23.013 no dia 1\u00ba de agosto para US$ 20.010 no dia 31.<\/p>\n\n\n\n<p>O <a href=\"https:\/\/warren.com.br\/magazine\/ethereum-2-0\/\">Ethereum<\/a>, segundo ativo mais valioso do setor cripto, caiu 4,28% nesse mesmo per\u00edodo. O valor da criptomoeda foi de US$ 1.628 para US$ 1.552 no intervalo de um m\u00eas.&nbsp;<\/p>\n\n\n\n<p>A menor queda em rela\u00e7\u00e3o ao Bitcoin se d\u00e1 pelas expectativas positivas a respeito da sua nova atualiza\u00e7\u00e3o, \u201cMerge\u201d, prevista para acontecer agora em setembro. A atualiza\u00e7\u00e3o vai concluir a transi\u00e7\u00e3o da rede da segunda maior criptomoeda do mercado de um mecanismo de consenso baseado em Prova de Trabalho (PoW) para um algoritmo de Prova de Participa\u00e7\u00e3o (PoS), e tem despertado grandes expectativas entre as entidades do mercado.<\/p>\n\n\n\n<p>Para voc\u00ea saber: <a href=\"https:\/\/warren.com.br\/magazine\/prova-de-trabalho-prova-de-participacao\/\">Prova-de-trabalho e prova-de-participa\u00e7\u00e3o<\/a> s\u00e3o dois dos dois principais algoritmos utilizados por sistemas distribu\u00eddos e permitem que as redes utilizadas por criptomoedas funcionem e permane\u00e7am seguras. Voc\u00ea confere mais sobre neste artigo do nosso gestor, Eduardo Gr\u00fcbler.&nbsp;<\/p>\n\n\n\n<p>Agora, vamos \u00e0 rentabilidade dos fundos.<\/p>\n\n\n\n<h2 class=\"wp-block-heading\"><span class=\"ez-toc-section\" id=\"Warren_Previdencia_Gestao_Ativa\"><\/span>Warren Previd\u00eancia Gest\u00e3o Ativa&nbsp;<span class=\"ez-toc-section-end\"><\/span><\/h2>\n\n\n\n<p>O fundo <a href=\"https:\/\/warren.com.br\/magazine\/warren-prev-100-milhoes\/\">Warren Previd\u00eancia Gest\u00e3o Ativa<\/a> (38.729.027\/0001-92) permite o acesso a um portf\u00f3lio completo e diversificado por meio de apenas um investimento.&nbsp;<\/p>\n\n\n\n<p>A aloca\u00e7\u00e3o re\u00fane diversas estrat\u00e9gias da casa e de terceiros, adotando uma abordagem multifatorial, com exposi\u00e7\u00e3o a ativos de renda fixa p\u00f3s-fixados, indexados \u00e0 infla\u00e7\u00e3o, cr\u00e9dito privado, a\u00e7\u00f5es brasileiras, a\u00e7\u00f5es internacionais, bem como, fatores alternativos, como estrat\u00e9gias macro e quantitativa.<\/p>\n\n\n\n<p>O fundo Warren Previd\u00eancia Gest\u00e3o Ativa entregou <strong>+2,18%<\/strong> de rentabilidade no m\u00eas de agosto, o que representa <strong>185,8% do CDI<\/strong>. As principais contribui\u00e7\u00f5es na performance do fundo foram as posi\u00e7\u00f5es em derivativos e fundos de estrat\u00e9gia de fatores. O fundo segue se destacando entre os seus pares.&nbsp;<\/p>\n\n\n\n<figure class=\"wp-block-image\"><img decoding=\"async\" src=\"https:\/\/lh4.googleusercontent.com\/NKaHKZnUDdBK0Rj-YTvTBohFhCCf76FWa1S6n3UaVlCRfqFnnjWC7kX9uHEd53dgxWRIgLliZxraQADhL-6giURuf2o93yPBGq0BktEUfJbmsXbXuvdN4fTGfPUHM9DTT1EVWobmEZuREp90f-RQCAHPLDMb71iuNL4d8vE4v3P_BBIbioxLoCchHw\" alt=\"\"\/><\/figure>\n\n\n\n<p><strong>LEIA MAIS | <\/strong><a href=\"https:\/\/warren.com.br\/magazine\/resultados-previdencia-warren\/\"><strong>Fundos de previd\u00eancia da Warren se destacam por sua performance<\/strong><\/a>&nbsp;<\/p>\n\n\n\n<h2 class=\"wp-block-heading\"><span class=\"ez-toc-section\" id=\"Warren_Tesouro_Selic\"><\/span>Warren Tesouro Selic&nbsp;<span class=\"ez-toc-section-end\"><\/span><\/h2>\n\n\n\n<p>Este \u00e9 o fundo mais conservador da casa e segue superando o seu benchmark. Atrelado a indicadores como Selic e CDI, possui baixo risco e liquidez di\u00e1ria. O investimento neste fundo \u00e9 sugerido para investidores mais conservadores ou para objetivos de curt\u00edssimo prazo, como <a href=\"https:\/\/warren.com.br\/magazine\/reserva-de-emergencia\/\">reserva de emerg\u00eancia<\/a>.<\/p>\n\n\n\n<p>O Warren Tesouro Selic teve o resultado de <strong>100,6% do CDI<\/strong>, com o principal destaque de rentabilidade vindo da aloca\u00e7\u00e3o em LFTs curtas no in\u00edcio do m\u00eas e pela escolha de v\u00e9rtices longos durante o m\u00eas. Nos \u00faltimos 12 meses, o fundo entrega a performance de <strong>101,4% do CDI<\/strong>.<\/p>\n\n\n\n<figure class=\"wp-block-image\"><img decoding=\"async\" src=\"https:\/\/lh5.googleusercontent.com\/myA5ZMbdxx_P0EUDCYf-oEpUonWXgs-AUWEN8c4lIWGx1tYaiBITv1kd3GQLMcUA0YDeQ9XbmlgbHCGjIHqYZpY0P3LwhVbrDkU7HULRHXaxs9Qd2Ws3VHgJOA16tMzimsREJXSUgBChyxMN_U57b_Q275UxTsv-JxgAbJcmUhwixb5E7zSb0weu5w\" alt=\"\"\/><\/figure>\n\n\n\n<h2 class=\"wp-block-heading\"><span class=\"ez-toc-section\" id=\"Warren_FIC_CP\"><\/span>Warren FIC CP<span class=\"ez-toc-section-end\"><\/span><\/h2>\n\n\n\n<p>O fundo Warren FIC FIM CP (30.271.177\/0001.93) \u00e9 a op\u00e7\u00e3o de renda fixa com risco moderado e de alta liquidez, com o tempo de resgate de apenas dois dias \u00fateis.&nbsp;<\/p>\n\n\n\n<p>Contamos com uma carteira diversificada e composta preponderantemente pelas estrat\u00e9gias de renda fixa e cr\u00e9dito privado da Warren Asset. Por essa raz\u00e3o, \u00e9 um produto pr\u00e1tico e completo para o investimento em cr\u00e9dito privado.<\/p>\n\n\n\n<p>O Warren FIC teve um resultado de <strong>+1,34% (114,6% do CDI)<\/strong> em agosto. A contribui\u00e7\u00e3o para o resultado acima do CDI decorreu, majoritariamente, da posi\u00e7\u00e3o em fundos com exposi\u00e7\u00e3o \u00e0 cr\u00e9dito privado banc\u00e1rio, decorrentes da aloca\u00e7\u00e3o nos fundos Warren V\u00eanus e Warren Cash Clash.&nbsp;<\/p>\n\n\n\n<figure class=\"wp-block-image\"><img decoding=\"async\" src=\"https:\/\/lh6.googleusercontent.com\/lXpTAxUQmItn6k9xkSt7P1FAihYh75l8O35n6wviRQLiswR4qJqUDXvYYta_QtsVxSBW8it1u8jfKh7xV5fkGeJajAjARPZI1yNP3uLqAz5XP7JkOLpQscv-Tx-0HIudbmUMIiwHcpUINedW4kqlDSyfbVSZ2oLFRL3QKboB5wfHYH2owbKT1ofzAQ\" alt=\"\"\/><\/figure>\n\n\n\n<h2 class=\"wp-block-heading\"><span class=\"ez-toc-section\" id=\"Warren_Cash_Clash\"><\/span>Warren Cash Clash<span class=\"ez-toc-section-end\"><\/span><\/h2>\n\n\n\n<p>O fundo Warren Cash Clash (42.550.188\/0001-91) tem uma estrat\u00e9gia que busca retorno preponderantemente atrav\u00e9s de exposi\u00e7\u00e3o t\u00e1tica no mercado de LFT&#8217;s e demais ativos de alta liquidez com risco soberano, com pequena parcela de exposi\u00e7\u00e3o \u00e0 cr\u00e9dito banc\u00e1rio com excelente n\u00edvel de risco.&nbsp;<\/p>\n\n\n\n<p>O fundo busca entregar liquidez, seguran\u00e7a e rentabilidade ao investidor atrav\u00e9s de uma exposi\u00e7\u00e3o com baixo ou nenhum risco de mercado.<\/p>\n\n\n\n<p>O fundo Warren Cash Clash entregou a performance de <strong>106,8% do CDI<\/strong> no m\u00eas de agosto. O destaque de rentabilidade foram as LFTs longas que fecharam no final do m\u00eas, junto com a aloca\u00e7\u00e3o de letras financeiras de bancos high grade na parte de cr\u00e9dito. No <strong>acumulado anual<\/strong>, a rentabilidade do fundo \u00e9 de <strong>106,6% do CDI<\/strong>.<\/p>\n\n\n\n<figure class=\"wp-block-image\"><img decoding=\"async\" src=\"https:\/\/lh6.googleusercontent.com\/uvHP1WPOWLyGkond76RjOJxQTn5XEdCPa4-tYzvn-TQRGPZwXLo8FXXeanwC6wC5ML165MXBlOVHSG-Yc5CdmmzsHRDAK0RzBNq5Agr6KBbkf3YO1NqQ1QtYV3E6AmYlXSmZLNm6efPqOqgIXf-u7MTSVIrCOJHZ1xKc5ugXl4iBadf8WaLQM73hrw\" alt=\"\"\/><\/figure>\n\n\n\n<h2 class=\"wp-block-heading\"><span class=\"ez-toc-section\" id=\"Warren_Isis\"><\/span>Warren \u00cdsis<span class=\"ez-toc-section-end\"><\/span><\/h2>\n\n\n\n<p>O Warren \u00cdsis FIC FIM CP (37.282.459\/0001-35) \u00e9 o fundo de cr\u00e9dito estruturado da Warren Asset. A estrat\u00e9gia tem como foco obter exposi\u00e7\u00e3o a fundos de investimento em direitos credit\u00f3rios (FIDCs e FIC FIDCs). Tamb\u00e9m investe em fundos abertos que aplicam em cr\u00e9dito estruturado.<\/p>\n\n\n\n<p>O fundo Warren \u00cdsis teve uma performance de <strong>+1,19%<\/strong> em agosto. O resultado aqu\u00e9m vem especificamente de cr\u00e9dito consignado, que n\u00e3o teve uma performance boa neste m\u00eas.&nbsp;<\/p>\n\n\n\n<p>A despeito disso, o fundo conseguiu entregar um retorno adicional frente ao CDI, mostrando a solidez da performance de longo prazo.<\/p>\n\n\n\n<figure class=\"wp-block-image\"><img decoding=\"async\" src=\"https:\/\/lh3.googleusercontent.com\/9ZDtoPuNQt8E90QMdxIGbqKY_sWP_3A49T8z4mPqvCQAPjYKSHSmiN0yrPVW428NZ6Aaf-62zAnZIlYeOYkyoBbth9C-GCY3y83FhwDMqg6oyOB1Mj36XYU2EE-Otj9zX96coEeBSQjwEpewqKbNktt0A-hcElMqaWrKIJwrjDxo0ptOTT6I96o0fg\" alt=\"\"\/><\/figure>\n\n\n\n<h2 class=\"wp-block-heading\"><span class=\"ez-toc-section\" id=\"Warren_Artemis\"><\/span>Warren Artemis<span class=\"ez-toc-section-end\"><\/span><\/h2>\n\n\n\n<p>O <a href=\"https:\/\/warren.com.br\/magazine\/fundo-warren-artemis\/\">Warren Artemis<\/a> (41.858.415\/0001-88) \u00e9 o nosso fundo de previd\u00eancia em renda fixa. O fundo se exp\u00f5e preponderantemente a cr\u00e9dito banc\u00e1rio, tendo tamb\u00e9m posi\u00e7\u00e3o em deb\u00eantures, cotas s\u00eanior de FIDCs e t\u00edtulos p\u00fablicos. O fundo busca superar o CDI no m\u00e9dio\/longo prazo, sem deixar de perseguir retorno real acima da infla\u00e7\u00e3o.<\/p>\n\n\n\n<p>O fundo Warren Artemis teve um retorno positivo de <strong>132,1% do CDI<\/strong>, o equivalente \u00e0 <strong>CDI +4,17% a.a<\/strong>. para os seus cotistas, o qual veio do cr\u00e9dito banc\u00e1rio, LFTs longas e cr\u00e9dito estruturado.&nbsp;<\/p>\n\n\n\n<p>No comparativo, o fundo acumula <strong>125,6% do CDI nos \u00faltimos 12 meses <\/strong>e segue sendo destaque entre seus pares.\u00a0<\/p>\n\n\n\n<p><strong>Este foi o fundo da Warren que mais se destacou em agosto.<\/strong><\/p>\n\n\n\n<figure class=\"wp-block-image\"><img decoding=\"async\" src=\"https:\/\/lh6.googleusercontent.com\/-UbAxRhJL8JE-_52JDY8o-A2Y01mLZvn65Cg-Vr9eQYNEyihex2RlfRkllOFaJrtlQu_iJY0agDT1m_R7_SiNpgPw1uKZc5K_858VuJ8Gav_QSOsycB_7V3YMhgJVi28UVb4Iq-FGmjN-cGjnpQZATvsAytrhk0ZuUH2qUnqJO-vV0X1SUOZs2hq7w\" alt=\"\"\/><\/figure>\n\n\n\n<p><strong>LEIA MAIS | <\/strong><a href=\"https:\/\/warren.com.br\/magazine\/warren-artemis-um-ano\/\"><strong>Warren Previd\u00eancia Artemis completa um ano: confira a rentabilidade<\/strong><\/a><strong>&nbsp;<\/strong><\/p>\n\n\n\n<h2 class=\"wp-block-heading\"><span class=\"ez-toc-section\" id=\"Warren_Venus\"><\/span>Warren V\u00eanus<span class=\"ez-toc-section-end\"><\/span><\/h2>\n\n\n\n<p>O Warren V\u00eanus (36.854.581\/0001.76) \u00e9 o fundo de cr\u00e9dito privado da Warren Asset com foco em cr\u00e9dito banc\u00e1rio.&nbsp;<\/p>\n\n\n\n<p>A estrat\u00e9gia tem foco em cr\u00e9dito banc\u00e1rio, sendo direcionada para investidores que possam abrir m\u00e3o de liquidez em troca de um retorno maior no m\u00e9dio prazo.&nbsp;<\/p>\n\n\n\n<p>Ao investir no V\u00eanus, o cotista est\u00e1 exposto aos mais variados instrumentos de cr\u00e9dito banc\u00e1rio dispon\u00edveis na ind\u00fastria, bem como, em cr\u00e9dito estruturado para uma menor parcela da carteira.<\/p>\n\n\n\n<p>O fundo Warren V\u00eanus teve rentabilidade de <strong>134,1% do CDI <\/strong>em agosto, equivalente \u00e0 <strong>CDI +4,43% a.a<\/strong>. O fechamento do spread de cr\u00e9dito, especialmente nas letras financeiras, foi o destaque positivo para a rentabilidade do m\u00eas. Adicionalmente, a posi\u00e7\u00e3o em prefixado trouxe retorno positivo.<\/p>\n\n\n\n<figure class=\"wp-block-image\"><img decoding=\"async\" src=\"https:\/\/lh4.googleusercontent.com\/EfAc66GhM0-KdXRvjpajTK0Xqe098c3t8Ft0EeJe6dYdhSaeZDV4p_l1lFIVArJSMIOZn7E7xTLQQR3dZF8pCoxHw6Cd7Vy8kOMRgLQyrZ-4t-nUiowuTBjGq67ZT00aROGEALp7S13CY5SbkFT4r5mQI-2dGOlDYpd_-rjayWXQljCm_E5cLDiiug\" alt=\"\"\/><\/figure>\n\n\n\n<h2 class=\"wp-block-heading\"><span class=\"ez-toc-section\" id=\"Warren_IPCA_Curto\"><\/span>Warren IPCA Curto<span class=\"ez-toc-section-end\"><\/span><\/h2>\n\n\n\n<p>O Warren IPCA Curto (37.557.820\/0001-99) \u00e9 um fundo de renda fixa simples que investe no m\u00ednimo 95% de seu patrim\u00f4nio em t\u00edtulos do governo federal indexados \u00e0 infla\u00e7\u00e3o (Tesouro IPCA).&nbsp;<\/p>\n\n\n\n<p>Alocar uma parcela da carteira atrelada a ativos inflacion\u00e1rios pode garantir ao investidor uma rentabilidade real sobre o investimento realizado, o que permite que receba efetivamente mais quando leva em considera\u00e7\u00e3o o aumento dos pre\u00e7os.<\/p>\n\n\n\n<p>O fundo Warren IPCA teve um resultado de <strong>-0,01%<\/strong> em agosto, em linha com o seu benchmark (IMA-B 5) que ficou no zero a zero. Tivemos um m\u00eas de IPCA negativo e tamb\u00e9m de uma expectativa de infla\u00e7\u00e3o negativa e isso fez com que o resultado fosse pr\u00f3ximo de zero. Al\u00e9m disso, tivemos a abertura da parte curta da curva de NTN-Bs.<\/p>\n\n\n\n<figure class=\"wp-block-image\"><img decoding=\"async\" src=\"https:\/\/lh4.googleusercontent.com\/EsyStiHoqD1WkJD5lXfaGXhAs-c967thEjoVZ788SACf_YOJL9ZaludUTzXX9KkvITJzJrlnP77xTh4WrDM64T0H_RiTmWXzuiRrZy8H6IbLaPrp5uhUd13GSJQt69molVc_1ecG5cQ53ey6KzBC7ofaddXcEe_S9acxdL3kiHFoe_KXNLXPBHQwIg\" alt=\"\"\/><\/figure>\n\n\n\n<h2 class=\"wp-block-heading\"><span class=\"ez-toc-section\" id=\"Warren_Omaha\"><\/span>Warren Omaha<span class=\"ez-toc-section-end\"><\/span><\/h2>\n\n\n\n<p>O Warren Omaha (32.704.998\/0001-00) foi constru\u00eddo para possibilitar um alto grau de diversifica\u00e7\u00e3o ao investidor. O fundo mira reduzir o risco espec\u00edfico de cada mercado por meio de sua diversifica\u00e7\u00e3o de estrat\u00e9gias, permitindo que o investidor sobreviva nos mais variados cen\u00e1rios.<\/p>\n\n\n\n<p>O fundo Warren Omaha teve retorno de <strong>0,31% <\/strong>em Agosto. A aloca\u00e7\u00e3o em fundo quantitativos gerou&nbsp; um resultado positivo. Entretanto, o retorno do fundo foi impactado pela performance negativa da pequena exposi\u00e7\u00e3o a criptoativos.&nbsp;<\/p>\n\n\n\n<figure class=\"wp-block-image\"><img decoding=\"async\" src=\"https:\/\/lh5.googleusercontent.com\/CrSMFs4hB7X6KFphPT-odAnuW-ZsEwvfgRX1Gs2zMhIlN3GyaU2zkiB4toZAwdRP1kd1NMtxHYPjpZ3MBaHYUkQtkj--UwX6h8tGwUuuM2K0Eg7vUQhbmLErD2xTSwljI3am0h36VjoSGynxu1DhLQFxa0JxRrFnC2ejsmD_gpv0fYaNJOiK_U4voA\" alt=\"\"\/><\/figure>\n\n\n\n<h2 class=\"wp-block-heading\"><span class=\"ez-toc-section\" id=\"Warren_BR\"><\/span>Warren BR<span class=\"ez-toc-section-end\"><\/span><\/h2>\n\n\n\n<p>O Warren Brasil FIA (29.577.652\/0001-75) possui como estrat\u00e9gia capturar o pr\u00eamio de risco de a\u00e7\u00f5es, seguindo o principal \u00edndice do pa\u00eds, o Ibovespa.<\/p>\n\n\n\n<p>O fundo adota uma estrat\u00e9gia indexada na bolsa brasileira, com um pequeno adicional sistem\u00e1tico, que busca suavizar movimentos de mercado.<\/p>\n\n\n\n<p>O fundo Warren BR <strong>ganhou 6,77%<\/strong> em agosto, 0,61% acima do seu benchmark, o Ibovespa.&nbsp;<\/p>\n\n\n\n<p>O \u00edndice brasileiro teve forte resultado puxado pelas a\u00e7\u00f5es de <a href=\"https:\/\/warren.com.br\/magazine\/commodities\/\">commodities<\/a> e tecnologia, em um ambiente onde as principais empresas do pa\u00eds seguem com descontos em rela\u00e7\u00e3o aos seus m\u00faltiplos hist\u00f3ricos.&nbsp;<\/p>\n\n\n\n<h2 class=\"wp-block-heading\"><span class=\"ez-toc-section\" id=\"Warren_USA\"><\/span>Warren USA<span class=\"ez-toc-section-end\"><\/span><\/h2>\n\n\n\n<p>O Warren USA (29.577.706\/0001-00) \u00e9 o nosso fundo de a\u00e7\u00f5es que leva o investidor para o mercado americano, no \u00edndice <a href=\"https:\/\/warren.com.br\/magazine\/o-que-e-sp500\/\">S&amp;P 500<\/a>, referente \u00e0s 500 maiores empresas dos Estados Unidos.<\/p>\n\n\n\n<p>O Warren USA teve o resultado de <strong>-3,46%<\/strong> no m\u00eas de agosto, enquanto seu benchmark, o S&amp;P 500, caiu <strong>-4,2%<\/strong> no per\u00edodo. A queda decorreu das preocupa\u00e7\u00f5es com for\u00e7as inflacion\u00e1rias na economia americana, com dados de emprego fortes e \u00edndice da atividade econ\u00f4mica negativo.&nbsp;<\/p>\n\n\n\n<figure class=\"wp-block-image\"><img decoding=\"async\" src=\"https:\/\/lh3.googleusercontent.com\/E7myz2p78a_KPEqF-kcu8fTnNmqWwiYiFInNOqCiQvpBbk3ervetouvGafQR-mYhec6k_DVCIsG9KUK7q6bMQARiu2SOJu5Jcma9WWBi5aef8WrpnnXIfuSIzYYOBIqvCyV46Gl6ukE0sLFCdqASop0sHNzUtGwAvWXLGmYa2EG0ht5BME61eszEkQ\" alt=\"\"\/><\/figure>\n\n\n\n<h2 class=\"wp-block-heading\"><span class=\"ez-toc-section\" id=\"Warren_Green\"><\/span>Warren Green<span class=\"ez-toc-section-end\"><\/span><\/h2>\n\n\n\n<p>O fundo <a href=\"https:\/\/warren.com.br\/magazine\/um-ano-warren-green\/\">Warren Green<\/a> (35.030.809\/0001-40) investe em ativos alinhados a boas pr\u00e1ticas sociais, ambientais e de governan\u00e7a, sem deixar de lado a rentabilidade.<\/p>\n\n\n\n<p>Com estrat\u00e9gia de fatores, o Green utiliza os fatores Valor e Momentum nos mercados brasileiro, americano e europeu.&nbsp;<\/p>\n\n\n\n<p>No m\u00eas de agosto, o Warren Green <strong>ganhou 3,79%, 8,12% acima do seu benchmark, o MSCI World<\/strong>. Os destaques positivos foram Minerva Foods (BEEF3), Banco do Brasil (BBAS3) e Cemig (CMIG4).<\/p>\n\n\n\n<p><strong>LEIA MAIS | <\/strong><a href=\"https:\/\/warren.com.br\/magazine\/esg\/\"><strong>ESG: o que s\u00e3o e como funcionam os fundos ESG<\/strong><\/a><\/p>\n\n\n\n<figure class=\"wp-block-image\"><img decoding=\"async\" src=\"https:\/\/lh3.googleusercontent.com\/kaULDZNwyPjDyJ7Pf_ejXS5A4Yj5b2zFOMg1yMqt1aB4E6Kvszd2OGo4urpscf40QBlv3amEofcBWUFy5omregHmBF7Uw9qiUs4TOIPExSGce7enAr0UHdKbtiKgazZtdwFaTezopG9KykRgqNH8-jimg898m4PZsdB2Ed2W4rvLHFasjiN5v_27ag\" alt=\"\"\/><\/figure>\n\n\n\n<h2 class=\"wp-block-heading\"><span class=\"ez-toc-section\" id=\"Warren_Equals\"><\/span>Warren Equals<span class=\"ez-toc-section-end\"><\/span><\/h2>\n\n\n\n<p>O <a href=\"https:\/\/warren.com.br\/magazine\/como-criamos-o-warren-equals\/\">Warren Equals<\/a> (36.401.557\/0001-81) \u00e9 o nosso fundo que investe em empresas com pol\u00edticas de equidade de g\u00eanero, baseado na vasta literatura sobre os aspectos ESG, que demonstra como estas decis\u00f5es afetam positivamente as empresas.&nbsp;<\/p>\n\n\n\n<p>O fundo utiliza o fator Qualidade em sua estrat\u00e9gia, assim selecionando ativos com excelentes indicadores financeiros, como margem de lucro e baixa alavancagem financeira.<\/p>\n\n\n\n<p>O Warren Equals <strong>caiu 3,15%<\/strong> em agosto. Enquanto nossas posi\u00e7\u00f5es em Braskem (BRKM5) e no setor de telecomunica\u00e7\u00f5es (VIVT3 e TIMS3) foram detratoras de resultado, a EDP Brasil (ENBR3) foi destaque positivo, que viu o apetite por seus pap\u00e9is aumentar ap\u00f3s embolsar R$ 1,2 bilh\u00e3o com venda de uma usina hidrel\u00e9trica.<\/p>\n\n\n\n<p>O fundo ganhou <strong>29,75% desde seu in\u00edcio<\/strong>, 10,98% acima de seu \u00edndice de refer\u00eancia, o <a href=\"https:\/\/warren.com.br\/magazine\/indice-ibovespa\/\">Ibovespa<\/a>.<\/p>\n\n\n\n<p><strong>LEIA MAIS | <\/strong><a href=\"https:\/\/warren.com.br\/magazine\/equidade-genero-investimentos\/\"><strong>Warren Equals: por que equidade de g\u00eanero tamb\u00e9m importa para os seus investimentos?<\/strong><\/a><strong>&nbsp;<\/strong><\/p>\n\n\n\n<figure class=\"wp-block-image\"><img decoding=\"async\" src=\"https:\/\/lh3.googleusercontent.com\/m7y35PlyAi1h3gcLvKZ_owoA-QJLdBgEoA47sGqxor349zkF9FvGk78H6ftIgiRSgbz6N5Tx7CPR3eZP_WVFXZmYn97OsxQQSVX19XefpLee-6ez92zaNekf2-Ws248fHMqdJTt9W-qEOkt74UMdpNauJS39FJI3pMwNCC23uagA88dXXJX3DMEZcg\" alt=\"\"\/><\/figure>\n\n\n\n<h2 class=\"wp-block-heading\"><span class=\"ez-toc-section\" id=\"Warren_Dolar\"><\/span>Warren D\u00f3lar<span class=\"ez-toc-section-end\"><\/span><\/h2>\n\n\n\n<p>O Warren D\u00f3lar (42.149.158\/0001-78) \u00e9 um fundo cambial que investe 100% de seu patrim\u00f4nio em contratos futuros de d\u00f3lar. O objetivo do fundo \u00e9 entregar a varia\u00e7\u00e3o do d\u00f3lar em rela\u00e7\u00e3o ao real, acrescido da remunera\u00e7\u00e3o dos t\u00edtulos p\u00fablicos alocados como margem de garantia.<\/p>\n\n\n\n<p>O Warren D\u00f3lar teve a performance de <strong>0,77% no m\u00eas<\/strong>, 0,61% acima de seu benchmark. Enquanto a divisa americana segue se fortalecendo contra as principais moedas internacionais, devido aos fluxos em busca de maior seguran\u00e7a e taxas nominais positivas, nosso Real teve um m\u00eas ainda mais forte, em linha com resultados fiscais melhores do que esperado e expectativa de entrada de capital estrangeiro ap\u00f3s outubro.<\/p>\n\n\n\n<figure class=\"wp-block-image\"><img decoding=\"async\" src=\"https:\/\/lh3.googleusercontent.com\/05cpZPxTG2XpmMBnfjhQOjUvwh7YEgXWhFc2dv0Mt2TeItuxDuCSTIAlGDMpxExZxJMWVaGxsSkIlhz1VAqVW2zV8_znZPQff5BR8UbM-QfLtspLIxFSyJTudTB8OgOS2C3q7UknqJgig5H81kJ7PsyT-Nd-MTrGpEe06nBBreIHi7deUlQocUvbGw\" alt=\"\"\/><\/figure>\n\n\n\n<p><strong>LEIA MAIS | <\/strong><a href=\"https:\/\/warren.com.br\/magazine\/preco-do-dolar\/\"><strong>O que move o pre\u00e7o do d\u00f3lar? Um guia completo para voc\u00ea entender o que influencia o c\u00e2mbio<\/strong><\/a><strong>&nbsp;<\/strong><\/p>\n\n\n\n<h2 class=\"wp-block-heading\"><span class=\"ez-toc-section\" id=\"Warren_Cripto\"><\/span>Warren Cripto<span class=\"ez-toc-section-end\"><\/span><\/h2>\n\n\n\n<p>O objetivo do fundo <a href=\"https:\/\/warren.com.br\/magazine\/warren-cripto\/\">Warren Cripto<\/a> (43.945.482\/0001-65) \u00e9 buscar retornos superiores ao <a href=\"https:\/\/warren.com.br\/magazine\/bitcoin\/\">Bitcoin<\/a>, com menor volatilidade, por meio de uma gest\u00e3o ativa de criptoativos com controle de risco.&nbsp;<\/p>\n\n\n\n<p>A aloca\u00e7\u00e3o ser\u00e1 em estrat\u00e9gias de arbitragem estat\u00edstica utilizando combina\u00e7\u00f5es de ativos negociados no mercado de bolsa e futuros.<\/p>\n\n\n\n<p>No m\u00eas de agosto o fundo Warren Cripto <strong>caiu 5,04%<\/strong>, enquanto o Bitcoin perdeu mais de 15%.&nbsp;<\/p>\n\n\n\n<p>A corre\u00e7\u00e3o da principal criptomoeda se deu por uma monetiza\u00e7\u00e3o dos fortes ganhos de julho, aliada \u00e0 redu\u00e7\u00e3o do apetite por risco no mercado internacional.&nbsp;<\/p>\n\n\n\n<p>Seguimos com Ethereum como nossa maior posi\u00e7\u00e3o, em expectativa ao \u201cThe Merge\u201d, atualiza\u00e7\u00e3o que atualiza a atual Prova-de-Trabalho para Prova-de-Participa\u00e7\u00e3o, visando maior velocidade e escalabilidade.<\/p>\n\n\n\n<figure class=\"wp-block-image\"><img decoding=\"async\" src=\"https:\/\/lh3.googleusercontent.com\/RjAoHg55e5kBAnik54HUFcEYu_YVY4VD0ATo9zPC2UdnP9V3FZ0BcXnbc9yLC7N_GpuvJcM3CSc1ln2rktBcEVTEgpXh76Id9ap5zB_3FwwNdMBIrh1Jtf7RWdVsbsO4aju5Tcfrd2TU-2v-hf-AJTgF4BNBZl1LLWbQeB6Y1cHMkXiDRP-O2a7ZZA\" alt=\"\"\/><\/figure>\n\n\n\n<p>________<\/p>\n\n\n\n<p><strong>Conte\u00fados recomendados para voc\u00ea:<\/strong><\/p>\n\n\n\n<ul class=\"wp-block-list\"><li><a href=\"https:\/\/warren.com.br\/magazine\/fatores-de-risco\/\">Renda fixa ou renda vari\u00e1vel? Na d\u00favida, v\u00e1 de fatores de risco!<\/a><\/li><li><a href=\"https:\/\/warren.com.br\/magazine\/rainha-elizabeth-sucessao\/\">O protocolo que envolve o adeus \u00e0 rainha \u2014 e os impactos previstos para o mercado<\/a><\/li><li><a href=\"https:\/\/warren.com.br\/magazine\/investir-fiis-selic-em-alta\/\">Com a Selic em alta, por que investir em FIIs e n\u00e3o em renda fixa?<\/a><\/li><li><a href=\"https:\/\/warren.com.br\/magazine\/campanha-eleitoral-investimentos\/\">Elei\u00e7\u00f5es \u00e0 vista: qual o impacto da campanha nos seus investimentos<\/a>&nbsp;&nbsp;&nbsp;<\/li><\/ul>\n\n\n\n<p><em>Este post possui natureza informativa, n\u00e3o devendo ser entendido como recomenda\u00e7\u00e3o de qualquer investimento ou sugest\u00e3o de aloca\u00e7\u00e3o por parte dos destinat\u00e1rios. Os ativos financeiros e\/ou as carteiras de investimentos discutidas neste material podem n\u00e3o ser adequadas para todos os investidores, tendo em vista que os objetivos de investimento, situa\u00e7\u00e3o financeira e necessidades de cada investidor podem variar. Para avalia\u00e7\u00e3o da performance de um fundo de investimento, \u00e9 recomend\u00e1vel a an\u00e1lise de, no m\u00ednimo, 12 (doze) meses. Fundos de investimento n\u00e3o contam com garantia do administrador, do gestor, de qualquer mecanismo de seguro ou do Fundo Garantidor de Cr\u00e9dito \u2013 FGC. Rentabilidade passada n\u00e3o representa garantia de rentabilidade futura. A rentabilidade divulgada n\u00e3o \u00e9 l\u00edquida de impostos. Leia o prospecto, o formul\u00e1rio de informa\u00e7\u00f5es complementares, a l\u00e2mina de informa\u00e7\u00f5es essenciais e o regulamento antes de investir.<\/em><\/p>\n","protected":false},"excerpt":{"rendered":"<p>Confira a performance dos fundos da Warren Asset em agosto Antes de falarmos sobre a performance dos fundos, vamos recapitular os acontecimentos mais importantes do mercado.<\/p>\n","protected":false},"author":8,"featured_media":20202,"comment_status":"closed","ping_status":"open","sticky":false,"template":"","format":"standard","meta":{"_acf_changed":false,"footnotes":""},"categories":[752],"tags":[],"class_list":["post-20200","post","type-post","status-publish","format-standard","has-post-thumbnail","hentry","category-a-warren","entry"],"acf":[],"yoast_head":"<!-- This site is optimized with the Yoast SEO plugin v27.5 - https:\/\/yoast.com\/product\/yoast-seo-wordpress\/ -->\n<title>A performance dos fundos da Warren Asset em agosto<\/title>\n<meta name=\"description\" content=\"Confira o desempenho dos nossos fundos e os acontecimentos mais relevantes no mercado internacional e dom\u00e9stico.\" \/>\n<meta name=\"robots\" content=\"index, follow, max-snippet:-1, max-image-preview:large, max-video-preview:-1\" \/>\n<link rel=\"canonical\" href=\"https:\/\/warren.com.br\/magazine\/resultados-fundos-agosto\/\" \/>\n<meta property=\"og:locale\" content=\"pt_BR\" \/>\n<meta property=\"og:type\" content=\"article\" \/>\n<meta property=\"og:title\" content=\"A performance dos fundos da Warren Asset em agosto\" \/>\n<meta property=\"og:description\" content=\"Confira o desempenho dos nossos fundos e os acontecimentos mais relevantes no mercado internacional e dom\u00e9stico.\" \/>\n<meta property=\"og:url\" content=\"https:\/\/warren.com.br\/magazine\/resultados-fundos-agosto\/\" \/>\n<meta property=\"og:site_name\" content=\"Warren Magazine\" \/>\n<meta property=\"article:publisher\" content=\"https:\/\/www.facebook.com\/warrenbrasil\/\" \/>\n<meta property=\"article:published_time\" content=\"2022-09-09T20:37:24+00:00\" \/>\n<meta property=\"article:modified_time\" content=\"2023-08-03T01:18:02+00:00\" \/>\n<meta property=\"og:image\" content=\"https:\/\/warren.com.br\/magazine\/wp-content\/uploads\/2022\/09\/ft46_warrenmagazine.jpg\" \/>\n\t<meta property=\"og:image:width\" content=\"1800\" \/>\n\t<meta property=\"og:image:height\" content=\"1225\" \/>\n\t<meta property=\"og:image:type\" content=\"image\/jpeg\" \/>\n<meta name=\"author\" content=\"Reda\u00e7\u00e3o Warren\" \/>\n<meta name=\"twitter:card\" content=\"summary_large_image\" \/>\n<meta name=\"twitter:creator\" content=\"@warrenbrasil\" \/>\n<meta name=\"twitter:site\" content=\"@warrenbrasil\" \/>\n<meta name=\"twitter:label1\" content=\"Escrito por\" \/>\n\t<meta name=\"twitter:data1\" content=\"Reda\u00e7\u00e3o Warren\" \/>\n\t<meta name=\"twitter:label2\" content=\"Est. tempo de leitura\" \/>\n\t<meta name=\"twitter:data2\" content=\"15 minutos\" \/>\n<!-- \/ Yoast SEO plugin. -->","yoast_head_json":{"title":"A performance dos fundos da Warren Asset em agosto","description":"Confira o desempenho dos nossos fundos e os acontecimentos mais relevantes no mercado internacional e dom\u00e9stico.","robots":{"index":"index","follow":"follow","max-snippet":"max-snippet:-1","max-image-preview":"max-image-preview:large","max-video-preview":"max-video-preview:-1"},"canonical":"https:\/\/warren.com.br\/magazine\/resultados-fundos-agosto\/","og_locale":"pt_BR","og_type":"article","og_title":"A performance dos fundos da Warren Asset em agosto","og_description":"Confira o desempenho dos nossos fundos e os acontecimentos mais relevantes no mercado internacional e dom\u00e9stico.","og_url":"https:\/\/warren.com.br\/magazine\/resultados-fundos-agosto\/","og_site_name":"Warren Magazine","article_publisher":"https:\/\/www.facebook.com\/warrenbrasil\/","article_published_time":"2022-09-09T20:37:24+00:00","article_modified_time":"2023-08-03T01:18:02+00:00","og_image":[{"width":1800,"height":1225,"url":"https:\/\/warren.com.br\/magazine\/wp-content\/uploads\/2022\/09\/ft46_warrenmagazine.jpg","type":"image\/jpeg"}],"author":"Reda\u00e7\u00e3o Warren","twitter_card":"summary_large_image","twitter_creator":"@warrenbrasil","twitter_site":"@warrenbrasil","twitter_misc":{"Escrito por":"Reda\u00e7\u00e3o Warren","Est. tempo de leitura":"15 minutos"},"schema":{"@context":"https:\/\/schema.org","@graph":[{"@type":"NewsArticle","@id":"https:\/\/warren.com.br\/magazine\/resultados-fundos-agosto\/#article","isPartOf":{"@id":"https:\/\/warren.com.br\/magazine\/resultados-fundos-agosto\/"},"author":{"name":"Reda\u00e7\u00e3o Warren","@id":"https:\/\/warren.com.br\/magazine\/#\/schema\/person\/6ab5c3002c3fbf4a167e69ed8a2b228c"},"headline":"Confira a performance dos fundos da Warren Asset em agosto","datePublished":"2022-09-09T20:37:24+00:00","dateModified":"2023-08-03T01:18:02+00:00","mainEntityOfPage":{"@id":"https:\/\/warren.com.br\/magazine\/resultados-fundos-agosto\/"},"wordCount":3029,"publisher":{"@id":"https:\/\/warren.com.br\/magazine\/#organization"},"image":{"@id":"https:\/\/warren.com.br\/magazine\/resultados-fundos-agosto\/#primaryimage"},"thumbnailUrl":"https:\/\/warren.com.br\/magazine\/wp-content\/uploads\/2022\/09\/ft46_warrenmagazine.jpg","articleSection":["A Warren\u00a0"],"inLanguage":"pt-BR"},{"@type":"WebPage","@id":"https:\/\/warren.com.br\/magazine\/resultados-fundos-agosto\/","url":"https:\/\/warren.com.br\/magazine\/resultados-fundos-agosto\/","name":"A performance dos fundos da Warren Asset em agosto","isPartOf":{"@id":"https:\/\/warren.com.br\/magazine\/#website"},"primaryImageOfPage":{"@id":"https:\/\/warren.com.br\/magazine\/resultados-fundos-agosto\/#primaryimage"},"image":{"@id":"https:\/\/warren.com.br\/magazine\/resultados-fundos-agosto\/#primaryimage"},"thumbnailUrl":"https:\/\/warren.com.br\/magazine\/wp-content\/uploads\/2022\/09\/ft46_warrenmagazine.jpg","datePublished":"2022-09-09T20:37:24+00:00","dateModified":"2023-08-03T01:18:02+00:00","description":"Confira o desempenho dos nossos fundos e os acontecimentos mais relevantes no mercado internacional e dom\u00e9stico.","inLanguage":"pt-BR","potentialAction":[{"@type":"ReadAction","target":["https:\/\/warren.com.br\/magazine\/resultados-fundos-agosto\/"]}]},{"@type":"ImageObject","inLanguage":"pt-BR","@id":"https:\/\/warren.com.br\/magazine\/resultados-fundos-agosto\/#primaryimage","url":"https:\/\/warren.com.br\/magazine\/wp-content\/uploads\/2022\/09\/ft46_warrenmagazine.jpg","contentUrl":"https:\/\/warren.com.br\/magazine\/wp-content\/uploads\/2022\/09\/ft46_warrenmagazine.jpg","width":1800,"height":1225,"caption":"Confira a performance dos fundos da Warren Asset em agosto, ilustra\u00e7\u00e3o"},{"@type":"WebSite","@id":"https:\/\/warren.com.br\/magazine\/#website","url":"https:\/\/warren.com.br\/magazine\/","name":"Warren Magazine","description":"","publisher":{"@id":"https:\/\/warren.com.br\/magazine\/#organization"},"potentialAction":[{"@type":"SearchAction","target":{"@type":"EntryPoint","urlTemplate":"https:\/\/warren.com.br\/magazine\/?s={search_term_string}"},"query-input":{"@type":"PropertyValueSpecification","valueRequired":true,"valueName":"search_term_string"}}],"inLanguage":"pt-BR"},{"@type":"Organization","@id":"https:\/\/warren.com.br\/magazine\/#organization","name":"Warren Magazine","url":"https:\/\/warren.com.br\/magazine\/","logo":{"@type":"ImageObject","inLanguage":"pt-BR","@id":"https:\/\/warren.com.br\/magazine\/#\/schema\/logo\/image\/","url":"https:\/\/warren.com.br\/magazine\/wp-content\/uploads\/2023\/06\/ThumbMagazine.jpg","contentUrl":"https:\/\/warren.com.br\/magazine\/wp-content\/uploads\/2023\/06\/ThumbMagazine.jpg","width":2400,"height":1260,"caption":"Warren Magazine"},"image":{"@id":"https:\/\/warren.com.br\/magazine\/#\/schema\/logo\/image\/"},"sameAs":["https:\/\/www.facebook.com\/warrenbrasil\/","https:\/\/x.com\/warrenbrasil","https:\/\/www.instagram.com\/warrenbrasil\/","https:\/\/www.linkedin.com\/company\/warrenbrasil\/","https:\/\/www.youtube.com\/channel\/UCqIO5twa50iGz2wT5cGS-XQ"]},{"@type":"Person","@id":"https:\/\/warren.com.br\/magazine\/#\/schema\/person\/6ab5c3002c3fbf4a167e69ed8a2b228c","name":"Reda\u00e7\u00e3o Warren","image":{"@type":"ImageObject","inLanguage":"pt-BR","@id":"https:\/\/warren.com.br\/magazine\/wp-content\/uploads\/2023\/12\/Instagram-avatar-96x96.png","url":"https:\/\/warren.com.br\/magazine\/wp-content\/uploads\/2023\/12\/Instagram-avatar-96x96.png","contentUrl":"https:\/\/warren.com.br\/magazine\/wp-content\/uploads\/2023\/12\/Instagram-avatar-96x96.png","caption":"Reda\u00e7\u00e3o Warren"},"url":"https:\/\/warren.com.br\/magazine\/author\/redacao-warren\/"}]}},"_links":{"self":[{"href":"https:\/\/warren.com.br\/magazine\/wp-json\/wp\/v2\/posts\/20200","targetHints":{"allow":["GET"]}}],"collection":[{"href":"https:\/\/warren.com.br\/magazine\/wp-json\/wp\/v2\/posts"}],"about":[{"href":"https:\/\/warren.com.br\/magazine\/wp-json\/wp\/v2\/types\/post"}],"author":[{"embeddable":true,"href":"https:\/\/warren.com.br\/magazine\/wp-json\/wp\/v2\/users\/8"}],"replies":[{"embeddable":true,"href":"https:\/\/warren.com.br\/magazine\/wp-json\/wp\/v2\/comments?post=20200"}],"version-history":[{"count":6,"href":"https:\/\/warren.com.br\/magazine\/wp-json\/wp\/v2\/posts\/20200\/revisions"}],"predecessor-version":[{"id":20223,"href":"https:\/\/warren.com.br\/magazine\/wp-json\/wp\/v2\/posts\/20200\/revisions\/20223"}],"wp:featuredmedia":[{"embeddable":true,"href":"https:\/\/warren.com.br\/magazine\/wp-json\/wp\/v2\/media\/20202"}],"wp:attachment":[{"href":"https:\/\/warren.com.br\/magazine\/wp-json\/wp\/v2\/media?parent=20200"}],"wp:term":[{"taxonomy":"category","embeddable":true,"href":"https:\/\/warren.com.br\/magazine\/wp-json\/wp\/v2\/categories?post=20200"},{"taxonomy":"post_tag","embeddable":true,"href":"https:\/\/warren.com.br\/magazine\/wp-json\/wp\/v2\/tags?post=20200"}],"curies":[{"name":"wp","href":"https:\/\/api.w.org\/{rel}","templated":true}]}}