{"id":20643,"date":"2022-10-21T19:48:32","date_gmt":"2022-10-21T22:48:32","guid":{"rendered":"https:\/\/warren.com.br\/magazine\/?p=20643"},"modified":"2023-08-02T22:18:25","modified_gmt":"2023-08-03T01:18:25","slug":"novo-passo-mercado-de-capitais","status":"publish","type":"post","link":"https:\/\/warren.com.br\/magazine\/novo-passo-mercado-de-capitais\/","title":{"rendered":"Um novo passo para o mercado de capitais"},"content":{"rendered":"\n<p>\u00c9 um prazer estar aqui pela primeira vez com voc\u00ea. Meu nome \u00e9 <strong>Gustavo Ruiz<\/strong> e sou respons\u00e1vel pelas nossas opera\u00e7\u00f5es de mercado de capitais e distribui\u00e7\u00e3o.&nbsp;<\/p>\n\n\n\n<p>Me comprometo a vir aqui recorrentemente para trazer as <strong>novidades mais quentes do mercado de capitais<\/strong>, al\u00e9m de inova\u00e7\u00f5es do ambiente de investimentos e destaques no ramo de empreendedorismo, entre outros temas interessantes.<\/p>\n\n\n\n<p>Sem mais delongas e come\u00e7ando pelo come\u00e7o, vou tentar traduzir <strong>como estamos inovando na ind\u00fastria de mercado de capitais<\/strong> \u2014 e aproveitarei para falar do panorama de mercado para algumas classes.<\/p>\n\n\n\n<div id=\"ez-toc-container\" class=\"ez-toc-v2_0_82_2 counter-hierarchy ez-toc-counter ez-toc-grey ez-toc-container-direction\">\n<p class=\"ez-toc-title\" style=\"cursor:inherit\">Indice<\/p>\n<label for=\"ez-toc-cssicon-toggle-item-69f25028d45ce\" class=\"ez-toc-cssicon-toggle-label\"><span class=\"ez-toc-cssicon\"><span class=\"eztoc-hide\" style=\"display:none;\">Toggle<\/span><span class=\"ez-toc-icon-toggle-span\"><svg style=\"fill: #999;color:#999\" xmlns=\"http:\/\/www.w3.org\/2000\/svg\" class=\"list-377408\" width=\"20px\" height=\"20px\" viewBox=\"0 0 24 24\" fill=\"none\"><path d=\"M6 6H4v2h2V6zm14 0H8v2h12V6zM4 11h2v2H4v-2zm16 0H8v2h12v-2zM4 16h2v2H4v-2zm16 0H8v2h12v-2z\" fill=\"currentColor\"><\/path><\/svg><svg style=\"fill: #999;color:#999\" class=\"arrow-unsorted-368013\" xmlns=\"http:\/\/www.w3.org\/2000\/svg\" width=\"10px\" height=\"10px\" viewBox=\"0 0 24 24\" version=\"1.2\" baseProfile=\"tiny\"><path d=\"M18.2 9.3l-6.2-6.3-6.2 6.3c-.2.2-.3.4-.3.7s.1.5.3.7c.2.2.4.3.7.3h11c.3 0 .5-.1.7-.3.2-.2.3-.5.3-.7s-.1-.5-.3-.7zM5.8 14.7l6.2 6.3 6.2-6.3c.2-.2.3-.5.3-.7s-.1-.5-.3-.7c-.2-.2-.4-.3-.7-.3h-11c-.3 0-.5.1-.7.3-.2.2-.3.5-.3.7s.1.5.3.7z\"\/><\/svg><\/span><\/span><\/label><input type=\"checkbox\"  id=\"ez-toc-cssicon-toggle-item-69f25028d45ce\"  aria-label=\"Alternar\" \/><nav><ul class='ez-toc-list ez-toc-list-level-1 ' ><li class='ez-toc-page-1 ez-toc-heading-level-2'><a class=\"ez-toc-link ez-toc-heading-1\" href=\"https:\/\/warren.com.br\/magazine\/novo-passo-mercado-de-capitais\/#Uma_breve_introducao_sobre_o_mercado_de_capitais\" >Uma breve introdu\u00e7\u00e3o sobre o mercado de capitais<\/a><\/li><li class='ez-toc-page-1 ez-toc-heading-level-2'><a class=\"ez-toc-link ez-toc-heading-2\" href=\"https:\/\/warren.com.br\/magazine\/novo-passo-mercado-de-capitais\/#As_duas_portas_de_acesso_ao_mercado_de_capitais\" >As duas portas de acesso ao mercado de capitais<\/a><\/li><li class='ez-toc-page-1 ez-toc-heading-level-2'><a class=\"ez-toc-link ez-toc-heading-3\" href=\"https:\/\/warren.com.br\/magazine\/novo-passo-mercado-de-capitais\/#Democratizando_o_universos_de_investimentos_com_inovacao\" >Democratizando o universos de investimentos com inova\u00e7\u00e3o<\/a><\/li><li class='ez-toc-page-1 ez-toc-heading-level-2'><a class=\"ez-toc-link ez-toc-heading-4\" href=\"https:\/\/warren.com.br\/magazine\/novo-passo-mercado-de-capitais\/#Entendendo_o_Mercado_de_Capitais_30\" >Entendendo o Mercado de Capitais 3.0<\/a><\/li><li class='ez-toc-page-1 ez-toc-heading-level-2'><a class=\"ez-toc-link ez-toc-heading-5\" href=\"https:\/\/warren.com.br\/magazine\/novo-passo-mercado-de-capitais\/#A_minha_visao_sobre_o_cenario_atual\" >A minha vis\u00e3o sobre o cen\u00e1rio atual<\/a><ul class='ez-toc-list-level-3' ><li class='ez-toc-heading-level-3'><a class=\"ez-toc-link ez-toc-heading-6\" href=\"https:\/\/warren.com.br\/magazine\/novo-passo-mercado-de-capitais\/#Analisando_o_mercado_de_equity\" >Analisando o mercado de equity<\/a><\/li><\/ul><\/li><\/ul><\/nav><\/div>\n<h2 class=\"wp-block-heading\"><span class=\"ez-toc-section\" id=\"Uma_breve_introducao_sobre_o_mercado_de_capitais\"><\/span>Uma breve introdu\u00e7\u00e3o sobre o mercado de capitais<span class=\"ez-toc-section-end\"><\/span><\/h2>\n\n\n\n<p>O mercado de capitais, de forma bastante resumida e como o pr\u00f3prio nome diz, \u00e9 o ambiente organizado onde transitam recursos <strong>de quem pode emprest\u00e1-los para quem precisa deles emprestado<\/strong>.&nbsp;<\/p>\n\n\n\n<p>Como sabemos, a moeda de troca para isso \u00e9 o <strong>dinheiro<\/strong>, um ativo regulado.&nbsp;<\/p>\n\n\n\n<p>Por isso, esse encontro precisa acontecer dentro de institui\u00e7\u00f5es autorizadas para tal fim, como bancos, <a href=\"https:\/\/warren.com.br\/magazine\/corretora-de-investimentos\/\">corretoras<\/a>, financeiras, fintechs reguladas, etc.&nbsp;<\/p>\n\n\n\n<p>Essas institui\u00e7\u00f5es promovem e organizam esse encontro e s\u00e3o elas as respons\u00e1veis por estruturar, coordenar e configurar as caracter\u00edsticas para que haja<strong> equil\u00edbrio na din\u00e2mica entre as exig\u00eancias <\/strong>de quem tem o capital e das garantias de quem precisa dele.&nbsp;<\/p>\n\n\n\n<p>S\u00e3o v\u00e1rias caracter\u00edsticas que devem ser definidas para que esse <em>match <\/em>de interesses se transforme em um produto de investimento, como:&nbsp;<\/p>\n\n\n\n<ul class=\"wp-block-list\">\n<li>Estrutura<\/li>\n\n\n\n<li>Ferramenta<\/li>\n\n\n\n<li>Volume da opera\u00e7\u00e3o<\/li>\n\n\n\n<li>Prazos<\/li>\n\n\n\n<li>Custos e taxas<\/li>\n\n\n\n<li>Retorno exigido<\/li>\n\n\n\n<li>Garantias<\/li>\n\n\n\n<li>Tipo de investidor<\/li>\n<\/ul>\n\n\n\n<p>Um exemplo, atendendo todos esses requisitos, seria a emiss\u00e3o de um T\u00edtulo de D\u00edvida via <a href=\"https:\/\/warren.com.br\/magazine\/o-que-e-certificado-de-recebiveis-imobiliarios-cri\/\">CRI<\/a> (Certificado de Receb\u00edvel Imobili\u00e1rio) com prazo de 2 anos e taxa de retorno de <a href=\"https:\/\/warren.com.br\/magazine\/cdi\/\">CDI<\/a> + 3% a.a, com foco no investidor de varejo.&nbsp;<\/p>\n\n\n\n<h2 class=\"wp-block-heading\"><span class=\"ez-toc-section\" id=\"As_duas_portas_de_acesso_ao_mercado_de_capitais\"><\/span>As duas portas de acesso ao mercado de capitais<span class=\"ez-toc-section-end\"><\/span><\/h2>\n\n\n\n<p>Se voc\u00ea \u00e9 um empres\u00e1rio e pensa adquirir um novo neg\u00f3cio, expandir suas opera\u00e7\u00f5es ou fazer novos investimentos, voc\u00ea tem basicamente<strong> duas portas de acesso para o mercado de capitais<\/strong>.&nbsp;<\/p>\n\n\n\n<p>E \u00e9 sempre com base nessa avalia\u00e7\u00e3o que voc\u00ea pode come\u00e7ar a tomar suas decis\u00f5es.&nbsp;<\/p>\n\n\n\n<p>A<strong> primeira porta <\/strong>para acessar esse mercado \u00e9 via capital de terceiros, como empr\u00e9stimos atrav\u00e9s de bancos.<\/p>\n\n\n\n<p>A <strong>segunda porta <\/strong>\u00e9 atrav\u00e9s de capital pr\u00f3prio, fazendo uma nova emiss\u00e3o de <a href=\"https:\/\/warren.com.br\/magazine\/o-que-e-uma-acao\/\">a\u00e7\u00f5es<\/a> ou vendendo parte de sua empresa, por exemplo.&nbsp;<\/p>\n\n\n\n<p>Em teoria, o <strong>uso de capital de terceiros \u00e9 sempre mais eficiente<\/strong>, pois n\u00e3o compromete o recurso pr\u00f3prio.&nbsp;<\/p>\n\n\n\n<p>Mas nem sempre as condi\u00e7\u00f5es de mercado, da empresa ou do seu contexto v\u00e3o favorecer esse caminho.&nbsp;<\/p>\n\n\n\n<p>A verdade \u00e9 que os caminhos s\u00e3o distintos e sempre podem coexistir.&nbsp;<\/p>\n\n\n\n<p>Por isso, as institui\u00e7\u00f5es financeiras se especializaram nessas atividades de mercado de capitais, para lhe ajudar a <strong>tomar decis\u00f5es melhores<\/strong>.&nbsp;<\/p>\n\n\n\n<p>De forma resumida, as \u00e1reas respons\u00e1veis por isso se dividem em <em>Debt Capital Markets,<\/em> que fazem as opera\u00e7\u00f5es de d\u00edvida, e <em>Equity Capital Markets,<\/em> que usam opera\u00e7\u00f5es de <a href=\"https:\/\/warren.com.br\/magazine\/ipo\/\">IPOs<\/a> (<em>Initial Public Offering<\/em>), <em>Follow On<\/em> ou <a href=\"https:\/\/warren.com.br\/magazine\/fusoes-e-aquisicoes\/\">M&amp;A<\/a> (<em>Mergers and Acquisition<\/em>) para acessar os recursos.&nbsp;<\/p>\n\n\n\n<p>Existem outras \u00e1reas dentro de uma corretora ou banco que d\u00e3o suporte para essa atividade, nas quais trabalham analistas setoriais, economistas, pesquisadores e profissionais da \u00e1rea comercial, entre outros.<\/p>\n\n\n\n<h2 class=\"wp-block-heading\"><span class=\"ez-toc-section\" id=\"Democratizando_o_universos_de_investimentos_com_inovacao\"><\/span>Democratizando o universos de investimentos com inova\u00e7\u00e3o<span class=\"ez-toc-section-end\"><\/span><\/h2>\n\n\n\n<p>O nosso prop\u00f3sito aqui na Warren \u00e9 democratizar o universo de investimentos e gerar retornos sem <a href=\"https:\/\/warren.com.br\/magazine\/como-os-conflitos-de-interesse-atrapalham-seus-investimentos\/\">conflitos de interesses<\/a>, e foi com essa mesma mentalidade que estruturamos a \u00e1rea de mercado de capitais.&nbsp;<\/p>\n\n\n\n<p>Isso requer um <strong>modelo de neg\u00f3cio totalmente inovador<\/strong>.&nbsp;<\/p>\n\n\n\n<p>No modelo tradicional, as institui\u00e7\u00f5es financeiras estruturam os produtos e embutem comiss\u00f5es alt\u00edssimas que <strong>incentivam uma venda perversa<\/strong>.<\/p>\n\n\n\n<p>O foco acaba sendo acumular o maior n\u00famero de opera\u00e7\u00f5es sem que necessariamente elas sejam adequadas ou recomendadas para os clientes investidores.&nbsp;<\/p>\n\n\n\n<p>O modelo inovador que desenvolvemos aboliu as altas comiss\u00f5es, o que acaba se revertendo em<strong> benef\u00edcios para o investidor e empres\u00e1rio<\/strong>.<\/p>\n\n\n\n<p><strong>Pode parecer um detalhe, mas \u00e9 ele que faz toda a diferen\u00e7a.<\/strong><\/p>\n\n\n\n<p>Isso porque esse detalhe nos permite focar em se tornar a principal ferramenta de transforma\u00e7\u00e3o de ideias em teses e produtos de investimentos.&nbsp;<\/p>\n\n\n\n<p>Um dos nossos principais objetivos \u00e9 entender como, quando, quanto e onde o investidor quer colocar seu dinheiro.&nbsp;<\/p>\n\n\n\n<p>Assim vasculhamos o mercado com um objetivo claro e alinhado com <strong>nosso chefe: o cliente<\/strong>.<\/p>\n\n\n\n<p>Talvez eu esteja rezando a missa para alguns, mas acredito que toda essa explica\u00e7\u00e3o pode ajudar voc\u00ea, investidor ou empres\u00e1rio, a tomar decis\u00f5es melhores.<\/p>\n\n\n\n<p>A explica\u00e7\u00e3o tamb\u00e9m pode servir de base para explicar por que batizamos esse movimento inovador de <a href=\"https:\/\/warren.com.br\/magazine\/modelo-3-0-mercado-financeiro\/\">Mercado de Capitais 3.0<\/a>.<\/p>\n\n\n\n<h2 class=\"wp-block-heading\"><span class=\"ez-toc-section\" id=\"Entendendo_o_Mercado_de_Capitais_30\"><\/span>Entendendo o Mercado de Capitais 3.0<span class=\"ez-toc-section-end\"><\/span><\/h2>\n\n\n\n<p>Para explicar o que significa o &#8220;3.0&#8221; terei que passar pelas fases anteriores.&nbsp;<\/p>\n\n\n\n<p>A <a href=\"https:\/\/warren.com.br\/magazine\/revolucao-1-0-mercado-financeiro\/\">fase &#8220;1.0&#8221; do mercado de capitais<\/a> foi a \u00e9poca em que a principal porta de acesso ao capital eram os bancos, local onde as pessoas e empresas investiam e se capitalizavam.&nbsp;<\/p>\n\n\n\n<p>A <a href=\"https:\/\/warren.com.br\/magazine\/revolucao-2-0-mercado-financeiro\/\">fase &#8220;2.0&#8221;<\/a> \u00e9 marcada pela descentraliza\u00e7\u00e3o. Essas opera\u00e7\u00f5es come\u00e7am a acontecer fora dos bancos e passam para corretoras, financeiras, fintechs etc.&nbsp;<\/p>\n\n\n\n<p>J\u00e1 a fase do &#8220;3.0&#8221;, que estamos criando, n\u00e3o \u00e9 s\u00f3 marcada pela descentraliza\u00e7\u00e3o, como tamb\u00e9m pela <strong>desintermedia\u00e7\u00e3o.<\/strong><\/p>\n\n\n\n<p>Isso resulta em ganhos de efici\u00eancia e escala significativos para todas as partes envolvidas no processo, ou seja: mais efici\u00eancia para a institui\u00e7\u00e3o financeira, menos custo para o empres\u00e1rio e mais retorno para o investidor.&nbsp;<\/p>\n\n\n\n<p><strong>Todos ganham.&nbsp;&nbsp;<\/strong><\/p>\n\n\n\n<p>Para concluir essa etapa costumo dizer que a opera\u00e7\u00e3o de mercado de capitais 3.0 nos ajuda a<strong> fechar o c\u00edrculo de servi\u00e7os e produtos financeiros da Warren<\/strong>.<\/p>\n\n\n\n<p>Nossa miss\u00e3o \u00e9 ajudar o investidor durante toda sua jornada de vida.&nbsp;<\/p>\n\n\n\n<p>Iniciamos ajudando voc\u00ea <a href=\"https:\/\/educacao.warren.com.br\/\">compreender melhor o mundo dos investimentos<\/a> e ajudamos a entrar nesse universo trazendo uma <a href=\"https:\/\/warren.com.br\/magazine\/experiencia-investir-warren\/\">experi\u00eancia incr\u00edvel<\/a>.<\/p>\n\n\n\n<p>Com a \u00e1rea de mercado de capitais, trazemos <strong>solu\u00e7\u00f5es de acesso ao capital<\/strong> via d\u00edvida ou atrav\u00e9s de ve\u00edculos de investimentos estruturados, fus\u00f5es, aquisi\u00e7\u00f5es ou fundraising.<\/p>\n\n\n\n<p>Tamb\u00e9m ajudamos a <a href=\"https:\/\/warren.com.br\/magazine\/tipos-carteiras-warren\/\">gerir e proteger seu patrim\u00f4nio<\/a> e assim conseguimos entregar todos os servi\u00e7os com um \u00fanico <a href=\"https:\/\/warren.com.br\/magazine\/conflito-de-interesse\/\">DNA<\/a>.<\/p>\n\n\n\n<figure class=\"wp-block-image\"><img decoding=\"async\" src=\"https:\/\/lh5.googleusercontent.com\/CYlIm27nvdpptfDPWoiWw-hThPxV1CrSS40LLD8tfG_91P5SrfhTnrlZ9iMSnwL9_0GOSj0Kvj812eQYES-AvXt-lyCyYG9HkHgTwJTSW6FKf9TSMQ5Beo3tQkeml7-_RMJzUlbtyZ3WMQYTTdVtQWtfojCZRUntGXbpROnaiVz9YvGlxTW6rPQMQQ\" alt=\"\"\/><\/figure>\n\n\n\n<h2 class=\"wp-block-heading\"><span class=\"ez-toc-section\" id=\"A_minha_visao_sobre_o_cenario_atual\"><\/span>A minha vis\u00e3o sobre o cen\u00e1rio atual<span class=\"ez-toc-section-end\"><\/span><\/h2>\n\n\n\n<p>Aproveito essa oportunidade para trazer minha vis\u00e3o sobre alguns dos principais mercados.<\/p>\n\n\n\n<p>Do ponto de vista <a href=\"https:\/\/warren.com.br\/magazine\/o-que-e-macroeconomia\/\">macroecon\u00f4mico<\/a> estamos passando por uma <strong>s\u00e9rie de desafios globais e locais<\/strong>, que trazem uma paralisa\u00e7\u00e3o do mercado de capitais.&nbsp;<\/p>\n\n\n\n<p>Assim, o investidor passa a tolerar menor risco, e o tomador tem menos op\u00e7\u00f5es de acesso ao mercado, que passa a ficar mais fechado.&nbsp;<\/p>\n\n\n\n<p>Neste <a href=\"https:\/\/warren.com.br\/magazine\/juro-alto-mais-tempo\/\">artigo<\/a> do time de Aloca\u00e7\u00e3o, voc\u00ea pode conferir mais sobre nossa vis\u00e3o macro.<\/p>\n\n\n\n<p>Por outro lado, existe uma vis\u00e3o que os <strong>mercados podem se reaquecer <\/strong>principalmente nos setores agro, <a href=\"https:\/\/warren.com.br\/magazine\/commodities\/\">commodities<\/a> e infra estrutura.&nbsp;<\/p>\n\n\n\n<p>Apesar de o investidor estar mais propenso a investir em <a href=\"https:\/\/warren.com.br\/magazine\/investimento-renda-fixa\/\">renda fixa<\/a> neste ano, acredito que fecharemos o ano com volumes de t\u00edtulos de valores mobili\u00e1rios privados (CRIs, CRAs e deb\u00eantures) menores do que em 2021.&nbsp;<\/p>\n\n\n\n<p>No ano passado, o mercado distribuiu cerca de R$ 180 bilh\u00f5es nessa classe, e a estimativa deste ano deve ficar ao redor de R$ 150 bilh\u00f5es conforme as <a href=\"https:\/\/valorinveste.globo.com\/produtos\/renda-fixa\/debentures-e-divida-privada\/noticia\/2022\/08\/17\/credito-privado-segue-atrativo-para-empresas-mesmo-com-alta-da-selic-e-eleicao.ghtml\">previs\u00f5es<\/a>.<\/p>\n\n\n\n<p>Sabemos que o brasileiro gosta de investir em renda fixa e, segundo o \u00faltimo relat\u00f3rio da Anbima, saltamos de 9,4 milh\u00f5es para 11,9 milh\u00f5es de CPFs investindo em renda fixa nos \u00faltimos 12 meses.&nbsp;<\/p>\n\n\n\n<p>Tamb\u00e9m fomos de R$ 898 bilh\u00f5es para <strong>R$ <\/strong><strong>1,3 trilh\u00e3o<\/strong> em volume investido.<\/p>\n\n\n\n<h3 class=\"wp-block-heading\"><span class=\"ez-toc-section\" id=\"Analisando_o_mercado_de_equity\"><\/span>Analisando o mercado de equity<span class=\"ez-toc-section-end\"><\/span><\/h3>\n\n\n\n<p>Do ponto de vista do mercado de equity, acredito que podemos ter um <strong>ano mais construtivo no mercado interno<\/strong>, principalmente com a queda da <a href=\"https:\/\/warren.com.br\/magazine\/inflacao\/\">infla\u00e7\u00e3o<\/a> e um <a href=\"https:\/\/warren.com.br\/magazine\/pib\/\">PIB<\/a> que pode chegar a 2% neste ano.&nbsp;<\/p>\n\n\n\n<p>Esse mercado tamb\u00e9m pode ser beneficiado pela <strong>chegada de capital estrangeiro<\/strong>, que pode vir atr\u00e1s do crescimento economico, infla\u00e7\u00e3o controlada e c\u00e2mbio atrativo \u2014 tudo isso pode entregar uma rela\u00e7\u00e3o ben\u00e9fica para o gringo, quando comparado aos demais emergentes.<\/p>\n\n\n\n<p>Segundo dados da ind\u00fastria, <strong>mais de 109 empresas desistiram de fazer IPO <\/strong>entre 2020 e 2021. Essas empresas podem voltar a querer acessar o mercado de capitais de alguma forma no ano que vem.<\/p>\n\n\n\n<p>Apesar de uma tend\u00eancia de contra\u00e7\u00e3o para o segundo semestre de 2022, o mercado de M&amp;A se manteve aquecido no primeiro semestre do ano, mesmo com cen\u00e1rio de <a href=\"https:\/\/warren.com.br\/magazine\/valuation\/\">valuation<\/a> e desafios mais complexos.&nbsp;<\/p>\n\n\n\n<p>Uma <a href=\"https:\/\/www.convergenciadigital.com.br\/Negocios\/Internet-lidera-fusoes-e-aquisicoes-no-primeiro-semestre-61354.html?UserActiveTemplate=mobile%2Csite%252Cmobile%25252Csite%2525252Cmobile%252525252Csite&amp;from%252525255Finfo%252525255Findex=221#:~:text=Uma%20pesquisa%20realizada%20pela%20KPMG,aconteceram%20de%20abril%20a%20junho\">pesquisa da KPMG<\/a> apontou que foram realizadas <strong>1.014 opera\u00e7\u00f5es de M&amp;A no primeiro semestre deste ano<\/strong>, 25% a mais do que no mesmo per\u00edodo em 2021.&nbsp;<\/p>\n\n\n\n<p>Empresas de internet lideraram como as mais quentes, seguidas por tecnologia da informa\u00e7\u00e3o e pelas institui\u00e7\u00f5es financeiras.<\/p>\n\n\n\n<p>Obviamente que todas essas previs\u00f5es podem mudar de acordo com algumas vari\u00e1veis como elei\u00e7\u00e3o, ciclo de aperto monet\u00e1rio local e exterior por exemplo.<\/p>\n\n\n\n<p>Um outro ponto que devemos acompanhar de perto s\u00e3o as <strong>inova\u00e7\u00f5es regulat\u00f3rias <\/strong>que podem trazer uma alavanca para o mercado de capitais.&nbsp;<\/p>\n\n\n\n<p>Elas prometem desenvolver ainda mais a ind\u00fastria, proporcionando mais seguran\u00e7a, menos custos e mais efici\u00eancia para o mercado.&nbsp;<\/p>\n\n\n\n<p>Por exemplo: a nova norma de ofertas p\u00fablicas que <a href=\"https:\/\/www.anbima.com.br\/pt_br\/noticias\/nova-norma-de-ofertas-publicas-confira-as-novidades-do-texto-publicado-hoje-pela-cvm.htm\">entrar\u00e1 em vigor no in\u00edcio do ano que vem<\/a>. Isso para n\u00e3o mencionar outras inova\u00e7\u00f5es que est\u00e3o sendo estudadas e colocadas em pr\u00e1tica pela ind\u00fastria.<\/p>\n\n\n\n<p>Temos certeza que em breve veremos (ou faremos) o <strong>modelo 4.0 nascer<\/strong> e que o risco de ficar parado e n\u00e3o inovar \u00e9 bem maior do que o de se mover.&nbsp;<\/p>\n\n\n\n<p>Espero estar com voc\u00ea at\u00e9 l\u00e1.<\/p>\n\n\n\n<p>Chego ao final do artigo, mas ainda com muita energia e com assuntos para trazer nos pr\u00f3ximos textos.<\/p>\n\n\n\n<p>Enquanto isso, lhe convido para continuarmos conectados atrav\u00e9s do <a href=\"https:\/\/www.linkedin.com\/in\/gustavoslruiz\/\">Linkedin<\/a>, em que costumo trazer p\u00edlulas sobre esses temas e onde adoraria continuar o papo.<\/p>\n\n\n\n<p>Espero que gostem de me ver por aqui e consigamos perseguir nosso prop\u00f3sito juntos.<\/p>\n\n\n\n<figure class=\"wp-block-image size-full\"><img loading=\"lazy\" decoding=\"async\" width=\"601\" height=\"507\" src=\"https:\/\/warren.com.br\/magazine\/wp-content\/uploads\/2022\/10\/mercado-de-capitais-warren.jpg\" alt=\"\" class=\"wp-image-20647\" srcset=\"https:\/\/warren.com.br\/magazine\/wp-content\/uploads\/2022\/10\/mercado-de-capitais-warren.jpg 601w, https:\/\/warren.com.br\/magazine\/wp-content\/uploads\/2022\/10\/mercado-de-capitais-warren-300x253.jpg 300w\" sizes=\"auto, (max-width: 601px) 100vw, 601px\" \/><\/figure>\n\n\n\n<p>Se voc\u00ea gostou deste artigo, talvez tamb\u00e9m se interesse por:<\/p>\n\n\n\n<ul class=\"wp-block-list\">\n<li><a href=\"https:\/\/warren.com.br\/magazine\/investir-sem-esforco\/\">Como investir com pouco esfor\u00e7o? Entenda na pr\u00e1tica<\/a><\/li>\n\n\n\n<li><a href=\"https:\/\/warren.com.br\/magazine\/vieses-cognitivos\/\">Vieses cognitivos: conhe\u00e7a os 10 que mais afetam os investidores<\/a><\/li>\n\n\n\n<li><a href=\"https:\/\/warren.com.br\/magazine\/carta-gerentes-banco\/\">Carta aberta aos gerentes de banco do nosso pa\u00eds<\/a><\/li>\n<\/ul>\n","protected":false},"excerpt":{"rendered":"<p>\u00c9 um prazer estar aqui pela primeira vez com voc\u00ea.<\/p>\n","protected":false},"author":8,"featured_media":20646,"comment_status":"closed","ping_status":"open","sticky":false,"template":"","format":"standard","meta":{"_acf_changed":false,"footnotes":""},"categories":[752],"tags":[],"class_list":["post-20643","post","type-post","status-publish","format-standard","has-post-thumbnail","hentry","category-a-warren","entry"],"acf":[],"yoast_head":"<!-- This site is optimized with the Yoast SEO plugin v27.5 - https:\/\/yoast.com\/product\/yoast-seo-wordpress\/ -->\n<title>Um novo passo para o mercado de capitais: os desafios da ind\u00fastria<\/title>\n<meta name=\"description\" content=\"Contra o conflito de interesses, a inova\u00e7\u00e3o. Neste artigo, Gustavo Ruiz detalha os desafios da ind\u00fastria \u00e0 medida que o mercado de capitais evolui.\" \/>\n<meta name=\"robots\" content=\"index, follow, max-snippet:-1, max-image-preview:large, max-video-preview:-1\" \/>\n<link rel=\"canonical\" href=\"https:\/\/warren.com.br\/magazine\/novo-passo-mercado-de-capitais\/\" \/>\n<meta property=\"og:locale\" content=\"pt_BR\" \/>\n<meta property=\"og:type\" content=\"article\" \/>\n<meta property=\"og:title\" content=\"Um novo passo para o mercado de capitais: os desafios da ind\u00fastria\" \/>\n<meta property=\"og:description\" content=\"Contra o conflito de interesses, a inova\u00e7\u00e3o. Neste artigo, Gustavo Ruiz detalha os desafios da ind\u00fastria \u00e0 medida que o mercado de capitais evolui.\" \/>\n<meta property=\"og:url\" content=\"https:\/\/warren.com.br\/magazine\/novo-passo-mercado-de-capitais\/\" \/>\n<meta property=\"og:site_name\" content=\"Warren Magazine\" \/>\n<meta property=\"article:publisher\" content=\"https:\/\/www.facebook.com\/warrenbrasil\/\" \/>\n<meta property=\"article:published_time\" content=\"2022-10-21T22:48:32+00:00\" \/>\n<meta property=\"article:modified_time\" content=\"2023-08-03T01:18:25+00:00\" \/>\n<meta property=\"og:image\" content=\"https:\/\/warren.com.br\/magazine\/wp-content\/uploads\/2022\/10\/novo-passo-mercado-capitais.jpg\" \/>\n\t<meta property=\"og:image:width\" content=\"1800\" \/>\n\t<meta property=\"og:image:height\" content=\"1292\" \/>\n\t<meta property=\"og:image:type\" content=\"image\/jpeg\" \/>\n<meta name=\"author\" content=\"Reda\u00e7\u00e3o Warren\" \/>\n<meta name=\"twitter:card\" content=\"summary_large_image\" \/>\n<meta name=\"twitter:creator\" content=\"@warrenbrasil\" \/>\n<meta name=\"twitter:site\" content=\"@warrenbrasil\" \/>\n<meta name=\"twitter:label1\" content=\"Escrito por\" \/>\n\t<meta name=\"twitter:data1\" content=\"Reda\u00e7\u00e3o Warren\" \/>\n\t<meta name=\"twitter:label2\" content=\"Est. tempo de leitura\" \/>\n\t<meta name=\"twitter:data2\" content=\"9 minutos\" \/>\n<!-- \/ Yoast SEO plugin. -->","yoast_head_json":{"title":"Um novo passo para o mercado de capitais: os desafios da ind\u00fastria","description":"Contra o conflito de interesses, a inova\u00e7\u00e3o. Neste artigo, Gustavo Ruiz detalha os desafios da ind\u00fastria \u00e0 medida que o mercado de capitais evolui.","robots":{"index":"index","follow":"follow","max-snippet":"max-snippet:-1","max-image-preview":"max-image-preview:large","max-video-preview":"max-video-preview:-1"},"canonical":"https:\/\/warren.com.br\/magazine\/novo-passo-mercado-de-capitais\/","og_locale":"pt_BR","og_type":"article","og_title":"Um novo passo para o mercado de capitais: os desafios da ind\u00fastria","og_description":"Contra o conflito de interesses, a inova\u00e7\u00e3o. Neste artigo, Gustavo Ruiz detalha os desafios da ind\u00fastria \u00e0 medida que o mercado de capitais evolui.","og_url":"https:\/\/warren.com.br\/magazine\/novo-passo-mercado-de-capitais\/","og_site_name":"Warren Magazine","article_publisher":"https:\/\/www.facebook.com\/warrenbrasil\/","article_published_time":"2022-10-21T22:48:32+00:00","article_modified_time":"2023-08-03T01:18:25+00:00","og_image":[{"width":1800,"height":1292,"url":"https:\/\/warren.com.br\/magazine\/wp-content\/uploads\/2022\/10\/novo-passo-mercado-capitais.jpg","type":"image\/jpeg"}],"author":"Reda\u00e7\u00e3o Warren","twitter_card":"summary_large_image","twitter_creator":"@warrenbrasil","twitter_site":"@warrenbrasil","twitter_misc":{"Escrito por":"Reda\u00e7\u00e3o Warren","Est. tempo de leitura":"9 minutos"},"schema":{"@context":"https:\/\/schema.org","@graph":[{"@type":"NewsArticle","@id":"https:\/\/warren.com.br\/magazine\/novo-passo-mercado-de-capitais\/#article","isPartOf":{"@id":"https:\/\/warren.com.br\/magazine\/novo-passo-mercado-de-capitais\/"},"author":{"name":"Reda\u00e7\u00e3o Warren","@id":"https:\/\/warren.com.br\/magazine\/#\/schema\/person\/6ab5c3002c3fbf4a167e69ed8a2b228c"},"headline":"Um novo passo para o mercado de capitais","datePublished":"2022-10-21T22:48:32+00:00","dateModified":"2023-08-03T01:18:25+00:00","mainEntityOfPage":{"@id":"https:\/\/warren.com.br\/magazine\/novo-passo-mercado-de-capitais\/"},"wordCount":1758,"publisher":{"@id":"https:\/\/warren.com.br\/magazine\/#organization"},"image":{"@id":"https:\/\/warren.com.br\/magazine\/novo-passo-mercado-de-capitais\/#primaryimage"},"thumbnailUrl":"https:\/\/warren.com.br\/magazine\/wp-content\/uploads\/2022\/10\/novo-passo-mercado-capitais.jpg","articleSection":["A Warren\u00a0"],"inLanguage":"pt-BR"},{"@type":"WebPage","@id":"https:\/\/warren.com.br\/magazine\/novo-passo-mercado-de-capitais\/","url":"https:\/\/warren.com.br\/magazine\/novo-passo-mercado-de-capitais\/","name":"Um novo passo para o mercado de capitais: os desafios da ind\u00fastria","isPartOf":{"@id":"https:\/\/warren.com.br\/magazine\/#website"},"primaryImageOfPage":{"@id":"https:\/\/warren.com.br\/magazine\/novo-passo-mercado-de-capitais\/#primaryimage"},"image":{"@id":"https:\/\/warren.com.br\/magazine\/novo-passo-mercado-de-capitais\/#primaryimage"},"thumbnailUrl":"https:\/\/warren.com.br\/magazine\/wp-content\/uploads\/2022\/10\/novo-passo-mercado-capitais.jpg","datePublished":"2022-10-21T22:48:32+00:00","dateModified":"2023-08-03T01:18:25+00:00","description":"Contra o conflito de interesses, a inova\u00e7\u00e3o. Neste artigo, Gustavo Ruiz detalha os desafios da ind\u00fastria \u00e0 medida que o mercado de capitais evolui.","inLanguage":"pt-BR","potentialAction":[{"@type":"ReadAction","target":["https:\/\/warren.com.br\/magazine\/novo-passo-mercado-de-capitais\/"]}]},{"@type":"ImageObject","inLanguage":"pt-BR","@id":"https:\/\/warren.com.br\/magazine\/novo-passo-mercado-de-capitais\/#primaryimage","url":"https:\/\/warren.com.br\/magazine\/wp-content\/uploads\/2022\/10\/novo-passo-mercado-capitais.jpg","contentUrl":"https:\/\/warren.com.br\/magazine\/wp-content\/uploads\/2022\/10\/novo-passo-mercado-capitais.jpg","width":1800,"height":1292,"caption":"novo passo mercado de capitais, ilustra\u00e7\u00e3o"},{"@type":"WebSite","@id":"https:\/\/warren.com.br\/magazine\/#website","url":"https:\/\/warren.com.br\/magazine\/","name":"Warren Magazine","description":"","publisher":{"@id":"https:\/\/warren.com.br\/magazine\/#organization"},"potentialAction":[{"@type":"SearchAction","target":{"@type":"EntryPoint","urlTemplate":"https:\/\/warren.com.br\/magazine\/?s={search_term_string}"},"query-input":{"@type":"PropertyValueSpecification","valueRequired":true,"valueName":"search_term_string"}}],"inLanguage":"pt-BR"},{"@type":"Organization","@id":"https:\/\/warren.com.br\/magazine\/#organization","name":"Warren Magazine","url":"https:\/\/warren.com.br\/magazine\/","logo":{"@type":"ImageObject","inLanguage":"pt-BR","@id":"https:\/\/warren.com.br\/magazine\/#\/schema\/logo\/image\/","url":"https:\/\/warren.com.br\/magazine\/wp-content\/uploads\/2023\/06\/ThumbMagazine.jpg","contentUrl":"https:\/\/warren.com.br\/magazine\/wp-content\/uploads\/2023\/06\/ThumbMagazine.jpg","width":2400,"height":1260,"caption":"Warren Magazine"},"image":{"@id":"https:\/\/warren.com.br\/magazine\/#\/schema\/logo\/image\/"},"sameAs":["https:\/\/www.facebook.com\/warrenbrasil\/","https:\/\/x.com\/warrenbrasil","https:\/\/www.instagram.com\/warrenbrasil\/","https:\/\/www.linkedin.com\/company\/warrenbrasil\/","https:\/\/www.youtube.com\/channel\/UCqIO5twa50iGz2wT5cGS-XQ"]},{"@type":"Person","@id":"https:\/\/warren.com.br\/magazine\/#\/schema\/person\/6ab5c3002c3fbf4a167e69ed8a2b228c","name":"Reda\u00e7\u00e3o Warren","image":{"@type":"ImageObject","inLanguage":"pt-BR","@id":"https:\/\/warren.com.br\/magazine\/wp-content\/uploads\/2023\/12\/Instagram-avatar-96x96.png","url":"https:\/\/warren.com.br\/magazine\/wp-content\/uploads\/2023\/12\/Instagram-avatar-96x96.png","contentUrl":"https:\/\/warren.com.br\/magazine\/wp-content\/uploads\/2023\/12\/Instagram-avatar-96x96.png","caption":"Reda\u00e7\u00e3o Warren"},"url":"https:\/\/warren.com.br\/magazine\/author\/redacao-warren\/"}]}},"_links":{"self":[{"href":"https:\/\/warren.com.br\/magazine\/wp-json\/wp\/v2\/posts\/20643","targetHints":{"allow":["GET"]}}],"collection":[{"href":"https:\/\/warren.com.br\/magazine\/wp-json\/wp\/v2\/posts"}],"about":[{"href":"https:\/\/warren.com.br\/magazine\/wp-json\/wp\/v2\/types\/post"}],"author":[{"embeddable":true,"href":"https:\/\/warren.com.br\/magazine\/wp-json\/wp\/v2\/users\/8"}],"replies":[{"embeddable":true,"href":"https:\/\/warren.com.br\/magazine\/wp-json\/wp\/v2\/comments?post=20643"}],"version-history":[{"count":7,"href":"https:\/\/warren.com.br\/magazine\/wp-json\/wp\/v2\/posts\/20643\/revisions"}],"predecessor-version":[{"id":21178,"href":"https:\/\/warren.com.br\/magazine\/wp-json\/wp\/v2\/posts\/20643\/revisions\/21178"}],"wp:featuredmedia":[{"embeddable":true,"href":"https:\/\/warren.com.br\/magazine\/wp-json\/wp\/v2\/media\/20646"}],"wp:attachment":[{"href":"https:\/\/warren.com.br\/magazine\/wp-json\/wp\/v2\/media?parent=20643"}],"wp:term":[{"taxonomy":"category","embeddable":true,"href":"https:\/\/warren.com.br\/magazine\/wp-json\/wp\/v2\/categories?post=20643"},{"taxonomy":"post_tag","embeddable":true,"href":"https:\/\/warren.com.br\/magazine\/wp-json\/wp\/v2\/tags?post=20643"}],"curies":[{"name":"wp","href":"https:\/\/api.w.org\/{rel}","templated":true}]}}