{"id":21434,"date":"2023-01-12T17:02:06","date_gmt":"2023-01-12T20:02:06","guid":{"rendered":"https:\/\/warren.com.br\/magazine\/?p=21434"},"modified":"2023-08-02T22:15:38","modified_gmt":"2023-08-03T01:15:38","slug":"felipe-salto-warren-renascenca","status":"publish","type":"post","link":"https:\/\/warren.com.br\/magazine\/felipe-salto-warren-renascenca\/","title":{"rendered":"Ex-Secret\u00e1rio da Fazenda de S\u00e3o Paulo, Felipe Salto agora \u00e9 Economista-chefe especialista em Pol\u00edtica Fiscal da Warren Renascen\u00e7a"},"content":{"rendered":"\n<p>O segmento institucional da Warren est\u00e1 ainda mais forte com a chegada do economista <strong>Felipe Scudeler Salto<\/strong>, ex-Secret\u00e1rio da Fazenda e Planejamento do Estado de S\u00e3o Paulo.<\/p>\n\n\n\n<p>Salto entra para a <strong>Warren Renascen\u00e7a<\/strong>, resultado da<a href=\"https:\/\/warren.com.br\/magazine\/banco-central-aquisicao-renascenca-warren\/\"> aquisi\u00e7\u00e3o da corretora institucional Renascen\u00e7a DTVM<\/a>, movimento que trouxe mais musculatura para a Warren no campo institucional.<\/p>\n\n\n\n<p>O executivo assume o cargo de Economista-chefe especialista em Pol\u00edtica Fiscal, ao lado de S\u00e9rgio Goldenstein, Economista-Chefe especialista em Pol\u00edtica Monet\u00e1ria, e Andrea Angelo, Economista-Chefe especialista em Infla\u00e7\u00e3o.<\/p>\n\n\n\n<p>Para Luis Pauli, s\u00f3cio e respons\u00e1vel pelo Institucional da corretora, a ampla viv\u00eancia de Salto na esfera p\u00fablica ir\u00e1 contribuir tanto tecnicamente quanto institucionalmente, elevando o potencial da Warren no mercado.<\/p>\n\n\n\n<p>\u201c\u00c9 uma honra contar com um dos melhores economistas de sua gera\u00e7\u00e3o, cuja chegada deve fortalecer ainda mais nossas opera\u00e7\u00f5es. Seu curr\u00edculo, conhecimento e vis\u00e3o contempor\u00e2nea de neg\u00f3cio, aliados com nossa capacidade de inova\u00e7\u00e3o, transpar\u00eancia e com o que h\u00e1 de mais moderno em tecnologia, ir\u00e3o acelerar a transforma\u00e7\u00e3o do mercado institucional. A experi\u00eancia dos nossos clientes ser\u00e1 ainda mais completa\u201d, declara Pauli.<\/p>\n\n\n\n<p><strong>LEIA MAIS | <\/strong><a href=\"https:\/\/warren.com.br\/magazine\/o-que-e-um-investidor-institucional\/\"><strong>Investidor institucional: entenda o que \u00e9 e como funciona<\/strong><\/a><strong>&nbsp;<\/strong><\/p>\n\n\n\n<p><strong>Trajet\u00f3ria de peso<\/strong><\/p>\n\n\n\n<p>Secret\u00e1rio da Fazenda e Planejamento do Estado de S\u00e3o Paulo de abril a dezembro de 2022, Salto ainda conta com passagens na Institui\u00e7\u00e3o Fiscal Independente (IFI), onde foi diretor-executivo, bem como na assessoria econ\u00f4mica do senador Jos\u00e9 Serra, com foco em macroeconomia, contas p\u00fablicas e contas externas.&nbsp;<\/p>\n\n\n\n<p>No campo acad\u00eamico, foi professor de macroeconomia na Funda\u00e7\u00e3o Get\u00falio Vargas e de Finan\u00e7as P\u00fablicas no Mestrado Profissional em Economia do IDP (Instituto de Desenvolvimento e Pesquisa).&nbsp;<\/p>\n\n\n\n<p><strong>Evolua seu patrim\u00f4nio com a Warren. Deixe seus dados para que nossos especialistas entrem em contato com voc\u00ea.<\/strong><\/p>\n\n\n\n<p><strong><script charset=\"utf-8\" type=\"text\/javascript\" src=\"\/\/js.hsforms.net\/forms\/v2.js\"><\/script><script>\n\t\thbspt.forms.create({\n\t\tregion: \"na1\",\n\t\tportalId: \"5032423\",\n\t\tformId: \"809ecdba-04e1-4a5c-b710-02c0583cd9d3\",\n\t\tversion: \"V2_PRERELEASE\"\n\t\t});\n\t\t<\/script><\/strong><\/p>\n\n\n\n<hr class=\"wp-block-separator has-alpha-channel-opacity\"\/>\n\n\n\n<p><strong>Recomenda\u00e7\u00f5es de conte\u00fado para voc\u00ea:<\/strong><\/p>\n\n\n\n<ul class=\"wp-block-list\">\n<li><a href=\"https:\/\/warren.com.br\/magazine\/banco-central-aquisicao-renascenca-warren\/\">Banco Central oficializa aquisi\u00e7\u00e3o da Renascen\u00e7a pela Warren<\/a>&nbsp;<\/li>\n\n\n\n<li><a href=\"https:\/\/warren.com.br\/magazine\/warren-adquire-meuportfolio\/\">Warren adquire consolidador de investimentos Meuportfolio<\/a><\/li>\n\n\n\n<li><a href=\"https:\/\/warren.com.br\/magazine\/warren-e-vitra-capital\/\">Warren e Vitra agora s\u00e3o uma s\u00f3: uni\u00e3o das empresas define novo cap\u00edtulo no mercado financeiro<\/a>&nbsp;&nbsp;<\/li>\n\n\n\n<li><a href=\"https:\/\/warren.com.br\/magazine\/novo-passo-mercado-de-capitais\/\">Um novo passo para o mercado de capitais: os desafios da ind\u00fastria<\/a><\/li>\n<\/ul>\n","protected":false},"excerpt":{"rendered":"<p>O segmento institucional da Warren est\u00e1 ainda mais forte com a chegada do economista Felipe Scudeler Salto, ex-Secret\u00e1rio da Fazenda e Planejamento do Estado de S\u00e3o Paulo.<\/p>\n","protected":false},"author":8,"featured_media":21439,"comment_status":"closed","ping_status":"open","sticky":false,"template":"","format":"standard","meta":{"_acf_changed":false,"footnotes":""},"categories":[752],"tags":[],"class_list":["post-21434","post","type-post","status-publish","format-standard","has-post-thumbnail","hentry","category-a-warren","entry"],"acf":[],"yoast_head":"<!-- This site is optimized with the Yoast SEO plugin v27.5 - https:\/\/yoast.com\/product\/yoast-seo-wordpress\/ -->\n<title>Ex-Secret\u00e1rio da Fazenda de S\u00e3o Paulo, Felipe Salto agora \u00e9 Economista-chefe especialista em Pol\u00edtica Fiscal da Warren Renascen\u00e7a<\/title>\n<meta name=\"description\" content=\"Para Luis Pauli, s\u00f3cio e respons\u00e1vel pelo Institucional da corretora, a ampla viv\u00eancia de Salto na esfera p\u00fablica ir\u00e1 contribuir tanto tecnicamente quanto institucionalmente, elevando o potencial da Warren no mercado.\" \/>\n<meta name=\"robots\" content=\"index, follow, max-snippet:-1, max-image-preview:large, max-video-preview:-1\" \/>\n<link rel=\"canonical\" href=\"https:\/\/warren.com.br\/magazine\/felipe-salto-warren-renascenca\/\" \/>\n<meta property=\"og:locale\" content=\"pt_BR\" \/>\n<meta property=\"og:type\" content=\"article\" \/>\n<meta property=\"og:title\" content=\"Ex-Secret\u00e1rio da Fazenda de S\u00e3o Paulo, Felipe Salto agora \u00e9 Economista-chefe especialista em Pol\u00edtica Fiscal da Warren Renascen\u00e7a\" \/>\n<meta property=\"og:description\" content=\"Para Luis Pauli, s\u00f3cio e respons\u00e1vel pelo Institucional da corretora, a ampla viv\u00eancia de Salto na esfera p\u00fablica ir\u00e1 contribuir tanto tecnicamente quanto institucionalmente, elevando o potencial da Warren no mercado.\" \/>\n<meta property=\"og:url\" content=\"https:\/\/warren.com.br\/magazine\/felipe-salto-warren-renascenca\/\" \/>\n<meta property=\"og:site_name\" content=\"Warren Magazine\" \/>\n<meta property=\"article:publisher\" content=\"https:\/\/www.facebook.com\/warrenbrasil\/\" \/>\n<meta property=\"article:published_time\" content=\"2023-01-12T20:02:06+00:00\" \/>\n<meta property=\"article:modified_time\" content=\"2023-08-03T01:15:38+00:00\" \/>\n<meta property=\"og:image\" content=\"https:\/\/warren.com.br\/magazine\/wp-content\/uploads\/2023\/01\/salto.jpg\" \/>\n\t<meta property=\"og:image:width\" content=\"1200\" \/>\n\t<meta property=\"og:image:height\" content=\"800\" \/>\n\t<meta property=\"og:image:type\" content=\"image\/jpeg\" \/>\n<meta name=\"author\" content=\"Reda\u00e7\u00e3o Warren\" \/>\n<meta name=\"twitter:card\" content=\"summary_large_image\" \/>\n<meta name=\"twitter:creator\" content=\"@warrenbrasil\" \/>\n<meta name=\"twitter:site\" content=\"@warrenbrasil\" \/>\n<meta name=\"twitter:label1\" content=\"Escrito por\" \/>\n\t<meta name=\"twitter:data1\" content=\"Reda\u00e7\u00e3o Warren\" \/>\n\t<meta name=\"twitter:label2\" content=\"Est. tempo de leitura\" \/>\n\t<meta name=\"twitter:data2\" content=\"2 minutos\" \/>\n<!-- \/ Yoast SEO plugin. -->","yoast_head_json":{"title":"Ex-Secret\u00e1rio da Fazenda de S\u00e3o Paulo, Felipe Salto agora \u00e9 Economista-chefe especialista em Pol\u00edtica Fiscal da Warren Renascen\u00e7a","description":"Para Luis Pauli, s\u00f3cio e respons\u00e1vel pelo Institucional da corretora, a ampla viv\u00eancia de Salto na esfera p\u00fablica ir\u00e1 contribuir tanto tecnicamente quanto institucionalmente, elevando o potencial da Warren no mercado.","robots":{"index":"index","follow":"follow","max-snippet":"max-snippet:-1","max-image-preview":"max-image-preview:large","max-video-preview":"max-video-preview:-1"},"canonical":"https:\/\/warren.com.br\/magazine\/felipe-salto-warren-renascenca\/","og_locale":"pt_BR","og_type":"article","og_title":"Ex-Secret\u00e1rio da Fazenda de S\u00e3o Paulo, Felipe Salto agora \u00e9 Economista-chefe especialista em Pol\u00edtica Fiscal da Warren Renascen\u00e7a","og_description":"Para Luis Pauli, s\u00f3cio e respons\u00e1vel pelo Institucional da corretora, a ampla viv\u00eancia de Salto na esfera p\u00fablica ir\u00e1 contribuir tanto tecnicamente quanto institucionalmente, elevando o potencial da Warren no mercado.","og_url":"https:\/\/warren.com.br\/magazine\/felipe-salto-warren-renascenca\/","og_site_name":"Warren Magazine","article_publisher":"https:\/\/www.facebook.com\/warrenbrasil\/","article_published_time":"2023-01-12T20:02:06+00:00","article_modified_time":"2023-08-03T01:15:38+00:00","og_image":[{"width":1200,"height":800,"url":"https:\/\/warren.com.br\/magazine\/wp-content\/uploads\/2023\/01\/salto.jpg","type":"image\/jpeg"}],"author":"Reda\u00e7\u00e3o Warren","twitter_card":"summary_large_image","twitter_creator":"@warrenbrasil","twitter_site":"@warrenbrasil","twitter_misc":{"Escrito por":"Reda\u00e7\u00e3o Warren","Est. tempo de leitura":"2 minutos"},"schema":{"@context":"https:\/\/schema.org","@graph":[{"@type":"NewsArticle","@id":"https:\/\/warren.com.br\/magazine\/felipe-salto-warren-renascenca\/#article","isPartOf":{"@id":"https:\/\/warren.com.br\/magazine\/felipe-salto-warren-renascenca\/"},"author":{"name":"Reda\u00e7\u00e3o Warren","@id":"https:\/\/warren.com.br\/magazine\/#\/schema\/person\/6ab5c3002c3fbf4a167e69ed8a2b228c"},"headline":"Ex-Secret\u00e1rio da Fazenda de S\u00e3o Paulo, Felipe Salto agora \u00e9 Economista-chefe especialista em Pol\u00edtica Fiscal da Warren Renascen\u00e7a","datePublished":"2023-01-12T20:02:06+00:00","dateModified":"2023-08-03T01:15:38+00:00","mainEntityOfPage":{"@id":"https:\/\/warren.com.br\/magazine\/felipe-salto-warren-renascenca\/"},"wordCount":397,"publisher":{"@id":"https:\/\/warren.com.br\/magazine\/#organization"},"image":{"@id":"https:\/\/warren.com.br\/magazine\/felipe-salto-warren-renascenca\/#primaryimage"},"thumbnailUrl":"https:\/\/warren.com.br\/magazine\/wp-content\/uploads\/2023\/01\/salto.jpg","articleSection":["A Warren\u00a0"],"inLanguage":"pt-BR"},{"@type":"WebPage","@id":"https:\/\/warren.com.br\/magazine\/felipe-salto-warren-renascenca\/","url":"https:\/\/warren.com.br\/magazine\/felipe-salto-warren-renascenca\/","name":"Ex-Secret\u00e1rio da Fazenda de S\u00e3o Paulo, Felipe Salto agora \u00e9 Economista-chefe especialista em Pol\u00edtica Fiscal da Warren Renascen\u00e7a","isPartOf":{"@id":"https:\/\/warren.com.br\/magazine\/#website"},"primaryImageOfPage":{"@id":"https:\/\/warren.com.br\/magazine\/felipe-salto-warren-renascenca\/#primaryimage"},"image":{"@id":"https:\/\/warren.com.br\/magazine\/felipe-salto-warren-renascenca\/#primaryimage"},"thumbnailUrl":"https:\/\/warren.com.br\/magazine\/wp-content\/uploads\/2023\/01\/salto.jpg","datePublished":"2023-01-12T20:02:06+00:00","dateModified":"2023-08-03T01:15:38+00:00","description":"Para Luis Pauli, s\u00f3cio e respons\u00e1vel pelo Institucional da corretora, a ampla viv\u00eancia de Salto na esfera p\u00fablica ir\u00e1 contribuir tanto tecnicamente quanto institucionalmente, elevando o potencial da Warren no mercado.","inLanguage":"pt-BR","potentialAction":[{"@type":"ReadAction","target":["https:\/\/warren.com.br\/magazine\/felipe-salto-warren-renascenca\/"]}]},{"@type":"ImageObject","inLanguage":"pt-BR","@id":"https:\/\/warren.com.br\/magazine\/felipe-salto-warren-renascenca\/#primaryimage","url":"https:\/\/warren.com.br\/magazine\/wp-content\/uploads\/2023\/01\/salto.jpg","contentUrl":"https:\/\/warren.com.br\/magazine\/wp-content\/uploads\/2023\/01\/salto.jpg","width":1200,"height":800,"caption":"Ex-Secret\u00e1rio da Fazenda de S\u00e3o Paulo, Felipe Salto agora \u00e9 Economista-chefe especialista em Pol\u00edtica Fiscal da Warren Renascen\u00e7a"},{"@type":"WebSite","@id":"https:\/\/warren.com.br\/magazine\/#website","url":"https:\/\/warren.com.br\/magazine\/","name":"Warren Magazine","description":"","publisher":{"@id":"https:\/\/warren.com.br\/magazine\/#organization"},"potentialAction":[{"@type":"SearchAction","target":{"@type":"EntryPoint","urlTemplate":"https:\/\/warren.com.br\/magazine\/?s={search_term_string}"},"query-input":{"@type":"PropertyValueSpecification","valueRequired":true,"valueName":"search_term_string"}}],"inLanguage":"pt-BR"},{"@type":"Organization","@id":"https:\/\/warren.com.br\/magazine\/#organization","name":"Warren Magazine","url":"https:\/\/warren.com.br\/magazine\/","logo":{"@type":"ImageObject","inLanguage":"pt-BR","@id":"https:\/\/warren.com.br\/magazine\/#\/schema\/logo\/image\/","url":"https:\/\/warren.com.br\/magazine\/wp-content\/uploads\/2023\/06\/ThumbMagazine.jpg","contentUrl":"https:\/\/warren.com.br\/magazine\/wp-content\/uploads\/2023\/06\/ThumbMagazine.jpg","width":2400,"height":1260,"caption":"Warren Magazine"},"image":{"@id":"https:\/\/warren.com.br\/magazine\/#\/schema\/logo\/image\/"},"sameAs":["https:\/\/www.facebook.com\/warrenbrasil\/","https:\/\/x.com\/warrenbrasil","https:\/\/www.instagram.com\/warrenbrasil\/","https:\/\/www.linkedin.com\/company\/warrenbrasil\/","https:\/\/www.youtube.com\/channel\/UCqIO5twa50iGz2wT5cGS-XQ"]},{"@type":"Person","@id":"https:\/\/warren.com.br\/magazine\/#\/schema\/person\/6ab5c3002c3fbf4a167e69ed8a2b228c","name":"Reda\u00e7\u00e3o Warren","image":{"@type":"ImageObject","inLanguage":"pt-BR","@id":"https:\/\/warren.com.br\/magazine\/wp-content\/uploads\/2023\/12\/Instagram-avatar-96x96.png","url":"https:\/\/warren.com.br\/magazine\/wp-content\/uploads\/2023\/12\/Instagram-avatar-96x96.png","contentUrl":"https:\/\/warren.com.br\/magazine\/wp-content\/uploads\/2023\/12\/Instagram-avatar-96x96.png","caption":"Reda\u00e7\u00e3o Warren"},"url":"https:\/\/warren.com.br\/magazine\/author\/redacao-warren\/"}]}},"_links":{"self":[{"href":"https:\/\/warren.com.br\/magazine\/wp-json\/wp\/v2\/posts\/21434","targetHints":{"allow":["GET"]}}],"collection":[{"href":"https:\/\/warren.com.br\/magazine\/wp-json\/wp\/v2\/posts"}],"about":[{"href":"https:\/\/warren.com.br\/magazine\/wp-json\/wp\/v2\/types\/post"}],"author":[{"embeddable":true,"href":"https:\/\/warren.com.br\/magazine\/wp-json\/wp\/v2\/users\/8"}],"replies":[{"embeddable":true,"href":"https:\/\/warren.com.br\/magazine\/wp-json\/wp\/v2\/comments?post=21434"}],"version-history":[{"count":14,"href":"https:\/\/warren.com.br\/magazine\/wp-json\/wp\/v2\/posts\/21434\/revisions"}],"predecessor-version":[{"id":21507,"href":"https:\/\/warren.com.br\/magazine\/wp-json\/wp\/v2\/posts\/21434\/revisions\/21507"}],"wp:featuredmedia":[{"embeddable":true,"href":"https:\/\/warren.com.br\/magazine\/wp-json\/wp\/v2\/media\/21439"}],"wp:attachment":[{"href":"https:\/\/warren.com.br\/magazine\/wp-json\/wp\/v2\/media?parent=21434"}],"wp:term":[{"taxonomy":"category","embeddable":true,"href":"https:\/\/warren.com.br\/magazine\/wp-json\/wp\/v2\/categories?post=21434"},{"taxonomy":"post_tag","embeddable":true,"href":"https:\/\/warren.com.br\/magazine\/wp-json\/wp\/v2\/tags?post=21434"}],"curies":[{"name":"wp","href":"https:\/\/api.w.org\/{rel}","templated":true}]}}