{"id":21640,"date":"2023-04-01T08:50:51","date_gmt":"2023-04-01T11:50:51","guid":{"rendered":"https:\/\/warren.com.br\/magazine\/?p=21640"},"modified":"2023-10-16T14:06:31","modified_gmt":"2023-10-16T17:06:31","slug":"transparencia-nos-investimentos","status":"publish","type":"post","link":"https:\/\/warren.com.br\/magazine\/transparencia-nos-investimentos\/","title":{"rendered":"Transpar\u00eancia nos investimentos: em v\u00eddeo, fundadores da Warren refor\u00e7am posicionamento contra o conflito de interesses"},"content":{"rendered":"\n<p>Pioneira ao trazer para o Brasil o <a href=\"https:\/\/warren.com.br\/magazine\/fee-based\/\"><strong>modelo de remunera\u00e7\u00e3o <\/strong><strong><em>fee-based<\/em><\/strong><\/a>, a Warren oferece aos seus clientes, desde 2017, uma experi\u00eancia de investimentos que garante total <strong>alinhamento e transpar\u00eancia <\/strong>entre o investidor e quem o atende.<\/p>\n\n\n\n<p>Essa realidade, por\u00e9m, n\u00e3o \u00e9 a da maioria dos investidores brasileiros, que hoje ainda acessa o modelo ultrapassado vigente do mercado, o<strong><em> <\/em><\/strong><a href=\"https:\/\/warren.com.br\/magazine\/commission-based\/\"><strong><em>commission based<\/em><\/strong><\/a>. Baseado na <strong>comiss\u00e3o sobre os produtos<\/strong>, este modelo abre espa\u00e7o para algo que afeta a qualidade dos produtos acessados pelo investidor: <a href=\"https:\/\/warren.com.br\/magazine\/como-os-conflitos-de-interesse-atrapalham-seus-investimentos\/\"><strong>o<\/strong> <strong>conflito de interesses<\/strong><\/a>.<\/p>\n\n\n\n<p>\u201cQuando um assessor ou gerente, incentivado pela institui\u00e7\u00e3o, recebe uma comiss\u00e3o maior para vender um investimento A em vez do investimento B, fica dif\u00edcil acreditar que o investidor ter\u00e1 acesso ao produto que realmente \u00e9 melhor para ele. Sem transpar\u00eancia e alinhamento de interesses, o conflito se instala\u201d, explica Tito Gusm\u00e3o, fundador e CEO da Warren.<\/p>\n\n\n\n<p>A <strong>Warren<\/strong>, na contram\u00e3o do mercado, cobra uma <a href=\"https:\/\/warren.com.br\/quanto-custa\/\"><strong>taxa fixa<\/strong><\/a> sobre a totalidade do patrim\u00f4nio dos seus clientes. Isso garante ao investidor que as recomenda\u00e7\u00f5es dos produtos ser\u00e3o pautadas, exclusivamente, na qualidade e no alinhamento com seus objetivos.<\/p>\n\n\n\n<p>Para refor\u00e7ar o nosso compromisso com a transpar\u00eancia \u2014 essencial para o sucesso da jornada investidora \u2014 Tito Gusm\u00e3o e o s\u00f3cio-fundador Marcelo Maisonnave uniram-se em uma nova a\u00e7\u00e3o da companhia, alertando sobre a necessidade de uma mudan\u00e7a no mercado.<\/p>\n\n\n\n<p><strong>Assista ao v\u00eddeo.<\/strong><\/p>\n\n\n\n<figure class=\"wp-block-embed is-type-video is-provider-youtube wp-block-embed-youtube wp-embed-aspect-16-9 wp-has-aspect-ratio\"><div class=\"wp-block-embed__wrapper\">\n<iframe loading=\"lazy\" title=\"Por uma rela\u00e7\u00e3o sem conflito de interesses ao investir | Warren Investimentos\" width=\"750\" height=\"422\" src=\"https:\/\/www.youtube.com\/embed\/UV2-TQmCKL4?feature=oembed\" frameborder=\"0\" allow=\"accelerometer; autoplay; clipboard-write; encrypted-media; gyroscope; picture-in-picture; web-share\" allowfullscreen><\/iframe>\n<\/div><\/figure>\n\n\n\n<p>\u201cAo contr\u00e1rio dos pa\u00edses desenvolvidos, aqui, parece que o mercado parou no tempo. Houve uma evolu\u00e7\u00e3o na oferta de produtos, quando sa\u00edmos do modelo dos banc\u00f5es para as corretoras, mas ainda precisamos difundir a transpar\u00eancia\u201d, refor\u00e7a.<\/p>\n\n\n\n<p>Para Maisonnave, a <strong>virada para o modelo sem comissionamento<\/strong> <em>(<a href=\"https:\/\/mhzcapital.com.br\/fee-fixo\/?utm_source=magazine&amp;utm_medium=parceiro&amp;utm_campaign=warren-mhz_site-mhz_n_trafego_warren_mhz_n_brandcontent-nulo\">fee-based<\/a>)<\/em> no Brasil se dar\u00e1, em boa parte, por meio dos<strong> assessores de investimentos<\/strong> (anteriormente chamados agentes aut\u00f4nomos de investimentos).\u00a0<\/p>\n\n\n\n<p>Com as recentes mudan\u00e7as na legisla\u00e7\u00e3o, este profissional pode optar por firmar parceria com corretoras como a Warren, que incentiva a cobran\u00e7a de um percentual fixo sobre o patrim\u00f4nio total dos clientes.<\/p>\n\n\n\n<p><strong>LEIA MAIS | <\/strong><a href=\"https:\/\/warren.com.br\/magazine\/futuro-investimentos-fee-based\/\"><strong>O futuro dos investimentos \u00e9 fee-based \u2014 e na Warren, ele j\u00e1 come\u00e7ou<\/strong><\/a><strong>&nbsp;<\/strong><\/p>\n\n\n\n<div id=\"ez-toc-container\" class=\"ez-toc-v2_0_82_2 counter-hierarchy ez-toc-counter ez-toc-grey ez-toc-container-direction\">\n<p class=\"ez-toc-title\" style=\"cursor:inherit\">Indice<\/p>\n<label for=\"ez-toc-cssicon-toggle-item-69f3386984cf7\" class=\"ez-toc-cssicon-toggle-label\"><span class=\"ez-toc-cssicon\"><span class=\"eztoc-hide\" style=\"display:none;\">Toggle<\/span><span class=\"ez-toc-icon-toggle-span\"><svg style=\"fill: #999;color:#999\" xmlns=\"http:\/\/www.w3.org\/2000\/svg\" class=\"list-377408\" width=\"20px\" height=\"20px\" viewBox=\"0 0 24 24\" fill=\"none\"><path d=\"M6 6H4v2h2V6zm14 0H8v2h12V6zM4 11h2v2H4v-2zm16 0H8v2h12v-2zM4 16h2v2H4v-2zm16 0H8v2h12v-2z\" fill=\"currentColor\"><\/path><\/svg><svg style=\"fill: #999;color:#999\" class=\"arrow-unsorted-368013\" xmlns=\"http:\/\/www.w3.org\/2000\/svg\" width=\"10px\" height=\"10px\" viewBox=\"0 0 24 24\" version=\"1.2\" baseProfile=\"tiny\"><path d=\"M18.2 9.3l-6.2-6.3-6.2 6.3c-.2.2-.3.4-.3.7s.1.5.3.7c.2.2.4.3.7.3h11c.3 0 .5-.1.7-.3.2-.2.3-.5.3-.7s-.1-.5-.3-.7zM5.8 14.7l6.2 6.3 6.2-6.3c.2-.2.3-.5.3-.7s-.1-.5-.3-.7c-.2-.2-.4-.3-.7-.3h-11c-.3 0-.5.1-.7.3-.2.2-.3.5-.3.7s.1.5.3.7z\"\/><\/svg><\/span><\/span><\/label><input type=\"checkbox\"  id=\"ez-toc-cssicon-toggle-item-69f3386984cf7\"  aria-label=\"Alternar\" \/><nav><ul class='ez-toc-list ez-toc-list-level-1 ' ><li class='ez-toc-page-1 ez-toc-heading-level-2'><a class=\"ez-toc-link ez-toc-heading-1\" href=\"https:\/\/warren.com.br\/magazine\/transparencia-nos-investimentos\/#No_caminho_certo\" >No caminho certo<\/a><\/li><\/ul><\/nav><\/div>\n<h2 class=\"wp-block-heading\"><span class=\"ez-toc-section\" id=\"No_caminho_certo\"><\/span>No caminho certo<span class=\"ez-toc-section-end\"><\/span><\/h2>\n\n\n\n<p>Em mar\u00e7o deste ano, a <a href=\"https:\/\/warren.com.br\/magazine\/warren-pro-triplicar-patrimonio-2023\/\"><strong>Warren Pro<\/strong><\/a>, <strong>frente B2B da Warren<\/strong>, assinou parceria com o escrit\u00f3rio <a href=\"https:\/\/mhzcapital.com.br\/?utm_source=magazine&amp;utm_medium=parceiro&amp;utm_campaign=warren-mhz_site-mhz_n_trafego_warren_mhz_n_brandcontent-nulo\">MHZ Capital<\/a>, iniciando sua opera\u00e7\u00e3o com assessores de investimentos <em>fee-based<\/em>.<\/p>\n\n\n\n<p>\u201cCom a inefici\u00eancia do modelo comissionado, enxergarmos uma grande oportunidade no mercado em alinhar os interesses entre investidor, assessor e corretora. No modelo <em>fee-based<\/em>, al\u00e9m de o assessor conseguir prever sua receita, os produtos ser\u00e3o distribu\u00eddos de acordo com a qualidade, retorno e risco\u201d, declara Maisonnave.&nbsp;<\/p>\n\n\n\n<p>No atendimento ao <strong>cliente B2C<\/strong> <strong>(investidor)<\/strong>, todos os especialistas tamb\u00e9m s\u00e3o remunerados dentro do modelo fee-based.<\/p>\n\n\n\n<p>Voc\u00ea \u00e9 <strong>assessor de investimentos <\/strong>e que trabalhar em um modelo livre do conflito de interesses? <a href=\"https:\/\/lp.warren.com.br\/warren-pro-cadastro\">Acesse o portal da Warren Pro e preencha o formul\u00e1rio<\/a>.<\/p>\n\n\n\n<p>Se voc\u00ea \u00e9 um <strong>investidor<\/strong> e quer mais transpar\u00eancia nos seus investimentos, cadastre suas informa\u00e7\u00f5es abaixo que um de nossos especialistas entrar\u00e1 em contato com voc\u00ea.<\/p>\n\n\n\n<p><strong><script charset=\"utf-8\" type=\"text\/javascript\" src=\"\/\/js.hsforms.net\/forms\/v2.js\"><\/script><script>\n\t\thbspt.forms.create({\n\t\tregion: \"na1\",\n\t\tportalId: \"5032423\",\n\t\tformId: \"809ecdba-04e1-4a5c-b710-02c0583cd9d3\",\n\t\tversion: \"V2_PRERELEASE\"\n\t\t});\n\t\t<\/script><\/strong><\/p>\n\n\n\n<hr class=\"wp-block-separator has-alpha-channel-opacity\"\/>\n\n\n\n<p><strong>Conte\u00fados recomendados:&nbsp;<\/strong><\/p>\n\n\n\n<ul class=\"wp-block-list\">\n<li><a href=\"https:\/\/warren.com.br\/magazine\/vantagens-warren-pro\/\">As vantagens de ser um profissional parceiro Warren Pro<\/a>&nbsp;<\/li>\n\n\n\n<li><a href=\"https:\/\/warren.com.br\/magazine\/felipe-salto-warren-renascenca\/\">Ex-Secret\u00e1rio da Fazenda de S\u00e3o Paulo, Felipe Salto agora \u00e9 Economista-chefe especialista em Pol\u00edtica Fiscal da Warren Rena<\/a>&nbsp;<\/li>\n\n\n\n<li><a href=\"https:\/\/warren.com.br\/magazine\/renascenca-dealer-tesouro-nacional\/\">Renascen\u00e7a DTVM, empresa adquirida pela Warren, \u00e9 novamente Dealer do Tesouro Nacional<\/a>&nbsp;<\/li>\n\n\n\n<li><a href=\"https:\/\/warren.com.br\/magazine\/warren-adquire-meuportfolio\/\">Warren adquire consolidador de investimentos Meuportfolio<\/a>&nbsp;&nbsp;<\/li>\n<\/ul>\n","protected":false},"excerpt":{"rendered":"<p>Pioneira ao trazer para o Brasil o modelo de remunera\u00e7\u00e3o fee-based, a Warren oferece aos seus clientes, desde 2017, uma experi\u00eancia de investimentos que garante total alinhamento e transpar\u00eancia entre o investidor e quem o atende.<\/p>\n","protected":false},"author":8,"featured_media":22010,"comment_status":"closed","ping_status":"open","sticky":false,"template":"","format":"standard","meta":{"_acf_changed":false,"footnotes":""},"categories":[752],"tags":[],"class_list":["post-21640","post","type-post","status-publish","format-standard","has-post-thumbnail","hentry","category-a-warren","entry"],"acf":[],"yoast_head":"<!-- This site is optimized with the Yoast SEO plugin v27.5 - https:\/\/yoast.com\/product\/yoast-seo-wordpress\/ -->\n<title>Fundadores da Warren refor\u00e7am posicionamento contra o conflito de interesses<\/title>\n<meta name=\"description\" content=\"Para refor\u00e7ar o compromisso da Warren com a transpar\u00eancia, Tito Gusm\u00e3o e Marcelo Maisonnave uniram-se em uma nova a\u00e7\u00e3o, alertando sobre a necessidade de uma mudan\u00e7a no mercado.\" \/>\n<meta name=\"robots\" content=\"index, follow, max-snippet:-1, max-image-preview:large, max-video-preview:-1\" \/>\n<link rel=\"canonical\" href=\"https:\/\/warren.com.br\/magazine\/transparencia-nos-investimentos\/\" \/>\n<meta property=\"og:locale\" content=\"pt_BR\" \/>\n<meta property=\"og:type\" content=\"article\" \/>\n<meta property=\"og:title\" content=\"Fundadores da Warren refor\u00e7am posicionamento contra o conflito de interesses\" \/>\n<meta property=\"og:description\" content=\"Para refor\u00e7ar o compromisso da Warren com a transpar\u00eancia, Tito Gusm\u00e3o e Marcelo Maisonnave uniram-se em uma nova a\u00e7\u00e3o, alertando sobre a necessidade de uma mudan\u00e7a no mercado.\" \/>\n<meta property=\"og:url\" content=\"https:\/\/warren.com.br\/magazine\/transparencia-nos-investimentos\/\" \/>\n<meta property=\"og:site_name\" content=\"Warren Magazine\" \/>\n<meta property=\"article:publisher\" content=\"https:\/\/www.facebook.com\/warrenbrasil\/\" \/>\n<meta property=\"article:published_time\" content=\"2023-04-01T11:50:51+00:00\" \/>\n<meta property=\"article:modified_time\" content=\"2023-10-16T17:06:31+00:00\" \/>\n<meta property=\"og:image\" content=\"https:\/\/warren.com.br\/magazine\/wp-content\/uploads\/2023\/04\/t-e-m.jpg\" \/>\n\t<meta property=\"og:image:width\" content=\"2399\" \/>\n\t<meta property=\"og:image:height\" content=\"2466\" \/>\n\t<meta property=\"og:image:type\" content=\"image\/jpeg\" \/>\n<meta name=\"author\" content=\"Reda\u00e7\u00e3o Warren\" \/>\n<meta name=\"twitter:card\" content=\"summary_large_image\" \/>\n<meta name=\"twitter:creator\" content=\"@warrenbrasil\" \/>\n<meta name=\"twitter:site\" content=\"@warrenbrasil\" \/>\n<meta name=\"twitter:label1\" content=\"Escrito por\" \/>\n\t<meta name=\"twitter:data1\" content=\"Reda\u00e7\u00e3o Warren\" \/>\n\t<meta name=\"twitter:label2\" content=\"Est. tempo de leitura\" \/>\n\t<meta name=\"twitter:data2\" content=\"3 minutos\" \/>\n<!-- \/ Yoast SEO plugin. -->","yoast_head_json":{"title":"Fundadores da Warren refor\u00e7am posicionamento contra o conflito de interesses","description":"Para refor\u00e7ar o compromisso da Warren com a transpar\u00eancia, Tito Gusm\u00e3o e Marcelo Maisonnave uniram-se em uma nova a\u00e7\u00e3o, alertando sobre a necessidade de uma mudan\u00e7a no mercado.","robots":{"index":"index","follow":"follow","max-snippet":"max-snippet:-1","max-image-preview":"max-image-preview:large","max-video-preview":"max-video-preview:-1"},"canonical":"https:\/\/warren.com.br\/magazine\/transparencia-nos-investimentos\/","og_locale":"pt_BR","og_type":"article","og_title":"Fundadores da Warren refor\u00e7am posicionamento contra o conflito de interesses","og_description":"Para refor\u00e7ar o compromisso da Warren com a transpar\u00eancia, Tito Gusm\u00e3o e Marcelo Maisonnave uniram-se em uma nova a\u00e7\u00e3o, alertando sobre a necessidade de uma mudan\u00e7a no mercado.","og_url":"https:\/\/warren.com.br\/magazine\/transparencia-nos-investimentos\/","og_site_name":"Warren Magazine","article_publisher":"https:\/\/www.facebook.com\/warrenbrasil\/","article_published_time":"2023-04-01T11:50:51+00:00","article_modified_time":"2023-10-16T17:06:31+00:00","og_image":[{"width":2399,"height":2466,"url":"https:\/\/warren.com.br\/magazine\/wp-content\/uploads\/2023\/04\/t-e-m.jpg","type":"image\/jpeg"}],"author":"Reda\u00e7\u00e3o Warren","twitter_card":"summary_large_image","twitter_creator":"@warrenbrasil","twitter_site":"@warrenbrasil","twitter_misc":{"Escrito por":"Reda\u00e7\u00e3o Warren","Est. tempo de leitura":"3 minutos"},"schema":{"@context":"https:\/\/schema.org","@graph":[{"@type":"NewsArticle","@id":"https:\/\/warren.com.br\/magazine\/transparencia-nos-investimentos\/#article","isPartOf":{"@id":"https:\/\/warren.com.br\/magazine\/transparencia-nos-investimentos\/"},"author":{"name":"Reda\u00e7\u00e3o Warren","@id":"https:\/\/warren.com.br\/magazine\/#\/schema\/person\/6ab5c3002c3fbf4a167e69ed8a2b228c"},"headline":"Transpar\u00eancia nos investimentos: em v\u00eddeo, fundadores da Warren refor\u00e7am posicionamento contra o conflito de interesses","datePublished":"2023-04-01T11:50:51+00:00","dateModified":"2023-10-16T17:06:31+00:00","mainEntityOfPage":{"@id":"https:\/\/warren.com.br\/magazine\/transparencia-nos-investimentos\/"},"wordCount":603,"publisher":{"@id":"https:\/\/warren.com.br\/magazine\/#organization"},"image":{"@id":"https:\/\/warren.com.br\/magazine\/transparencia-nos-investimentos\/#primaryimage"},"thumbnailUrl":"https:\/\/warren.com.br\/magazine\/wp-content\/uploads\/2023\/04\/t-e-m.jpg","articleSection":["A Warren\u00a0"],"inLanguage":"pt-BR"},{"@type":"WebPage","@id":"https:\/\/warren.com.br\/magazine\/transparencia-nos-investimentos\/","url":"https:\/\/warren.com.br\/magazine\/transparencia-nos-investimentos\/","name":"Fundadores da Warren refor\u00e7am posicionamento contra o conflito de interesses","isPartOf":{"@id":"https:\/\/warren.com.br\/magazine\/#website"},"primaryImageOfPage":{"@id":"https:\/\/warren.com.br\/magazine\/transparencia-nos-investimentos\/#primaryimage"},"image":{"@id":"https:\/\/warren.com.br\/magazine\/transparencia-nos-investimentos\/#primaryimage"},"thumbnailUrl":"https:\/\/warren.com.br\/magazine\/wp-content\/uploads\/2023\/04\/t-e-m.jpg","datePublished":"2023-04-01T11:50:51+00:00","dateModified":"2023-10-16T17:06:31+00:00","description":"Para refor\u00e7ar o compromisso da Warren com a transpar\u00eancia, Tito Gusm\u00e3o e Marcelo Maisonnave uniram-se em uma nova a\u00e7\u00e3o, alertando sobre a necessidade de uma mudan\u00e7a no mercado.","inLanguage":"pt-BR","potentialAction":[{"@type":"ReadAction","target":["https:\/\/warren.com.br\/magazine\/transparencia-nos-investimentos\/"]}]},{"@type":"ImageObject","inLanguage":"pt-BR","@id":"https:\/\/warren.com.br\/magazine\/transparencia-nos-investimentos\/#primaryimage","url":"https:\/\/warren.com.br\/magazine\/wp-content\/uploads\/2023\/04\/t-e-m.jpg","contentUrl":"https:\/\/warren.com.br\/magazine\/wp-content\/uploads\/2023\/04\/t-e-m.jpg","width":2399,"height":2466,"caption":"Fotografia Esportiva Autoral"},{"@type":"WebSite","@id":"https:\/\/warren.com.br\/magazine\/#website","url":"https:\/\/warren.com.br\/magazine\/","name":"Warren Magazine","description":"","publisher":{"@id":"https:\/\/warren.com.br\/magazine\/#organization"},"potentialAction":[{"@type":"SearchAction","target":{"@type":"EntryPoint","urlTemplate":"https:\/\/warren.com.br\/magazine\/?s={search_term_string}"},"query-input":{"@type":"PropertyValueSpecification","valueRequired":true,"valueName":"search_term_string"}}],"inLanguage":"pt-BR"},{"@type":"Organization","@id":"https:\/\/warren.com.br\/magazine\/#organization","name":"Warren Magazine","url":"https:\/\/warren.com.br\/magazine\/","logo":{"@type":"ImageObject","inLanguage":"pt-BR","@id":"https:\/\/warren.com.br\/magazine\/#\/schema\/logo\/image\/","url":"https:\/\/warren.com.br\/magazine\/wp-content\/uploads\/2023\/06\/ThumbMagazine.jpg","contentUrl":"https:\/\/warren.com.br\/magazine\/wp-content\/uploads\/2023\/06\/ThumbMagazine.jpg","width":2400,"height":1260,"caption":"Warren Magazine"},"image":{"@id":"https:\/\/warren.com.br\/magazine\/#\/schema\/logo\/image\/"},"sameAs":["https:\/\/www.facebook.com\/warrenbrasil\/","https:\/\/x.com\/warrenbrasil","https:\/\/www.instagram.com\/warrenbrasil\/","https:\/\/www.linkedin.com\/company\/warrenbrasil\/","https:\/\/www.youtube.com\/channel\/UCqIO5twa50iGz2wT5cGS-XQ"]},{"@type":"Person","@id":"https:\/\/warren.com.br\/magazine\/#\/schema\/person\/6ab5c3002c3fbf4a167e69ed8a2b228c","name":"Reda\u00e7\u00e3o Warren","image":{"@type":"ImageObject","inLanguage":"pt-BR","@id":"https:\/\/warren.com.br\/magazine\/wp-content\/uploads\/2023\/12\/Instagram-avatar-96x96.png","url":"https:\/\/warren.com.br\/magazine\/wp-content\/uploads\/2023\/12\/Instagram-avatar-96x96.png","contentUrl":"https:\/\/warren.com.br\/magazine\/wp-content\/uploads\/2023\/12\/Instagram-avatar-96x96.png","caption":"Reda\u00e7\u00e3o Warren"},"url":"https:\/\/warren.com.br\/magazine\/author\/redacao-warren\/"}]}},"_links":{"self":[{"href":"https:\/\/warren.com.br\/magazine\/wp-json\/wp\/v2\/posts\/21640","targetHints":{"allow":["GET"]}}],"collection":[{"href":"https:\/\/warren.com.br\/magazine\/wp-json\/wp\/v2\/posts"}],"about":[{"href":"https:\/\/warren.com.br\/magazine\/wp-json\/wp\/v2\/types\/post"}],"author":[{"embeddable":true,"href":"https:\/\/warren.com.br\/magazine\/wp-json\/wp\/v2\/users\/8"}],"replies":[{"embeddable":true,"href":"https:\/\/warren.com.br\/magazine\/wp-json\/wp\/v2\/comments?post=21640"}],"version-history":[{"count":28,"href":"https:\/\/warren.com.br\/magazine\/wp-json\/wp\/v2\/posts\/21640\/revisions"}],"predecessor-version":[{"id":22328,"href":"https:\/\/warren.com.br\/magazine\/wp-json\/wp\/v2\/posts\/21640\/revisions\/22328"}],"wp:featuredmedia":[{"embeddable":true,"href":"https:\/\/warren.com.br\/magazine\/wp-json\/wp\/v2\/media\/22010"}],"wp:attachment":[{"href":"https:\/\/warren.com.br\/magazine\/wp-json\/wp\/v2\/media?parent=21640"}],"wp:term":[{"taxonomy":"category","embeddable":true,"href":"https:\/\/warren.com.br\/magazine\/wp-json\/wp\/v2\/categories?post=21640"},{"taxonomy":"post_tag","embeddable":true,"href":"https:\/\/warren.com.br\/magazine\/wp-json\/wp\/v2\/tags?post=21640"}],"curies":[{"name":"wp","href":"https:\/\/api.w.org\/{rel}","templated":true}]}}