{"id":21767,"date":"2023-05-08T17:12:41","date_gmt":"2023-05-08T20:12:41","guid":{"rendered":"https:\/\/warren.com.br\/magazine\/?p=21767"},"modified":"2023-08-02T22:18:23","modified_gmt":"2023-08-03T01:18:23","slug":"felipe-salto-premio-economista-do-ano","status":"publish","type":"post","link":"https:\/\/warren.com.br\/magazine\/felipe-salto-premio-economista-do-ano\/","title":{"rendered":"Economista-chefe e especialista em Pol\u00edtica Fiscal da Warren Rena recebe pr\u00eamio de economista do ano"},"content":{"rendered":"\n<p><a href=\"https:\/\/warren.com.br\/magazine\/felipe-salto\/\">Felipe Salto<\/a>, Economista-chefe e especialista em Pol\u00edtica Fiscal da Warren Rena foi eleito <strong>Economista do Ano pela Ordem dos Economistas do Brasil<\/strong>.\u00a0<\/p>\n\n\n\n<p>A indica\u00e7\u00e3o, feita pelo ex-ministro Delfim Netto ao Conselho Superior da Ordem, reconhece o trabalho de Salto como Secret\u00e1rio da Fazenda durante a gest\u00e3o de Rodrigo Garcia (PSDB) e suas realiza\u00e7\u00f5es \u00e0 frente da Institui\u00e7\u00e3o Fiscal Independente (IFI) no Senado, inclusive na funda\u00e7\u00e3o e atua\u00e7\u00e3o como primeiro Diretor-Executivo. A sugest\u00e3o foi aprovada por unanimidade.&nbsp;<\/p>\n\n\n\n<p>O pr\u00eamio faz parte de um programa cont\u00ednuo de reconhecimento dos profissionais da \u00e1rea e \u00e9 uma iniciativa da Ordem dos Economistas do Brasil desde 1959.&nbsp;<\/p>\n\n\n\n<p>Para receber a honraria, s\u00e3o indicados <strong>profissionais cujas contribui\u00e7\u00f5es fortalecem o desenvolvimento econ\u00f4mico do pa\u00eds e promovem a reflex\u00e3o cr\u00edtica sobre o tema<\/strong>.&nbsp;<\/p>\n\n\n\n<p>Salto, que <a href=\"https:\/\/warren.com.br\/magazine\/felipe-salto-warren-renascenca\/\">entrou para a Warren Rena em janeiro de 2023<\/a>, j\u00e1 foi Secret\u00e1rio da Fazenda e Planejamento do Estado de S\u00e3o Paulo em 2022, ocupou o cargo de diretor executivo da Institui\u00e7\u00e3o Fiscal Independente e atuou na assessoria econ\u00f4mica do senador Jos\u00e9 Serra.&nbsp;<\/p>\n\n\n\n<p>O renomado economista tamb\u00e9m foi professor de Macroeconomia na Funda\u00e7\u00e3o Get\u00falio Vargas (FGV) e de Finan\u00e7as P\u00fablicas no Mestrado Profissional em Economia do IDP (Instituto de Desenvolvimento e Pesquisa).&nbsp;<\/p>\n\n\n\n<hr class=\"wp-block-separator has-alpha-channel-opacity\"\/>\n\n\n\n<p><strong>Conte\u00fados recomendados:<\/strong><\/p>\n\n\n\n<ul class=\"wp-block-list\">\n<li><a href=\"https:\/\/warren.com.br\/magazine\/novo-arcabouco-fiscal\/\">Novo arcabou\u00e7o fiscal: economistas da Warren Rena abordam os principais aspectos<\/a>&nbsp;<\/li>\n\n\n\n<li><a href=\"https:\/\/warren.com.br\/magazine\/renascenca-dealer-tesouro-nacional\/\">Renascen\u00e7a DTVM, empresa adquirida pela Warren, \u00e9 novamente Dealer do Tesouro Nacional<\/a><\/li>\n<\/ul>\n","protected":false},"excerpt":{"rendered":"<p>Felipe Salto, Economista-chefe e especialista em Pol\u00edtica Fiscal da Warren Rena foi eleito Economista do Ano pela Ordem dos Economistas do Brasil.<\/p>\n","protected":false},"author":8,"featured_media":21768,"comment_status":"closed","ping_status":"open","sticky":false,"template":"","format":"standard","meta":{"_acf_changed":false,"footnotes":""},"categories":[752],"tags":[],"class_list":["post-21767","post","type-post","status-publish","format-standard","has-post-thumbnail","hentry","category-a-warren","entry"],"acf":[],"yoast_head":"<!-- This site is optimized with the Yoast SEO plugin v27.5 - https:\/\/yoast.com\/product\/yoast-seo-wordpress\/ -->\n<title>Economista-chefe de Pol\u00edtica Fiscal da Warren Rena recebe pr\u00eamio de economista do ano<\/title>\n<meta name=\"description\" content=\"A indica\u00e7\u00e3o, feita pelo ex-ministro Delfim Netto ao Conselho Superior da Ordem, reconhece o trabalho de Salto como Secret\u00e1rio da Fazenda e Planejamento durante a gest\u00e3o de Rodrigo Garcia (PSDB) e suas realiza\u00e7\u00f5es \u00e0 frente da Institui\u00e7\u00e3o Fiscal Independente (IFI) no Senado, inclusive na funda\u00e7\u00e3o e atua\u00e7\u00e3o como primeiro Diretor-Executivo. A sugest\u00e3o foi aprovada por unanimidade.\" \/>\n<meta name=\"robots\" content=\"index, follow, max-snippet:-1, max-image-preview:large, max-video-preview:-1\" \/>\n<link rel=\"canonical\" href=\"https:\/\/warren.com.br\/magazine\/felipe-salto-premio-economista-do-ano\/\" \/>\n<meta property=\"og:locale\" content=\"pt_BR\" \/>\n<meta property=\"og:type\" content=\"article\" \/>\n<meta property=\"og:title\" content=\"Economista-chefe de Pol\u00edtica Fiscal da Warren Rena recebe pr\u00eamio de economista do ano\" \/>\n<meta property=\"og:description\" content=\"A indica\u00e7\u00e3o, feita pelo ex-ministro Delfim Netto ao Conselho Superior da Ordem, reconhece o trabalho de Salto como Secret\u00e1rio da Fazenda e Planejamento durante a gest\u00e3o de Rodrigo Garcia (PSDB) e suas realiza\u00e7\u00f5es \u00e0 frente da Institui\u00e7\u00e3o Fiscal Independente (IFI) no Senado, inclusive na funda\u00e7\u00e3o e atua\u00e7\u00e3o como primeiro Diretor-Executivo. A sugest\u00e3o foi aprovada por unanimidade.\" \/>\n<meta property=\"og:url\" content=\"https:\/\/warren.com.br\/magazine\/felipe-salto-premio-economista-do-ano\/\" \/>\n<meta property=\"og:site_name\" content=\"Warren Magazine\" \/>\n<meta property=\"article:publisher\" content=\"https:\/\/www.facebook.com\/warrenbrasil\/\" \/>\n<meta property=\"article:published_time\" content=\"2023-05-08T20:12:41+00:00\" \/>\n<meta property=\"article:modified_time\" content=\"2023-08-03T01:18:23+00:00\" \/>\n<meta property=\"og:image\" content=\"https:\/\/warren.com.br\/magazine\/wp-content\/uploads\/2023\/05\/Felipe-Salto-2-1-scaled.jpg\" \/>\n\t<meta property=\"og:image:width\" content=\"2560\" \/>\n\t<meta property=\"og:image:height\" content=\"1707\" \/>\n\t<meta property=\"og:image:type\" content=\"image\/jpeg\" \/>\n<meta name=\"author\" content=\"Reda\u00e7\u00e3o Warren\" \/>\n<meta name=\"twitter:card\" content=\"summary_large_image\" \/>\n<meta name=\"twitter:creator\" content=\"@warrenbrasil\" \/>\n<meta name=\"twitter:site\" content=\"@warrenbrasil\" \/>\n<meta name=\"twitter:label1\" content=\"Escrito por\" \/>\n\t<meta name=\"twitter:data1\" content=\"Reda\u00e7\u00e3o Warren\" \/>\n\t<meta name=\"twitter:label2\" content=\"Est. tempo de leitura\" \/>\n\t<meta name=\"twitter:data2\" content=\"1 minuto\" \/>\n<!-- \/ Yoast SEO plugin. -->","yoast_head_json":{"title":"Economista-chefe de Pol\u00edtica Fiscal da Warren Rena recebe pr\u00eamio de economista do ano","description":"A indica\u00e7\u00e3o, feita pelo ex-ministro Delfim Netto ao Conselho Superior da Ordem, reconhece o trabalho de Salto como Secret\u00e1rio da Fazenda e Planejamento durante a gest\u00e3o de Rodrigo Garcia (PSDB) e suas realiza\u00e7\u00f5es \u00e0 frente da Institui\u00e7\u00e3o Fiscal Independente (IFI) no Senado, inclusive na funda\u00e7\u00e3o e atua\u00e7\u00e3o como primeiro Diretor-Executivo. A sugest\u00e3o foi aprovada por unanimidade.","robots":{"index":"index","follow":"follow","max-snippet":"max-snippet:-1","max-image-preview":"max-image-preview:large","max-video-preview":"max-video-preview:-1"},"canonical":"https:\/\/warren.com.br\/magazine\/felipe-salto-premio-economista-do-ano\/","og_locale":"pt_BR","og_type":"article","og_title":"Economista-chefe de Pol\u00edtica Fiscal da Warren Rena recebe pr\u00eamio de economista do ano","og_description":"A indica\u00e7\u00e3o, feita pelo ex-ministro Delfim Netto ao Conselho Superior da Ordem, reconhece o trabalho de Salto como Secret\u00e1rio da Fazenda e Planejamento durante a gest\u00e3o de Rodrigo Garcia (PSDB) e suas realiza\u00e7\u00f5es \u00e0 frente da Institui\u00e7\u00e3o Fiscal Independente (IFI) no Senado, inclusive na funda\u00e7\u00e3o e atua\u00e7\u00e3o como primeiro Diretor-Executivo. A sugest\u00e3o foi aprovada por unanimidade.","og_url":"https:\/\/warren.com.br\/magazine\/felipe-salto-premio-economista-do-ano\/","og_site_name":"Warren Magazine","article_publisher":"https:\/\/www.facebook.com\/warrenbrasil\/","article_published_time":"2023-05-08T20:12:41+00:00","article_modified_time":"2023-08-03T01:18:23+00:00","og_image":[{"width":2560,"height":1707,"url":"https:\/\/warren.com.br\/magazine\/wp-content\/uploads\/2023\/05\/Felipe-Salto-2-1-scaled.jpg","type":"image\/jpeg"}],"author":"Reda\u00e7\u00e3o Warren","twitter_card":"summary_large_image","twitter_creator":"@warrenbrasil","twitter_site":"@warrenbrasil","twitter_misc":{"Escrito por":"Reda\u00e7\u00e3o Warren","Est. tempo de leitura":"1 minuto"},"schema":{"@context":"https:\/\/schema.org","@graph":[{"@type":"NewsArticle","@id":"https:\/\/warren.com.br\/magazine\/felipe-salto-premio-economista-do-ano\/#article","isPartOf":{"@id":"https:\/\/warren.com.br\/magazine\/felipe-salto-premio-economista-do-ano\/"},"author":{"name":"Reda\u00e7\u00e3o Warren","@id":"https:\/\/warren.com.br\/magazine\/#\/schema\/person\/6ab5c3002c3fbf4a167e69ed8a2b228c"},"headline":"Economista-chefe e especialista em Pol\u00edtica Fiscal da Warren Rena recebe pr\u00eamio de economista do ano","datePublished":"2023-05-08T20:12:41+00:00","dateModified":"2023-08-03T01:18:23+00:00","mainEntityOfPage":{"@id":"https:\/\/warren.com.br\/magazine\/felipe-salto-premio-economista-do-ano\/"},"wordCount":269,"publisher":{"@id":"https:\/\/warren.com.br\/magazine\/#organization"},"image":{"@id":"https:\/\/warren.com.br\/magazine\/felipe-salto-premio-economista-do-ano\/#primaryimage"},"thumbnailUrl":"https:\/\/warren.com.br\/magazine\/wp-content\/uploads\/2023\/05\/Felipe-Salto-2-1-scaled.jpg","articleSection":["A Warren\u00a0"],"inLanguage":"pt-BR"},{"@type":"WebPage","@id":"https:\/\/warren.com.br\/magazine\/felipe-salto-premio-economista-do-ano\/","url":"https:\/\/warren.com.br\/magazine\/felipe-salto-premio-economista-do-ano\/","name":"Economista-chefe de Pol\u00edtica Fiscal da Warren Rena recebe pr\u00eamio de economista do ano","isPartOf":{"@id":"https:\/\/warren.com.br\/magazine\/#website"},"primaryImageOfPage":{"@id":"https:\/\/warren.com.br\/magazine\/felipe-salto-premio-economista-do-ano\/#primaryimage"},"image":{"@id":"https:\/\/warren.com.br\/magazine\/felipe-salto-premio-economista-do-ano\/#primaryimage"},"thumbnailUrl":"https:\/\/warren.com.br\/magazine\/wp-content\/uploads\/2023\/05\/Felipe-Salto-2-1-scaled.jpg","datePublished":"2023-05-08T20:12:41+00:00","dateModified":"2023-08-03T01:18:23+00:00","description":"A indica\u00e7\u00e3o, feita pelo ex-ministro Delfim Netto ao Conselho Superior da Ordem, reconhece o trabalho de Salto como Secret\u00e1rio da Fazenda e Planejamento durante a gest\u00e3o de Rodrigo Garcia (PSDB) e suas realiza\u00e7\u00f5es \u00e0 frente da Institui\u00e7\u00e3o Fiscal Independente (IFI) no Senado, inclusive na funda\u00e7\u00e3o e atua\u00e7\u00e3o como primeiro Diretor-Executivo. A sugest\u00e3o foi aprovada por unanimidade.","inLanguage":"pt-BR","potentialAction":[{"@type":"ReadAction","target":["https:\/\/warren.com.br\/magazine\/felipe-salto-premio-economista-do-ano\/"]}]},{"@type":"ImageObject","inLanguage":"pt-BR","@id":"https:\/\/warren.com.br\/magazine\/felipe-salto-premio-economista-do-ano\/#primaryimage","url":"https:\/\/warren.com.br\/magazine\/wp-content\/uploads\/2023\/05\/Felipe-Salto-2-1-scaled.jpg","contentUrl":"https:\/\/warren.com.br\/magazine\/wp-content\/uploads\/2023\/05\/Felipe-Salto-2-1-scaled.jpg","width":2560,"height":1707,"caption":"Felipe Salto economista do ano"},{"@type":"WebSite","@id":"https:\/\/warren.com.br\/magazine\/#website","url":"https:\/\/warren.com.br\/magazine\/","name":"Warren Magazine","description":"","publisher":{"@id":"https:\/\/warren.com.br\/magazine\/#organization"},"potentialAction":[{"@type":"SearchAction","target":{"@type":"EntryPoint","urlTemplate":"https:\/\/warren.com.br\/magazine\/?s={search_term_string}"},"query-input":{"@type":"PropertyValueSpecification","valueRequired":true,"valueName":"search_term_string"}}],"inLanguage":"pt-BR"},{"@type":"Organization","@id":"https:\/\/warren.com.br\/magazine\/#organization","name":"Warren Magazine","url":"https:\/\/warren.com.br\/magazine\/","logo":{"@type":"ImageObject","inLanguage":"pt-BR","@id":"https:\/\/warren.com.br\/magazine\/#\/schema\/logo\/image\/","url":"https:\/\/warren.com.br\/magazine\/wp-content\/uploads\/2023\/06\/ThumbMagazine.jpg","contentUrl":"https:\/\/warren.com.br\/magazine\/wp-content\/uploads\/2023\/06\/ThumbMagazine.jpg","width":2400,"height":1260,"caption":"Warren Magazine"},"image":{"@id":"https:\/\/warren.com.br\/magazine\/#\/schema\/logo\/image\/"},"sameAs":["https:\/\/www.facebook.com\/warrenbrasil\/","https:\/\/x.com\/warrenbrasil","https:\/\/www.instagram.com\/warrenbrasil\/","https:\/\/www.linkedin.com\/company\/warrenbrasil\/","https:\/\/www.youtube.com\/channel\/UCqIO5twa50iGz2wT5cGS-XQ"]},{"@type":"Person","@id":"https:\/\/warren.com.br\/magazine\/#\/schema\/person\/6ab5c3002c3fbf4a167e69ed8a2b228c","name":"Reda\u00e7\u00e3o Warren","image":{"@type":"ImageObject","inLanguage":"pt-BR","@id":"https:\/\/warren.com.br\/magazine\/wp-content\/uploads\/2023\/12\/Instagram-avatar-96x96.png","url":"https:\/\/warren.com.br\/magazine\/wp-content\/uploads\/2023\/12\/Instagram-avatar-96x96.png","contentUrl":"https:\/\/warren.com.br\/magazine\/wp-content\/uploads\/2023\/12\/Instagram-avatar-96x96.png","caption":"Reda\u00e7\u00e3o Warren"},"url":"https:\/\/warren.com.br\/magazine\/author\/redacao-warren\/"}]}},"_links":{"self":[{"href":"https:\/\/warren.com.br\/magazine\/wp-json\/wp\/v2\/posts\/21767","targetHints":{"allow":["GET"]}}],"collection":[{"href":"https:\/\/warren.com.br\/magazine\/wp-json\/wp\/v2\/posts"}],"about":[{"href":"https:\/\/warren.com.br\/magazine\/wp-json\/wp\/v2\/types\/post"}],"author":[{"embeddable":true,"href":"https:\/\/warren.com.br\/magazine\/wp-json\/wp\/v2\/users\/8"}],"replies":[{"embeddable":true,"href":"https:\/\/warren.com.br\/magazine\/wp-json\/wp\/v2\/comments?post=21767"}],"version-history":[{"count":12,"href":"https:\/\/warren.com.br\/magazine\/wp-json\/wp\/v2\/posts\/21767\/revisions"}],"predecessor-version":[{"id":21787,"href":"https:\/\/warren.com.br\/magazine\/wp-json\/wp\/v2\/posts\/21767\/revisions\/21787"}],"wp:featuredmedia":[{"embeddable":true,"href":"https:\/\/warren.com.br\/magazine\/wp-json\/wp\/v2\/media\/21768"}],"wp:attachment":[{"href":"https:\/\/warren.com.br\/magazine\/wp-json\/wp\/v2\/media?parent=21767"}],"wp:term":[{"taxonomy":"category","embeddable":true,"href":"https:\/\/warren.com.br\/magazine\/wp-json\/wp\/v2\/categories?post=21767"},{"taxonomy":"post_tag","embeddable":true,"href":"https:\/\/warren.com.br\/magazine\/wp-json\/wp\/v2\/tags?post=21767"}],"curies":[{"name":"wp","href":"https:\/\/api.w.org\/{rel}","templated":true}]}}