{"id":21812,"date":"2023-05-23T10:53:29","date_gmt":"2023-05-23T13:53:29","guid":{"rendered":"https:\/\/warren.com.br\/magazine\/?p=21812"},"modified":"2023-10-16T13:52:39","modified_gmt":"2023-10-16T16:52:39","slug":"mhz-capital-warren-pro","status":"publish","type":"post","link":"https:\/\/warren.com.br\/magazine\/mhz-capital-warren-pro\/","title":{"rendered":"Precursores de um mercado sem conflito: conhe\u00e7a a hist\u00f3ria de Fernando Munhoz, da MHZ Capital, primeiro escrit\u00f3rio de assessoria de investimentos do Brasil a fechar parceria com a Warren Pro"},"content":{"rendered":"\n<p>O mercado de investimentos do Brasil precisa evoluir, e para isso acontecer, \u00e9 preciso mais <a href=\"https:\/\/warren.com.br\/magazine\/transparencia-nos-investimentos\/\"><strong>transpar\u00eancia<\/strong><\/a> entre o cliente e quem o atende.&nbsp;<\/p>\n\n\n\n<p>No \u00faltimo m\u00eas de fevereiro, a <a href=\"https:\/\/mhzcapital.com.br\/cvm\/?utm_source=magazine&amp;utm_medium=parceiro&amp;utm_campaign=warren-mhz_site-mhz_n_trafego_warren_mhz_n_brandcontent-nulo\"><strong>CVM<\/strong><\/a> (Comiss\u00e3o de Valores Mobili\u00e1rios) deu mais um importante passo para essa evolu\u00e7\u00e3o com um <strong>novo marco regulat\u00f3rio<\/strong>.\u00a0<\/p>\n\n\n\n<p>Dentre as mudan\u00e7as, a nova resolu\u00e7\u00e3o estipula que as corretoras divulguem a sua <a href=\"https:\/\/warren.com.br\/magazine\/aai-fee-based\/\"><strong>estrutura de remunera\u00e7\u00e3o<\/strong><\/a> e exige tamb\u00e9m que as institui\u00e7\u00f5es financeiras intermedi\u00e1rias (no caso, os assessores de investimentos parceiros) enviem aos clientes um <strong>extrato trimestral com a remunera\u00e7\u00e3o auferida por elas com o servi\u00e7o no per\u00edodo<\/strong>.<\/p>\n\n\n\n<p>Por fim, estipula a <strong>inexist\u00eancia do contrato de exclusividade entre assessores de investimentos aut\u00f4nomos e corretoras<\/strong>, permitindo aos profissionais oferecerem aos seus clientes op\u00e7\u00f5es de investimentos de diversas institui\u00e7\u00f5es.<\/p>\n\n\n\n<p>Essas resolu\u00e7\u00f5es visam mais transpar\u00eancia, minimizando o<strong> conflito de interesses, intr\u00ednseco ao modelo de remunera\u00e7\u00e3o por comiss\u00e3o<\/strong> \u2014 ainda adotado pela maior parte das corretoras e assessores de investimentos.<\/p>\n\n\n\n<p><strong>A Warren adota o modelo de remunera\u00e7\u00e3o fixa desde que foi fundada, em 2017<\/strong>, e por isso \u00e9 precursora dessa mudan\u00e7a.<\/p>\n\n\n\n<p>Neste texto, voc\u00ea vai conhecer a hist\u00f3ria de <strong>Fernando Munhoz, fundador da <a href=\"https:\/\/mhzcapital.com.br\/?utm_source=magazine&amp;utm_medium=parceiro&amp;utm_campaign=warren-mhz_site-mhz_n_trafego_warren_mhz_n_brandcontent-nulo\">MHZ Capital<\/a><\/strong>, primeira assessoria de investimentos a adotar exclusivamente o modelo de taxa fixa e que, hoje, est\u00e1 integrada \u00e0 <a href=\"https:\/\/warren.com.br\/magazine\/vantagens-warren-pro\/\"><strong>Warren Pro<\/strong><\/a>.<\/p>\n\n\n\n<figure class=\"wp-block-image size-large\"><img loading=\"lazy\" decoding=\"async\" width=\"1024\" height=\"591\" src=\"https:\/\/warren.com.br\/magazine\/wp-content\/uploads\/2023\/05\/fernando11-1-1024x591.jpg\" alt=\"Fernando Munhoz, fundador da MHZ Capital\" class=\"wp-image-21818\" srcset=\"https:\/\/warren.com.br\/magazine\/wp-content\/uploads\/2023\/05\/fernando11-1-1024x591.jpg 1024w, https:\/\/warren.com.br\/magazine\/wp-content\/uploads\/2023\/05\/fernando11-1-300x173.jpg 300w, https:\/\/warren.com.br\/magazine\/wp-content\/uploads\/2023\/05\/fernando11-1-768x443.jpg 768w, https:\/\/warren.com.br\/magazine\/wp-content\/uploads\/2023\/05\/fernando11-1-1536x886.jpg 1536w, https:\/\/warren.com.br\/magazine\/wp-content\/uploads\/2023\/05\/fernando11-1-2048x1181.jpg 2048w, https:\/\/warren.com.br\/magazine\/wp-content\/uploads\/2023\/05\/fernando11-1-1568x904.jpg 1568w\" sizes=\"auto, (max-width: 1024px) 100vw, 1024px\" \/><figcaption class=\"wp-element-caption\">Fernando Munhoz, fundador da MHZ Capital<\/figcaption><\/figure>\n\n\n\n<p>No mercado financeiro desde 2014, Fernando acompanhou de perto as mudan\u00e7as dos \u00faltimos quase 10 anos.<\/p>\n\n\n\n<p>\u201cQuando eu entrei, era mercado de \u2018produteria\u2019, um \u2018shopping center financeiro\u2019. O assessor tinha uma lista de produtos para oferecer e uma rela\u00e7\u00e3o de contatos que a gente conseguia de diversas formas. Fazia mais de 100 liga\u00e7\u00f5es \u2018frias\u2019 por dia\u201d, lembra.<\/p>\n\n\n\n<p>A remunera\u00e7\u00e3o dos assessores, voc\u00ea pode imaginar, era exclusivamente a partir da comiss\u00e3o sobre a venda dos produtos.<\/p>\n\n\n\n<p>\u201cN\u00e3o existia a ideia de entender se o produto x ou y era o melhor para cada cliente, se estava de acordo com os objetivos dele. A gente precisava vender\u201d.&nbsp;<\/p>\n\n\n\n<p>Fernando atuou no modelo de remunera\u00e7\u00e3o comissionada por 9 anos, sendo que uma de suas experi\u00eancias foi como fundador de um dos maiores escrit\u00f3rios de investimentos de S\u00e3o Paulo, onde consolidou, junto ao time, uma carteira de 3 bilh\u00f5es em menos de dois anos.<\/p>\n\n\n\n<p>\u201cMas n\u00e3o era a forma como eu queria trabalhar, o modelo de remunera\u00e7\u00e3o e a falta de profissionaliza\u00e7\u00e3o do servi\u00e7o me incomodavam\u201d, afirma.<\/p>\n\n\n\n<p>Na busca por transformar o mercado, tornando-o melhor para os clientes e tamb\u00e9m para os assessores, fundou, em 2023, a <a href=\"https:\/\/mhzcapital.com.br\/?utm_source=magazine&amp;utm_medium=parceiro&amp;utm_campaign=warren-mhz_site-mhz_n_trafego_warren_mhz_n_brandcontent-nulo\">MHZ Capital<\/a>, tamb\u00e9m em S\u00e3o Paulo.<\/p>\n\n\n\n<p>Foi em outubro de 2022, ainda quando o mercado come\u00e7ava a especular sobre as mudan\u00e7as regulat\u00f3rias concretizadas em mar\u00e7o, que Fernando procurou a Warren.<\/p>\n\n\n\n<p><strong>LEIA MAIS | <\/strong><a href=\"https:\/\/warren.com.br\/magazine\/transparencia-nos-investimentos\/\"><strong>Transpar\u00eancia nos investimentos: em v\u00eddeo, fundadores da Warren refor\u00e7am posicionamento contra o conflito de interesses<\/strong><\/a><strong>&nbsp;<\/strong><\/p>\n\n\n\n<div id=\"ez-toc-container\" class=\"ez-toc-v2_0_82_2 counter-hierarchy ez-toc-counter ez-toc-grey ez-toc-container-direction\">\n<p class=\"ez-toc-title\" style=\"cursor:inherit\">Indice<\/p>\n<label for=\"ez-toc-cssicon-toggle-item-69f34cde4566e\" class=\"ez-toc-cssicon-toggle-label\"><span class=\"ez-toc-cssicon\"><span class=\"eztoc-hide\" style=\"display:none;\">Toggle<\/span><span class=\"ez-toc-icon-toggle-span\"><svg style=\"fill: #999;color:#999\" xmlns=\"http:\/\/www.w3.org\/2000\/svg\" class=\"list-377408\" width=\"20px\" height=\"20px\" viewBox=\"0 0 24 24\" fill=\"none\"><path d=\"M6 6H4v2h2V6zm14 0H8v2h12V6zM4 11h2v2H4v-2zm16 0H8v2h12v-2zM4 16h2v2H4v-2zm16 0H8v2h12v-2z\" fill=\"currentColor\"><\/path><\/svg><svg style=\"fill: #999;color:#999\" class=\"arrow-unsorted-368013\" xmlns=\"http:\/\/www.w3.org\/2000\/svg\" width=\"10px\" height=\"10px\" viewBox=\"0 0 24 24\" version=\"1.2\" baseProfile=\"tiny\"><path d=\"M18.2 9.3l-6.2-6.3-6.2 6.3c-.2.2-.3.4-.3.7s.1.5.3.7c.2.2.4.3.7.3h11c.3 0 .5-.1.7-.3.2-.2.3-.5.3-.7s-.1-.5-.3-.7zM5.8 14.7l6.2 6.3 6.2-6.3c.2-.2.3-.5.3-.7s-.1-.5-.3-.7c-.2-.2-.4-.3-.7-.3h-11c-.3 0-.5.1-.7.3-.2.2-.3.5-.3.7s.1.5.3.7z\"\/><\/svg><\/span><\/span><\/label><input type=\"checkbox\"  id=\"ez-toc-cssicon-toggle-item-69f34cde4566e\"  aria-label=\"Alternar\" \/><nav><ul class='ez-toc-list ez-toc-list-level-1 ' ><li class='ez-toc-page-1 ez-toc-heading-level-2'><a class=\"ez-toc-link ez-toc-heading-1\" href=\"https:\/\/warren.com.br\/magazine\/mhz-capital-warren-pro\/#%E2%80%9CEu_quero_ser_agente_autonomo_de_voces%E2%80%9D\" >\u201cEu quero ser agente aut\u00f4nomo de voc\u00eas\u201d<\/a><\/li><li class='ez-toc-page-1 ez-toc-heading-level-2'><a class=\"ez-toc-link ez-toc-heading-2\" href=\"https:\/\/warren.com.br\/magazine\/mhz-capital-warren-pro\/#De_assessor_para_assessor_por_que_migrar_para_o_modelo_de_remuneracao_fixa\" >De assessor para assessor: por que migrar para o modelo de remunera\u00e7\u00e3o fixa?<\/a><\/li><\/ul><\/nav><\/div>\n<h2 class=\"wp-block-heading\"><span class=\"ez-toc-section\" id=\"%E2%80%9CEu_quero_ser_agente_autonomo_de_voces%E2%80%9D\"><\/span>\u201cEu quero ser agente aut\u00f4nomo de voc\u00eas\u201d<span class=\"ez-toc-section-end\"><\/span><\/h2>\n\n\n\n<p>\u201cCheguei com a bandeira do modelo de remunera\u00e7\u00e3o por taxa fixa, algo que eu e a Warren temos em comum, e disse \u2018eu quero ser agente aut\u00f4nomo de voc\u00eas\u2019\u201d.<\/p>\n\n\n\n<p>O contrato de parceria entre a Warren Pro (nossa frente B2B) e a <a href=\"https:\/\/mhzcapital.com.br\/?utm_source=magazine&amp;utm_medium=parceiro&amp;utm_campaign=warren-mhz_site-mhz_n_trafego_warren_mhz_n_brandcontent-nulo\">MHZ<\/a> foi fechado em mar\u00e7o de 2023.<\/p>\n\n\n\n<figure class=\"wp-block-image size-large\"><img loading=\"lazy\" decoding=\"async\" width=\"1024\" height=\"576\" src=\"https:\/\/warren.com.br\/magazine\/wp-content\/uploads\/2023\/05\/fernando14-1024x576.jpg\" alt=\"MHZ Capital e Warren Pro assinaram contrato de parceria em mar\u00e7o.\" class=\"wp-image-21819\" srcset=\"https:\/\/warren.com.br\/magazine\/wp-content\/uploads\/2023\/05\/fernando14-1024x576.jpg 1024w, https:\/\/warren.com.br\/magazine\/wp-content\/uploads\/2023\/05\/fernando14-300x169.jpg 300w, https:\/\/warren.com.br\/magazine\/wp-content\/uploads\/2023\/05\/fernando14-768x432.jpg 768w, https:\/\/warren.com.br\/magazine\/wp-content\/uploads\/2023\/05\/fernando14-1536x864.jpg 1536w, https:\/\/warren.com.br\/magazine\/wp-content\/uploads\/2023\/05\/fernando14-2048x1153.jpg 2048w, https:\/\/warren.com.br\/magazine\/wp-content\/uploads\/2023\/05\/fernando14-1568x882.jpg 1568w\" sizes=\"auto, (max-width: 1024px) 100vw, 1024px\" \/><figcaption class=\"wp-element-caption\">MHZ Capital e Warren Pro assinaram contrato de parceria em mar\u00e7o.<\/figcaption><\/figure>\n\n\n\n<p>Desde ent\u00e3o, os assessores est\u00e3o utilizando a tecnologia white label da Warren e&nbsp; j\u00e1 possuem rela\u00e7\u00e3o estreita com os times das mesas operacionais e de servi\u00e7os, como Family Office, investimentos internacionais, seguros, <a href=\"https:\/\/warren.com.br\/magazine\/resultados-previdencia-warren\/\">previd\u00eancia<\/a> e outros.<\/p>\n\n\n\n<p>\u201cO time da Warren Pro \u00e9 bem aberto e tem dado todo o suporte nesta migra\u00e7\u00e3o. Estamos juntos no dia a dia, estruturando nossa opera\u00e7\u00e3o para crescermos ainda mais.<\/p>\n\n\n\n<figure class=\"wp-block-image size-large\"><img loading=\"lazy\" decoding=\"async\" width=\"1024\" height=\"697\" src=\"https:\/\/warren.com.br\/magazine\/wp-content\/uploads\/2023\/05\/teste2maga-2-1024x697.jpg\" alt=\"Integrantes do time da Warren Pro: Layon Dalcanali, Steven Guilbride e Renata Diez\" class=\"wp-image-21821\" srcset=\"https:\/\/warren.com.br\/magazine\/wp-content\/uploads\/2023\/05\/teste2maga-2-1024x697.jpg 1024w, https:\/\/warren.com.br\/magazine\/wp-content\/uploads\/2023\/05\/teste2maga-2-300x204.jpg 300w, https:\/\/warren.com.br\/magazine\/wp-content\/uploads\/2023\/05\/teste2maga-2-768x523.jpg 768w, https:\/\/warren.com.br\/magazine\/wp-content\/uploads\/2023\/05\/teste2maga-2-1536x1045.jpg 1536w, https:\/\/warren.com.br\/magazine\/wp-content\/uploads\/2023\/05\/teste2maga-2-1568x1067.jpg 1568w, https:\/\/warren.com.br\/magazine\/wp-content\/uploads\/2023\/05\/teste2maga-2.jpg 1800w\" sizes=\"auto, (max-width: 1024px) 100vw, 1024px\" \/><figcaption class=\"wp-element-caption\">Integrantes do time da Warren Pro: Layon Dalcanali, Steven Guilbride e Renata Diez<\/figcaption><\/figure>\n\n\n\n<p>Para Fernando, a rela\u00e7\u00e3o entre a Warren e a <a href=\"https:\/\/mhzcapital.com.br\/?utm_source=magazine&amp;utm_medium=parceiro&amp;utm_campaign=warren-mhz_site-mhz_n_trafego_warren_mhz_n_brandcontent-nulo\">MHZ Capital<\/a> \u00e9 sustentada por dois pilares.<\/p>\n\n\n\n<p>Um deles \u00e9 a democratiza\u00e7\u00e3o do <strong>wealth planning<\/strong> (planejamento patrimonial), \u201cmostrando ao cliente que o dinheiro \u00e9 o meio, n\u00e3o o fim. Ele serve para comprar a casa, atingir a liberdade financeira, ou outros objetivos. E \u00e9 nisso que assessores de investimentos e corretoras precisam focar&#8221;.<\/p>\n\n\n\n<p>O segundo pilar \u00e9 a <strong>transpar\u00eancia<\/strong>. \u201cHoje se voc\u00ea oferecer um produto ruim o cliente sabe. No modelo de remunera\u00e7\u00e3o fixa, com a aus\u00eancia das comiss\u00f5es, n\u00e3o h\u00e1 motivos para oferecer um produto que n\u00e3o fa\u00e7a sentido para o cliente.<strong> Eliminamos o conflito de interesses<\/strong>\u201d, explica.<\/p>\n\n\n\n<p><strong>LEIA MAIS | <\/strong><a href=\"https:\/\/warren.com.br\/magazine\/aai-fee-based\/\"><strong>A autonomia que o assessor de investimentos precisa para crescer est\u00e1 no modelo fee-based \u2014 e na Warren, ele j\u00e1 \u00e9 realidade<\/strong><\/a><strong>&nbsp;<\/strong><\/p>\n\n\n\n<h2 class=\"wp-block-heading\"><span class=\"ez-toc-section\" id=\"De_assessor_para_assessor_por_que_migrar_para_o_modelo_de_remuneracao_fixa\"><\/span>De assessor para assessor: por que migrar para o modelo de remunera\u00e7\u00e3o fixa?<span class=\"ez-toc-section-end\"><\/span><\/h2>\n\n\n\n<p><strong>\u00c9 para onde o mercado brasileiro mira, espelhado em pa\u00edses desenvolvidos como Estados Unidos e Inglaterra<\/strong>.&nbsp;<\/p>\n\n\n\n<p>\u201cAs novas regulamenta\u00e7\u00f5es e tamb\u00e9m os consumidores est\u00e3o exigindo mais transpar\u00eancia. Ent\u00e3o quanto antes o assessor adotar esse modelo, melhor\u201d, observa.<\/p>\n\n\n\n<p>Outra vantagem de aderir ao modelo, para Fernando, \u00e9 que ele <strong>promove o crescimento exponencial do neg\u00f3cio para o assessor<\/strong>.<\/p>\n\n\n\n<p>\u201cQuando voc\u00ea deixa de fazer assessoria pela venda do produto, voc\u00ea tem mais tempo para o cliente, para fazer uma aloca\u00e7\u00e3o de qualidade, cuidar bem do dinheiro. O cliente v\u00ea o valor de pagar uma taxa fixa e isso favorece uma rela\u00e7\u00e3o de longo prazo\u201d, pontua.<\/p>\n\n\n\n<p>Se voc\u00ea \u00e9 assessor de investimentos e quer saber mais sobre a Warren Pro, <a href=\"https:\/\/lp.warren.com.br\/assessor-warren-pro?utm_source=whatsapp&amp;utm_medium=social&amp;utm_campaign=warren-brand_site_captacao_whatsapp_agentes-autonomos-warren-pro_base_automatico-clientes-steven&amp;_gl=1*15zipyl*_gcl_aw*R0NMLjE2ODMwNDM3NjEuQ2owS0NRanc2Y0tpQmhENUFSSXNBS1hVZHlhbG92R0tPeFg0dlAwUFhnMGxrZzFxbGYwMjhwaHNDSEJzNVNzeWF6dm1BdmFiSEVzUXFEWWFBbFZYRUFMd193Y0I.&amp;_ga=2.14683830.1662380673.1684504258-1911781361.1680046157&amp;_gac=1.228962798.1683043761.Cj0KCQjw6cKiBhD5ARIsAKXUdyalovGKOxX4vP0PXg0lkg1qlf028phsCHBs5SsyazvmAvabHEsQqDYaAlVXEALw_wcB\"><strong>acesse nossa p\u00e1gina e agende uma conversa<\/strong><\/a><strong>.<\/strong><\/p>\n\n\n\n<hr class=\"wp-block-separator has-alpha-channel-opacity\"\/>\n\n\n\n<p><strong>Conte\u00fados recomendados:<\/strong><\/p>\n\n\n\n<ul class=\"wp-block-list\">\n<li><a href=\"https:\/\/warren.com.br\/magazine\/felipe-salto-premio-economista-do-ano\/\">Economista-chefe e especialista em Pol\u00edtica Fiscal da Warren Rena recebe pr\u00eamio de economista do ano<\/a><\/li>\n\n\n\n<li><a href=\"https:\/\/warren.com.br\/magazine\/etfs-irlandeses\/\">ETFs Irlandeses: o que s\u00e3o, como funcionam e quais as vantagens<\/a><\/li>\n\n\n\n<li><a href=\"https:\/\/warren.com.br\/magazine\/investimento-por-objetivos\/\">Investimento por objetivos: o que \u00e9, como funciona e por que vale a pena<\/a><\/li>\n<\/ul>\n","protected":false},"excerpt":{"rendered":"<p>O mercado de investimentos do Brasil precisa evoluir, e para isso acontecer, \u00e9 preciso mais transpar\u00eancia entre o cliente e quem o atende.<\/p>\n","protected":false},"author":8,"featured_media":21826,"comment_status":"closed","ping_status":"open","sticky":false,"template":"","format":"standard","meta":{"_acf_changed":false,"footnotes":""},"categories":[752],"tags":[],"class_list":["post-21812","post","type-post","status-publish","format-standard","has-post-thumbnail","hentry","category-a-warren","entry"],"acf":[],"yoast_head":"<!-- This site is optimized with the Yoast SEO plugin v27.5 - https:\/\/yoast.com\/product\/yoast-seo-wordpress\/ -->\n<title>Conhe\u00e7a a hist\u00f3ria de Fernando Munhoz, da MHZ Capital, primeiro escrit\u00f3rio de investimentos do Brasil parceiro da Warren Pro<\/title>\n<meta name=\"description\" content=\"Fernando Munhoz \u00e9 fundador da MHZ Capital, primeiro escrit\u00f3rio de investimentos a fechar parceria com a Warren Pro. Juntas, as empresas focam em um servi\u00e7o mais qualificado e transparente como cliente.\" \/>\n<meta name=\"robots\" content=\"index, follow, max-snippet:-1, max-image-preview:large, max-video-preview:-1\" \/>\n<link rel=\"canonical\" href=\"https:\/\/warren.com.br\/magazine\/mhz-capital-warren-pro\/\" \/>\n<meta property=\"og:locale\" content=\"pt_BR\" \/>\n<meta property=\"og:type\" content=\"article\" \/>\n<meta property=\"og:title\" content=\"Conhe\u00e7a a hist\u00f3ria de Fernando Munhoz, da MHZ Capital, primeiro escrit\u00f3rio de investimentos do Brasil parceiro da Warren Pro\" \/>\n<meta property=\"og:description\" content=\"Fernando Munhoz \u00e9 fundador da MHZ Capital, primeiro escrit\u00f3rio de investimentos a fechar parceria com a Warren Pro. Juntas, as empresas focam em um servi\u00e7o mais qualificado e transparente como cliente.\" \/>\n<meta property=\"og:url\" content=\"https:\/\/warren.com.br\/magazine\/mhz-capital-warren-pro\/\" \/>\n<meta property=\"og:site_name\" content=\"Warren Magazine\" \/>\n<meta property=\"article:publisher\" content=\"https:\/\/www.facebook.com\/warrenbrasil\/\" \/>\n<meta property=\"article:published_time\" content=\"2023-05-23T13:53:29+00:00\" \/>\n<meta property=\"article:modified_time\" content=\"2023-10-16T16:52:39+00:00\" \/>\n<meta property=\"og:image\" content=\"https:\/\/warren.com.br\/magazine\/wp-content\/uploads\/2023\/05\/fernando14-1.jpg\" \/>\n\t<meta property=\"og:image:width\" content=\"2500\" \/>\n\t<meta property=\"og:image:height\" content=\"1407\" \/>\n\t<meta property=\"og:image:type\" content=\"image\/jpeg\" \/>\n<meta name=\"author\" content=\"Reda\u00e7\u00e3o Warren\" \/>\n<meta name=\"twitter:card\" content=\"summary_large_image\" \/>\n<meta name=\"twitter:creator\" content=\"@warrenbrasil\" \/>\n<meta name=\"twitter:site\" content=\"@warrenbrasil\" \/>\n<meta name=\"twitter:label1\" content=\"Escrito por\" \/>\n\t<meta name=\"twitter:data1\" content=\"Reda\u00e7\u00e3o Warren\" \/>\n\t<meta name=\"twitter:label2\" content=\"Est. tempo de leitura\" \/>\n\t<meta name=\"twitter:data2\" content=\"5 minutos\" \/>\n<!-- \/ Yoast SEO plugin. -->","yoast_head_json":{"title":"Conhe\u00e7a a hist\u00f3ria de Fernando Munhoz, da MHZ Capital, primeiro escrit\u00f3rio de investimentos do Brasil parceiro da Warren Pro","description":"Fernando Munhoz \u00e9 fundador da MHZ Capital, primeiro escrit\u00f3rio de investimentos a fechar parceria com a Warren Pro. Juntas, as empresas focam em um servi\u00e7o mais qualificado e transparente como cliente.","robots":{"index":"index","follow":"follow","max-snippet":"max-snippet:-1","max-image-preview":"max-image-preview:large","max-video-preview":"max-video-preview:-1"},"canonical":"https:\/\/warren.com.br\/magazine\/mhz-capital-warren-pro\/","og_locale":"pt_BR","og_type":"article","og_title":"Conhe\u00e7a a hist\u00f3ria de Fernando Munhoz, da MHZ Capital, primeiro escrit\u00f3rio de investimentos do Brasil parceiro da Warren Pro","og_description":"Fernando Munhoz \u00e9 fundador da MHZ Capital, primeiro escrit\u00f3rio de investimentos a fechar parceria com a Warren Pro. Juntas, as empresas focam em um servi\u00e7o mais qualificado e transparente como cliente.","og_url":"https:\/\/warren.com.br\/magazine\/mhz-capital-warren-pro\/","og_site_name":"Warren Magazine","article_publisher":"https:\/\/www.facebook.com\/warrenbrasil\/","article_published_time":"2023-05-23T13:53:29+00:00","article_modified_time":"2023-10-16T16:52:39+00:00","og_image":[{"width":2500,"height":1407,"url":"https:\/\/warren.com.br\/magazine\/wp-content\/uploads\/2023\/05\/fernando14-1.jpg","type":"image\/jpeg"}],"author":"Reda\u00e7\u00e3o Warren","twitter_card":"summary_large_image","twitter_creator":"@warrenbrasil","twitter_site":"@warrenbrasil","twitter_misc":{"Escrito por":"Reda\u00e7\u00e3o Warren","Est. tempo de leitura":"5 minutos"},"schema":{"@context":"https:\/\/schema.org","@graph":[{"@type":"NewsArticle","@id":"https:\/\/warren.com.br\/magazine\/mhz-capital-warren-pro\/#article","isPartOf":{"@id":"https:\/\/warren.com.br\/magazine\/mhz-capital-warren-pro\/"},"author":{"name":"Reda\u00e7\u00e3o Warren","@id":"https:\/\/warren.com.br\/magazine\/#\/schema\/person\/6ab5c3002c3fbf4a167e69ed8a2b228c"},"headline":"Precursores de um mercado sem conflito: conhe\u00e7a a hist\u00f3ria de Fernando Munhoz, da MHZ Capital, primeiro escrit\u00f3rio de assessoria de investimentos do Brasil a fechar parceria com a Warren Pro","datePublished":"2023-05-23T13:53:29+00:00","dateModified":"2023-10-16T16:52:39+00:00","mainEntityOfPage":{"@id":"https:\/\/warren.com.br\/magazine\/mhz-capital-warren-pro\/"},"wordCount":1014,"publisher":{"@id":"https:\/\/warren.com.br\/magazine\/#organization"},"image":{"@id":"https:\/\/warren.com.br\/magazine\/mhz-capital-warren-pro\/#primaryimage"},"thumbnailUrl":"https:\/\/warren.com.br\/magazine\/wp-content\/uploads\/2023\/05\/fernando14-1.jpg","articleSection":["A Warren\u00a0"],"inLanguage":"pt-BR"},{"@type":"WebPage","@id":"https:\/\/warren.com.br\/magazine\/mhz-capital-warren-pro\/","url":"https:\/\/warren.com.br\/magazine\/mhz-capital-warren-pro\/","name":"Conhe\u00e7a a hist\u00f3ria de Fernando Munhoz, da MHZ Capital, primeiro escrit\u00f3rio de investimentos do Brasil parceiro da Warren Pro","isPartOf":{"@id":"https:\/\/warren.com.br\/magazine\/#website"},"primaryImageOfPage":{"@id":"https:\/\/warren.com.br\/magazine\/mhz-capital-warren-pro\/#primaryimage"},"image":{"@id":"https:\/\/warren.com.br\/magazine\/mhz-capital-warren-pro\/#primaryimage"},"thumbnailUrl":"https:\/\/warren.com.br\/magazine\/wp-content\/uploads\/2023\/05\/fernando14-1.jpg","datePublished":"2023-05-23T13:53:29+00:00","dateModified":"2023-10-16T16:52:39+00:00","description":"Fernando Munhoz \u00e9 fundador da MHZ Capital, primeiro escrit\u00f3rio de investimentos a fechar parceria com a Warren Pro. Juntas, as empresas focam em um servi\u00e7o mais qualificado e transparente como cliente.","inLanguage":"pt-BR","potentialAction":[{"@type":"ReadAction","target":["https:\/\/warren.com.br\/magazine\/mhz-capital-warren-pro\/"]}]},{"@type":"ImageObject","inLanguage":"pt-BR","@id":"https:\/\/warren.com.br\/magazine\/mhz-capital-warren-pro\/#primaryimage","url":"https:\/\/warren.com.br\/magazine\/wp-content\/uploads\/2023\/05\/fernando14-1.jpg","contentUrl":"https:\/\/warren.com.br\/magazine\/wp-content\/uploads\/2023\/05\/fernando14-1.jpg","width":2500,"height":1407,"caption":"Fernando Munhoz \u00e9 fundador da MHZ Capital, primeiro escrit\u00f3rio de investimentos a fechar parceria com a Warren Pro. Juntas, as empresas focam em um servi\u00e7o mais qualificado e transparente como cliente"},{"@type":"WebSite","@id":"https:\/\/warren.com.br\/magazine\/#website","url":"https:\/\/warren.com.br\/magazine\/","name":"Warren Magazine","description":"","publisher":{"@id":"https:\/\/warren.com.br\/magazine\/#organization"},"potentialAction":[{"@type":"SearchAction","target":{"@type":"EntryPoint","urlTemplate":"https:\/\/warren.com.br\/magazine\/?s={search_term_string}"},"query-input":{"@type":"PropertyValueSpecification","valueRequired":true,"valueName":"search_term_string"}}],"inLanguage":"pt-BR"},{"@type":"Organization","@id":"https:\/\/warren.com.br\/magazine\/#organization","name":"Warren Magazine","url":"https:\/\/warren.com.br\/magazine\/","logo":{"@type":"ImageObject","inLanguage":"pt-BR","@id":"https:\/\/warren.com.br\/magazine\/#\/schema\/logo\/image\/","url":"https:\/\/warren.com.br\/magazine\/wp-content\/uploads\/2023\/06\/ThumbMagazine.jpg","contentUrl":"https:\/\/warren.com.br\/magazine\/wp-content\/uploads\/2023\/06\/ThumbMagazine.jpg","width":2400,"height":1260,"caption":"Warren Magazine"},"image":{"@id":"https:\/\/warren.com.br\/magazine\/#\/schema\/logo\/image\/"},"sameAs":["https:\/\/www.facebook.com\/warrenbrasil\/","https:\/\/x.com\/warrenbrasil","https:\/\/www.instagram.com\/warrenbrasil\/","https:\/\/www.linkedin.com\/company\/warrenbrasil\/","https:\/\/www.youtube.com\/channel\/UCqIO5twa50iGz2wT5cGS-XQ"]},{"@type":"Person","@id":"https:\/\/warren.com.br\/magazine\/#\/schema\/person\/6ab5c3002c3fbf4a167e69ed8a2b228c","name":"Reda\u00e7\u00e3o Warren","image":{"@type":"ImageObject","inLanguage":"pt-BR","@id":"https:\/\/warren.com.br\/magazine\/wp-content\/uploads\/2023\/12\/Instagram-avatar-96x96.png","url":"https:\/\/warren.com.br\/magazine\/wp-content\/uploads\/2023\/12\/Instagram-avatar-96x96.png","contentUrl":"https:\/\/warren.com.br\/magazine\/wp-content\/uploads\/2023\/12\/Instagram-avatar-96x96.png","caption":"Reda\u00e7\u00e3o Warren"},"url":"https:\/\/warren.com.br\/magazine\/author\/redacao-warren\/"}]}},"_links":{"self":[{"href":"https:\/\/warren.com.br\/magazine\/wp-json\/wp\/v2\/posts\/21812","targetHints":{"allow":["GET"]}}],"collection":[{"href":"https:\/\/warren.com.br\/magazine\/wp-json\/wp\/v2\/posts"}],"about":[{"href":"https:\/\/warren.com.br\/magazine\/wp-json\/wp\/v2\/types\/post"}],"author":[{"embeddable":true,"href":"https:\/\/warren.com.br\/magazine\/wp-json\/wp\/v2\/users\/8"}],"replies":[{"embeddable":true,"href":"https:\/\/warren.com.br\/magazine\/wp-json\/wp\/v2\/comments?post=21812"}],"version-history":[{"count":19,"href":"https:\/\/warren.com.br\/magazine\/wp-json\/wp\/v2\/posts\/21812\/revisions"}],"predecessor-version":[{"id":22317,"href":"https:\/\/warren.com.br\/magazine\/wp-json\/wp\/v2\/posts\/21812\/revisions\/22317"}],"wp:featuredmedia":[{"embeddable":true,"href":"https:\/\/warren.com.br\/magazine\/wp-json\/wp\/v2\/media\/21826"}],"wp:attachment":[{"href":"https:\/\/warren.com.br\/magazine\/wp-json\/wp\/v2\/media?parent=21812"}],"wp:term":[{"taxonomy":"category","embeddable":true,"href":"https:\/\/warren.com.br\/magazine\/wp-json\/wp\/v2\/categories?post=21812"},{"taxonomy":"post_tag","embeddable":true,"href":"https:\/\/warren.com.br\/magazine\/wp-json\/wp\/v2\/tags?post=21812"}],"curies":[{"name":"wp","href":"https:\/\/api.w.org\/{rel}","templated":true}]}}