{"id":22349,"date":"2023-10-26T11:37:16","date_gmt":"2023-10-26T14:37:16","guid":{"rendered":"https:\/\/warren.com.br\/magazine\/?p=22349"},"modified":"2023-12-05T17:18:56","modified_gmt":"2023-12-05T20:18:56","slug":"andrea-angelo-ranking","status":"publish","type":"post","link":"https:\/\/warren.com.br\/magazine\/andrea-angelo-ranking\/","title":{"rendered":"Andr\u00e9a Angelo, estrategista na Warren, \u00e9 n\u00b0 1 em ranking da Bloomberg de proje\u00e7\u00e3o de infla\u00e7\u00e3o"},"content":{"rendered":"\n<p>A <strong>Bloomberg <\/strong>re\u00fane an\u00e1lises de institui\u00e7\u00f5es financeiras do mundo todo, listando as casas com melhor performance na previs\u00e3o de indicadores relevantes para o mercado financeiro.<\/p>\n\n\n\n<p>Pelo segundo m\u00eas consecutivo, <strong>a Warren \u00e9 a primeira colocada no ranking para proje\u00e7\u00f5es de infla\u00e7\u00e3o<\/strong>. O resultado reflete a precis\u00e3o de nosso time de especialistas em analisar os pr\u00f3ximos movimentos do <strong><a href=\"https:\/\/warren.com.br\/magazine\/o-que-e-ipca\/\">IPCA<\/a><\/strong>, o \u00cdndice Nacional de Pre\u00e7os ao Consumidor Amplo, principal medidor do movimento inflacion\u00e1rio brasileiro.<\/p>\n\n\n\n<figure class=\"wp-block-image size-full\"><img loading=\"lazy\" decoding=\"async\" width=\"795\" height=\"364\" src=\"https:\/\/warren.com.br\/magazine\/wp-content\/uploads\/2023\/10\/ranking.png\" alt=\"\" class=\"wp-image-22357\" srcset=\"https:\/\/warren.com.br\/magazine\/wp-content\/uploads\/2023\/10\/ranking.png 795w, https:\/\/warren.com.br\/magazine\/wp-content\/uploads\/2023\/10\/ranking-300x137.png 300w, https:\/\/warren.com.br\/magazine\/wp-content\/uploads\/2023\/10\/ranking-768x352.png 768w\" sizes=\"auto, (max-width: 795px) 100vw, 795px\" \/><\/figure>\n\n\n\n<p>\u00c0 frente desta conquista est\u00e1 <strong>Andr\u00e9a Angelo<\/strong>, s\u00f3cia e estrategista de infla\u00e7\u00e3o na <a href=\"https:\/\/www.dtvm.com.br\/\">Warren Rena<\/a>, a corretora institucional que comp\u00f5e a Warren Investimentos.<\/p>\n\n\n\n<p>Andr\u00e9a comenta a conquista: &#8220;\u00c9 uma honra ver que a <strong>intelig\u00eancia que entregamos aos nossos clientes institucionais<\/strong> tamb\u00e9m \u00e9 reconhecida em um ranking como este&#8221;.<\/p>\n\n\n\n<p>&#8220;Chegamos \u00e0s nossas an\u00e1lises em um trabalho que foge do tradicional, afinal, <strong>nossa equipe une muitas mentes que pensam diferente.<\/strong> A pluralidade de forma\u00e7\u00e3o do time contribui para a melhor proje\u00e7\u00e3o do movimento da infla\u00e7\u00e3o no Brasil&#8221;, finaliza.<\/p>\n\n\n\n<figure class=\"wp-block-image size-large\"><img loading=\"lazy\" decoding=\"async\" width=\"1024\" height=\"830\" src=\"https:\/\/warren.com.br\/magazine\/wp-content\/uploads\/2023\/10\/rcn-andrea-1024x830.jpg\" alt=\"Roberto Campos Neto e Andr\u00e9a Angelo em evento organizado pela Warren em agosto\" class=\"wp-image-22350\" srcset=\"https:\/\/warren.com.br\/magazine\/wp-content\/uploads\/2023\/10\/rcn-andrea-1024x830.jpg 1024w, https:\/\/warren.com.br\/magazine\/wp-content\/uploads\/2023\/10\/rcn-andrea-300x243.jpg 300w, https:\/\/warren.com.br\/magazine\/wp-content\/uploads\/2023\/10\/rcn-andrea-768x623.jpg 768w, https:\/\/warren.com.br\/magazine\/wp-content\/uploads\/2023\/10\/rcn-andrea-1536x1246.jpg 1536w, https:\/\/warren.com.br\/magazine\/wp-content\/uploads\/2023\/10\/rcn-andrea-1568x1272.jpg 1568w, https:\/\/warren.com.br\/magazine\/wp-content\/uploads\/2023\/10\/rcn-andrea.jpg 1968w\" sizes=\"auto, (max-width: 1024px) 100vw, 1024px\" \/><figcaption class=\"wp-element-caption\">Roberto Campos Neto, presidente do Banco Central, e Andr\u00e9a Angelo, em evento organizado pela Warren em agosto.<\/figcaption><\/figure>\n\n\n\n<p><strong>Continue a leitura:<\/strong><\/p>\n\n\n\n<ul class=\"wp-block-list\">\n<li><a href=\"https:\/\/warren.com.br\/magazine\/felipe-salto-premio-economista-do-ano\/\">Economista-chefe e especialista em Pol\u00edtica Fiscal da Warren Rena recebe pr\u00eamio de economista do ano<\/a><\/li>\n\n\n\n<li><a href=\"https:\/\/warren.com.br\/magazine\/renascenca-dealer-tesouro-nacional\/\">Warren Rena \u00e9 novamente Dealer do Tesouro Nacional<\/a><\/li>\n\n\n\n<li><a href=\"https:\/\/warren.com.br\/magazine\/warren-institutional-day\/\">Em S\u00e3o Paulo, Warren Institutional Day re\u00fane grandes nomes da economia e pol\u00edtica do pa\u00eds em evento exclusivo para clientes<\/a><\/li>\n<\/ul>\n","protected":false},"excerpt":{"rendered":"<p>A Bloomberg re\u00fane an\u00e1lises de institui\u00e7\u00f5es financeiras do mundo todo, listando as casas com melhor performance na previs\u00e3o de indicadores relevantes para o mercado financeiro.<\/p>\n","protected":false},"author":8,"featured_media":22354,"comment_status":"closed","ping_status":"closed","sticky":false,"template":"","format":"standard","meta":{"_acf_changed":false,"footnotes":""},"categories":[752],"tags":[],"class_list":["post-22349","post","type-post","status-publish","format-standard","has-post-thumbnail","hentry","category-a-warren","entry"],"acf":[],"yoast_head":"<!-- This site is optimized with the Yoast SEO plugin v27.5 - https:\/\/yoast.com\/product\/yoast-seo-wordpress\/ -->\n<title>Andr\u00e9a Angelo, estrategista na Warren, \u00e9 n\u00b0 1 em ranking de infla\u00e7\u00e3o da Bloomberg<\/title>\n<meta name=\"description\" content=\"Pelo segundo m\u00eas consecutivo, Warren \u00e9 a primeira colocada no ranking para proje\u00e7\u00f5es de infla\u00e7\u00e3o. \u00c0 frente desta conquista est\u00e1 Andr\u00e9a Angelo\" \/>\n<meta name=\"robots\" content=\"index, follow, max-snippet:-1, max-image-preview:large, max-video-preview:-1\" \/>\n<link rel=\"canonical\" href=\"https:\/\/warren.com.br\/magazine\/andrea-angelo-ranking\/\" \/>\n<meta property=\"og:locale\" content=\"pt_BR\" \/>\n<meta property=\"og:type\" content=\"article\" \/>\n<meta property=\"og:title\" content=\"Andr\u00e9a Angelo, estrategista na Warren, \u00e9 n\u00b0 1 em ranking de infla\u00e7\u00e3o da Bloomberg\" \/>\n<meta property=\"og:description\" content=\"Pelo segundo m\u00eas consecutivo, Warren \u00e9 a primeira colocada no ranking para proje\u00e7\u00f5es de infla\u00e7\u00e3o. \u00c0 frente desta conquista est\u00e1 Andr\u00e9a Angelo\" \/>\n<meta property=\"og:url\" content=\"https:\/\/warren.com.br\/magazine\/andrea-angelo-ranking\/\" \/>\n<meta property=\"og:site_name\" content=\"Warren Magazine\" \/>\n<meta property=\"article:publisher\" content=\"https:\/\/www.facebook.com\/warrenbrasil\/\" \/>\n<meta property=\"article:published_time\" content=\"2023-10-26T14:37:16+00:00\" \/>\n<meta property=\"article:modified_time\" content=\"2023-12-05T20:18:56+00:00\" \/>\n<meta property=\"og:image\" content=\"https:\/\/warren.com.br\/magazine\/wp-content\/uploads\/2023\/10\/andreamagazine4.jpg\" \/>\n\t<meta property=\"og:image:width\" content=\"2010\" \/>\n\t<meta property=\"og:image:height\" content=\"918\" \/>\n\t<meta property=\"og:image:type\" content=\"image\/jpeg\" \/>\n<meta name=\"author\" content=\"Reda\u00e7\u00e3o Warren\" \/>\n<meta name=\"twitter:card\" content=\"summary_large_image\" \/>\n<meta name=\"twitter:creator\" content=\"@warrenbrasil\" \/>\n<meta name=\"twitter:site\" content=\"@warrenbrasil\" \/>\n<meta name=\"twitter:label1\" content=\"Escrito por\" \/>\n\t<meta name=\"twitter:data1\" content=\"Reda\u00e7\u00e3o Warren\" \/>\n\t<meta name=\"twitter:label2\" content=\"Est. tempo de leitura\" \/>\n\t<meta name=\"twitter:data2\" content=\"1 minuto\" \/>\n<!-- \/ Yoast SEO plugin. -->","yoast_head_json":{"title":"Andr\u00e9a Angelo, estrategista na Warren, \u00e9 n\u00b0 1 em ranking de infla\u00e7\u00e3o da Bloomberg","description":"Pelo segundo m\u00eas consecutivo, Warren \u00e9 a primeira colocada no ranking para proje\u00e7\u00f5es de infla\u00e7\u00e3o. \u00c0 frente desta conquista est\u00e1 Andr\u00e9a Angelo","robots":{"index":"index","follow":"follow","max-snippet":"max-snippet:-1","max-image-preview":"max-image-preview:large","max-video-preview":"max-video-preview:-1"},"canonical":"https:\/\/warren.com.br\/magazine\/andrea-angelo-ranking\/","og_locale":"pt_BR","og_type":"article","og_title":"Andr\u00e9a Angelo, estrategista na Warren, \u00e9 n\u00b0 1 em ranking de infla\u00e7\u00e3o da Bloomberg","og_description":"Pelo segundo m\u00eas consecutivo, Warren \u00e9 a primeira colocada no ranking para proje\u00e7\u00f5es de infla\u00e7\u00e3o. \u00c0 frente desta conquista est\u00e1 Andr\u00e9a Angelo","og_url":"https:\/\/warren.com.br\/magazine\/andrea-angelo-ranking\/","og_site_name":"Warren Magazine","article_publisher":"https:\/\/www.facebook.com\/warrenbrasil\/","article_published_time":"2023-10-26T14:37:16+00:00","article_modified_time":"2023-12-05T20:18:56+00:00","og_image":[{"width":2010,"height":918,"url":"https:\/\/warren.com.br\/magazine\/wp-content\/uploads\/2023\/10\/andreamagazine4.jpg","type":"image\/jpeg"}],"author":"Reda\u00e7\u00e3o Warren","twitter_card":"summary_large_image","twitter_creator":"@warrenbrasil","twitter_site":"@warrenbrasil","twitter_misc":{"Escrito por":"Reda\u00e7\u00e3o Warren","Est. tempo de leitura":"1 minuto"},"schema":{"@context":"https:\/\/schema.org","@graph":[{"@type":"NewsArticle","@id":"https:\/\/warren.com.br\/magazine\/andrea-angelo-ranking\/#article","isPartOf":{"@id":"https:\/\/warren.com.br\/magazine\/andrea-angelo-ranking\/"},"author":{"name":"Reda\u00e7\u00e3o Warren","@id":"https:\/\/warren.com.br\/magazine\/#\/schema\/person\/6ab5c3002c3fbf4a167e69ed8a2b228c"},"headline":"Andr\u00e9a Angelo, estrategista na Warren, \u00e9 n\u00b0 1 em ranking da Bloomberg de proje\u00e7\u00e3o de infla\u00e7\u00e3o","datePublished":"2023-10-26T14:37:16+00:00","dateModified":"2023-12-05T20:18:56+00:00","mainEntityOfPage":{"@id":"https:\/\/warren.com.br\/magazine\/andrea-angelo-ranking\/"},"wordCount":262,"publisher":{"@id":"https:\/\/warren.com.br\/magazine\/#organization"},"image":{"@id":"https:\/\/warren.com.br\/magazine\/andrea-angelo-ranking\/#primaryimage"},"thumbnailUrl":"https:\/\/warren.com.br\/magazine\/wp-content\/uploads\/2023\/10\/andreamagazine4.jpg","articleSection":["A Warren\u00a0"],"inLanguage":"pt-BR"},{"@type":"WebPage","@id":"https:\/\/warren.com.br\/magazine\/andrea-angelo-ranking\/","url":"https:\/\/warren.com.br\/magazine\/andrea-angelo-ranking\/","name":"Andr\u00e9a Angelo, estrategista na Warren, \u00e9 n\u00b0 1 em ranking de infla\u00e7\u00e3o da Bloomberg","isPartOf":{"@id":"https:\/\/warren.com.br\/magazine\/#website"},"primaryImageOfPage":{"@id":"https:\/\/warren.com.br\/magazine\/andrea-angelo-ranking\/#primaryimage"},"image":{"@id":"https:\/\/warren.com.br\/magazine\/andrea-angelo-ranking\/#primaryimage"},"thumbnailUrl":"https:\/\/warren.com.br\/magazine\/wp-content\/uploads\/2023\/10\/andreamagazine4.jpg","datePublished":"2023-10-26T14:37:16+00:00","dateModified":"2023-12-05T20:18:56+00:00","description":"Pelo segundo m\u00eas consecutivo, Warren \u00e9 a primeira colocada no ranking para proje\u00e7\u00f5es de infla\u00e7\u00e3o. \u00c0 frente desta conquista est\u00e1 Andr\u00e9a Angelo","inLanguage":"pt-BR","potentialAction":[{"@type":"ReadAction","target":["https:\/\/warren.com.br\/magazine\/andrea-angelo-ranking\/"]}]},{"@type":"ImageObject","inLanguage":"pt-BR","@id":"https:\/\/warren.com.br\/magazine\/andrea-angelo-ranking\/#primaryimage","url":"https:\/\/warren.com.br\/magazine\/wp-content\/uploads\/2023\/10\/andreamagazine4.jpg","contentUrl":"https:\/\/warren.com.br\/magazine\/wp-content\/uploads\/2023\/10\/andreamagazine4.jpg","width":2010,"height":918},{"@type":"WebSite","@id":"https:\/\/warren.com.br\/magazine\/#website","url":"https:\/\/warren.com.br\/magazine\/","name":"Warren Magazine","description":"","publisher":{"@id":"https:\/\/warren.com.br\/magazine\/#organization"},"potentialAction":[{"@type":"SearchAction","target":{"@type":"EntryPoint","urlTemplate":"https:\/\/warren.com.br\/magazine\/?s={search_term_string}"},"query-input":{"@type":"PropertyValueSpecification","valueRequired":true,"valueName":"search_term_string"}}],"inLanguage":"pt-BR"},{"@type":"Organization","@id":"https:\/\/warren.com.br\/magazine\/#organization","name":"Warren Magazine","url":"https:\/\/warren.com.br\/magazine\/","logo":{"@type":"ImageObject","inLanguage":"pt-BR","@id":"https:\/\/warren.com.br\/magazine\/#\/schema\/logo\/image\/","url":"https:\/\/warren.com.br\/magazine\/wp-content\/uploads\/2023\/06\/ThumbMagazine.jpg","contentUrl":"https:\/\/warren.com.br\/magazine\/wp-content\/uploads\/2023\/06\/ThumbMagazine.jpg","width":2400,"height":1260,"caption":"Warren Magazine"},"image":{"@id":"https:\/\/warren.com.br\/magazine\/#\/schema\/logo\/image\/"},"sameAs":["https:\/\/www.facebook.com\/warrenbrasil\/","https:\/\/x.com\/warrenbrasil","https:\/\/www.instagram.com\/warrenbrasil\/","https:\/\/www.linkedin.com\/company\/warrenbrasil\/","https:\/\/www.youtube.com\/channel\/UCqIO5twa50iGz2wT5cGS-XQ"]},{"@type":"Person","@id":"https:\/\/warren.com.br\/magazine\/#\/schema\/person\/6ab5c3002c3fbf4a167e69ed8a2b228c","name":"Reda\u00e7\u00e3o Warren","image":{"@type":"ImageObject","inLanguage":"pt-BR","@id":"https:\/\/warren.com.br\/magazine\/wp-content\/uploads\/2023\/12\/Instagram-avatar-96x96.png","url":"https:\/\/warren.com.br\/magazine\/wp-content\/uploads\/2023\/12\/Instagram-avatar-96x96.png","contentUrl":"https:\/\/warren.com.br\/magazine\/wp-content\/uploads\/2023\/12\/Instagram-avatar-96x96.png","caption":"Reda\u00e7\u00e3o Warren"},"url":"https:\/\/warren.com.br\/magazine\/author\/redacao-warren\/"}]}},"_links":{"self":[{"href":"https:\/\/warren.com.br\/magazine\/wp-json\/wp\/v2\/posts\/22349","targetHints":{"allow":["GET"]}}],"collection":[{"href":"https:\/\/warren.com.br\/magazine\/wp-json\/wp\/v2\/posts"}],"about":[{"href":"https:\/\/warren.com.br\/magazine\/wp-json\/wp\/v2\/types\/post"}],"author":[{"embeddable":true,"href":"https:\/\/warren.com.br\/magazine\/wp-json\/wp\/v2\/users\/8"}],"replies":[{"embeddable":true,"href":"https:\/\/warren.com.br\/magazine\/wp-json\/wp\/v2\/comments?post=22349"}],"version-history":[{"count":8,"href":"https:\/\/warren.com.br\/magazine\/wp-json\/wp\/v2\/posts\/22349\/revisions"}],"predecessor-version":[{"id":22488,"href":"https:\/\/warren.com.br\/magazine\/wp-json\/wp\/v2\/posts\/22349\/revisions\/22488"}],"wp:featuredmedia":[{"embeddable":true,"href":"https:\/\/warren.com.br\/magazine\/wp-json\/wp\/v2\/media\/22354"}],"wp:attachment":[{"href":"https:\/\/warren.com.br\/magazine\/wp-json\/wp\/v2\/media?parent=22349"}],"wp:term":[{"taxonomy":"category","embeddable":true,"href":"https:\/\/warren.com.br\/magazine\/wp-json\/wp\/v2\/categories?post=22349"},{"taxonomy":"post_tag","embeddable":true,"href":"https:\/\/warren.com.br\/magazine\/wp-json\/wp\/v2\/tags?post=22349"}],"curies":[{"name":"wp","href":"https:\/\/api.w.org\/{rel}","templated":true}]}}