{"id":22526,"date":"2024-01-29T10:52:41","date_gmt":"2024-01-29T13:52:41","guid":{"rendered":"https:\/\/warren.com.br\/magazine\/?p=22526"},"modified":"2024-01-29T14:20:47","modified_gmt":"2024-01-29T17:20:47","slug":"asset-management-da-warren-amw","status":"publish","type":"post","link":"https:\/\/warren.com.br\/magazine\/asset-management-da-warren-amw\/","title":{"rendered":"Asset Management da Warren Investimentos ganha independ\u00eancia e nova marca, buscando dobrar patrim\u00f4nio sob gest\u00e3o ao fim de 2024"},"content":{"rendered":"\n<p><em>Sob a lideran\u00e7a de Celson Placido, a gestora passa a se chamar AMW e mira em escalar o patrim\u00f4nio sob gest\u00e3o, distribuindo seus fundos em outras institui\u00e7\u00f5es al\u00e9m da Warren<\/em><\/p>\n\n\n\n<p>A Asset Management da Warren, respons\u00e1vel pela cria\u00e7\u00e3o e gest\u00e3o de fundos de investimentos do grupo, se torna independente e ganha uma nova marca. Com <strong>Celson Placido<\/strong> como CEO, a <a href=\"https:\/\/lp.warren.com.br\/conheca-nossos-fundos\">gestora AMW<\/a> nasce com R$ 1,5 bilh\u00e3o sob gest\u00e3o em seus fundos, mirando duplicar o montante at\u00e9 o fim de 2024. <\/p>\n\n\n\n<p>O movimento de autonomia permite que a asset management da Warren cres\u00e7a \u201cfora de casa\u201d. Assim, podendo distribuir seus fundos e produtos em outras institui\u00e7\u00f5es financeiras.<\/p>\n\n\n\n<figure class=\"wp-block-image size-large\"><img loading=\"lazy\" decoding=\"async\" width=\"1024\" height=\"683\" src=\"https:\/\/warren.com.br\/magazine\/wp-content\/uploads\/2024\/01\/AMW-1-1024x683.jpg\" alt=\"\" class=\"wp-image-22529\" srcset=\"https:\/\/warren.com.br\/magazine\/wp-content\/uploads\/2024\/01\/AMW-1-1024x683.jpg 1024w, https:\/\/warren.com.br\/magazine\/wp-content\/uploads\/2024\/01\/AMW-1-300x200.jpg 300w, https:\/\/warren.com.br\/magazine\/wp-content\/uploads\/2024\/01\/AMW-1-768x512.jpg 768w, https:\/\/warren.com.br\/magazine\/wp-content\/uploads\/2024\/01\/AMW-1-1536x1025.jpg 1536w, https:\/\/warren.com.br\/magazine\/wp-content\/uploads\/2024\/01\/AMW-1-2048x1366.jpg 2048w, https:\/\/warren.com.br\/magazine\/wp-content\/uploads\/2024\/01\/AMW-1-1568x1046.jpg 1568w\" sizes=\"auto, (max-width: 1024px) 100vw, 1024px\" \/><figcaption class=\"wp-element-caption\">Igor Cavaca, Head de Asset Management, e Celson Placido, CEO da AMW<\/figcaption><\/figure>\n\n\n\n<p>\u201cFizemos essa reorganiza\u00e7\u00e3o para que consigamos distribuir os fundos nas outras plataformas, para investidores institucionais e tamb\u00e9m family offices, tudo isso contando com uma estrutura de governan\u00e7a alinhada com o investidor\u201d, declara Placido.&nbsp;<\/p>\n\n\n\n<p>A nova opera\u00e7\u00e3o carregar\u00e1 o DNA da Warren, baseado no modelo transparente, alinhado com o cliente e livre de conflito de interesses, e revela que j\u00e1 est\u00e1 em negocia\u00e7\u00e3o com outras casas do mercado para distribui\u00e7\u00e3o dos seus produtos.&nbsp;<\/p>\n\n\n\n<div id=\"ez-toc-container\" class=\"ez-toc-v2_0_82_2 counter-hierarchy ez-toc-counter ez-toc-grey ez-toc-container-direction\">\n<p class=\"ez-toc-title\" style=\"cursor:inherit\">Indice<\/p>\n<label for=\"ez-toc-cssicon-toggle-item-69f4093ca9d9a\" class=\"ez-toc-cssicon-toggle-label\"><span class=\"ez-toc-cssicon\"><span class=\"eztoc-hide\" style=\"display:none;\">Toggle<\/span><span class=\"ez-toc-icon-toggle-span\"><svg style=\"fill: #999;color:#999\" xmlns=\"http:\/\/www.w3.org\/2000\/svg\" class=\"list-377408\" width=\"20px\" height=\"20px\" viewBox=\"0 0 24 24\" fill=\"none\"><path d=\"M6 6H4v2h2V6zm14 0H8v2h12V6zM4 11h2v2H4v-2zm16 0H8v2h12v-2zM4 16h2v2H4v-2zm16 0H8v2h12v-2z\" fill=\"currentColor\"><\/path><\/svg><svg style=\"fill: #999;color:#999\" class=\"arrow-unsorted-368013\" xmlns=\"http:\/\/www.w3.org\/2000\/svg\" width=\"10px\" height=\"10px\" viewBox=\"0 0 24 24\" version=\"1.2\" baseProfile=\"tiny\"><path d=\"M18.2 9.3l-6.2-6.3-6.2 6.3c-.2.2-.3.4-.3.7s.1.5.3.7c.2.2.4.3.7.3h11c.3 0 .5-.1.7-.3.2-.2.3-.5.3-.7s-.1-.5-.3-.7zM5.8 14.7l6.2 6.3 6.2-6.3c.2-.2.3-.5.3-.7s-.1-.5-.3-.7c-.2-.2-.4-.3-.7-.3h-11c-.3 0-.5.1-.7.3-.2.2-.3.5-.3.7s.1.5.3.7z\"\/><\/svg><\/span><\/span><\/label><input type=\"checkbox\"  id=\"ez-toc-cssicon-toggle-item-69f4093ca9d9a\"  aria-label=\"Alternar\" \/><nav><ul class='ez-toc-list ez-toc-list-level-1 ' ><li class='ez-toc-page-1 ez-toc-heading-level-2'><a class=\"ez-toc-link ez-toc-heading-1\" href=\"https:\/\/warren.com.br\/magazine\/asset-management-da-warren-amw\/#Produtos_diferenciados\" >Produtos diferenciados<\/a><\/li><li class='ez-toc-page-1 ez-toc-heading-level-2'><a class=\"ez-toc-link ez-toc-heading-2\" href=\"https:\/\/warren.com.br\/magazine\/asset-management-da-warren-amw\/#Lideranca_de_peso\" >Lideran\u00e7a de peso<\/a><\/li><\/ul><\/nav><\/div>\n<h2 class=\"wp-block-heading\"><span class=\"ez-toc-section\" id=\"Produtos_diferenciados\"><\/span>Produtos diferenciados<span class=\"ez-toc-section-end\"><\/span><\/h2>\n\n\n\n<p>Na prateleira da AMW, o destaque fica por conta dos fundos Warren V\u00eanus, fundo de cr\u00e9dito que somou um PL de R$ 270 milh\u00f5es em 2023 \u2013 crescimento de 100% em compara\u00e7\u00e3o ao mesmo per\u00edodo do ano passado \u2013, o Warren Cash Clash, de caixa, e o Warren Artemis, de previd\u00eancia privada, que se destacou entre os seus pares com 14,3% de retorno em 2023.<\/p>\n\n\n\n<p>Para <strong>Igor Cavaca<\/strong>, Head de Asset Management da AMW, os resultados positivos se devem \u00e0 estrat\u00e9gia adotada, seu grande diferencial em rela\u00e7\u00e3o \u00e0s demais casas do mercado. \u201cAdotamos uma abordagem inovadora no mercado de renda fixa brasileiro, fundamentada na metodologia de investimentos por fatores. <\/p>\n\n\n\n<p>&#8220;Com uma perspectiva mais sistem\u00e1tica, buscamos mitigar os riscos ao pulverizar nossa carteira, promovendo assim uma ampla diversifica\u00e7\u00e3o. Mantemos, contudo, a influ\u00eancia humana como um elemento essencial, garantindo a intelig\u00eancia e sensibilidade necess\u00e1rias em nossas decis\u00f5es\u201d, explica.\u00a0<\/p>\n\n\n\n<h2 class=\"wp-block-heading\"><span class=\"ez-toc-section\" id=\"Lideranca_de_peso\"><\/span>Lideran\u00e7a de peso<span class=\"ez-toc-section-end\"><\/span><\/h2>\n\n\n\n<p>Celson Placido assume como CEO da AMW com a miss\u00e3o de estar nas principais casas do mercado para distribui\u00e7\u00e3o dos produtos, al\u00e9m de contribuir ainda mais para o crescimento do grupo Warren. H\u00e1 tr\u00eas anos na Warren, Celson foi respons\u00e1vel pela estrutura\u00e7\u00e3o das \u00e1reas de an\u00e1lise, aloca\u00e7\u00e3o e gest\u00e3o de investimentos.<\/p>\n\n\n\n<p><strong>Continue a leitura<\/strong><\/p>\n\n\n\n<ul class=\"wp-block-list\">\n<li><a href=\"https:\/\/warren.com.br\/magazine\/fundo-multimercado-warren-omaha\/\">Fundo multimercado Warren Omaha \u00e9 primeiro colocado em ranking do Valor Econ\u00f4mico por sua rela\u00e7\u00e3o risco e retorno<\/a><\/li>\n\n\n\n<li><a href=\"https:\/\/warren.com.br\/magazine\/etfs-irlandeses\/\">ETFs Irlandeses: o que s\u00e3o, como funcionam e quais as vantagens<\/a><\/li>\n<\/ul>\n","protected":false},"excerpt":{"rendered":"<p>Sob a lideran\u00e7a de Celson Placido, a gestora passa a se chamar AMW e mira em escalar o patrim\u00f4nio sob gest\u00e3o, distribuindo seus fundos em outras institui\u00e7\u00f5es al\u00e9m da Warren A Asset Management da Warren, respons\u00e1vel pela cria\u00e7\u00e3o e gest\u00e3o de fundos de investimentos do grupo, se torna independente e ganha uma nova marca.<\/p>\n","protected":false},"author":8,"featured_media":22527,"comment_status":"closed","ping_status":"closed","sticky":false,"template":"","format":"standard","meta":{"_acf_changed":false,"footnotes":""},"categories":[752],"tags":[],"class_list":["post-22526","post","type-post","status-publish","format-standard","has-post-thumbnail","hentry","category-a-warren","entry"],"acf":[],"yoast_head":"<!-- This site is optimized with the Yoast SEO plugin v27.5 - https:\/\/yoast.com\/product\/yoast-seo-wordpress\/ -->\n<title>Asset Management da Warren ganha independ\u00eancia e nova marca<\/title>\n<meta name=\"description\" content=\"Sob a lideran\u00e7a de Celson Placido, a Asset Management da Warren passa a se chamar AMW e mira em escalar patrim\u00f4nio sob gest\u00e3o\" \/>\n<meta name=\"robots\" content=\"index, follow, max-snippet:-1, max-image-preview:large, max-video-preview:-1\" \/>\n<link rel=\"canonical\" href=\"https:\/\/warren.com.br\/magazine\/asset-management-da-warren-amw\/\" \/>\n<meta property=\"og:locale\" content=\"pt_BR\" \/>\n<meta property=\"og:type\" content=\"article\" \/>\n<meta property=\"og:title\" content=\"Asset Management da Warren ganha independ\u00eancia e nova marca\" \/>\n<meta property=\"og:description\" content=\"Sob a lideran\u00e7a de Celson Placido, a Asset Management da Warren passa a se chamar AMW e mira em escalar patrim\u00f4nio sob gest\u00e3o\" \/>\n<meta property=\"og:url\" content=\"https:\/\/warren.com.br\/magazine\/asset-management-da-warren-amw\/\" \/>\n<meta property=\"og:site_name\" content=\"Warren Magazine\" \/>\n<meta property=\"article:publisher\" content=\"https:\/\/www.facebook.com\/warrenbrasil\/\" \/>\n<meta property=\"article:published_time\" content=\"2024-01-29T13:52:41+00:00\" \/>\n<meta property=\"article:modified_time\" content=\"2024-01-29T17:20:47+00:00\" \/>\n<meta property=\"og:image\" content=\"https:\/\/warren.com.br\/magazine\/wp-content\/uploads\/2024\/01\/maga1-scaled.jpg\" \/>\n\t<meta property=\"og:image:width\" content=\"2560\" \/>\n\t<meta property=\"og:image:height\" content=\"1456\" \/>\n\t<meta property=\"og:image:type\" content=\"image\/jpeg\" \/>\n<meta name=\"author\" content=\"Reda\u00e7\u00e3o Warren\" \/>\n<meta name=\"twitter:card\" content=\"summary_large_image\" \/>\n<meta name=\"twitter:creator\" content=\"@warrenbrasil\" \/>\n<meta name=\"twitter:site\" content=\"@warrenbrasil\" \/>\n<meta name=\"twitter:label1\" content=\"Escrito por\" \/>\n\t<meta name=\"twitter:data1\" content=\"Reda\u00e7\u00e3o Warren\" \/>\n\t<meta name=\"twitter:label2\" content=\"Est. tempo de leitura\" \/>\n\t<meta name=\"twitter:data2\" content=\"2 minutos\" \/>\n<!-- \/ Yoast SEO plugin. -->","yoast_head_json":{"title":"Asset Management da Warren ganha independ\u00eancia e nova marca","description":"Sob a lideran\u00e7a de Celson Placido, a Asset Management da Warren passa a se chamar AMW e mira em escalar patrim\u00f4nio sob gest\u00e3o","robots":{"index":"index","follow":"follow","max-snippet":"max-snippet:-1","max-image-preview":"max-image-preview:large","max-video-preview":"max-video-preview:-1"},"canonical":"https:\/\/warren.com.br\/magazine\/asset-management-da-warren-amw\/","og_locale":"pt_BR","og_type":"article","og_title":"Asset Management da Warren ganha independ\u00eancia e nova marca","og_description":"Sob a lideran\u00e7a de Celson Placido, a Asset Management da Warren passa a se chamar AMW e mira em escalar patrim\u00f4nio sob gest\u00e3o","og_url":"https:\/\/warren.com.br\/magazine\/asset-management-da-warren-amw\/","og_site_name":"Warren Magazine","article_publisher":"https:\/\/www.facebook.com\/warrenbrasil\/","article_published_time":"2024-01-29T13:52:41+00:00","article_modified_time":"2024-01-29T17:20:47+00:00","og_image":[{"width":2560,"height":1456,"url":"https:\/\/warren.com.br\/magazine\/wp-content\/uploads\/2024\/01\/maga1-scaled.jpg","type":"image\/jpeg"}],"author":"Reda\u00e7\u00e3o Warren","twitter_card":"summary_large_image","twitter_creator":"@warrenbrasil","twitter_site":"@warrenbrasil","twitter_misc":{"Escrito por":"Reda\u00e7\u00e3o Warren","Est. tempo de leitura":"2 minutos"},"schema":{"@context":"https:\/\/schema.org","@graph":[{"@type":"NewsArticle","@id":"https:\/\/warren.com.br\/magazine\/asset-management-da-warren-amw\/#article","isPartOf":{"@id":"https:\/\/warren.com.br\/magazine\/asset-management-da-warren-amw\/"},"author":{"name":"Reda\u00e7\u00e3o Warren","@id":"https:\/\/warren.com.br\/magazine\/#\/schema\/person\/6ab5c3002c3fbf4a167e69ed8a2b228c"},"headline":"Asset Management da Warren Investimentos ganha independ\u00eancia e nova marca, buscando dobrar patrim\u00f4nio sob gest\u00e3o ao fim de 2024","datePublished":"2024-01-29T13:52:41+00:00","dateModified":"2024-01-29T17:20:47+00:00","mainEntityOfPage":{"@id":"https:\/\/warren.com.br\/magazine\/asset-management-da-warren-amw\/"},"wordCount":482,"publisher":{"@id":"https:\/\/warren.com.br\/magazine\/#organization"},"image":{"@id":"https:\/\/warren.com.br\/magazine\/asset-management-da-warren-amw\/#primaryimage"},"thumbnailUrl":"https:\/\/warren.com.br\/magazine\/wp-content\/uploads\/2024\/01\/maga1-scaled.jpg","articleSection":["A Warren\u00a0"],"inLanguage":"pt-BR"},{"@type":"WebPage","@id":"https:\/\/warren.com.br\/magazine\/asset-management-da-warren-amw\/","url":"https:\/\/warren.com.br\/magazine\/asset-management-da-warren-amw\/","name":"Asset Management da Warren ganha independ\u00eancia e nova marca","isPartOf":{"@id":"https:\/\/warren.com.br\/magazine\/#website"},"primaryImageOfPage":{"@id":"https:\/\/warren.com.br\/magazine\/asset-management-da-warren-amw\/#primaryimage"},"image":{"@id":"https:\/\/warren.com.br\/magazine\/asset-management-da-warren-amw\/#primaryimage"},"thumbnailUrl":"https:\/\/warren.com.br\/magazine\/wp-content\/uploads\/2024\/01\/maga1-scaled.jpg","datePublished":"2024-01-29T13:52:41+00:00","dateModified":"2024-01-29T17:20:47+00:00","description":"Sob a lideran\u00e7a de Celson Placido, a Asset Management da Warren passa a se chamar AMW e mira em escalar patrim\u00f4nio sob gest\u00e3o","inLanguage":"pt-BR","potentialAction":[{"@type":"ReadAction","target":["https:\/\/warren.com.br\/magazine\/asset-management-da-warren-amw\/"]}]},{"@type":"ImageObject","inLanguage":"pt-BR","@id":"https:\/\/warren.com.br\/magazine\/asset-management-da-warren-amw\/#primaryimage","url":"https:\/\/warren.com.br\/magazine\/wp-content\/uploads\/2024\/01\/maga1-scaled.jpg","contentUrl":"https:\/\/warren.com.br\/magazine\/wp-content\/uploads\/2024\/01\/maga1-scaled.jpg","width":2560,"height":1456,"caption":"Igor Cavaca e Celson Placido, da Asset Management da Warren"},{"@type":"WebSite","@id":"https:\/\/warren.com.br\/magazine\/#website","url":"https:\/\/warren.com.br\/magazine\/","name":"Warren Magazine","description":"","publisher":{"@id":"https:\/\/warren.com.br\/magazine\/#organization"},"potentialAction":[{"@type":"SearchAction","target":{"@type":"EntryPoint","urlTemplate":"https:\/\/warren.com.br\/magazine\/?s={search_term_string}"},"query-input":{"@type":"PropertyValueSpecification","valueRequired":true,"valueName":"search_term_string"}}],"inLanguage":"pt-BR"},{"@type":"Organization","@id":"https:\/\/warren.com.br\/magazine\/#organization","name":"Warren Magazine","url":"https:\/\/warren.com.br\/magazine\/","logo":{"@type":"ImageObject","inLanguage":"pt-BR","@id":"https:\/\/warren.com.br\/magazine\/#\/schema\/logo\/image\/","url":"https:\/\/warren.com.br\/magazine\/wp-content\/uploads\/2023\/06\/ThumbMagazine.jpg","contentUrl":"https:\/\/warren.com.br\/magazine\/wp-content\/uploads\/2023\/06\/ThumbMagazine.jpg","width":2400,"height":1260,"caption":"Warren Magazine"},"image":{"@id":"https:\/\/warren.com.br\/magazine\/#\/schema\/logo\/image\/"},"sameAs":["https:\/\/www.facebook.com\/warrenbrasil\/","https:\/\/x.com\/warrenbrasil","https:\/\/www.instagram.com\/warrenbrasil\/","https:\/\/www.linkedin.com\/company\/warrenbrasil\/","https:\/\/www.youtube.com\/channel\/UCqIO5twa50iGz2wT5cGS-XQ"]},{"@type":"Person","@id":"https:\/\/warren.com.br\/magazine\/#\/schema\/person\/6ab5c3002c3fbf4a167e69ed8a2b228c","name":"Reda\u00e7\u00e3o Warren","image":{"@type":"ImageObject","inLanguage":"pt-BR","@id":"https:\/\/warren.com.br\/magazine\/wp-content\/uploads\/2023\/12\/Instagram-avatar-96x96.png","url":"https:\/\/warren.com.br\/magazine\/wp-content\/uploads\/2023\/12\/Instagram-avatar-96x96.png","contentUrl":"https:\/\/warren.com.br\/magazine\/wp-content\/uploads\/2023\/12\/Instagram-avatar-96x96.png","caption":"Reda\u00e7\u00e3o Warren"},"url":"https:\/\/warren.com.br\/magazine\/author\/redacao-warren\/"}]}},"_links":{"self":[{"href":"https:\/\/warren.com.br\/magazine\/wp-json\/wp\/v2\/posts\/22526","targetHints":{"allow":["GET"]}}],"collection":[{"href":"https:\/\/warren.com.br\/magazine\/wp-json\/wp\/v2\/posts"}],"about":[{"href":"https:\/\/warren.com.br\/magazine\/wp-json\/wp\/v2\/types\/post"}],"author":[{"embeddable":true,"href":"https:\/\/warren.com.br\/magazine\/wp-json\/wp\/v2\/users\/8"}],"replies":[{"embeddable":true,"href":"https:\/\/warren.com.br\/magazine\/wp-json\/wp\/v2\/comments?post=22526"}],"version-history":[{"count":5,"href":"https:\/\/warren.com.br\/magazine\/wp-json\/wp\/v2\/posts\/22526\/revisions"}],"predecessor-version":[{"id":22537,"href":"https:\/\/warren.com.br\/magazine\/wp-json\/wp\/v2\/posts\/22526\/revisions\/22537"}],"wp:featuredmedia":[{"embeddable":true,"href":"https:\/\/warren.com.br\/magazine\/wp-json\/wp\/v2\/media\/22527"}],"wp:attachment":[{"href":"https:\/\/warren.com.br\/magazine\/wp-json\/wp\/v2\/media?parent=22526"}],"wp:term":[{"taxonomy":"category","embeddable":true,"href":"https:\/\/warren.com.br\/magazine\/wp-json\/wp\/v2\/categories?post=22526"},{"taxonomy":"post_tag","embeddable":true,"href":"https:\/\/warren.com.br\/magazine\/wp-json\/wp\/v2\/tags?post=22526"}],"curies":[{"name":"wp","href":"https:\/\/api.w.org\/{rel}","templated":true}]}}