{"id":23149,"date":"2025-08-04T13:30:08","date_gmt":"2025-08-04T16:30:08","guid":{"rendered":"https:\/\/warren.com.br\/magazine\/?p=23149"},"modified":"2025-08-25T17:31:13","modified_gmt":"2025-08-25T20:31:13","slug":"tarifas-eua-brasil-juros","status":"publish","type":"post","link":"https:\/\/warren.com.br\/magazine\/tarifas-eua-brasil-juros\/","title":{"rendered":"Brasil lidera tarifas dos EUA e juros pressionam mercados"},"content":{"rendered":"\n<p>A primeira semana de agosto foi um verdadeiro teste de resili\u00eancia para o mercado.&nbsp;<\/p>\n\n\n\n<p>Nos Estados Unidos, a pol\u00edtica externa de Washington deu uma guinada inesperada com as tarifas de Trump no Brasil, enquanto o Federal Reserve, dividido, sinalizava cautela diante de dados de infla\u00e7\u00e3o ainda resistentes.&nbsp;<\/p>\n\n\n\n<p>No Brasil, apesar do desemprego atingir seu menor n\u00edvel hist\u00f3rico, o Copom surpreendeu ao manter uma postura dura, for\u00e7ando o mercado a recalcular suas apostas para o futuro dos juros.&nbsp;<\/p>\n\n\n\n<p>Continue a leitura para entender como esses movimentos afetaram de Wall Street a Bras\u00edlia e o que esperar daqui para frente.<\/p>\n\n\n\n<div id=\"ez-toc-container\" class=\"ez-toc-v2_0_82_2 counter-hierarchy ez-toc-counter ez-toc-grey ez-toc-container-direction\">\n<p class=\"ez-toc-title\" style=\"cursor:inherit\">Indice<\/p>\n<label for=\"ez-toc-cssicon-toggle-item-69f15dac08683\" class=\"ez-toc-cssicon-toggle-label\"><span class=\"ez-toc-cssicon\"><span class=\"eztoc-hide\" style=\"display:none;\">Toggle<\/span><span class=\"ez-toc-icon-toggle-span\"><svg style=\"fill: #999;color:#999\" xmlns=\"http:\/\/www.w3.org\/2000\/svg\" class=\"list-377408\" width=\"20px\" height=\"20px\" viewBox=\"0 0 24 24\" fill=\"none\"><path d=\"M6 6H4v2h2V6zm14 0H8v2h12V6zM4 11h2v2H4v-2zm16 0H8v2h12v-2zM4 16h2v2H4v-2zm16 0H8v2h12v-2z\" fill=\"currentColor\"><\/path><\/svg><svg style=\"fill: #999;color:#999\" class=\"arrow-unsorted-368013\" xmlns=\"http:\/\/www.w3.org\/2000\/svg\" width=\"10px\" height=\"10px\" viewBox=\"0 0 24 24\" version=\"1.2\" baseProfile=\"tiny\"><path d=\"M18.2 9.3l-6.2-6.3-6.2 6.3c-.2.2-.3.4-.3.7s.1.5.3.7c.2.2.4.3.7.3h11c.3 0 .5-.1.7-.3.2-.2.3-.5.3-.7s-.1-.5-.3-.7zM5.8 14.7l6.2 6.3 6.2-6.3c.2-.2.3-.5.3-.7s-.1-.5-.3-.7c-.2-.2-.4-.3-.7-.3h-11c-.3 0-.5.1-.7.3-.2.2-.3.5-.3.7s.1.5.3.7z\"\/><\/svg><\/span><\/span><\/label><input type=\"checkbox\"  id=\"ez-toc-cssicon-toggle-item-69f15dac08683\"  aria-label=\"Alternar\" \/><nav><ul class='ez-toc-list ez-toc-list-level-1 ' ><li class='ez-toc-page-1 ez-toc-heading-level-2'><a class=\"ez-toc-link ez-toc-heading-1\" href=\"https:\/\/warren.com.br\/magazine\/tarifas-eua-brasil-juros\/#Cenario_internacional\" >Cen\u00e1rio internacional<\/a><\/li><li class='ez-toc-page-1 ez-toc-heading-level-2'><a class=\"ez-toc-link ez-toc-heading-2\" href=\"https:\/\/warren.com.br\/magazine\/tarifas-eua-brasil-juros\/#Cenario_nacional\" >Cen\u00e1rio nacional<\/a><\/li><li class='ez-toc-page-1 ez-toc-heading-level-2'><a class=\"ez-toc-link ez-toc-heading-3\" href=\"https:\/\/warren.com.br\/magazine\/tarifas-eua-brasil-juros\/#Empresas_em_destaque\" >Empresas em destaque<\/a><\/li><li class='ez-toc-page-1 ez-toc-heading-level-2'><a class=\"ez-toc-link ez-toc-heading-4\" href=\"https:\/\/warren.com.br\/magazine\/tarifas-eua-brasil-juros\/#Investimentos\" >Investimentos<\/a><\/li><li class='ez-toc-page-1 ez-toc-heading-level-2'><a class=\"ez-toc-link ez-toc-heading-5\" href=\"https:\/\/warren.com.br\/magazine\/tarifas-eua-brasil-juros\/#Agenda_da_semana\" >Agenda da semana<\/a><\/li><\/ul><\/nav><\/div>\n<h2 class=\"wp-block-heading\"><span class=\"ez-toc-section\" id=\"Cenario_internacional\"><\/span>Cen\u00e1rio internacional<span class=\"ez-toc-section-end\"><\/span><\/h2>\n\n\n\n<p><br>Donald Trump voltou a ser protagonista na cena econ\u00f4mica global ao anunciar uma nova leva de tarifas, agora mirando a \u00cdndia, ap\u00f3s j\u00e1 ter imposto al\u00edquotas elevadas ao Brasil. <\/p>\n\n\n\n<p>No caso brasileiro, a tarifa saltou de uma das mais baixas para a mais alta entre os pa\u00edses listados, excluindo a China. Mesmo com a ret\u00f3rica inflamada, a justificativa econ\u00f4mica para essa decis\u00e3o \u00e9 fr\u00e1gil: os Estados Unidos t\u00eam super\u00e1vit comercial com o Brasil, o que refor\u00e7a a tese de motiva\u00e7\u00f5es pol\u00edticas por tr\u00e1s da medida.<\/p>\n\n\n\n<p><br>Ainda no exterior, os dados de infla\u00e7\u00e3o nos EUA surpreenderam ligeiramente para cima, com o PCE, \u00edndice preferido do Fed,  mostrando resili\u00eancia, especialmente no setor de servi\u00e7os. <\/p>\n\n\n\n<p>Apesar disso, o payroll divulgado na sexta-feira veio muito abaixo do esperado, com revis\u00f5es negativas relevantes. O mercado interpretou esse conjunto de dados como sinal de desacelera\u00e7\u00e3o, o que refor\u00e7ou apostas em cortes de juros j\u00e1 a partir da reuni\u00e3o de setembro. <\/p>\n\n\n\n<p>Dois membros do Fed votaram por cortes imediatos, mostrando divis\u00f5es internas no comit\u00ea.<\/p>\n\n\n\n<h2 class=\"wp-block-heading\"><span class=\"ez-toc-section\" id=\"Cenario_nacional\"><\/span>Cen\u00e1rio nacional<span class=\"ez-toc-section-end\"><\/span><\/h2>\n\n\n\n<p><br>No Brasil, o an\u00fancio de tarifas dos EUA gerou preocupa\u00e7\u00f5es sobre o impacto no com\u00e9rcio exterior. Apesar de uma lista de exce\u00e7\u00f5es que cobre cerca de 36% das exporta\u00e7\u00f5es brasileiras, incluindo suco de laranja, petr\u00f3leo e produtos da Embraer e Suzano, cerca de um quarto das exporta\u00e7\u00f5es ainda ser\u00e1 afetado. <\/p>\n\n\n\n<p>A rea\u00e7\u00e3o das empresas incluiu a antecipa\u00e7\u00e3o de embarques pelos principais portos do pa\u00eds, com o Porto de Santos registrando aumento de atividade.<\/p>\n\n\n\n<p><br>Em meio a esse cen\u00e1rio, o mercado de trabalho brasileiro surpreendeu positivamente: a taxa de desemprego caiu para 5,8%, o menor n\u00edvel desde 2012, impulsionando consumo e pressionando a infla\u00e7\u00e3o de servi\u00e7os. <\/p>\n\n\n\n<p>O Copom, no entanto, manteve os juros em 15% e adotou um tom duro no comunicado, sinalizando que cortes est\u00e3o distantes. O objetivo \u00e9 evitar que o mercado antecipe redu\u00e7\u00f5es de juros, o que comprometeria a efic\u00e1cia da pol\u00edtica monet\u00e1ria.<\/p>\n\n\n\n<h2 class=\"wp-block-heading\"><span class=\"ez-toc-section\" id=\"Empresas_em_destaque\"><\/span>Empresas em destaque<span class=\"ez-toc-section-end\"><\/span><\/h2>\n\n\n\n<p><br>A temporada de resultados do 2T25 segue movimentada. Gerdau apresentou desempenho s\u00f3lido, sustentada pela opera\u00e7\u00e3o nos EUA, que hoje responde por mais de 60% do seu EBITDA. <\/p>\n\n\n\n<p>A empresa \u00e9 a favorita no setor de siderurgia, apesar da cautela com o cen\u00e1rio interno, fortemente afetado pela penetra\u00e7\u00e3o do a\u00e7o chin\u00eas.<br>CSN e CSN Minera\u00e7\u00e3o enfrentam desafios distintos: a primeira com problemas de alavancagem e vendas de ativos; a segunda, com desempenho financeiro s\u00f3lido, mas avalia\u00e7\u00e3o pouco atrativa. <\/p>\n\n\n\n<p>A Vale, por sua vez, teve um trimestre positivo, com boa recupera\u00e7\u00e3o nos metais b\u00e1sicos e possibilidade de dividendos extraordin\u00e1rios, sustentada pelos pre\u00e7os do min\u00e9rio de ferro.<\/p>\n\n\n\n<p><br>No setor de telecomunica\u00e7\u00f5es, Vivo e TIM seguiram com bom desempenho no segmento m\u00f3vel. A Vivo se destaca pelo crescimento consistente e menor risco, sendo hoje a preferida para aloca\u00e7\u00e3o no setor. <\/p>\n\n\n\n<p>A TIM, embora com bons resultados no p\u00f3s-pago, enfrenta dificuldades no segmento fixo.<\/p>\n\n\n\n<h2 class=\"wp-block-heading\"><span class=\"ez-toc-section\" id=\"Investimentos\"><\/span>Investimentos<span class=\"ez-toc-section-end\"><\/span><\/h2>\n\n\n\n<p><br>A curva de juros brasileira teve pouca varia\u00e7\u00e3o ap\u00f3s a reuni\u00e3o do Copom, diferentemente dos EUA, onde os dados mais fracos movimentaram fortemente as Treasuries. <\/p>\n\n\n\n<p>Os prefixados continuam girando entre 13,50% e 13,80%, enquanto o c\u00e2mbio manteve-se est\u00e1vel em torno de R$ 5,54. O Ibovespa recuou levemente e encerrou a semana nos 132.400 pontos.<\/p>\n\n\n\n<h2 class=\"wp-block-heading\"><span class=\"ez-toc-section\" id=\"Agenda_da_semana\"><\/span>Agenda da semana<span class=\"ez-toc-section-end\"><\/span><\/h2>\n\n\n\n<p><br>A semana promete novas pistas sobre a atividade econ\u00f4mica. Na ter\u00e7a-feira, ser\u00e3o divulgados os PMIs no Brasil e nos EUA. Na quinta, o IGP-DI pode trazer novos sinais sobre a infla\u00e7\u00e3o dom\u00e9stica. <\/p>\n\n\n\n<p>E na sexta-feira, saem os pedidos de seguro-desemprego nos EUA, acompanhados de perto pelo mercado.<\/p>\n\n\n\n<p><strong>Quer entender como esses movimentos podem afetar seus investimentos? <a href=\"https:\/\/wa.me\/5511981217346?text=vi%20o%20texto%20do%20blog%20e%20quero%20saber%20como%20a%20warren%20pode%20me%20ajudar%20a%20investir%20melhor\">Fale com um de nossos assessores<\/a>.<\/strong><\/p>\n","protected":false},"excerpt":{"rendered":"<p>A escalada das tarifas dos EUA atingiu diretamente o Brasil, agora l\u00edder em tributos comerciais norte-americanos.<\/p>\n","protected":false},"author":88,"featured_media":22728,"comment_status":"closed","ping_status":"closed","sticky":false,"template":"","format":"standard","meta":{"_acf_changed":false,"footnotes":""},"categories":[1016],"tags":[],"class_list":["post-23149","post","type-post","status-publish","format-standard","has-post-thumbnail","hentry","category-por-dentro-do-mercado","entry"],"acf":[],"yoast_head":"<!-- This site is optimized with the Yoast SEO plugin v27.5 - https:\/\/yoast.com\/product\/yoast-seo-wordpress\/ -->\n<title>Brasil lidera tarifas dos EUA e juros pressionam mercados | Warren Magazine<\/title>\n<meta name=\"description\" content=\"A semana foi marcada pela escalada das tarifas do governo Trump ao Brasil e pela cautela dos bancos centrais frente \u00e0 infla\u00e7\u00e3o.\" \/>\n<meta name=\"robots\" content=\"index, follow, max-snippet:-1, max-image-preview:large, max-video-preview:-1\" \/>\n<link rel=\"canonical\" href=\"https:\/\/warren.com.br\/magazine\/tarifas-eua-brasil-juros\/\" \/>\n<meta property=\"og:locale\" content=\"pt_BR\" \/>\n<meta property=\"og:type\" content=\"article\" \/>\n<meta property=\"og:title\" content=\"Brasil lidera tarifas dos EUA e juros pressionam mercados | Warren Magazine\" \/>\n<meta property=\"og:description\" content=\"A semana foi marcada pela escalada das tarifas do governo Trump ao Brasil e pela cautela dos bancos centrais frente \u00e0 infla\u00e7\u00e3o.\" \/>\n<meta property=\"og:url\" content=\"https:\/\/warren.com.br\/magazine\/tarifas-eua-brasil-juros\/\" \/>\n<meta property=\"og:site_name\" content=\"Warren Magazine\" \/>\n<meta property=\"article:publisher\" content=\"https:\/\/www.facebook.com\/warrenbrasil\/\" \/>\n<meta property=\"article:published_time\" content=\"2025-08-04T16:30:08+00:00\" \/>\n<meta property=\"article:modified_time\" content=\"2025-08-25T20:31:13+00:00\" \/>\n<meta property=\"og:image\" content=\"https:\/\/warren.com.br\/magazine\/wp-content\/uploads\/2024\/05\/Guia-para-iniciantes-como-investir-no-exterior-de-forma-segura-e-eficiente.jpg\" \/>\n\t<meta property=\"og:image:width\" content=\"1180\" \/>\n\t<meta property=\"og:image:height\" content=\"1098\" \/>\n\t<meta property=\"og:image:type\" content=\"image\/jpeg\" \/>\n<meta name=\"author\" content=\"Rodrigo Albuquerque\" \/>\n<meta name=\"twitter:card\" content=\"summary_large_image\" \/>\n<meta name=\"twitter:creator\" content=\"@warrenbrasil\" \/>\n<meta name=\"twitter:site\" content=\"@warrenbrasil\" \/>\n<meta name=\"twitter:label1\" content=\"Escrito por\" \/>\n\t<meta name=\"twitter:data1\" content=\"Rodrigo Albuquerque\" \/>\n\t<meta name=\"twitter:label2\" content=\"Est. tempo de leitura\" \/>\n\t<meta name=\"twitter:data2\" content=\"4 minutos\" \/>\n<!-- \/ Yoast SEO plugin. -->","yoast_head_json":{"title":"Brasil lidera tarifas dos EUA e juros pressionam mercados | Warren Magazine","description":"A semana foi marcada pela escalada das tarifas do governo Trump ao Brasil e pela cautela dos bancos centrais frente \u00e0 infla\u00e7\u00e3o.","robots":{"index":"index","follow":"follow","max-snippet":"max-snippet:-1","max-image-preview":"max-image-preview:large","max-video-preview":"max-video-preview:-1"},"canonical":"https:\/\/warren.com.br\/magazine\/tarifas-eua-brasil-juros\/","og_locale":"pt_BR","og_type":"article","og_title":"Brasil lidera tarifas dos EUA e juros pressionam mercados | Warren Magazine","og_description":"A semana foi marcada pela escalada das tarifas do governo Trump ao Brasil e pela cautela dos bancos centrais frente \u00e0 infla\u00e7\u00e3o.","og_url":"https:\/\/warren.com.br\/magazine\/tarifas-eua-brasil-juros\/","og_site_name":"Warren Magazine","article_publisher":"https:\/\/www.facebook.com\/warrenbrasil\/","article_published_time":"2025-08-04T16:30:08+00:00","article_modified_time":"2025-08-25T20:31:13+00:00","og_image":[{"width":1180,"height":1098,"url":"https:\/\/warren.com.br\/magazine\/wp-content\/uploads\/2024\/05\/Guia-para-iniciantes-como-investir-no-exterior-de-forma-segura-e-eficiente.jpg","type":"image\/jpeg"}],"author":"Rodrigo Albuquerque","twitter_card":"summary_large_image","twitter_creator":"@warrenbrasil","twitter_site":"@warrenbrasil","twitter_misc":{"Escrito por":"Rodrigo Albuquerque","Est. tempo de leitura":"4 minutos"},"schema":{"@context":"https:\/\/schema.org","@graph":[{"@type":"NewsArticle","@id":"https:\/\/warren.com.br\/magazine\/tarifas-eua-brasil-juros\/#article","isPartOf":{"@id":"https:\/\/warren.com.br\/magazine\/tarifas-eua-brasil-juros\/"},"author":{"name":"Rodrigo Albuquerque","@id":"https:\/\/warren.com.br\/magazine\/#\/schema\/person\/074f71d57cf6eaa01c7c7c292f06e102"},"headline":"Brasil lidera tarifas dos EUA e juros pressionam mercados","datePublished":"2025-08-04T16:30:08+00:00","dateModified":"2025-08-25T20:31:13+00:00","mainEntityOfPage":{"@id":"https:\/\/warren.com.br\/magazine\/tarifas-eua-brasil-juros\/"},"wordCount":764,"publisher":{"@id":"https:\/\/warren.com.br\/magazine\/#organization"},"image":{"@id":"https:\/\/warren.com.br\/magazine\/tarifas-eua-brasil-juros\/#primaryimage"},"thumbnailUrl":"https:\/\/warren.com.br\/magazine\/wp-content\/uploads\/2024\/05\/Guia-para-iniciantes-como-investir-no-exterior-de-forma-segura-e-eficiente.jpg","articleSection":["Por dentro do mercado"],"inLanguage":"pt-BR"},{"@type":"WebPage","@id":"https:\/\/warren.com.br\/magazine\/tarifas-eua-brasil-juros\/","url":"https:\/\/warren.com.br\/magazine\/tarifas-eua-brasil-juros\/","name":"Brasil lidera tarifas dos EUA e juros pressionam mercados | Warren Magazine","isPartOf":{"@id":"https:\/\/warren.com.br\/magazine\/#website"},"primaryImageOfPage":{"@id":"https:\/\/warren.com.br\/magazine\/tarifas-eua-brasil-juros\/#primaryimage"},"image":{"@id":"https:\/\/warren.com.br\/magazine\/tarifas-eua-brasil-juros\/#primaryimage"},"thumbnailUrl":"https:\/\/warren.com.br\/magazine\/wp-content\/uploads\/2024\/05\/Guia-para-iniciantes-como-investir-no-exterior-de-forma-segura-e-eficiente.jpg","datePublished":"2025-08-04T16:30:08+00:00","dateModified":"2025-08-25T20:31:13+00:00","description":"A semana foi marcada pela escalada das tarifas do governo Trump ao Brasil e pela cautela dos bancos centrais frente \u00e0 infla\u00e7\u00e3o.","inLanguage":"pt-BR","potentialAction":[{"@type":"ReadAction","target":["https:\/\/warren.com.br\/magazine\/tarifas-eua-brasil-juros\/"]}]},{"@type":"ImageObject","inLanguage":"pt-BR","@id":"https:\/\/warren.com.br\/magazine\/tarifas-eua-brasil-juros\/#primaryimage","url":"https:\/\/warren.com.br\/magazine\/wp-content\/uploads\/2024\/05\/Guia-para-iniciantes-como-investir-no-exterior-de-forma-segura-e-eficiente.jpg","contentUrl":"https:\/\/warren.com.br\/magazine\/wp-content\/uploads\/2024\/05\/Guia-para-iniciantes-como-investir-no-exterior-de-forma-segura-e-eficiente.jpg","width":1180,"height":1098},{"@type":"WebSite","@id":"https:\/\/warren.com.br\/magazine\/#website","url":"https:\/\/warren.com.br\/magazine\/","name":"Warren Magazine","description":"","publisher":{"@id":"https:\/\/warren.com.br\/magazine\/#organization"},"potentialAction":[{"@type":"SearchAction","target":{"@type":"EntryPoint","urlTemplate":"https:\/\/warren.com.br\/magazine\/?s={search_term_string}"},"query-input":{"@type":"PropertyValueSpecification","valueRequired":true,"valueName":"search_term_string"}}],"inLanguage":"pt-BR"},{"@type":"Organization","@id":"https:\/\/warren.com.br\/magazine\/#organization","name":"Warren Magazine","url":"https:\/\/warren.com.br\/magazine\/","logo":{"@type":"ImageObject","inLanguage":"pt-BR","@id":"https:\/\/warren.com.br\/magazine\/#\/schema\/logo\/image\/","url":"https:\/\/warren.com.br\/magazine\/wp-content\/uploads\/2023\/06\/ThumbMagazine.jpg","contentUrl":"https:\/\/warren.com.br\/magazine\/wp-content\/uploads\/2023\/06\/ThumbMagazine.jpg","width":2400,"height":1260,"caption":"Warren Magazine"},"image":{"@id":"https:\/\/warren.com.br\/magazine\/#\/schema\/logo\/image\/"},"sameAs":["https:\/\/www.facebook.com\/warrenbrasil\/","https:\/\/x.com\/warrenbrasil","https:\/\/www.instagram.com\/warrenbrasil\/","https:\/\/www.linkedin.com\/company\/warrenbrasil\/","https:\/\/www.youtube.com\/channel\/UCqIO5twa50iGz2wT5cGS-XQ"]},{"@type":"Person","@id":"https:\/\/warren.com.br\/magazine\/#\/schema\/person\/074f71d57cf6eaa01c7c7c292f06e102","name":"Rodrigo Albuquerque","image":{"@type":"ImageObject","inLanguage":"pt-BR","@id":"https:\/\/secure.gravatar.com\/avatar\/9cad8def71dfb8d0ce3f396b45036d0fe0d9c0cb6928451d5b5bbf2976a0834b?s=96&d=mm&r=g","url":"https:\/\/secure.gravatar.com\/avatar\/9cad8def71dfb8d0ce3f396b45036d0fe0d9c0cb6928451d5b5bbf2976a0834b?s=96&d=mm&r=g","contentUrl":"https:\/\/secure.gravatar.com\/avatar\/9cad8def71dfb8d0ce3f396b45036d0fe0d9c0cb6928451d5b5bbf2976a0834b?s=96&d=mm&r=g","caption":"Rodrigo Albuquerque"},"url":"https:\/\/warren.com.br\/magazine\/author\/rodrigo-albuquerque\/"}]}},"_links":{"self":[{"href":"https:\/\/warren.com.br\/magazine\/wp-json\/wp\/v2\/posts\/23149","targetHints":{"allow":["GET"]}}],"collection":[{"href":"https:\/\/warren.com.br\/magazine\/wp-json\/wp\/v2\/posts"}],"about":[{"href":"https:\/\/warren.com.br\/magazine\/wp-json\/wp\/v2\/types\/post"}],"author":[{"embeddable":true,"href":"https:\/\/warren.com.br\/magazine\/wp-json\/wp\/v2\/users\/88"}],"replies":[{"embeddable":true,"href":"https:\/\/warren.com.br\/magazine\/wp-json\/wp\/v2\/comments?post=23149"}],"version-history":[{"count":6,"href":"https:\/\/warren.com.br\/magazine\/wp-json\/wp\/v2\/posts\/23149\/revisions"}],"predecessor-version":[{"id":23165,"href":"https:\/\/warren.com.br\/magazine\/wp-json\/wp\/v2\/posts\/23149\/revisions\/23165"}],"wp:featuredmedia":[{"embeddable":true,"href":"https:\/\/warren.com.br\/magazine\/wp-json\/wp\/v2\/media\/22728"}],"wp:attachment":[{"href":"https:\/\/warren.com.br\/magazine\/wp-json\/wp\/v2\/media?parent=23149"}],"wp:term":[{"taxonomy":"category","embeddable":true,"href":"https:\/\/warren.com.br\/magazine\/wp-json\/wp\/v2\/categories?post=23149"},{"taxonomy":"post_tag","embeddable":true,"href":"https:\/\/warren.com.br\/magazine\/wp-json\/wp\/v2\/tags?post=23149"}],"curies":[{"name":"wp","href":"https:\/\/api.w.org\/{rel}","templated":true}]}}