{"id":23172,"date":"2025-08-11T12:27:20","date_gmt":"2025-08-11T15:27:20","guid":{"rendered":"https:\/\/warren.com.br\/magazine\/?p=23172"},"modified":"2025-08-25T17:29:40","modified_gmt":"2025-08-25T20:29:40","slug":"guerra-tarifas-balancos","status":"publish","type":"post","link":"https:\/\/warren.com.br\/magazine\/guerra-tarifas-balancos\/","title":{"rendered":"Guerra, tarifas e balan\u00e7os: a semana que mexeu com os mercados"},"content":{"rendered":"\n<p>A semana foi marcada por tens\u00f5es geopol\u00edticas, com expectativa para o encontro entre Trump e Putin e negocia\u00e7\u00f5es tarif\u00e1rias entre EUA e China. No Brasil, balan\u00e7os corporativos e decis\u00f5es do Banco Central movimentaram o mercado. Continue lendo para entender como esses eventos podem impactar seus investimentos.<br><\/p>\n\n\n\n<div id=\"ez-toc-container\" class=\"ez-toc-v2_0_82_2 counter-hierarchy ez-toc-counter ez-toc-grey ez-toc-container-direction\">\n<p class=\"ez-toc-title\" style=\"cursor:inherit\">Indice<\/p>\n<label for=\"ez-toc-cssicon-toggle-item-69f16ef498af2\" class=\"ez-toc-cssicon-toggle-label\"><span class=\"ez-toc-cssicon\"><span class=\"eztoc-hide\" style=\"display:none;\">Toggle<\/span><span class=\"ez-toc-icon-toggle-span\"><svg style=\"fill: #999;color:#999\" xmlns=\"http:\/\/www.w3.org\/2000\/svg\" class=\"list-377408\" width=\"20px\" height=\"20px\" viewBox=\"0 0 24 24\" fill=\"none\"><path d=\"M6 6H4v2h2V6zm14 0H8v2h12V6zM4 11h2v2H4v-2zm16 0H8v2h12v-2zM4 16h2v2H4v-2zm16 0H8v2h12v-2z\" fill=\"currentColor\"><\/path><\/svg><svg style=\"fill: #999;color:#999\" class=\"arrow-unsorted-368013\" xmlns=\"http:\/\/www.w3.org\/2000\/svg\" width=\"10px\" height=\"10px\" viewBox=\"0 0 24 24\" version=\"1.2\" baseProfile=\"tiny\"><path d=\"M18.2 9.3l-6.2-6.3-6.2 6.3c-.2.2-.3.4-.3.7s.1.5.3.7c.2.2.4.3.7.3h11c.3 0 .5-.1.7-.3.2-.2.3-.5.3-.7s-.1-.5-.3-.7zM5.8 14.7l6.2 6.3 6.2-6.3c.2-.2.3-.5.3-.7s-.1-.5-.3-.7c-.2-.2-.4-.3-.7-.3h-11c-.3 0-.5.1-.7.3-.2.2-.3.5-.3.7s.1.5.3.7z\"\/><\/svg><\/span><\/span><\/label><input type=\"checkbox\"  id=\"ez-toc-cssicon-toggle-item-69f16ef498af2\"  aria-label=\"Alternar\" \/><nav><ul class='ez-toc-list ez-toc-list-level-1 ' ><li class='ez-toc-page-1 ez-toc-heading-level-2'><a class=\"ez-toc-link ez-toc-heading-1\" href=\"https:\/\/warren.com.br\/magazine\/guerra-tarifas-balancos\/#O_cenario_internacional_da_guerra_as_tarifas\" >O cen\u00e1rio internacional: da guerra \u00e0s tarifas<\/a><\/li><li class='ez-toc-page-1 ez-toc-heading-level-2'><a class=\"ez-toc-link ez-toc-heading-2\" href=\"https:\/\/warren.com.br\/magazine\/guerra-tarifas-balancos\/#Economia_americana_resiliente_mas_moderando\" >Economia americana resiliente, mas moderando<\/a><\/li><li class='ez-toc-page-1 ez-toc-heading-level-2'><a class=\"ez-toc-link ez-toc-heading-3\" href=\"https:\/\/warren.com.br\/magazine\/guerra-tarifas-balancos\/#Brasil_Copom_mantem_cautela_e_politica_ganha_destaque\" >Brasil: Copom mant\u00e9m cautela e pol\u00edtica ganha destaque<\/a><\/li><li class='ez-toc-page-1 ez-toc-heading-level-2'><a class=\"ez-toc-link ez-toc-heading-4\" href=\"https:\/\/warren.com.br\/magazine\/guerra-tarifas-balancos\/#Temporada_de_balancos_destaques_do_petroleo_aos_bancos\" >Temporada de balan\u00e7os: destaques do petr\u00f3leo aos bancos<\/a><\/li><li class='ez-toc-page-1 ez-toc-heading-level-2'><a class=\"ez-toc-link ez-toc-heading-5\" href=\"https:\/\/warren.com.br\/magazine\/guerra-tarifas-balancos\/#Movimentacoes_nas_carteiras_olho_no_dividendo\" >Movimenta\u00e7\u00f5es nas carteiras: olho no dividendo<\/a><\/li><li class='ez-toc-page-1 ez-toc-heading-level-2'><a class=\"ez-toc-link ez-toc-heading-6\" href=\"https:\/\/warren.com.br\/magazine\/guerra-tarifas-balancos\/#Agenda_da_semana\" >Agenda da semana<\/a><\/li><\/ul><\/nav><\/div>\n<h2 class=\"wp-block-heading\"><span class=\"ez-toc-section\" id=\"O_cenario_internacional_da_guerra_as_tarifas\"><\/span><strong>O cen\u00e1rio internacional: da guerra \u00e0s tarifas<\/strong><span class=\"ez-toc-section-end\"><\/span><\/h2>\n\n\n\n<p>Os holofotes globais se voltam para o Alasca, onde Donald Trump e Vladimir Putin devem se encontrar em 15 de agosto para discutir os termos de um poss\u00edvel fim da guerra na Ucr\u00e2nia, que j\u00e1 dura mais de tr\u00eas anos. A presen\u00e7a de Zelensky ainda n\u00e3o est\u00e1 confirmada, mas a Uni\u00e3o Europeia acompanha de perto, de olho nos impactos econ\u00f4micos e geopol\u00edticos.<\/p>\n\n\n\n<p>Enquanto isso, as tens\u00f5es comerciais seguem vivas. Trump anunciou tarifas adicionais de 25% sobre produtos da \u00cdndia, alegando o uso de petr\u00f3leo russo pelo pa\u00eds. O movimento amplia as j\u00e1 existentes medidas protecionistas e acontece no mesmo momento em que a \u00cdndia se aproxima diplomaticamente da China. E por falar nela, o prazo para o acordo tarif\u00e1rio entre EUA e China se encerra amanh\u00e3, com expectativa de prorroga\u00e7\u00e3o para evitar taxas de mais de 100% sobre determinados produtos.<\/p>\n\n\n\n<h2 class=\"wp-block-heading\"><span class=\"ez-toc-section\" id=\"Economia_americana_resiliente_mas_moderando\"><\/span><strong>Economia americana resiliente, mas moderando<\/strong><span class=\"ez-toc-section-end\"><\/span><\/h2>\n\n\n\n<p>Nos Estados Unidos, indicadores recentes continuam mostrando uma economia resistente, especialmente fora do setor manufatureiro, que sofre mais com tarifas e juros altos. O mercado de trabalho segue forte e a infla\u00e7\u00e3o de servi\u00e7os persiste, embora haja sinais de desacelera\u00e7\u00e3o \u00e0 frente.<\/p>\n\n\n\n<p>No radar pol\u00edtico-econ\u00f4mico, o nome de Christopher Waller, visto como mais favor\u00e1vel a cortes de juros, ganha for\u00e7a para substituir Jerome Powell na presid\u00eancia do Federal Reserve em 2025. Para o mercado, a expectativa \u00e9 de pelo menos dois cortes de 0,25 ponto percentual at\u00e9 o fim do ano.<\/p>\n\n\n\n<h2 class=\"wp-block-heading\"><span class=\"ez-toc-section\" id=\"Brasil_Copom_mantem_cautela_e_politica_ganha_destaque\"><\/span><strong>Brasil: Copom mant\u00e9m cautela e pol\u00edtica ganha destaque<\/strong><span class=\"ez-toc-section-end\"><\/span><\/h2>\n\n\n\n<p>No campo dom\u00e9stico, a semana come\u00e7ou com a decis\u00e3o do STF de decretar pris\u00e3o domiciliar do ex-presidente Jair Bolsonaro, fato que teve pouco impacto nos ativos locais. Mais relevante para o mercado foi a ata do Copom, que refor\u00e7ou a postura cautelosa, descartando cortes precipitados de juros e avaliando que a atividade econ\u00f4mica j\u00e1 mostra sinais de modera\u00e7\u00e3o.<\/p>\n\n\n\n<p>O Banco Central destacou a infla\u00e7\u00e3o surpreendentemente baixa nos \u00faltimos meses, mas refor\u00e7ou que a pol\u00edtica monet\u00e1ria continuar\u00e1 restritiva enquanto houver riscos no cen\u00e1rio externo e incertezas fiscais.<\/p>\n\n\n\n<h2 class=\"wp-block-heading\"><span class=\"ez-toc-section\" id=\"Temporada_de_balancos_destaques_do_petroleo_aos_bancos\"><\/span><strong>Temporada de balan\u00e7os: destaques do petr\u00f3leo aos bancos<\/strong><span class=\"ez-toc-section-end\"><\/span><\/h2>\n\n\n\n<p>Na temporada de resultados, o setor de petr\u00f3leo foi marcado por dois an\u00fancios importantes. A Prio apresentou lucro operacional dentro das expectativas, mas abaixo do trimestre anterior devido a paradas de manuten\u00e7\u00e3o e pre\u00e7os mais baixos do Brent. J\u00e1 a Petrobras viu suas a\u00e7\u00f5es ca\u00edrem ap\u00f3s anunciar dividendos menores do que o esperado, apesar de bons resultados operacionais e avan\u00e7os no pr\u00e9-sal.&nbsp;<\/p>\n\n\n\n<p>No setor financeiro, o panorama foi misto. O Ita\u00fa manteve sua trajet\u00f3ria s\u00f3lida, com retorno sobre patrim\u00f4nio acima de 24%, enquanto o Bradesco mostrou recupera\u00e7\u00e3o consistente. Santander decepcionou com crescimento t\u00edmido de receitas e aumento nas provis\u00f5es. A BB Seguridade apresentou forte resultado, mas com sinais de desacelera\u00e7\u00e3o pela frente.<\/p>\n\n\n\n<h2 class=\"wp-block-heading\"><span class=\"ez-toc-section\" id=\"Movimentacoes_nas_carteiras_olho_no_dividendo\"><\/span><strong>Movimenta\u00e7\u00f5es nas carteiras: olho no dividendo<\/strong><span class=\"ez-toc-section-end\"><\/span><\/h2>\n\n\n\n<p>Entre os ajustes nas carteiras, destaque para a entrada de Caixa Seguridade, aproveitando pre\u00e7os mais atrativos, e aumento de posi\u00e7\u00e3o em Irani, que combina bom pagamento de dividendos com expectativa de custos menores e gera\u00e7\u00e3o de caixa mais robusta nos pr\u00f3ximos trimestres.<\/p>\n\n\n\n<h2 class=\"wp-block-heading\"><span class=\"ez-toc-section\" id=\"Agenda_da_semana\"><\/span><strong>Agenda da semana<\/strong><br><span class=\"ez-toc-section-end\"><\/span><\/h2>\n\n\n\n<p>A semana reserva dados importantes: IPCA e IGP-M no Brasil na ter\u00e7a-feira, vendas no varejo na quarta, e, nos Estados Unidos, vendas no varejo na sexta-feira. Indicadores que podem calibrar expectativas de juros e dar o tom dos mercados.<\/p>\n\n\n\n<p><strong>Quer entender como esses movimentos podem afetar seus investimentos? <a href=\"https:\/\/wa.me\/5511981217346?text=Vi%20o%20texto%20do%20blog%20e%20quero%20saber%20como%20a%20Warren%20pode%20me%20ajudar%20a%20investir%20melhor.\">Fale com um de nossos assessores<\/a>.<\/strong><\/p>\n\n\n\n<p><\/p>\n","protected":false},"excerpt":{"rendered":"<p>A semana foi marcada por tens\u00f5es geopol\u00edticas, com expectativa para o encontro entre Trump e Putin e negocia\u00e7\u00f5es tarif\u00e1rias entre EUA e China.<\/p>\n","protected":false},"author":88,"featured_media":22911,"comment_status":"closed","ping_status":"closed","sticky":false,"template":"","format":"standard","meta":{"_acf_changed":false,"footnotes":""},"categories":[1016],"tags":[],"class_list":["post-23172","post","type-post","status-publish","format-standard","has-post-thumbnail","hentry","category-por-dentro-do-mercado","entry"],"acf":[],"yoast_head":"<!-- This site is optimized with the Yoast SEO plugin v27.5 - https:\/\/yoast.com\/product\/yoast-seo-wordpress\/ -->\n<title>Guerra, tarifas e balan\u00e7os: a semana que mexeu com os mercados | Warren Magazine<\/title>\n<meta name=\"description\" content=\"Mercados atentos a guerra, tarifas EUA-China e balan\u00e7os no Brasil. Veja os destaques e impactos para os seus investimentos.\" \/>\n<meta name=\"robots\" content=\"index, follow, max-snippet:-1, max-image-preview:large, max-video-preview:-1\" \/>\n<link rel=\"canonical\" href=\"https:\/\/warren.com.br\/magazine\/guerra-tarifas-balancos\/\" \/>\n<meta property=\"og:locale\" content=\"pt_BR\" \/>\n<meta property=\"og:type\" content=\"article\" \/>\n<meta property=\"og:title\" content=\"Guerra, tarifas e balan\u00e7os: a semana que mexeu com os mercados | Warren Magazine\" \/>\n<meta property=\"og:description\" content=\"Mercados atentos a guerra, tarifas EUA-China e balan\u00e7os no Brasil. Veja os destaques e impactos para os seus investimentos.\" \/>\n<meta property=\"og:url\" content=\"https:\/\/warren.com.br\/magazine\/guerra-tarifas-balancos\/\" \/>\n<meta property=\"og:site_name\" content=\"Warren Magazine\" \/>\n<meta property=\"article:publisher\" content=\"https:\/\/www.facebook.com\/warrenbrasil\/\" \/>\n<meta property=\"article:published_time\" content=\"2025-08-11T15:27:20+00:00\" \/>\n<meta property=\"article:modified_time\" content=\"2025-08-25T20:29:40+00:00\" \/>\n<meta property=\"og:image\" content=\"https:\/\/warren.com.br\/magazine\/wp-content\/uploads\/2025\/01\/foto1-1-1024x697.png\" \/>\n\t<meta property=\"og:image:width\" content=\"1024\" \/>\n\t<meta property=\"og:image:height\" content=\"697\" \/>\n\t<meta property=\"og:image:type\" content=\"image\/png\" \/>\n<meta name=\"author\" content=\"Rodrigo Albuquerque\" \/>\n<meta name=\"twitter:card\" content=\"summary_large_image\" \/>\n<meta name=\"twitter:creator\" content=\"@warrenbrasil\" \/>\n<meta name=\"twitter:site\" content=\"@warrenbrasil\" \/>\n<meta name=\"twitter:label1\" content=\"Escrito por\" \/>\n\t<meta name=\"twitter:data1\" content=\"Rodrigo Albuquerque\" \/>\n\t<meta name=\"twitter:label2\" content=\"Est. tempo de leitura\" \/>\n\t<meta name=\"twitter:data2\" content=\"3 minutos\" \/>\n<!-- \/ Yoast SEO plugin. -->","yoast_head_json":{"title":"Guerra, tarifas e balan\u00e7os: a semana que mexeu com os mercados | Warren Magazine","description":"Mercados atentos a guerra, tarifas EUA-China e balan\u00e7os no Brasil. Veja os destaques e impactos para os seus investimentos.","robots":{"index":"index","follow":"follow","max-snippet":"max-snippet:-1","max-image-preview":"max-image-preview:large","max-video-preview":"max-video-preview:-1"},"canonical":"https:\/\/warren.com.br\/magazine\/guerra-tarifas-balancos\/","og_locale":"pt_BR","og_type":"article","og_title":"Guerra, tarifas e balan\u00e7os: a semana que mexeu com os mercados | Warren Magazine","og_description":"Mercados atentos a guerra, tarifas EUA-China e balan\u00e7os no Brasil. Veja os destaques e impactos para os seus investimentos.","og_url":"https:\/\/warren.com.br\/magazine\/guerra-tarifas-balancos\/","og_site_name":"Warren Magazine","article_publisher":"https:\/\/www.facebook.com\/warrenbrasil\/","article_published_time":"2025-08-11T15:27:20+00:00","article_modified_time":"2025-08-25T20:29:40+00:00","og_image":[{"width":1024,"height":697,"url":"https:\/\/warren.com.br\/magazine\/wp-content\/uploads\/2025\/01\/foto1-1-1024x697.png","type":"image\/png"}],"author":"Rodrigo Albuquerque","twitter_card":"summary_large_image","twitter_creator":"@warrenbrasil","twitter_site":"@warrenbrasil","twitter_misc":{"Escrito por":"Rodrigo Albuquerque","Est. tempo de leitura":"3 minutos"},"schema":{"@context":"https:\/\/schema.org","@graph":[{"@type":"NewsArticle","@id":"https:\/\/warren.com.br\/magazine\/guerra-tarifas-balancos\/#article","isPartOf":{"@id":"https:\/\/warren.com.br\/magazine\/guerra-tarifas-balancos\/"},"author":{"name":"Rodrigo Albuquerque","@id":"https:\/\/warren.com.br\/magazine\/#\/schema\/person\/074f71d57cf6eaa01c7c7c292f06e102"},"headline":"Guerra, tarifas e balan\u00e7os: a semana que mexeu com os mercados","datePublished":"2025-08-11T15:27:20+00:00","dateModified":"2025-08-25T20:29:40+00:00","mainEntityOfPage":{"@id":"https:\/\/warren.com.br\/magazine\/guerra-tarifas-balancos\/"},"wordCount":679,"publisher":{"@id":"https:\/\/warren.com.br\/magazine\/#organization"},"image":{"@id":"https:\/\/warren.com.br\/magazine\/guerra-tarifas-balancos\/#primaryimage"},"thumbnailUrl":"https:\/\/warren.com.br\/magazine\/wp-content\/uploads\/2025\/01\/foto1-1.png","articleSection":["Por dentro do mercado"],"inLanguage":"pt-BR"},{"@type":"WebPage","@id":"https:\/\/warren.com.br\/magazine\/guerra-tarifas-balancos\/","url":"https:\/\/warren.com.br\/magazine\/guerra-tarifas-balancos\/","name":"Guerra, tarifas e balan\u00e7os: a semana que mexeu com os mercados | Warren Magazine","isPartOf":{"@id":"https:\/\/warren.com.br\/magazine\/#website"},"primaryImageOfPage":{"@id":"https:\/\/warren.com.br\/magazine\/guerra-tarifas-balancos\/#primaryimage"},"image":{"@id":"https:\/\/warren.com.br\/magazine\/guerra-tarifas-balancos\/#primaryimage"},"thumbnailUrl":"https:\/\/warren.com.br\/magazine\/wp-content\/uploads\/2025\/01\/foto1-1.png","datePublished":"2025-08-11T15:27:20+00:00","dateModified":"2025-08-25T20:29:40+00:00","description":"Mercados atentos a guerra, tarifas EUA-China e balan\u00e7os no Brasil. Veja os destaques e impactos para os seus investimentos.","inLanguage":"pt-BR","potentialAction":[{"@type":"ReadAction","target":["https:\/\/warren.com.br\/magazine\/guerra-tarifas-balancos\/"]}]},{"@type":"ImageObject","inLanguage":"pt-BR","@id":"https:\/\/warren.com.br\/magazine\/guerra-tarifas-balancos\/#primaryimage","url":"https:\/\/warren.com.br\/magazine\/wp-content\/uploads\/2025\/01\/foto1-1.png","contentUrl":"https:\/\/warren.com.br\/magazine\/wp-content\/uploads\/2025\/01\/foto1-1.png","width":3600,"height":2450,"caption":"posse de Donald Trump"},{"@type":"WebSite","@id":"https:\/\/warren.com.br\/magazine\/#website","url":"https:\/\/warren.com.br\/magazine\/","name":"Warren Magazine","description":"","publisher":{"@id":"https:\/\/warren.com.br\/magazine\/#organization"},"potentialAction":[{"@type":"SearchAction","target":{"@type":"EntryPoint","urlTemplate":"https:\/\/warren.com.br\/magazine\/?s={search_term_string}"},"query-input":{"@type":"PropertyValueSpecification","valueRequired":true,"valueName":"search_term_string"}}],"inLanguage":"pt-BR"},{"@type":"Organization","@id":"https:\/\/warren.com.br\/magazine\/#organization","name":"Warren Magazine","url":"https:\/\/warren.com.br\/magazine\/","logo":{"@type":"ImageObject","inLanguage":"pt-BR","@id":"https:\/\/warren.com.br\/magazine\/#\/schema\/logo\/image\/","url":"https:\/\/warren.com.br\/magazine\/wp-content\/uploads\/2023\/06\/ThumbMagazine.jpg","contentUrl":"https:\/\/warren.com.br\/magazine\/wp-content\/uploads\/2023\/06\/ThumbMagazine.jpg","width":2400,"height":1260,"caption":"Warren Magazine"},"image":{"@id":"https:\/\/warren.com.br\/magazine\/#\/schema\/logo\/image\/"},"sameAs":["https:\/\/www.facebook.com\/warrenbrasil\/","https:\/\/x.com\/warrenbrasil","https:\/\/www.instagram.com\/warrenbrasil\/","https:\/\/www.linkedin.com\/company\/warrenbrasil\/","https:\/\/www.youtube.com\/channel\/UCqIO5twa50iGz2wT5cGS-XQ"]},{"@type":"Person","@id":"https:\/\/warren.com.br\/magazine\/#\/schema\/person\/074f71d57cf6eaa01c7c7c292f06e102","name":"Rodrigo Albuquerque","image":{"@type":"ImageObject","inLanguage":"pt-BR","@id":"https:\/\/secure.gravatar.com\/avatar\/9cad8def71dfb8d0ce3f396b45036d0fe0d9c0cb6928451d5b5bbf2976a0834b?s=96&d=mm&r=g","url":"https:\/\/secure.gravatar.com\/avatar\/9cad8def71dfb8d0ce3f396b45036d0fe0d9c0cb6928451d5b5bbf2976a0834b?s=96&d=mm&r=g","contentUrl":"https:\/\/secure.gravatar.com\/avatar\/9cad8def71dfb8d0ce3f396b45036d0fe0d9c0cb6928451d5b5bbf2976a0834b?s=96&d=mm&r=g","caption":"Rodrigo Albuquerque"},"url":"https:\/\/warren.com.br\/magazine\/author\/rodrigo-albuquerque\/"}]}},"_links":{"self":[{"href":"https:\/\/warren.com.br\/magazine\/wp-json\/wp\/v2\/posts\/23172","targetHints":{"allow":["GET"]}}],"collection":[{"href":"https:\/\/warren.com.br\/magazine\/wp-json\/wp\/v2\/posts"}],"about":[{"href":"https:\/\/warren.com.br\/magazine\/wp-json\/wp\/v2\/types\/post"}],"author":[{"embeddable":true,"href":"https:\/\/warren.com.br\/magazine\/wp-json\/wp\/v2\/users\/88"}],"replies":[{"embeddable":true,"href":"https:\/\/warren.com.br\/magazine\/wp-json\/wp\/v2\/comments?post=23172"}],"version-history":[{"count":1,"href":"https:\/\/warren.com.br\/magazine\/wp-json\/wp\/v2\/posts\/23172\/revisions"}],"predecessor-version":[{"id":23174,"href":"https:\/\/warren.com.br\/magazine\/wp-json\/wp\/v2\/posts\/23172\/revisions\/23174"}],"wp:featuredmedia":[{"embeddable":true,"href":"https:\/\/warren.com.br\/magazine\/wp-json\/wp\/v2\/media\/22911"}],"wp:attachment":[{"href":"https:\/\/warren.com.br\/magazine\/wp-json\/wp\/v2\/media?parent=23172"}],"wp:term":[{"taxonomy":"category","embeddable":true,"href":"https:\/\/warren.com.br\/magazine\/wp-json\/wp\/v2\/categories?post=23172"},{"taxonomy":"post_tag","embeddable":true,"href":"https:\/\/warren.com.br\/magazine\/wp-json\/wp\/v2\/tags?post=23172"}],"curies":[{"name":"wp","href":"https:\/\/api.w.org\/{rel}","templated":true}]}}