{"id":23200,"date":"2025-08-25T11:28:38","date_gmt":"2025-08-25T14:28:38","guid":{"rendered":"https:\/\/warren.com.br\/magazine\/?p=23200"},"modified":"2025-08-25T17:27:26","modified_gmt":"2025-08-25T20:27:26","slug":"fed-sinaliza-cortes-bolsa-renova-maxima-e-brasil-desacelera","status":"publish","type":"post","link":"https:\/\/warren.com.br\/magazine\/fed-sinaliza-cortes-bolsa-renova-maxima-e-brasil-desacelera\/","title":{"rendered":"FED sinaliza cortes, Bolsa renova m\u00e1xima e Brasil desacelera"},"content":{"rendered":"\n<p>A semana foi marcada pelo discurso mais brando do Fed em Jackson Hole, que refor\u00e7ou expectativas de cortes de juros nos EUA, enquanto o Ibovespa renovou m\u00e1ximas e o d\u00f3lar perdeu for\u00e7a. No Brasil, a atividade mostra sinais de desacelera\u00e7\u00e3o e o governo anunciou medidas para apoiar empresas afetadas pelo tarif\u00e1rio americano. Continue a leitura para entender o que pode impactar seus investimentos nos pr\u00f3ximos dias.<\/p>\n\n\n\n<div id=\"ez-toc-container\" class=\"ez-toc-v2_0_82_2 counter-hierarchy ez-toc-counter ez-toc-grey ez-toc-container-direction\">\n<p class=\"ez-toc-title\" style=\"cursor:inherit\">Indice<\/p>\n<label for=\"ez-toc-cssicon-toggle-item-69f16eac18b7f\" class=\"ez-toc-cssicon-toggle-label\"><span class=\"ez-toc-cssicon\"><span class=\"eztoc-hide\" style=\"display:none;\">Toggle<\/span><span class=\"ez-toc-icon-toggle-span\"><svg style=\"fill: #999;color:#999\" xmlns=\"http:\/\/www.w3.org\/2000\/svg\" class=\"list-377408\" width=\"20px\" height=\"20px\" viewBox=\"0 0 24 24\" fill=\"none\"><path d=\"M6 6H4v2h2V6zm14 0H8v2h12V6zM4 11h2v2H4v-2zm16 0H8v2h12v-2zM4 16h2v2H4v-2zm16 0H8v2h12v-2z\" fill=\"currentColor\"><\/path><\/svg><svg style=\"fill: #999;color:#999\" class=\"arrow-unsorted-368013\" xmlns=\"http:\/\/www.w3.org\/2000\/svg\" width=\"10px\" height=\"10px\" viewBox=\"0 0 24 24\" version=\"1.2\" baseProfile=\"tiny\"><path d=\"M18.2 9.3l-6.2-6.3-6.2 6.3c-.2.2-.3.4-.3.7s.1.5.3.7c.2.2.4.3.7.3h11c.3 0 .5-.1.7-.3.2-.2.3-.5.3-.7s-.1-.5-.3-.7zM5.8 14.7l6.2 6.3 6.2-6.3c.2-.2.3-.5.3-.7s-.1-.5-.3-.7c-.2-.2-.4-.3-.7-.3h-11c-.3 0-.5.1-.7.3-.2.2-.3.5-.3.7s.1.5.3.7z\"\/><\/svg><\/span><\/span><\/label><input type=\"checkbox\"  id=\"ez-toc-cssicon-toggle-item-69f16eac18b7f\"  aria-label=\"Alternar\" \/><nav><ul class='ez-toc-list ez-toc-list-level-1 ' ><li class='ez-toc-page-1 ez-toc-heading-level-2'><a class=\"ez-toc-link ez-toc-heading-1\" href=\"https:\/\/warren.com.br\/magazine\/fed-sinaliza-cortes-bolsa-renova-maxima-e-brasil-desacelera\/#Cenario_global_Fed_mais_brando_e_Trump_pressionando\" >Cen\u00e1rio global: Fed mais brando e Trump pressionando<\/a><\/li><li class='ez-toc-page-1 ez-toc-heading-level-2'><a class=\"ez-toc-link ez-toc-heading-2\" href=\"https:\/\/warren.com.br\/magazine\/fed-sinaliza-cortes-bolsa-renova-maxima-e-brasil-desacelera\/#Brasil_economia_perdendo_folego\" >Brasil: economia perdendo f\u00f4lego<\/a><\/li><li class='ez-toc-page-1 ez-toc-heading-level-2'><a class=\"ez-toc-link ez-toc-heading-3\" href=\"https:\/\/warren.com.br\/magazine\/fed-sinaliza-cortes-bolsa-renova-maxima-e-brasil-desacelera\/#Temporada_de_resultados_margens_pressionadas\" >Temporada de resultados: margens pressionadas<\/a><\/li><li class='ez-toc-page-1 ez-toc-heading-level-2'><a class=\"ez-toc-link ez-toc-heading-4\" href=\"https:\/\/warren.com.br\/magazine\/fed-sinaliza-cortes-bolsa-renova-maxima-e-brasil-desacelera\/#Agenda_da_semana\" >Agenda da semana<\/a><\/li><\/ul><\/nav><\/div>\n<h2 class=\"wp-block-heading\"><span class=\"ez-toc-section\" id=\"Cenario_global_Fed_mais_brando_e_Trump_pressionando\"><\/span>Cen\u00e1rio global: Fed mais brando e Trump pressionando<span class=\"ez-toc-section-end\"><\/span><\/h2>\n\n\n\n<p>No exterior, o mercado segue acompanhando as tens\u00f5es geopol\u00edticas entre R\u00fassia e Ucr\u00e2nia, agora com Donald Trump tentando se posicionar como mediador. As negocia\u00e7\u00f5es, por\u00e9m, n\u00e3o avan\u00e7aram, e o ex-presidente voltou a falar em san\u00e7\u00f5es \u00e0 R\u00fassia, mantendo a incerteza sobre o conflito.<\/p>\n\n\n\n<p>O destaque da semana ficou por conta da ata do Federal Reserve e do discurso de Jerome Powell no tradicional encontro de Jackson Hole. Apesar de diverg\u00eancias internas, a sinaliza\u00e7\u00e3o foi considerada mais branda, refor\u00e7ando a expectativa de que os cortes de juros comecem j\u00e1 em setembro, com ritmo mais acelerado em 2025. Esse tom mais suave levou os mercados a precificarem dois cortes de 0,25 ponto ainda neste ano.<\/p>\n\n\n\n<p>A rea\u00e7\u00e3o foi imediata: o S&amp;P renovou m\u00e1ximas hist\u00f3ricas, o ouro manteve sua trajet\u00f3ria positiva, e o petr\u00f3leo e o min\u00e9rio de ferro tiveram pequenas altas \u2014 este \u00faltimo beneficiado pela paralisa\u00e7\u00e3o de um projeto da Rio Tinto, o que favorece empresas brasileiras como Vale e CSN. J\u00e1 o d\u00f3lar perdeu for\u00e7a frente a moedas emergentes, com o real se fortalecendo especialmente ap\u00f3s o discurso do Fed.<\/p>\n\n\n\n<h2 class=\"wp-block-heading\"><span class=\"ez-toc-section\" id=\"Brasil_economia_perdendo_folego\"><\/span>Brasil: economia perdendo f\u00f4lego<span class=\"ez-toc-section-end\"><\/span><\/h2>\n\n\n\n<p>Por aqui, o governo anunciou um plano de apoio a setores afetados pelo tarif\u00e1rio dos Estados Unidos, com cr\u00e9dito adicional do BNDES e taxas subsidiadas abaixo da Selic. A contrapartida exigida \u00e9 a manuten\u00e7\u00e3o de empregos pelas empresas beneficiadas, e o Congresso ainda precisa aprovar a exclus\u00e3o desses gastos das regras fiscais.<\/p>\n\n\n\n<p>Na atividade, o IBC-Br recuou 0,7% em maio, acumulando quatro meses de desacelera\u00e7\u00e3o. Mesmo assim, o PIB do segundo trimestre deve mostrar crescimento modesto, de 0,3%, segundo dados j\u00e1 sinalizados. O setor agropecu\u00e1rio puxou o desempenho para baixo, enquanto outros segmentos mostraram resili\u00eancia. A proje\u00e7\u00e3o de crescimento para 2025 segue em queda no Boletim Focus, passando de 2,21% para 2,18%.<\/p>\n\n\n\n<h2 class=\"wp-block-heading\"><span class=\"ez-toc-section\" id=\"Temporada_de_resultados_margens_pressionadas\"><\/span>Temporada de resultados: margens pressionadas<span class=\"ez-toc-section-end\"><\/span><\/h2>\n\n\n\n<p>Com a temporada de balan\u00e7os encerrada, o retrato foi de um trimestre misto. Embora a receita tenha crescido, o aumento dos custos reduziu as margens das companhias. Setores ligados ao consumo dom\u00e9stico, como varejo, vestu\u00e1rio e constru\u00e7\u00e3o civil, tiveram desempenho acima do esperado. J\u00e1 exportadoras foram prejudicadas pela valoriza\u00e7\u00e3o do real e pelos pre\u00e7os internacionais mais baixos de commodities.<\/p>\n\n\n\n<p>Na vis\u00e3o do time de investimentos, o cen\u00e1rio refor\u00e7a uma postura mais cautelosa com a Bolsa, privilegiando maior caixa e prote\u00e7\u00f5es nas carteiras. A expectativa \u00e9 de que as margens corporativas sigam pressionadas nos pr\u00f3ximos trimestres.<\/p>\n\n\n\n<h2 class=\"wp-block-heading\"><span class=\"ez-toc-section\" id=\"Agenda_da_semana\"><\/span>Agenda da semana<span class=\"ez-toc-section-end\"><\/span><\/h2>\n\n\n\n<p>A semana come\u00e7a com o IPCA-15 no Brasil e a confian\u00e7a do consumidor nos EUA. Na quarta-feira (28), sai o IGP-M, e na quinta (29), o PCE, indicador de infla\u00e7\u00e3o preferido do Fed, deve dar novo f\u00f4lego \u00e0s apostas sobre os pr\u00f3ximos passos da pol\u00edtica monet\u00e1ria americana.<\/p>\n\n\n\n<p><strong>Quer entender como esses movimentos podem afetar seus investimentos? <a href=\"https:\/\/wa.me\/5511981217346?text=Vi%20o%20texto%20do%20blog%20e%20quero%20saber%20como%20a%20Warren%20pode%20me%20ajudar%20a%20investir%20melhor.\">Fale com um de nossos assessores<\/a>.<\/strong><\/p>\n\n\n\n<p><br><\/p>\n\n\n\n<p><\/p>\n","protected":false},"excerpt":{"rendered":"<p>A semana foi marcada pelo discurso mais brando do Fed em Jackson Hole, que refor\u00e7ou expectativas de cortes de juros nos EUA, enquanto o Ibovespa renovou m\u00e1ximas e o d\u00f3lar perdeu for\u00e7a.<\/p>\n","protected":false},"author":88,"featured_media":22856,"comment_status":"closed","ping_status":"closed","sticky":false,"template":"","format":"standard","meta":{"_acf_changed":false,"footnotes":""},"categories":[1016],"tags":[],"class_list":["post-23200","post","type-post","status-publish","format-standard","has-post-thumbnail","hentry","category-por-dentro-do-mercado","entry"],"acf":[],"yoast_head":"<!-- This site is optimized with the Yoast SEO plugin v27.5 - https:\/\/yoast.com\/product\/yoast-seo-wordpress\/ -->\n<title>FED sinaliza cortes, Bolsa renova m\u00e1xima e Brasil desacelera | Warren Magazine<\/title>\n<meta name=\"description\" content=\"Mercados globais atentos ao Fed, Bolsa bate recorde e economia brasileira mostra sinais de desacelera\u00e7\u00e3o. Confira os destaques da semana.\" \/>\n<meta name=\"robots\" content=\"index, follow, max-snippet:-1, max-image-preview:large, max-video-preview:-1\" \/>\n<link rel=\"canonical\" href=\"https:\/\/warren.com.br\/magazine\/fed-sinaliza-cortes-bolsa-renova-maxima-e-brasil-desacelera\/\" \/>\n<meta property=\"og:locale\" content=\"pt_BR\" \/>\n<meta property=\"og:type\" content=\"article\" \/>\n<meta property=\"og:title\" content=\"FED sinaliza cortes, Bolsa renova m\u00e1xima e Brasil desacelera | Warren Magazine\" \/>\n<meta property=\"og:description\" content=\"Mercados globais atentos ao Fed, Bolsa bate recorde e economia brasileira mostra sinais de desacelera\u00e7\u00e3o. Confira os destaques da semana.\" \/>\n<meta property=\"og:url\" content=\"https:\/\/warren.com.br\/magazine\/fed-sinaliza-cortes-bolsa-renova-maxima-e-brasil-desacelera\/\" \/>\n<meta property=\"og:site_name\" content=\"Warren Magazine\" \/>\n<meta property=\"article:publisher\" content=\"https:\/\/www.facebook.com\/warrenbrasil\/\" \/>\n<meta property=\"article:published_time\" content=\"2025-08-25T14:28:38+00:00\" \/>\n<meta property=\"article:modified_time\" content=\"2025-08-25T20:27:26+00:00\" \/>\n<meta property=\"og:image\" content=\"https:\/\/warren.com.br\/magazine\/wp-content\/uploads\/2024\/11\/mark-basarab-z8ct_Q3oCqM-unsplash-15.51.27-scaled.jpg\" \/>\n\t<meta property=\"og:image:width\" content=\"1707\" \/>\n\t<meta property=\"og:image:height\" content=\"2560\" \/>\n\t<meta property=\"og:image:type\" content=\"image\/jpeg\" \/>\n<meta name=\"author\" content=\"Rodrigo Albuquerque\" \/>\n<meta name=\"twitter:card\" content=\"summary_large_image\" \/>\n<meta name=\"twitter:creator\" content=\"@warrenbrasil\" \/>\n<meta name=\"twitter:site\" content=\"@warrenbrasil\" \/>\n<meta name=\"twitter:label1\" content=\"Escrito por\" \/>\n\t<meta name=\"twitter:data1\" content=\"Rodrigo Albuquerque\" \/>\n\t<meta name=\"twitter:label2\" content=\"Est. tempo de leitura\" \/>\n\t<meta name=\"twitter:data2\" content=\"3 minutos\" \/>\n<!-- \/ Yoast SEO plugin. -->","yoast_head_json":{"title":"FED sinaliza cortes, Bolsa renova m\u00e1xima e Brasil desacelera | Warren Magazine","description":"Mercados globais atentos ao Fed, Bolsa bate recorde e economia brasileira mostra sinais de desacelera\u00e7\u00e3o. Confira os destaques da semana.","robots":{"index":"index","follow":"follow","max-snippet":"max-snippet:-1","max-image-preview":"max-image-preview:large","max-video-preview":"max-video-preview:-1"},"canonical":"https:\/\/warren.com.br\/magazine\/fed-sinaliza-cortes-bolsa-renova-maxima-e-brasil-desacelera\/","og_locale":"pt_BR","og_type":"article","og_title":"FED sinaliza cortes, Bolsa renova m\u00e1xima e Brasil desacelera | Warren Magazine","og_description":"Mercados globais atentos ao Fed, Bolsa bate recorde e economia brasileira mostra sinais de desacelera\u00e7\u00e3o. Confira os destaques da semana.","og_url":"https:\/\/warren.com.br\/magazine\/fed-sinaliza-cortes-bolsa-renova-maxima-e-brasil-desacelera\/","og_site_name":"Warren Magazine","article_publisher":"https:\/\/www.facebook.com\/warrenbrasil\/","article_published_time":"2025-08-25T14:28:38+00:00","article_modified_time":"2025-08-25T20:27:26+00:00","og_image":[{"width":1707,"height":2560,"url":"https:\/\/warren.com.br\/magazine\/wp-content\/uploads\/2024\/11\/mark-basarab-z8ct_Q3oCqM-unsplash-15.51.27-scaled.jpg","type":"image\/jpeg"}],"author":"Rodrigo Albuquerque","twitter_card":"summary_large_image","twitter_creator":"@warrenbrasil","twitter_site":"@warrenbrasil","twitter_misc":{"Escrito por":"Rodrigo Albuquerque","Est. tempo de leitura":"3 minutos"},"schema":{"@context":"https:\/\/schema.org","@graph":[{"@type":"NewsArticle","@id":"https:\/\/warren.com.br\/magazine\/fed-sinaliza-cortes-bolsa-renova-maxima-e-brasil-desacelera\/#article","isPartOf":{"@id":"https:\/\/warren.com.br\/magazine\/fed-sinaliza-cortes-bolsa-renova-maxima-e-brasil-desacelera\/"},"author":{"name":"Rodrigo Albuquerque","@id":"https:\/\/warren.com.br\/magazine\/#\/schema\/person\/074f71d57cf6eaa01c7c7c292f06e102"},"headline":"FED sinaliza cortes, Bolsa renova m\u00e1xima e Brasil desacelera","datePublished":"2025-08-25T14:28:38+00:00","dateModified":"2025-08-25T20:27:26+00:00","mainEntityOfPage":{"@id":"https:\/\/warren.com.br\/magazine\/fed-sinaliza-cortes-bolsa-renova-maxima-e-brasil-desacelera\/"},"wordCount":592,"publisher":{"@id":"https:\/\/warren.com.br\/magazine\/#organization"},"image":{"@id":"https:\/\/warren.com.br\/magazine\/fed-sinaliza-cortes-bolsa-renova-maxima-e-brasil-desacelera\/#primaryimage"},"thumbnailUrl":"https:\/\/warren.com.br\/magazine\/wp-content\/uploads\/2024\/11\/mark-basarab-z8ct_Q3oCqM-unsplash-15.51.27-scaled.jpg","articleSection":["Por dentro do mercado"],"inLanguage":"pt-BR"},{"@type":"WebPage","@id":"https:\/\/warren.com.br\/magazine\/fed-sinaliza-cortes-bolsa-renova-maxima-e-brasil-desacelera\/","url":"https:\/\/warren.com.br\/magazine\/fed-sinaliza-cortes-bolsa-renova-maxima-e-brasil-desacelera\/","name":"FED sinaliza cortes, Bolsa renova m\u00e1xima e Brasil desacelera | Warren Magazine","isPartOf":{"@id":"https:\/\/warren.com.br\/magazine\/#website"},"primaryImageOfPage":{"@id":"https:\/\/warren.com.br\/magazine\/fed-sinaliza-cortes-bolsa-renova-maxima-e-brasil-desacelera\/#primaryimage"},"image":{"@id":"https:\/\/warren.com.br\/magazine\/fed-sinaliza-cortes-bolsa-renova-maxima-e-brasil-desacelera\/#primaryimage"},"thumbnailUrl":"https:\/\/warren.com.br\/magazine\/wp-content\/uploads\/2024\/11\/mark-basarab-z8ct_Q3oCqM-unsplash-15.51.27-scaled.jpg","datePublished":"2025-08-25T14:28:38+00:00","dateModified":"2025-08-25T20:27:26+00:00","description":"Mercados globais atentos ao Fed, Bolsa bate recorde e economia brasileira mostra sinais de desacelera\u00e7\u00e3o. Confira os destaques da semana.","inLanguage":"pt-BR","potentialAction":[{"@type":"ReadAction","target":["https:\/\/warren.com.br\/magazine\/fed-sinaliza-cortes-bolsa-renova-maxima-e-brasil-desacelera\/"]}]},{"@type":"ImageObject","inLanguage":"pt-BR","@id":"https:\/\/warren.com.br\/magazine\/fed-sinaliza-cortes-bolsa-renova-maxima-e-brasil-desacelera\/#primaryimage","url":"https:\/\/warren.com.br\/magazine\/wp-content\/uploads\/2024\/11\/mark-basarab-z8ct_Q3oCqM-unsplash-15.51.27-scaled.jpg","contentUrl":"https:\/\/warren.com.br\/magazine\/wp-content\/uploads\/2024\/11\/mark-basarab-z8ct_Q3oCqM-unsplash-15.51.27-scaled.jpg","width":1707,"height":2560,"caption":"fed"},{"@type":"WebSite","@id":"https:\/\/warren.com.br\/magazine\/#website","url":"https:\/\/warren.com.br\/magazine\/","name":"Warren Magazine","description":"","publisher":{"@id":"https:\/\/warren.com.br\/magazine\/#organization"},"potentialAction":[{"@type":"SearchAction","target":{"@type":"EntryPoint","urlTemplate":"https:\/\/warren.com.br\/magazine\/?s={search_term_string}"},"query-input":{"@type":"PropertyValueSpecification","valueRequired":true,"valueName":"search_term_string"}}],"inLanguage":"pt-BR"},{"@type":"Organization","@id":"https:\/\/warren.com.br\/magazine\/#organization","name":"Warren Magazine","url":"https:\/\/warren.com.br\/magazine\/","logo":{"@type":"ImageObject","inLanguage":"pt-BR","@id":"https:\/\/warren.com.br\/magazine\/#\/schema\/logo\/image\/","url":"https:\/\/warren.com.br\/magazine\/wp-content\/uploads\/2023\/06\/ThumbMagazine.jpg","contentUrl":"https:\/\/warren.com.br\/magazine\/wp-content\/uploads\/2023\/06\/ThumbMagazine.jpg","width":2400,"height":1260,"caption":"Warren Magazine"},"image":{"@id":"https:\/\/warren.com.br\/magazine\/#\/schema\/logo\/image\/"},"sameAs":["https:\/\/www.facebook.com\/warrenbrasil\/","https:\/\/x.com\/warrenbrasil","https:\/\/www.instagram.com\/warrenbrasil\/","https:\/\/www.linkedin.com\/company\/warrenbrasil\/","https:\/\/www.youtube.com\/channel\/UCqIO5twa50iGz2wT5cGS-XQ"]},{"@type":"Person","@id":"https:\/\/warren.com.br\/magazine\/#\/schema\/person\/074f71d57cf6eaa01c7c7c292f06e102","name":"Rodrigo Albuquerque","image":{"@type":"ImageObject","inLanguage":"pt-BR","@id":"https:\/\/secure.gravatar.com\/avatar\/9cad8def71dfb8d0ce3f396b45036d0fe0d9c0cb6928451d5b5bbf2976a0834b?s=96&d=mm&r=g","url":"https:\/\/secure.gravatar.com\/avatar\/9cad8def71dfb8d0ce3f396b45036d0fe0d9c0cb6928451d5b5bbf2976a0834b?s=96&d=mm&r=g","contentUrl":"https:\/\/secure.gravatar.com\/avatar\/9cad8def71dfb8d0ce3f396b45036d0fe0d9c0cb6928451d5b5bbf2976a0834b?s=96&d=mm&r=g","caption":"Rodrigo Albuquerque"},"url":"https:\/\/warren.com.br\/magazine\/author\/rodrigo-albuquerque\/"}]}},"_links":{"self":[{"href":"https:\/\/warren.com.br\/magazine\/wp-json\/wp\/v2\/posts\/23200","targetHints":{"allow":["GET"]}}],"collection":[{"href":"https:\/\/warren.com.br\/magazine\/wp-json\/wp\/v2\/posts"}],"about":[{"href":"https:\/\/warren.com.br\/magazine\/wp-json\/wp\/v2\/types\/post"}],"author":[{"embeddable":true,"href":"https:\/\/warren.com.br\/magazine\/wp-json\/wp\/v2\/users\/88"}],"replies":[{"embeddable":true,"href":"https:\/\/warren.com.br\/magazine\/wp-json\/wp\/v2\/comments?post=23200"}],"version-history":[{"count":1,"href":"https:\/\/warren.com.br\/magazine\/wp-json\/wp\/v2\/posts\/23200\/revisions"}],"predecessor-version":[{"id":23202,"href":"https:\/\/warren.com.br\/magazine\/wp-json\/wp\/v2\/posts\/23200\/revisions\/23202"}],"wp:featuredmedia":[{"embeddable":true,"href":"https:\/\/warren.com.br\/magazine\/wp-json\/wp\/v2\/media\/22856"}],"wp:attachment":[{"href":"https:\/\/warren.com.br\/magazine\/wp-json\/wp\/v2\/media?parent=23200"}],"wp:term":[{"taxonomy":"category","embeddable":true,"href":"https:\/\/warren.com.br\/magazine\/wp-json\/wp\/v2\/categories?post=23200"},{"taxonomy":"post_tag","embeddable":true,"href":"https:\/\/warren.com.br\/magazine\/wp-json\/wp\/v2\/tags?post=23200"}],"curies":[{"name":"wp","href":"https:\/\/api.w.org\/{rel}","templated":true}]}}