{"id":23403,"date":"2025-10-31T14:20:28","date_gmt":"2025-10-31T17:20:28","guid":{"rendered":"https:\/\/warren.com.br\/magazine\/?p=23403"},"modified":"2025-10-31T14:20:31","modified_gmt":"2025-10-31T17:20:31","slug":"atualizacoes-carteiras-administradas","status":"publish","type":"post","link":"https:\/\/warren.com.br\/magazine\/atualizacoes-carteiras-administradas\/","title":{"rendered":"Atualiza\u00e7\u00f5es das Carteiras Administradas &#8211; Outubro\/2025"},"content":{"rendered":"\n<p>Outubro foi mais um m\u00eas de gest\u00e3o ativa e estrat\u00e9gica nas Carteiras Administradas da Warren.&nbsp;<\/p>\n\n\n\n<p>Nosso time de aloca\u00e7\u00e3o ajustou posi\u00e7\u00f5es, realizou lucros, aproveitou novas oportunidades e refor\u00e7ou a solidez das carteiras. Tudo para manter seu patrim\u00f4nio <strong>diversificado, eficiente e preparado para o cen\u00e1rio que vem pela frente.<\/strong><\/p>\n\n\n\n<p>A seguir, confira os principais movimentos do m\u00eas.<\/p>\n\n\n\n<div id=\"ez-toc-container\" class=\"ez-toc-v2_0_82_2 counter-hierarchy ez-toc-counter ez-toc-grey ez-toc-container-direction\">\n<p class=\"ez-toc-title\" style=\"cursor:inherit\">Indice<\/p>\n<label for=\"ez-toc-cssicon-toggle-item-69f520e5ef91e\" class=\"ez-toc-cssicon-toggle-label\"><span class=\"ez-toc-cssicon\"><span class=\"eztoc-hide\" style=\"display:none;\">Toggle<\/span><span class=\"ez-toc-icon-toggle-span\"><svg style=\"fill: #999;color:#999\" xmlns=\"http:\/\/www.w3.org\/2000\/svg\" class=\"list-377408\" width=\"20px\" height=\"20px\" viewBox=\"0 0 24 24\" fill=\"none\"><path d=\"M6 6H4v2h2V6zm14 0H8v2h12V6zM4 11h2v2H4v-2zm16 0H8v2h12v-2zM4 16h2v2H4v-2zm16 0H8v2h12v-2z\" fill=\"currentColor\"><\/path><\/svg><svg style=\"fill: #999;color:#999\" class=\"arrow-unsorted-368013\" xmlns=\"http:\/\/www.w3.org\/2000\/svg\" width=\"10px\" height=\"10px\" viewBox=\"0 0 24 24\" version=\"1.2\" baseProfile=\"tiny\"><path d=\"M18.2 9.3l-6.2-6.3-6.2 6.3c-.2.2-.3.4-.3.7s.1.5.3.7c.2.2.4.3.7.3h11c.3 0 .5-.1.7-.3.2-.2.3-.5.3-.7s-.1-.5-.3-.7zM5.8 14.7l6.2 6.3 6.2-6.3c.2-.2.3-.5.3-.7s-.1-.5-.3-.7c-.2-.2-.4-.3-.7-.3h-11c-.3 0-.5.1-.7.3-.2.2-.3.5-.3.7s.1.5.3.7z\"\/><\/svg><\/span><\/span><\/label><input type=\"checkbox\"  id=\"ez-toc-cssicon-toggle-item-69f520e5ef91e\"  aria-label=\"Alternar\" \/><nav><ul class='ez-toc-list ez-toc-list-level-1 ' ><li class='ez-toc-page-1 ez-toc-heading-level-2'><a class=\"ez-toc-link ez-toc-heading-1\" href=\"https:\/\/warren.com.br\/magazine\/atualizacoes-carteiras-administradas\/#Nova_posicao_em_MetroRio\" >Nova posi\u00e7\u00e3o em Metr\u00f4Rio<\/a><ul class='ez-toc-list-level-3' ><li class='ez-toc-heading-level-3'><a class=\"ez-toc-link ez-toc-heading-2\" href=\"https:\/\/warren.com.br\/magazine\/atualizacoes-carteiras-administradas\/#Por_que\" >Por que?<\/a><\/li><\/ul><\/li><li class='ez-toc-page-1 ez-toc-heading-level-2'><a class=\"ez-toc-link ez-toc-heading-3\" href=\"https:\/\/warren.com.br\/magazine\/atualizacoes-carteiras-administradas\/#Entrada_em_Brava_Energia\" >Entrada em Brava Energia<\/a><ul class='ez-toc-list-level-3' ><li class='ez-toc-heading-level-3'><a class=\"ez-toc-link ez-toc-heading-4\" href=\"https:\/\/warren.com.br\/magazine\/atualizacoes-carteiras-administradas\/#Por_que-2\" >Por que?<\/a><\/li><\/ul><\/li><li class='ez-toc-page-1 ez-toc-heading-level-2'><a class=\"ez-toc-link ez-toc-heading-5\" href=\"https:\/\/warren.com.br\/magazine\/atualizacoes-carteiras-administradas\/#Inclusao_de_Banrisul\" >Inclus\u00e3o de Banrisul<\/a><ul class='ez-toc-list-level-3' ><li class='ez-toc-heading-level-3'><a class=\"ez-toc-link ez-toc-heading-6\" href=\"https:\/\/warren.com.br\/magazine\/atualizacoes-carteiras-administradas\/#Movimentos\" >Movimentos<\/a><\/li><li class='ez-toc-page-1 ez-toc-heading-level-3'><a class=\"ez-toc-link ez-toc-heading-7\" href=\"https:\/\/warren.com.br\/magazine\/atualizacoes-carteiras-administradas\/#Por_que-3\" >Por que?<\/a><\/li><\/ul><\/li><li class='ez-toc-page-1 ez-toc-heading-level-2'><a class=\"ez-toc-link ez-toc-heading-8\" href=\"https:\/\/warren.com.br\/magazine\/atualizacoes-carteiras-administradas\/#Realocacao_para_caixa\" >Realoca\u00e7\u00e3o para caixa<\/a><ul class='ez-toc-list-level-3' ><li class='ez-toc-heading-level-3'><a class=\"ez-toc-link ez-toc-heading-9\" href=\"https:\/\/warren.com.br\/magazine\/atualizacoes-carteiras-administradas\/#Por_que-4\" >Por que?<\/a><\/li><\/ul><\/li><li class='ez-toc-page-1 ez-toc-heading-level-2'><a class=\"ez-toc-link ez-toc-heading-10\" href=\"https:\/\/warren.com.br\/magazine\/atualizacoes-carteiras-administradas\/#Novo_CRI_Melnick\" >Novo CRI Melnick<\/a><ul class='ez-toc-list-level-3' ><li class='ez-toc-heading-level-3'><a class=\"ez-toc-link ez-toc-heading-11\" href=\"https:\/\/warren.com.br\/magazine\/atualizacoes-carteiras-administradas\/#Por_que-5\" >Por que?<\/a><\/li><\/ul><\/li><li class='ez-toc-page-1 ez-toc-heading-level-2'><a class=\"ez-toc-link ez-toc-heading-12\" href=\"https:\/\/warren.com.br\/magazine\/atualizacoes-carteiras-administradas\/#Conclusao\" >Conclus\u00e3o&nbsp;<\/a><\/li><\/ul><\/nav><\/div>\n<h2 class=\"wp-block-heading\"><span class=\"ez-toc-section\" id=\"Nova_posicao_em_MetroRio\"><\/span><strong>Nova posi\u00e7\u00e3o em Metr\u00f4Rio<\/strong><span class=\"ez-toc-section-end\"><\/span><\/h2>\n\n\n\n<p>No dia <strong>2 de outubro<\/strong>, a <strong>Carteira Warren Cr\u00e9dito Privado PRO<\/strong> passou por uma atualiza\u00e7\u00e3o relevante:<br>Reduzimos em 5% a posi\u00e7\u00e3o no <strong>Cash Clash (Caixa)<\/strong> e alocamos o mesmo percentual na <strong>deb\u00eanture do Metr\u00f4Rio (IPCA + 7,88%)<\/strong>, em uma oferta prim\u00e1ria que ainda oferece <strong>cashback de 1% sobre o valor aportado, <\/strong>pago no dia 29 de outubro para todos os clientes que investem na carteira.<\/p>\n\n\n\n<h3 class=\"wp-block-heading\"><span class=\"ez-toc-section\" id=\"Por_que\"><\/span><strong>Por que?<\/strong><span class=\"ez-toc-section-end\"><\/span><\/h3>\n\n\n\n<p>O novo contrato de concess\u00e3o do Metr\u00f4Rio traz avan\u00e7os importantes:<\/p>\n\n\n\n<ul class=\"wp-block-list\">\n<li><strong>Unifica\u00e7\u00e3o das linhas 1, 2 e 4<\/strong>, agora operadas de forma conjunta,<br><\/li>\n\n\n\n<li><strong>Extens\u00e3o da concess\u00e3o at\u00e9 2048<\/strong>, ampliando previsibilidade,<br><\/li>\n\n\n\n<li><strong>Mecanismo de prote\u00e7\u00e3o de demanda<\/strong>, que reduz riscos operacionais,<br><\/li>\n\n\n\n<li>E <strong>rating AAA pela Fitch<\/strong>, que refor\u00e7a a solidez financeira da empresa.<br><\/li>\n<\/ul>\n\n\n\n<p>Com isso, a opera\u00e7\u00e3o combina <strong>seguran\u00e7a jur\u00eddica<\/strong>, gera\u00e7\u00e3o consistente de caixa e um retorno atrativo, pontos que justificam sua inclus\u00e3o na carteira.<\/p>\n\n\n\n<h2 class=\"wp-block-heading\"><span class=\"ez-toc-section\" id=\"Entrada_em_Brava_Energia\"><\/span><strong>Entrada em Brava Energia<\/strong><span class=\"ez-toc-section-end\"><\/span><\/h2>\n\n\n\n<p>Em <strong>3 de outubro<\/strong>, a <strong>Carteira Warren Cr\u00e9dito Privado Geral<\/strong> tamb\u00e9m passou por uma realoca\u00e7\u00e3o.<br>Vendemos 5% da posi\u00e7\u00e3o em <strong>Cash Clash<\/strong> para investir em <strong>deb\u00eantures da Brava Energia (CDI + 2,1%)<\/strong>.<\/p>\n\n\n\n<h3 class=\"wp-block-heading\"><span class=\"ez-toc-section\" id=\"Por_que-2\"><\/span><strong>Por que?<\/strong><span class=\"ez-toc-section-end\"><\/span><\/h3>\n\n\n\n<p>A Brava \u00e9 uma empresa do setor de \u00f3leo e g\u00e1s que vem mostrando <strong>disciplina financeira e foco em gera\u00e7\u00e3o de caixa<\/strong>, com planos s\u00f3lidos para expans\u00e3o dos campos <strong>Atlanta e Papa Terra<\/strong>.<br>J\u00e1 acompanhamos a companhia de perto na carteira PRO e identificamos uma <strong>rela\u00e7\u00e3o risco-retorno bastante atrativa<\/strong> neste novo t\u00edtulo. A ideia \u00e9 colocar o caixa para render mais, sem elevar o n\u00edvel de risco.<\/p>\n\n\n\n<h2 class=\"wp-block-heading\"><span class=\"ez-toc-section\" id=\"Inclusao_de_Banrisul\"><\/span><strong>Inclus\u00e3o de Banrisul<\/strong><span class=\"ez-toc-section-end\"><\/span><\/h2>\n\n\n\n<p>Ainda no in\u00edcio do m\u00eas, em <strong>2 de outubro<\/strong>, realizamos ajustes nas carteiras <strong>Warren Index+ Dividendos<\/strong> e <strong>Warren Index+ Micro Caps<\/strong>.<\/p>\n\n\n\n<p>As principais mudan\u00e7as foram a <strong>inclus\u00e3o de Banrisul (BRSR6)<\/strong> e a <strong>redu\u00e7\u00e3o ou encerramento de posi\u00e7\u00f5es<\/strong> em alguns ativos que j\u00e1 haviam valorizado.<\/p>\n\n\n\n<h3 class=\"wp-block-heading\"><span class=\"ez-toc-section\" id=\"Movimentos\"><\/span><strong>Movimentos<\/strong><span class=\"ez-toc-section-end\"><\/span><\/h3>\n\n\n\n<ul class=\"wp-block-list\">\n<li><strong>Warren Index+ Dividendos<\/strong><strong><br><\/strong>\n<ul class=\"wp-block-list\">\n<li>Sai: <strong>VIVT3<\/strong> (\u20131,5%) e <strong>PETR4<\/strong> (\u20131,5%)<br><\/li>\n\n\n\n<li>Entra: <strong>BRSR6<\/strong> (+3%)<br><\/li>\n<\/ul>\n<\/li>\n\n\n\n<li><strong>Warren Index+ Micro<\/strong><strong><br><\/strong>\n<ul class=\"wp-block-list\">\n<li>Sai: <strong>BRBI11<\/strong> (\u20132,5%) e <strong>LFTS11<\/strong> (\u20133,5%)<br><\/li>\n\n\n\n<li>Entra: <strong>BRSR6<\/strong> (+6%)<br><\/li>\n<\/ul>\n<\/li>\n<\/ul>\n\n\n\n<h3 class=\"wp-block-heading\"><span class=\"ez-toc-section\" id=\"Por_que-3\"><\/span><strong>Por que?<\/strong><span class=\"ez-toc-section-end\"><\/span><\/h3>\n\n\n\n<p>O banco mostrou <strong>melhora nos fundamentos<\/strong> e um valuation atrativo:<\/p>\n\n\n\n<ul class=\"wp-block-list\">\n<li><strong>ROE anualizado de 14,3%<\/strong><strong><br><\/strong><\/li>\n\n\n\n<li><strong>Pre\u00e7o\/Valor Patrimonial de 0,44x<\/strong>, bem abaixo do hist\u00f3rico<br><\/li>\n\n\n\n<li><strong>Dividend yield pr\u00f3ximo de 10%<\/strong><strong><br><\/strong><\/li>\n<\/ul>\n\n\n\n<p>A tend\u00eancia de <strong>queda da Selic<\/strong> deve beneficiar o setor, e vemos <strong>potencial de valoriza\u00e7\u00e3o relevante<\/strong>.<br><\/p>\n\n\n\n<p>Uma tese que combina <strong>valuation descontado, fundamentos s\u00f3lidos e bom carrego de dividendos.<\/strong><\/p>\n\n\n\n<h2 class=\"wp-block-heading\"><span class=\"ez-toc-section\" id=\"Realocacao_para_caixa\"><\/span>Realoca\u00e7\u00e3o para caixa<span class=\"ez-toc-section-end\"><\/span><\/h2>\n\n\n\n<p>No dia <strong>8 de outubro<\/strong>, realizamos uma <strong>reorganiza\u00e7\u00e3o de portf\u00f3lio<\/strong> nas carteiras de cr\u00e9dito privado.<br><\/p>\n\n\n\n<p>Vendemos posi\u00e7\u00f5es em <strong>QUAT13<\/strong> (nas duas carteiras) e <strong>SUZBA0<\/strong> (na PRO), direcionando os recursos para o <strong>Cash Clash<\/strong>.<\/p>\n\n\n\n<h3 class=\"wp-block-heading\"><span class=\"ez-toc-section\" id=\"Por_que-4\"><\/span><strong>Por que?<\/strong><span class=\"ez-toc-section-end\"><\/span><\/h3>\n\n\n\n<p>Aproveitamos o fechamento de spread em Suzano e o momento macroecon\u00f4mico para <strong>reduzir a duration e ajustar a exposi\u00e7\u00e3o ao IPCA<\/strong>, tornando as carteiras mais equilibradas e eficientes.<br><\/p>\n\n\n\n<p>O objetivo foi <strong>melhorar a rela\u00e7\u00e3o risco-retorno<\/strong>, mantendo a diversifica\u00e7\u00e3o e a robustez da estrat\u00e9gia.<\/p>\n\n\n\n<h2 class=\"wp-block-heading\"><span class=\"ez-toc-section\" id=\"Novo_CRI_Melnick\"><\/span>Novo CRI Melnick<span class=\"ez-toc-section-end\"><\/span><\/h2>\n\n\n\n<p>Encerrando o m\u00eas, em <strong>16 de outubro<\/strong>, a <strong>Carteira Warren Cr\u00e9dito Privado PRO<\/strong> adicionou um novo ativo: o <strong>CRI Melnick Arc\u00e1dia<\/strong>, com 5% da posi\u00e7\u00e3o total.<\/p>\n\n\n\n<h3 class=\"wp-block-heading\"><span class=\"ez-toc-section\" id=\"Por_que-5\"><\/span><strong>Por que?<\/strong><span class=\"ez-toc-section-end\"><\/span><\/h3>\n\n\n\n<p>A <strong>Melnick Arc\u00e1dia<\/strong>, subsidi\u00e1ria do grupo Melnick, \u00e9 uma incorporadora de destaque no Rio Grande do Sul, focada em projetos de <strong>m\u00e9dio e alto padr\u00e3o<\/strong>.<br><\/p>\n\n\n\n<p>Com <strong>baixo endividamento, entregas consistentes e garantias robustas<\/strong>, o CRI da empresa oferece <strong>retorno acima dos t\u00edtulos p\u00fablicos<\/strong>, mantendo um perfil de <strong>risco moderado<\/strong>.<br><\/p>\n\n\n\n<p>\u00c9 uma opera\u00e7\u00e3o <strong>originada pela pr\u00f3pria Warren<\/strong>, antes restrita a investidores profissionais e agora acess\u00edvel tamb\u00e9m a <strong>investidores qualificados<\/strong>.<\/p>\n\n\n\n<h2 class=\"wp-block-heading\"><span class=\"ez-toc-section\" id=\"Conclusao\"><\/span><strong>Conclus\u00e3o&nbsp;<\/strong><span class=\"ez-toc-section-end\"><\/span><\/h2>\n\n\n\n<p>Quando voc\u00ea investe nas Carteiras Administradas da Warren, n\u00e3o est\u00e1 apenas aplicando seu dinheiro.<br><\/p>\n\n\n\n<p>Cada decis\u00e3o t\u00e1tica \u00e9 pensada para buscar efici\u00eancia, prote\u00e7\u00e3o e novas oportunidades de retorno.<\/p>\n\n\n\n<p>Voc\u00ea coloca uma equipe de especialistas para pensar estrategicamente por voc\u00ea, ajustando o rumo conforme o cen\u00e1rio exige.<\/p>\n\n\n\n<p><strong>Invista com quem faz gest\u00e3o ativa de verdade. Conhe\u00e7a as Carteiras Administradas da Warren.<\/strong><\/p>\n","protected":false},"excerpt":{"rendered":"<p>Outubro foi mais um m\u00eas de gest\u00e3o ativa e estrat\u00e9gica nas Carteiras Administradas da Warren.<\/p>\n","protected":false},"author":8,"featured_media":23404,"comment_status":"closed","ping_status":"closed","sticky":false,"template":"","format":"standard","meta":{"_acf_changed":false,"footnotes":""},"categories":[1015],"tags":[],"class_list":["post-23403","post","type-post","status-publish","format-standard","has-post-thumbnail","hentry","category-planejamento-financeiro","entry"],"acf":[],"yoast_head":"<!-- This site is optimized with the Yoast SEO plugin v27.5 - https:\/\/yoast.com\/product\/yoast-seo-wordpress\/ -->\n<title>Atualiza\u00e7\u00f5es das Carteiras Administradas - Outubro\/2025<\/title>\n<meta name=\"description\" content=\"Gest\u00e3o ativa, novos ativos e ajustes estrat\u00e9gicos marcaram o m\u00eas na Warren. Confira as principais movimenta\u00e7\u00f5es das Carteiras Administradas.\" \/>\n<meta name=\"robots\" content=\"index, follow, max-snippet:-1, max-image-preview:large, max-video-preview:-1\" \/>\n<link rel=\"canonical\" href=\"https:\/\/warren.com.br\/magazine\/atualizacoes-carteiras-administradas\/\" \/>\n<meta property=\"og:locale\" content=\"pt_BR\" \/>\n<meta property=\"og:type\" content=\"article\" \/>\n<meta property=\"og:title\" content=\"Atualiza\u00e7\u00f5es das Carteiras Administradas - Outubro\/2025\" \/>\n<meta property=\"og:description\" content=\"Gest\u00e3o ativa, novos ativos e ajustes estrat\u00e9gicos marcaram o m\u00eas na Warren. Confira as principais movimenta\u00e7\u00f5es das Carteiras Administradas.\" \/>\n<meta property=\"og:url\" content=\"https:\/\/warren.com.br\/magazine\/atualizacoes-carteiras-administradas\/\" \/>\n<meta property=\"og:site_name\" content=\"Warren Magazine\" \/>\n<meta property=\"article:publisher\" content=\"https:\/\/www.facebook.com\/warrenbrasil\/\" \/>\n<meta property=\"article:published_time\" content=\"2025-10-31T17:20:28+00:00\" \/>\n<meta property=\"article:modified_time\" content=\"2025-10-31T17:20:31+00:00\" \/>\n<meta property=\"og:image\" content=\"https:\/\/warren.com.br\/magazine\/wp-content\/uploads\/2025\/10\/Adobe-Express-file.jpg\" \/>\n\t<meta property=\"og:image:width\" content=\"2001\" \/>\n\t<meta property=\"og:image:height\" content=\"1334\" \/>\n\t<meta property=\"og:image:type\" content=\"image\/jpeg\" \/>\n<meta name=\"author\" content=\"Reda\u00e7\u00e3o Warren\" \/>\n<meta name=\"twitter:card\" content=\"summary_large_image\" \/>\n<meta name=\"twitter:creator\" content=\"@warrenbrasil\" \/>\n<meta name=\"twitter:site\" content=\"@warrenbrasil\" \/>\n<meta name=\"twitter:label1\" content=\"Escrito por\" \/>\n\t<meta name=\"twitter:data1\" content=\"Reda\u00e7\u00e3o Warren\" \/>\n\t<meta name=\"twitter:label2\" content=\"Est. tempo de leitura\" \/>\n\t<meta name=\"twitter:data2\" content=\"4 minutos\" \/>\n<!-- \/ Yoast SEO plugin. -->","yoast_head_json":{"title":"Atualiza\u00e7\u00f5es das Carteiras Administradas - Outubro\/2025","description":"Gest\u00e3o ativa, novos ativos e ajustes estrat\u00e9gicos marcaram o m\u00eas na Warren. Confira as principais movimenta\u00e7\u00f5es das Carteiras Administradas.","robots":{"index":"index","follow":"follow","max-snippet":"max-snippet:-1","max-image-preview":"max-image-preview:large","max-video-preview":"max-video-preview:-1"},"canonical":"https:\/\/warren.com.br\/magazine\/atualizacoes-carteiras-administradas\/","og_locale":"pt_BR","og_type":"article","og_title":"Atualiza\u00e7\u00f5es das Carteiras Administradas - Outubro\/2025","og_description":"Gest\u00e3o ativa, novos ativos e ajustes estrat\u00e9gicos marcaram o m\u00eas na Warren. Confira as principais movimenta\u00e7\u00f5es das Carteiras Administradas.","og_url":"https:\/\/warren.com.br\/magazine\/atualizacoes-carteiras-administradas\/","og_site_name":"Warren Magazine","article_publisher":"https:\/\/www.facebook.com\/warrenbrasil\/","article_published_time":"2025-10-31T17:20:28+00:00","article_modified_time":"2025-10-31T17:20:31+00:00","og_image":[{"width":2001,"height":1334,"url":"https:\/\/warren.com.br\/magazine\/wp-content\/uploads\/2025\/10\/Adobe-Express-file.jpg","type":"image\/jpeg"}],"author":"Reda\u00e7\u00e3o Warren","twitter_card":"summary_large_image","twitter_creator":"@warrenbrasil","twitter_site":"@warrenbrasil","twitter_misc":{"Escrito por":"Reda\u00e7\u00e3o Warren","Est. tempo de leitura":"4 minutos"},"schema":{"@context":"https:\/\/schema.org","@graph":[{"@type":"NewsArticle","@id":"https:\/\/warren.com.br\/magazine\/atualizacoes-carteiras-administradas\/#article","isPartOf":{"@id":"https:\/\/warren.com.br\/magazine\/atualizacoes-carteiras-administradas\/"},"author":{"name":"Reda\u00e7\u00e3o Warren","@id":"https:\/\/warren.com.br\/magazine\/#\/schema\/person\/6ab5c3002c3fbf4a167e69ed8a2b228c"},"headline":"Atualiza\u00e7\u00f5es das Carteiras Administradas &#8211; Outubro\/2025","datePublished":"2025-10-31T17:20:28+00:00","dateModified":"2025-10-31T17:20:31+00:00","mainEntityOfPage":{"@id":"https:\/\/warren.com.br\/magazine\/atualizacoes-carteiras-administradas\/"},"wordCount":742,"publisher":{"@id":"https:\/\/warren.com.br\/magazine\/#organization"},"image":{"@id":"https:\/\/warren.com.br\/magazine\/atualizacoes-carteiras-administradas\/#primaryimage"},"thumbnailUrl":"https:\/\/warren.com.br\/magazine\/wp-content\/uploads\/2025\/10\/Adobe-Express-file.jpg","articleSection":["Planejamento financeiro"],"inLanguage":"pt-BR"},{"@type":"WebPage","@id":"https:\/\/warren.com.br\/magazine\/atualizacoes-carteiras-administradas\/","url":"https:\/\/warren.com.br\/magazine\/atualizacoes-carteiras-administradas\/","name":"Atualiza\u00e7\u00f5es das Carteiras Administradas - Outubro\/2025","isPartOf":{"@id":"https:\/\/warren.com.br\/magazine\/#website"},"primaryImageOfPage":{"@id":"https:\/\/warren.com.br\/magazine\/atualizacoes-carteiras-administradas\/#primaryimage"},"image":{"@id":"https:\/\/warren.com.br\/magazine\/atualizacoes-carteiras-administradas\/#primaryimage"},"thumbnailUrl":"https:\/\/warren.com.br\/magazine\/wp-content\/uploads\/2025\/10\/Adobe-Express-file.jpg","datePublished":"2025-10-31T17:20:28+00:00","dateModified":"2025-10-31T17:20:31+00:00","description":"Gest\u00e3o ativa, novos ativos e ajustes estrat\u00e9gicos marcaram o m\u00eas na Warren. Confira as principais movimenta\u00e7\u00f5es das Carteiras Administradas.","inLanguage":"pt-BR","potentialAction":[{"@type":"ReadAction","target":["https:\/\/warren.com.br\/magazine\/atualizacoes-carteiras-administradas\/"]}]},{"@type":"ImageObject","inLanguage":"pt-BR","@id":"https:\/\/warren.com.br\/magazine\/atualizacoes-carteiras-administradas\/#primaryimage","url":"https:\/\/warren.com.br\/magazine\/wp-content\/uploads\/2025\/10\/Adobe-Express-file.jpg","contentUrl":"https:\/\/warren.com.br\/magazine\/wp-content\/uploads\/2025\/10\/Adobe-Express-file.jpg","width":2001,"height":1334,"caption":"carteiras administradas"},{"@type":"WebSite","@id":"https:\/\/warren.com.br\/magazine\/#website","url":"https:\/\/warren.com.br\/magazine\/","name":"Warren Magazine","description":"","publisher":{"@id":"https:\/\/warren.com.br\/magazine\/#organization"},"potentialAction":[{"@type":"SearchAction","target":{"@type":"EntryPoint","urlTemplate":"https:\/\/warren.com.br\/magazine\/?s={search_term_string}"},"query-input":{"@type":"PropertyValueSpecification","valueRequired":true,"valueName":"search_term_string"}}],"inLanguage":"pt-BR"},{"@type":"Organization","@id":"https:\/\/warren.com.br\/magazine\/#organization","name":"Warren Magazine","url":"https:\/\/warren.com.br\/magazine\/","logo":{"@type":"ImageObject","inLanguage":"pt-BR","@id":"https:\/\/warren.com.br\/magazine\/#\/schema\/logo\/image\/","url":"https:\/\/warren.com.br\/magazine\/wp-content\/uploads\/2023\/06\/ThumbMagazine.jpg","contentUrl":"https:\/\/warren.com.br\/magazine\/wp-content\/uploads\/2023\/06\/ThumbMagazine.jpg","width":2400,"height":1260,"caption":"Warren Magazine"},"image":{"@id":"https:\/\/warren.com.br\/magazine\/#\/schema\/logo\/image\/"},"sameAs":["https:\/\/www.facebook.com\/warrenbrasil\/","https:\/\/x.com\/warrenbrasil","https:\/\/www.instagram.com\/warrenbrasil\/","https:\/\/www.linkedin.com\/company\/warrenbrasil\/","https:\/\/www.youtube.com\/channel\/UCqIO5twa50iGz2wT5cGS-XQ"]},{"@type":"Person","@id":"https:\/\/warren.com.br\/magazine\/#\/schema\/person\/6ab5c3002c3fbf4a167e69ed8a2b228c","name":"Reda\u00e7\u00e3o Warren","image":{"@type":"ImageObject","inLanguage":"pt-BR","@id":"https:\/\/warren.com.br\/magazine\/wp-content\/uploads\/2023\/12\/Instagram-avatar-96x96.png","url":"https:\/\/warren.com.br\/magazine\/wp-content\/uploads\/2023\/12\/Instagram-avatar-96x96.png","contentUrl":"https:\/\/warren.com.br\/magazine\/wp-content\/uploads\/2023\/12\/Instagram-avatar-96x96.png","caption":"Reda\u00e7\u00e3o Warren"},"url":"https:\/\/warren.com.br\/magazine\/author\/redacao-warren\/"}]}},"_links":{"self":[{"href":"https:\/\/warren.com.br\/magazine\/wp-json\/wp\/v2\/posts\/23403","targetHints":{"allow":["GET"]}}],"collection":[{"href":"https:\/\/warren.com.br\/magazine\/wp-json\/wp\/v2\/posts"}],"about":[{"href":"https:\/\/warren.com.br\/magazine\/wp-json\/wp\/v2\/types\/post"}],"author":[{"embeddable":true,"href":"https:\/\/warren.com.br\/magazine\/wp-json\/wp\/v2\/users\/8"}],"replies":[{"embeddable":true,"href":"https:\/\/warren.com.br\/magazine\/wp-json\/wp\/v2\/comments?post=23403"}],"version-history":[{"count":1,"href":"https:\/\/warren.com.br\/magazine\/wp-json\/wp\/v2\/posts\/23403\/revisions"}],"predecessor-version":[{"id":23405,"href":"https:\/\/warren.com.br\/magazine\/wp-json\/wp\/v2\/posts\/23403\/revisions\/23405"}],"wp:featuredmedia":[{"embeddable":true,"href":"https:\/\/warren.com.br\/magazine\/wp-json\/wp\/v2\/media\/23404"}],"wp:attachment":[{"href":"https:\/\/warren.com.br\/magazine\/wp-json\/wp\/v2\/media?parent=23403"}],"wp:term":[{"taxonomy":"category","embeddable":true,"href":"https:\/\/warren.com.br\/magazine\/wp-json\/wp\/v2\/categories?post=23403"},{"taxonomy":"post_tag","embeddable":true,"href":"https:\/\/warren.com.br\/magazine\/wp-json\/wp\/v2\/tags?post=23403"}],"curies":[{"name":"wp","href":"https:\/\/api.w.org\/{rel}","templated":true}]}}