{"id":23450,"date":"2025-11-25T16:23:03","date_gmt":"2025-11-25T19:23:03","guid":{"rendered":"https:\/\/warren.com.br\/magazine\/?p=23450"},"modified":"2025-11-26T10:35:08","modified_gmt":"2025-11-26T13:35:08","slug":"eleicoes-2026","status":"publish","type":"post","link":"https:\/\/warren.com.br\/magazine\/eleicoes-2026\/","title":{"rendered":"O Brasil de 2026: por dentro do jogo eleitoral"},"content":{"rendered":"\n<figure class=\"wp-block-embed is-type-video is-provider-youtube wp-block-embed-youtube wp-embed-aspect-16-9 wp-has-aspect-ratio\"><div class=\"wp-block-embed__wrapper\">\n<iframe loading=\"lazy\" title=\"Entrevista com o professor Fernando Abrucio | Warren Pol\u00edtica | Epis\u00f3dio 2\" width=\"750\" height=\"422\" src=\"https:\/\/www.youtube.com\/embed\/v5iL1CIP_hY?feature=oembed\" frameborder=\"0\" allow=\"accelerometer; autoplay; clipboard-write; encrypted-media; gyroscope; picture-in-picture; web-share\" referrerpolicy=\"strict-origin-when-cross-origin\" allowfullscreen><\/iframe>\n<\/div><\/figure>\n\n\n\n<p>No segundo epis\u00f3dio do <em>Warren Pol\u00edtica<\/em>, o economista-chefe da Warren, <strong>Felipe Salto<\/strong>, recebe o cientista pol\u00edtico <strong>Fernando Abrucio<\/strong> \u2014 professor da FGV, comentarista da GloboNews e colunista do Valor Econ\u00f4mico \u2014 para uma conversa sobre o cen\u00e1rio eleitoral, o papel das institui\u00e7\u00f5es e o ciclo pol\u00edtico que deve marcar o pa\u00eds entre 2026 e 2030.<\/p>\n\n\n\n<p>Gravado na sede da Warren, em S\u00e3o Paulo, o di\u00e1logo oferece um panorama claro das for\u00e7as que estruturam a disputa eleitoral, das tens\u00f5es no Congresso e dos desafios que o pr\u00f3ximo governo ter\u00e1 de enfrentar para estabilizar o pa\u00eds e preparar uma agenda de m\u00e9dio prazo.<\/p>\n\n\n\n<div id=\"ez-toc-container\" class=\"ez-toc-v2_0_82_2 counter-hierarchy ez-toc-counter ez-toc-grey ez-toc-container-direction\">\n<p class=\"ez-toc-title\" style=\"cursor:inherit\">Indice<\/p>\n<label for=\"ez-toc-cssicon-toggle-item-69f0e9e024fa0\" class=\"ez-toc-cssicon-toggle-label\"><span class=\"ez-toc-cssicon\"><span class=\"eztoc-hide\" style=\"display:none;\">Toggle<\/span><span class=\"ez-toc-icon-toggle-span\"><svg style=\"fill: #999;color:#999\" xmlns=\"http:\/\/www.w3.org\/2000\/svg\" class=\"list-377408\" width=\"20px\" height=\"20px\" viewBox=\"0 0 24 24\" fill=\"none\"><path d=\"M6 6H4v2h2V6zm14 0H8v2h12V6zM4 11h2v2H4v-2zm16 0H8v2h12v-2zM4 16h2v2H4v-2zm16 0H8v2h12v-2z\" fill=\"currentColor\"><\/path><\/svg><svg style=\"fill: #999;color:#999\" class=\"arrow-unsorted-368013\" xmlns=\"http:\/\/www.w3.org\/2000\/svg\" width=\"10px\" height=\"10px\" viewBox=\"0 0 24 24\" version=\"1.2\" baseProfile=\"tiny\"><path d=\"M18.2 9.3l-6.2-6.3-6.2 6.3c-.2.2-.3.4-.3.7s.1.5.3.7c.2.2.4.3.7.3h11c.3 0 .5-.1.7-.3.2-.2.3-.5.3-.7s-.1-.5-.3-.7zM5.8 14.7l6.2 6.3 6.2-6.3c.2-.2.3-.5.3-.7s-.1-.5-.3-.7c-.2-.2-.4-.3-.7-.3h-11c-.3 0-.5.1-.7.3-.2.2-.3.5-.3.7s.1.5.3.7z\"\/><\/svg><\/span><\/span><\/label><input type=\"checkbox\"  id=\"ez-toc-cssicon-toggle-item-69f0e9e024fa0\"  aria-label=\"Alternar\" \/><nav><ul class='ez-toc-list ez-toc-list-level-1 ' ><li class='ez-toc-page-1 ez-toc-heading-level-2'><a class=\"ez-toc-link ez-toc-heading-1\" href=\"https:\/\/warren.com.br\/magazine\/eleicoes-2026\/#O_quadro_eleitoral_e_a_permanencia_da_polarizacao\" >O quadro eleitoral e a perman\u00eancia da polariza\u00e7\u00e3o<\/a><\/li><li class='ez-toc-page-1 ez-toc-heading-level-2'><a class=\"ez-toc-link ez-toc-heading-2\" href=\"https:\/\/warren.com.br\/magazine\/eleicoes-2026\/#Instituicoes_Congresso_e_o_peso_crescente_da_Policia_Federal\" >Institui\u00e7\u00f5es, Congresso e o peso crescente da Pol\u00edcia Federal<\/a><\/li><li class='ez-toc-page-1 ez-toc-heading-level-2'><a class=\"ez-toc-link ez-toc-heading-3\" href=\"https:\/\/warren.com.br\/magazine\/eleicoes-2026\/#O_ciclo_ate_2030_e_os_desafios_inevitaveis\" >O ciclo at\u00e9 2030 e os desafios inevit\u00e1veis<\/a><\/li><li class='ez-toc-page-1 ez-toc-heading-level-2'><a class=\"ez-toc-link ez-toc-heading-4\" href=\"https:\/\/warren.com.br\/magazine\/eleicoes-2026\/#Conclusao\" >Conclus\u00e3o<\/a><\/li><\/ul><\/nav><\/div>\n<h2 class=\"wp-block-heading\"><span class=\"ez-toc-section\" id=\"O_quadro_eleitoral_e_a_permanencia_da_polarizacao\"><\/span>O quadro eleitoral e a perman\u00eancia da polariza\u00e7\u00e3o<span class=\"ez-toc-section-end\"><\/span><\/h2>\n\n\n\n<p>Abrucio inicia destacando que, apesar das mudan\u00e7as dos \u00faltimos anos, <strong>a pol\u00edtica brasileira permanece organizada pela polariza\u00e7\u00e3o entre lulismo e bolsonarismo<\/strong>. Segundo ele, os dois blocos continuam concentrando a maior parte do eleitorado e seguem como refer\u00eancia do sistema partid\u00e1rio.<\/p>\n\n\n\n<blockquote class=\"wp-block-quote is-layout-flow wp-block-quote-is-layout-flow\">\n<p>\u201cQuando voc\u00ea coloca o nome Lula, aparece entre 32% e 38%. Quando coloca o nome Bolsonaro, ele vai de 20% a 30%. Eles continuam produzindo, juntos, algo entre 70% e 80% dos votos\u201d, afirma.<\/p>\n<\/blockquote>\n\n\n\n<p>Mesmo com Jair Bolsonaro ineleg\u00edvel, Abrucio considera improv\u00e1vel que a direita abra m\u00e3o do capital simb\u00f3lico da fam\u00edlia:<\/p>\n\n\n\n<blockquote class=\"wp-block-quote is-layout-flow wp-block-quote-is-layout-flow\">\n<p>\u201c\u00c9 muito dif\u00edcil que n\u00e3o tenha um nome Bolsonaro numa cabe\u00e7a de chapa em 2026. O ativo deles \u00e9 o nome, n\u00e3o a pessoa.\u201d<\/p>\n<\/blockquote>\n\n\n\n<p>Esse cen\u00e1rio pressiona candidaturas alternativas \u2014 como as de <strong>Tarc\u00edsio<\/strong>, <strong>Eduardo Leite<\/strong> ou <strong>Ratinho Jr.<\/strong> \u2014 e restringe o espa\u00e7o para o centro no curto prazo. Ainda assim, Abrucio aponta que <strong>a real janela de renova\u00e7\u00e3o deve surgir apenas em 2030<\/strong>, quando Lula n\u00e3o estar\u00e1 mais na disputa e o bolsonarismo poder\u00e1 enfrentar um enfraquecimento caso n\u00e3o ven\u00e7a em 2026.<\/p>\n\n\n\n<h2 class=\"wp-block-heading\"><span class=\"ez-toc-section\" id=\"Instituicoes_Congresso_e_o_peso_crescente_da_Policia_Federal\"><\/span>Institui\u00e7\u00f5es, Congresso e o peso crescente da Pol\u00edcia Federal<span class=\"ez-toc-section-end\"><\/span><\/h2>\n\n\n\n<p>Um dos pontos centrais da conversa \u00e9 o peso das institui\u00e7\u00f5es no pr\u00f3ximo ciclo eleitoral.<br>Abrucio prev\u00ea que a <strong>Pol\u00edcia Federal ter\u00e1 um protagonismo in\u00e9dito<\/strong> na campanha, impulsionada por dezenas de investiga\u00e7\u00f5es envolvendo emendas e irregularidades:<\/p>\n\n\n\n<blockquote class=\"wp-block-quote is-layout-flow wp-block-quote-is-layout-flow\">\n<p>\u201cH\u00e1 mais de 80 processos sob sigilo relativos a emendas. Isso vai aparecer muito na elei\u00e7\u00e3o\u201d, observa.<\/p>\n<\/blockquote>\n\n\n\n<p>O cientista pol\u00edtico distingue dois grandes blocos que disputam o centro:<\/p>\n\n\n\n<ul class=\"wp-block-list\">\n<li>um <strong>\u201ccentr\u00e3o tradicional\u201d<\/strong>, mais desgastado e foco de investiga\u00e7\u00f5es;<br><\/li>\n\n\n\n<li>e um <strong>\u201cnovo centro\u201d<\/strong>, liderado por PSD e MDB, com maior capilaridade regional e menos exposi\u00e7\u00e3o.<br><\/li>\n<\/ul>\n\n\n\n<p>Ele tamb\u00e9m destaca que o atual modelo de emendas parlamentares criou tens\u00f5es profundas:<\/p>\n\n\n\n<blockquote class=\"wp-block-quote is-layout-flow wp-block-quote-is-layout-flow\">\n<p>\u201cTem deputado que tem 100 milh\u00f5es por ano. \u00c9 imposs\u00edvel sustentar isso sem desgaste. A opini\u00e3o p\u00fablica n\u00e3o vai tolerar.\u201d<\/p>\n<\/blockquote>\n\n\n\n<p>Para Abrucio, esse arranjo olig\u00e1rquico que se formou na C\u00e2mara est\u00e1 pr\u00f3ximo do limite \u2014 pressionado pela sociedade, pela cobertura da imprensa, pelas investiga\u00e7\u00f5es e pela incapacidade de entregar resultados consistentes.<\/p>\n\n\n\n<p>Na frente da seguran\u00e7a p\u00fablica, tema que ganha for\u00e7a no debate nacional, ele v\u00ea vantagem para <strong>Fl\u00e1vio Bolsonaro<\/strong>, que tenta se posicionar como voz cr\u00edtica \u201cde fora\u201d:<\/p>\n\n\n\n<blockquote class=\"wp-block-quote is-layout-flow wp-block-quote-is-layout-flow\">\n<p>\u201c\u00c9 mais f\u00e1cil defender um discurso duro estando fora do governo.\u201d<\/p>\n<\/blockquote>\n\n\n\n<h2 class=\"wp-block-heading\"><span class=\"ez-toc-section\" id=\"O_ciclo_ate_2030_e_os_desafios_inevitaveis\"><\/span>O ciclo at\u00e9 2030 e os desafios inevit\u00e1veis<span class=\"ez-toc-section-end\"><\/span><\/h2>\n\n\n\n<p>Independentemente do resultado das urnas, Abrucio afirma que o pr\u00f3ximo governo ter\u00e1 de enfrentar <strong>uma agenda dura e inevit\u00e1vel<\/strong> de reformas entre 2027 e 2028.<\/p>\n\n\n\n<p><em>\u201cQualquer presidente vai ter que entrar nessa agenda. A realidade se imp\u00f5e\u201d<\/em>, diz, lembrando que momentos semelhantes j\u00e1 ocorreram nos governos FHC, Lula e at\u00e9 no in\u00edcio do per\u00edodo Bolsonaro.<\/p>\n\n\n\n<p>Entre os pontos estruturantes, ele destaca:<\/p>\n\n\n\n<ul class=\"wp-block-list\">\n<li>a moderniza\u00e7\u00e3o do or\u00e7amento p\u00fablico, ainda baseado em uma lei de 1964;<\/li>\n\n\n\n<li>a revis\u00e3o das emendas parlamentares e das ren\u00fancias fiscais;<\/li>\n\n\n\n<li>a integra\u00e7\u00e3o entre Uni\u00e3o e estados na pol\u00edtica de seguran\u00e7a;<\/li>\n\n\n\n<li>reformas em educa\u00e7\u00e3o profissional e primeira inf\u00e2ncia;<\/li>\n\n\n\n<li>e medidas que permitam <strong>estabilizar a d\u00edvida e sustentar uma trajet\u00f3ria de juros mais baixa<\/strong>.<br><\/li>\n<\/ul>\n\n\n\n<p>Para Abrucio, esse pacote de reformas \u00e9 o que realmente definir\u00e1 o ambiente de 2030, criando o espa\u00e7o \u2014 ou n\u00e3o \u2014 para novas lideran\u00e7as e um sistema pol\u00edtico menos aprisionado \u00e0 polariza\u00e7\u00e3o atual.<\/p>\n\n\n\n<p>Ele lembra que experi\u00eancias internacionais mostram a for\u00e7a de candidaturas antissistema, que podem surgir como express\u00e3o do cansa\u00e7o social, ainda que n\u00e3o necessariamente competitivas para vencer uma elei\u00e7\u00e3o nacional.<\/p>\n\n\n\n<p><em>\u201cA qualidade do debate p\u00fablico ter\u00e1 papel central\u201d<\/em>, afirma. <em>\u201cDemocracia n\u00e3o \u00e9 s\u00f3 votar. \u00c9 permitir conversas que mudem opini\u00f5es e que fortale\u00e7am as institui\u00e7\u00f5es.\u201d<\/em><\/p>\n\n\n\n<h2 class=\"wp-block-heading\"><span class=\"ez-toc-section\" id=\"Conclusao\"><\/span>Conclus\u00e3o<span class=\"ez-toc-section-end\"><\/span><\/h2>\n\n\n\n<p>O epis\u00f3dio com Fernando Abrucio oferece uma leitura l\u00facida e abrangente do Brasil \u00e0s v\u00e9speras da elei\u00e7\u00e3o de 2026.<br>Entre a persist\u00eancia da polariza\u00e7\u00e3o, o peso das institui\u00e7\u00f5es e a necessidade de reformas profundas, o pa\u00eds entra em um ciclo decisivo \u2014 capaz de definir o tom pol\u00edtico e econ\u00f4mico da pr\u00f3xima d\u00e9cada.<\/p>\n\n\n\n<p>Para Abrucio, os anos de 2027 e 2028 ser\u00e3o determinantes para pavimentar o Brasil que poder\u00e1 emergir em 2030: mais previs\u00edvel, mais moderno e menos ref\u00e9m das amarras que marcaram o passado recente.<\/p>\n\n\n\n<p>Assista ao epis\u00f3dio completo no canal da Warren no YouTube e acompanhe os pr\u00f3ximos convidados do <em>Warren Pol\u00edtica<\/em>.<\/p>\n\n\n\n<p><\/p>\n","protected":false},"excerpt":{"rendered":"<p>No terceiro epis\u00f3dio do Warren Pol\u00edtica, Felipe Salto conversa com Gilberto Kassab sobre o cen\u00e1rio eleitoral de 2026, o papel do centro e os desafios institucionais que devem marcar o pr\u00f3ximo ciclo de governo.<\/p>\n","protected":false},"author":8,"featured_media":23454,"comment_status":"closed","ping_status":"closed","sticky":false,"template":"","format":"standard","meta":{"_acf_changed":false,"footnotes":""},"categories":[1016],"tags":[],"class_list":["post-23450","post","type-post","status-publish","format-standard","has-post-thumbnail","hentry","category-por-dentro-do-mercado","entry"],"acf":[],"yoast_head":"<!-- This site is optimized with the Yoast SEO plugin v27.5 - https:\/\/yoast.com\/product\/yoast-seo-wordpress\/ -->\n<title>O Brasil de 2026: por dentro do jogo eleitoral | Warren Magazine<\/title>\n<meta name=\"description\" content=\"Fernando Abrucio analisa a polariza\u00e7\u00e3o, o papel das institui\u00e7\u00f5es e os desafios que definem o cen\u00e1rio eleitoral rumo a 2026.\" \/>\n<meta name=\"robots\" content=\"index, follow, max-snippet:-1, max-image-preview:large, max-video-preview:-1\" \/>\n<link rel=\"canonical\" href=\"https:\/\/warren.com.br\/magazine\/eleicoes-2026\/\" \/>\n<meta property=\"og:locale\" content=\"pt_BR\" \/>\n<meta property=\"og:type\" content=\"article\" \/>\n<meta property=\"og:title\" content=\"O Brasil de 2026: por dentro do jogo eleitoral | Warren Magazine\" \/>\n<meta property=\"og:description\" content=\"Fernando Abrucio analisa a polariza\u00e7\u00e3o, o papel das institui\u00e7\u00f5es e os desafios que definem o cen\u00e1rio eleitoral rumo a 2026.\" \/>\n<meta property=\"og:url\" content=\"https:\/\/warren.com.br\/magazine\/eleicoes-2026\/\" \/>\n<meta property=\"og:site_name\" content=\"Warren Magazine\" \/>\n<meta property=\"article:publisher\" content=\"https:\/\/www.facebook.com\/warrenbrasil\/\" \/>\n<meta property=\"article:published_time\" content=\"2025-11-25T19:23:03+00:00\" \/>\n<meta property=\"article:modified_time\" content=\"2025-11-26T13:35:08+00:00\" \/>\n<meta property=\"og:image\" content=\"https:\/\/warren.com.br\/magazine\/wp-content\/uploads\/2025\/11\/Salto-4-1-scaled.jpeg\" \/>\n\t<meta property=\"og:image:width\" content=\"2560\" \/>\n\t<meta property=\"og:image:height\" content=\"1708\" \/>\n\t<meta property=\"og:image:type\" content=\"image\/jpeg\" \/>\n<meta name=\"author\" content=\"Reda\u00e7\u00e3o Warren\" \/>\n<meta name=\"twitter:card\" content=\"summary_large_image\" \/>\n<meta name=\"twitter:creator\" content=\"@warrenbrasil\" \/>\n<meta name=\"twitter:site\" content=\"@warrenbrasil\" \/>\n<meta name=\"twitter:label1\" content=\"Escrito por\" \/>\n\t<meta name=\"twitter:data1\" content=\"Reda\u00e7\u00e3o Warren\" \/>\n\t<meta name=\"twitter:label2\" content=\"Est. tempo de leitura\" \/>\n\t<meta name=\"twitter:data2\" content=\"4 minutos\" \/>\n<!-- \/ Yoast SEO plugin. -->","yoast_head_json":{"title":"O Brasil de 2026: por dentro do jogo eleitoral | Warren Magazine","description":"Fernando Abrucio analisa a polariza\u00e7\u00e3o, o papel das institui\u00e7\u00f5es e os desafios que definem o cen\u00e1rio eleitoral rumo a 2026.","robots":{"index":"index","follow":"follow","max-snippet":"max-snippet:-1","max-image-preview":"max-image-preview:large","max-video-preview":"max-video-preview:-1"},"canonical":"https:\/\/warren.com.br\/magazine\/eleicoes-2026\/","og_locale":"pt_BR","og_type":"article","og_title":"O Brasil de 2026: por dentro do jogo eleitoral | Warren Magazine","og_description":"Fernando Abrucio analisa a polariza\u00e7\u00e3o, o papel das institui\u00e7\u00f5es e os desafios que definem o cen\u00e1rio eleitoral rumo a 2026.","og_url":"https:\/\/warren.com.br\/magazine\/eleicoes-2026\/","og_site_name":"Warren Magazine","article_publisher":"https:\/\/www.facebook.com\/warrenbrasil\/","article_published_time":"2025-11-25T19:23:03+00:00","article_modified_time":"2025-11-26T13:35:08+00:00","og_image":[{"width":2560,"height":1708,"url":"https:\/\/warren.com.br\/magazine\/wp-content\/uploads\/2025\/11\/Salto-4-1-scaled.jpeg","type":"image\/jpeg"}],"author":"Reda\u00e7\u00e3o Warren","twitter_card":"summary_large_image","twitter_creator":"@warrenbrasil","twitter_site":"@warrenbrasil","twitter_misc":{"Escrito por":"Reda\u00e7\u00e3o Warren","Est. tempo de leitura":"4 minutos"},"schema":{"@context":"https:\/\/schema.org","@graph":[{"@type":"NewsArticle","@id":"https:\/\/warren.com.br\/magazine\/eleicoes-2026\/#article","isPartOf":{"@id":"https:\/\/warren.com.br\/magazine\/eleicoes-2026\/"},"author":{"name":"Reda\u00e7\u00e3o Warren","@id":"https:\/\/warren.com.br\/magazine\/#\/schema\/person\/6ab5c3002c3fbf4a167e69ed8a2b228c"},"headline":"O Brasil de 2026: por dentro do jogo eleitoral","datePublished":"2025-11-25T19:23:03+00:00","dateModified":"2025-11-26T13:35:08+00:00","mainEntityOfPage":{"@id":"https:\/\/warren.com.br\/magazine\/eleicoes-2026\/"},"wordCount":897,"publisher":{"@id":"https:\/\/warren.com.br\/magazine\/#organization"},"image":{"@id":"https:\/\/warren.com.br\/magazine\/eleicoes-2026\/#primaryimage"},"thumbnailUrl":"https:\/\/warren.com.br\/magazine\/wp-content\/uploads\/2025\/11\/Salto-4-1-scaled.jpeg","articleSection":["Por dentro do mercado"],"inLanguage":"pt-BR"},{"@type":"WebPage","@id":"https:\/\/warren.com.br\/magazine\/eleicoes-2026\/","url":"https:\/\/warren.com.br\/magazine\/eleicoes-2026\/","name":"O Brasil de 2026: por dentro do jogo eleitoral | Warren Magazine","isPartOf":{"@id":"https:\/\/warren.com.br\/magazine\/#website"},"primaryImageOfPage":{"@id":"https:\/\/warren.com.br\/magazine\/eleicoes-2026\/#primaryimage"},"image":{"@id":"https:\/\/warren.com.br\/magazine\/eleicoes-2026\/#primaryimage"},"thumbnailUrl":"https:\/\/warren.com.br\/magazine\/wp-content\/uploads\/2025\/11\/Salto-4-1-scaled.jpeg","datePublished":"2025-11-25T19:23:03+00:00","dateModified":"2025-11-26T13:35:08+00:00","description":"Fernando Abrucio analisa a polariza\u00e7\u00e3o, o papel das institui\u00e7\u00f5es e os desafios que definem o cen\u00e1rio eleitoral rumo a 2026.","inLanguage":"pt-BR","potentialAction":[{"@type":"ReadAction","target":["https:\/\/warren.com.br\/magazine\/eleicoes-2026\/"]}]},{"@type":"ImageObject","inLanguage":"pt-BR","@id":"https:\/\/warren.com.br\/magazine\/eleicoes-2026\/#primaryimage","url":"https:\/\/warren.com.br\/magazine\/wp-content\/uploads\/2025\/11\/Salto-4-1-scaled.jpeg","contentUrl":"https:\/\/warren.com.br\/magazine\/wp-content\/uploads\/2025\/11\/Salto-4-1-scaled.jpeg","width":2560,"height":1708,"caption":"elei\u00e7\u00f5es 2026"},{"@type":"WebSite","@id":"https:\/\/warren.com.br\/magazine\/#website","url":"https:\/\/warren.com.br\/magazine\/","name":"Warren Magazine","description":"","publisher":{"@id":"https:\/\/warren.com.br\/magazine\/#organization"},"potentialAction":[{"@type":"SearchAction","target":{"@type":"EntryPoint","urlTemplate":"https:\/\/warren.com.br\/magazine\/?s={search_term_string}"},"query-input":{"@type":"PropertyValueSpecification","valueRequired":true,"valueName":"search_term_string"}}],"inLanguage":"pt-BR"},{"@type":"Organization","@id":"https:\/\/warren.com.br\/magazine\/#organization","name":"Warren Magazine","url":"https:\/\/warren.com.br\/magazine\/","logo":{"@type":"ImageObject","inLanguage":"pt-BR","@id":"https:\/\/warren.com.br\/magazine\/#\/schema\/logo\/image\/","url":"https:\/\/warren.com.br\/magazine\/wp-content\/uploads\/2023\/06\/ThumbMagazine.jpg","contentUrl":"https:\/\/warren.com.br\/magazine\/wp-content\/uploads\/2023\/06\/ThumbMagazine.jpg","width":2400,"height":1260,"caption":"Warren Magazine"},"image":{"@id":"https:\/\/warren.com.br\/magazine\/#\/schema\/logo\/image\/"},"sameAs":["https:\/\/www.facebook.com\/warrenbrasil\/","https:\/\/x.com\/warrenbrasil","https:\/\/www.instagram.com\/warrenbrasil\/","https:\/\/www.linkedin.com\/company\/warrenbrasil\/","https:\/\/www.youtube.com\/channel\/UCqIO5twa50iGz2wT5cGS-XQ"]},{"@type":"Person","@id":"https:\/\/warren.com.br\/magazine\/#\/schema\/person\/6ab5c3002c3fbf4a167e69ed8a2b228c","name":"Reda\u00e7\u00e3o Warren","image":{"@type":"ImageObject","inLanguage":"pt-BR","@id":"https:\/\/warren.com.br\/magazine\/wp-content\/uploads\/2023\/12\/Instagram-avatar-96x96.png","url":"https:\/\/warren.com.br\/magazine\/wp-content\/uploads\/2023\/12\/Instagram-avatar-96x96.png","contentUrl":"https:\/\/warren.com.br\/magazine\/wp-content\/uploads\/2023\/12\/Instagram-avatar-96x96.png","caption":"Reda\u00e7\u00e3o Warren"},"url":"https:\/\/warren.com.br\/magazine\/author\/redacao-warren\/"}]}},"_links":{"self":[{"href":"https:\/\/warren.com.br\/magazine\/wp-json\/wp\/v2\/posts\/23450","targetHints":{"allow":["GET"]}}],"collection":[{"href":"https:\/\/warren.com.br\/magazine\/wp-json\/wp\/v2\/posts"}],"about":[{"href":"https:\/\/warren.com.br\/magazine\/wp-json\/wp\/v2\/types\/post"}],"author":[{"embeddable":true,"href":"https:\/\/warren.com.br\/magazine\/wp-json\/wp\/v2\/users\/8"}],"replies":[{"embeddable":true,"href":"https:\/\/warren.com.br\/magazine\/wp-json\/wp\/v2\/comments?post=23450"}],"version-history":[{"count":3,"href":"https:\/\/warren.com.br\/magazine\/wp-json\/wp\/v2\/posts\/23450\/revisions"}],"predecessor-version":[{"id":23456,"href":"https:\/\/warren.com.br\/magazine\/wp-json\/wp\/v2\/posts\/23450\/revisions\/23456"}],"wp:featuredmedia":[{"embeddable":true,"href":"https:\/\/warren.com.br\/magazine\/wp-json\/wp\/v2\/media\/23454"}],"wp:attachment":[{"href":"https:\/\/warren.com.br\/magazine\/wp-json\/wp\/v2\/media?parent=23450"}],"wp:term":[{"taxonomy":"category","embeddable":true,"href":"https:\/\/warren.com.br\/magazine\/wp-json\/wp\/v2\/categories?post=23450"},{"taxonomy":"post_tag","embeddable":true,"href":"https:\/\/warren.com.br\/magazine\/wp-json\/wp\/v2\/tags?post=23450"}],"curies":[{"name":"wp","href":"https:\/\/api.w.org\/{rel}","templated":true}]}}