{"id":6026,"date":"2021-01-20T18:19:00","date_gmt":"2021-01-20T21:19:00","guid":{"rendered":"https:\/\/warren.com.br\/magazine\/?p=6026"},"modified":"2023-08-02T22:14:23","modified_gmt":"2023-08-03T01:14:23","slug":"nova-queda-selic-entenda-impactos-renda-fixa","status":"publish","type":"post","link":"https:\/\/warren.com.br\/magazine\/nova-queda-selic-entenda-impactos-renda-fixa\/","title":{"rendered":"Selic mantida em 2% ao ano: veja os impactos na renda fixa"},"content":{"rendered":"<div id=\"playht-iframe-wrapper\" style=\"max-height: 210px !important;\">\n\t<iframe\n\tscrolling=\"no\"\n\tclass=\"playht-iframe-player\"\n\tid=\"playht-iframe-player\"\n\theight=\"90px\"\n\twidth=\"100%\"\n\tframeborder=\"0\"\n\tstyle=\"max-height: 90px; height: 90px !important;\"\n\tsrc=\"https:\/\/play.ht\/embed\/?article_url=https:\/\/warren.com.br\/magazine\/?p=6026&voice=pt-BR-FranciscaNeural&appId=l7OQ6uC_zK&trans_id=-N7R1dMKJGYLYNY622vW\"\n\tdata-voice=\"pt-BR-FranciscaNeural\"\n\tarticle-url=\"https:\/\/warren.com.br\/magazine\/?p=6026\"\n\tdata-appId=\"l7OQ6uC_zK\"\n\tallowfullscreen=\"\">\n\t<\/iframe>\n<\/div>\n\n<p>Em reuni\u00e3o finalizada na tarde desta quarta-feira, a primeira de 2021, o Banco Central manteve a taxa b\u00e1sica de juros da economia, a <strong>Selic<\/strong>, em 2%.<\/p>\n\n\n\n<p>Em linha com o que o mercado aguardava, a decis\u00e3o foi un\u00e2nime entre todos os membros do Comit\u00ea de Pol\u00edtica Monet\u00e1ria (COPOM), que tem a miss\u00e3o de preservar o poder de compra do real.<\/p>\n\n\n\n<p>Na pr\u00e1tica, a Selic continua no seu <strong>menor patamar hist\u00f3rico<\/strong>, abaixo, inclusive, da <a href=\"https:\/\/warren.com.br\/magazine\/inflacao\/\">infla\u00e7\u00e3o<\/a>, o que traz diversos desafios para os investidores.<\/p>\n\n\n\n<p>Na <a href=\"https:\/\/warren.com.br\/magazine\/investimento-renda-fixa\/\">renda fixa<\/a>, por exemplo, \u00e9 preciso criatividade &#8212; e at\u00e9 tomar mais risco &#8212; para conseguir rendimentos superiores \u00e0 infla\u00e7\u00e3o, que mantenham o poder de compra no longo prazo.<\/p>\n\n\n\n<p>Afinal, como investir nesse cen\u00e1rio de Selic na m\u00ednima hist\u00f3rica, e o que o Banco Central sinalizou na reuni\u00e3o desta quarta-feira, na qual decidiu manter a Selic no mesmo patamar em que ela se encontra desde agosto de 2020?<\/p>\n\n\n\n<p>Vamos entender melhor a seguir.<\/p>\n\n\n\n<div id=\"ez-toc-container\" class=\"ez-toc-v2_0_82_2 counter-hierarchy ez-toc-counter ez-toc-grey ez-toc-container-direction\">\n<p class=\"ez-toc-title\" style=\"cursor:inherit\">Indice<\/p>\n<label for=\"ez-toc-cssicon-toggle-item-69f44e1138c54\" class=\"ez-toc-cssicon-toggle-label\"><span class=\"ez-toc-cssicon\"><span class=\"eztoc-hide\" style=\"display:none;\">Toggle<\/span><span class=\"ez-toc-icon-toggle-span\"><svg style=\"fill: #999;color:#999\" xmlns=\"http:\/\/www.w3.org\/2000\/svg\" class=\"list-377408\" width=\"20px\" height=\"20px\" viewBox=\"0 0 24 24\" fill=\"none\"><path d=\"M6 6H4v2h2V6zm14 0H8v2h12V6zM4 11h2v2H4v-2zm16 0H8v2h12v-2zM4 16h2v2H4v-2zm16 0H8v2h12v-2z\" fill=\"currentColor\"><\/path><\/svg><svg style=\"fill: #999;color:#999\" class=\"arrow-unsorted-368013\" xmlns=\"http:\/\/www.w3.org\/2000\/svg\" width=\"10px\" height=\"10px\" viewBox=\"0 0 24 24\" version=\"1.2\" baseProfile=\"tiny\"><path d=\"M18.2 9.3l-6.2-6.3-6.2 6.3c-.2.2-.3.4-.3.7s.1.5.3.7c.2.2.4.3.7.3h11c.3 0 .5-.1.7-.3.2-.2.3-.5.3-.7s-.1-.5-.3-.7zM5.8 14.7l6.2 6.3 6.2-6.3c.2-.2.3-.5.3-.7s-.1-.5-.3-.7c-.2-.2-.4-.3-.7-.3h-11c-.3 0-.5.1-.7.3-.2.2-.3.5-.3.7s.1.5.3.7z\"\/><\/svg><\/span><\/span><\/label><input type=\"checkbox\"  id=\"ez-toc-cssicon-toggle-item-69f44e1138c54\"  aria-label=\"Alternar\" \/><nav><ul class='ez-toc-list ez-toc-list-level-1 ' ><li class='ez-toc-page-1 ez-toc-heading-level-2'><a class=\"ez-toc-link ez-toc-heading-1\" href=\"https:\/\/warren.com.br\/magazine\/nova-queda-selic-entenda-impactos-renda-fixa\/#O_que_significa_a_taxa_Selic_em_2\" >O que significa a taxa Selic em 2%?<\/a><\/li><li class='ez-toc-page-1 ez-toc-heading-level-2'><a class=\"ez-toc-link ez-toc-heading-2\" href=\"https:\/\/warren.com.br\/magazine\/nova-queda-selic-entenda-impactos-renda-fixa\/#Como_ficam_os_investimentos_em_Renda_Fixa\" >Como ficam os investimentos em Renda Fixa?<\/a><ul class='ez-toc-list-level-3' ><li class='ez-toc-heading-level-3'><a class=\"ez-toc-link ez-toc-heading-3\" href=\"https:\/\/warren.com.br\/magazine\/nova-queda-selic-entenda-impactos-renda-fixa\/#Poupanca\" >Poupan\u00e7a<\/a><\/li><li class='ez-toc-page-1 ez-toc-heading-level-3'><a class=\"ez-toc-link ez-toc-heading-4\" href=\"https:\/\/warren.com.br\/magazine\/nova-queda-selic-entenda-impactos-renda-fixa\/#Titulos_publicos\" >T\u00edtulos p\u00fablicos<\/a><\/li><li class='ez-toc-page-1 ez-toc-heading-level-3'><a class=\"ez-toc-link ez-toc-heading-5\" href=\"https:\/\/warren.com.br\/magazine\/nova-queda-selic-entenda-impactos-renda-fixa\/#Titulos_do_credito_privado\" >T\u00edtulos do cr\u00e9dito privado<\/a><\/li><\/ul><\/li><li class='ez-toc-page-1 ez-toc-heading-level-2'><a class=\"ez-toc-link ez-toc-heading-6\" href=\"https:\/\/warren.com.br\/magazine\/nova-queda-selic-entenda-impactos-renda-fixa\/#E_a_Bolsa_de_Valores_continua_sendo_uma_boa_oportunidade\" >E a Bolsa de Valores continua sendo uma boa oportunidade?<\/a><\/li><li class='ez-toc-page-1 ez-toc-heading-level-2'><a class=\"ez-toc-link ez-toc-heading-7\" href=\"https:\/\/warren.com.br\/magazine\/nova-queda-selic-entenda-impactos-renda-fixa\/#Qual_e_a_perspectiva_daqui_para_frente\" >Qual \u00e9 a perspectiva daqui para frente?<\/a><\/li><\/ul><\/nav><\/div>\n<h2 class=\"wp-block-heading\" id=\"o-que-significa-a-taxa-selic-em-2\"><span class=\"ez-toc-section\" id=\"O_que_significa_a_taxa_Selic_em_2\"><\/span><strong>O que significa a taxa Selic em 2%?<\/strong><span class=\"ez-toc-section-end\"><\/span><\/h2>\n\n\n\n<p>A taxa Selic \u00e9 a taxa b\u00e1sica de juros da economia. Ela \u00e9 a refer\u00eancia utilizada pelo mercado financeiro e impacta diretamente o comportamento de outros indexadores como o<strong> <a href=\"https:\/\/warren.com.br\/magazine\/cdi\/\">CDI<\/a><\/strong>.<\/p>\n\n\n\n<p>Para definir o valor da Selic, o Banco Central leva em considera\u00e7\u00e3o, principalmente, o controle da infla\u00e7\u00e3o.<\/p>\n\n\n\n<p>A l\u00f3gica \u00e9 f\u00e1cil de entender: quando a taxa de juros cai, o cr\u00e9dito fica mais acess\u00edvel e a oferta de dinheiro no mercado aumenta. Quando a taxa de juros sobe, a consequ\u00eancia \u00e9 menos dinheiro em circula\u00e7\u00e3o.<\/p>\n\n\n\n<p>Por isso, essa taxa \u00e9 um dos principais instrumentos do Banco Central para manter a Selic na meta estipulada na pol\u00edtica monet\u00e1ria.&nbsp; <\/p>\n\n\n\n<p>Em queda desde 2016, a taxa Selic foi reduzida de forma dr\u00e1stica pelo Banco Central em 2020, como uma das medidas para atenuar os efeitos da pandemia e facilitar o acesso a cr\u00e9dito no mercado.<\/p>\n\n\n\n<p>O corte mais recente ocorreu em agosto, quando a taxa caiu para 2%. Para voc\u00ea ter uma ideia, o valor era de 4,5% em dezembro de 2019.<\/p>\n\n\n\n<p>Observe como \u00e9 realizado o horizonte de controle de infla\u00e7\u00e3o na figura abaixo.<\/p>\n\n\n\n<p><strong><a rel=\"noreferrer noopener\" href=\"https:\/\/warrenbrasil.com.br\/\" target=\"_blank\">J\u00e1 \u00e9 cliente da Warren? Comece agora!<\/a><\/strong><\/p>\n\n\n\n<figure class=\"wp-block-image\"><img decoding=\"async\" src=\"https:\/\/lh3.googleusercontent.com\/hlzMl2zd22-Ktm3mvsvSSJJ-yDNbYScxFJ3M23jm_XGIHVhADr1oV2kYbnhqiTO8ktaKcRGrQHjvtsfN3tkhu5EESSz0RsZzcx4fNsFe9CdGoK8Ve2Mz7sPju9XpARCx3-sca3Hl\" alt=\"\"\/><figcaption>Fonte: Banco Central.<\/figcaption><\/figure>\n\n\n\n<p>Mas a Selic n\u00e3o impacta apenas na infla\u00e7\u00e3o. <\/p>\n\n\n\n<p>Como voc\u00ea sabe, a taxa de juros exerce enorme influ\u00eancia sobre <strong>os fluxos de investimento no pa\u00eds<\/strong>, j\u00e1 que muitos indexadores s\u00e3o atrelados a ela.<\/p>\n\n\n\n<p>Vamos entender melhor como a Selic afeta os seus investimentos?<\/p>\n\n\n\n<p><strong>SAIBA MAIS | <a href=\"https:\/\/warren.com.br\/magazine\/preco-arroz-inflacao-alimentos\/\"><a href=\"https:\/\/warren.com.br\/magazine\/taxa-selic-hoje\/\">Selic hoje: confira o valor atual da taxa Selic<\/a><\/a><\/strong><\/p>\n\n\n\n<h2 class=\"wp-block-heading\" id=\"como-ficam-os-investimentos-em-renda-fixa\"><span class=\"ez-toc-section\" id=\"Como_ficam_os_investimentos_em_Renda_Fixa\"><\/span><strong>Como ficam os investimentos em Renda Fixa?<\/strong><span class=\"ez-toc-section-end\"><\/span><\/h2>\n\n\n\n<p>A rentabilidade de diversos produtos de Renda Fixa \u00e9 afetada pela taxa Selic. Alguns, inclusive, passam a n\u00e3o ser mais interessantes de se investir com Selic neste patamar. <\/p>\n\n\n\n<p>A caderneta de poupan\u00e7a j\u00e1 \u00e9 um produto ruim faz um bom tempo e, agora, fica ainda pior!<\/p>\n\n\n\n<p>Confira, a seguir, os impactos da queda da Selic em alguns destes produtos:<\/p>\n\n\n\n<h3 class=\"wp-block-heading\" id=\"poupanca\"><span class=\"ez-toc-section\" id=\"Poupanca\"><\/span><strong>Poupan\u00e7a<\/strong><span class=\"ez-toc-section-end\"><\/span><\/h3>\n\n\n\n<p>A <a href=\"https:\/\/warren.com.br\/magazine\/quanto-rende-100-mil-na-poupanca\/\">caderneta de poupan\u00e7a<\/a>, aplica\u00e7\u00e3o financeira mais popular entre os brasileiros, teve uma capta\u00e7\u00e3o l\u00edquida de R$ 37,2 bilh\u00f5es em maio de 2020, segundo o BC.<\/p>\n\n\n\n<p>Este \u00e9 o maior valor de toda s\u00e9rie hist\u00f3rica do banco central desde 1995. A f\u00e1cil <a href=\"https:\/\/warren.com.br\/magazine\/liquidez\/\">liquidez<\/a> e o receio de \u201cperder dinheiro\u201d em outras modalidades \u00e9 um dos motivos que levam \u00e0 uma quantidade recorde de dep\u00f3sitos em meio \u00e0 crise.<\/p>\n\n\n\n<p>Mas precisamos chamar aten\u00e7\u00e3o para o seguinte fato: voc\u00ea estar\u00e1 perdendo dinheiro ao fazer isso agora. Mas por qu\u00ea?&nbsp;<\/p>\n\n\n\n<p>Com a taxa b\u00e1sica de juros em 2%, ela se aproxima ainda mais da expectativa de infla\u00e7\u00e3o para 2020, que \u00e9 de 1,94%, segundo o relat\u00f3rio Focus mais recente. <\/p>\n\n\n\n<p>O c\u00e1lculo do retorno da caderneta de poupan\u00e7a \u00e9 de<strong> 70% da Selic<\/strong>. Com a taxa de juros a 2% ao ano, a modalidade de \u201cinvestimento\u201d trar\u00e1 um retorno de <strong>0,11% ao m\u00eas<\/strong>, a partir da semana que vem.  <\/p>\n\n\n\n<p>Entretanto, para o c\u00e1lculo do rendimento real, precisamos levar em conta o <a href=\"https:\/\/warren.com.br\/magazine\/o-que-e-ipca\/\">IPCA<\/a>. Previsto para 1,94% at\u00e9 o final de 2020, o \u00edndice de infla\u00e7\u00e3o at\u00e9 poderia faz\u00ea-lo perder o poder de compra neste ano (e at\u00e9 mais caso a infla\u00e7\u00e3o acelere ao longo do ano).  <\/p>\n\n\n\n<p>\u00c9 o cen\u00e1rio de <a href=\"https:\/\/warren.com.br\/magazine\/juro-real-negativo\/\">juro real negativo<\/a> no Brasil, o que era algo impens\u00e1vel h\u00e1 alguns anos <\/p>\n\n\n\n<p>Para o ano de 2021, o boletim Focus j\u00e1 est\u00e1 estimando um retorno real negativo para a poupan\u00e7a. Voc\u00ea perderia mais do que ganharia, entendeu o racioc\u00ednio?<\/p>\n\n\n\n<p>Isso acontece devido a<strong> perda do poder de compra <\/strong>do consumidor causada pela infla\u00e7\u00e3o, o qual acabou encarecendo os custos da cesta de produtos e servi\u00e7os.<\/p>\n\n\n\n<h3 class=\"wp-block-heading\" id=\"titulos-publicos\"><span class=\"ez-toc-section\" id=\"Titulos_publicos\"><\/span><strong>T\u00edtulos p\u00fablicos<\/strong><span class=\"ez-toc-section-end\"><\/span><\/h3>\n\n\n\n<p>Os <a href=\"https:\/\/warren.com.br\/magazine\/titulos-publicos\/\">t\u00edtulos p\u00fablicos<\/a> indexados \u00e0 <strong>Selic <\/strong>tamb\u00e9m s\u00e3o diretamente afetados pela taxa de juros.&nbsp;<\/p>\n\n\n\n<p>O <strong>Tesouro Selic <\/strong>\u00e9 uma modalidade que tem se tornado um destino popular para investidores guardarem sua reserva de emerg\u00eancia. <\/p>\n\n\n\n<p>\u00c9 seguro, tem liquidez imediata e n\u00e3o tem risco de apresentar um retorno bruto negativo, como os t\u00edtulos atrelados ao IPCA+, por exemplo. <\/p>\n\n\n\n<p>O <strong>Tesouro Selic est\u00e1 rendendo cerca de 2% ao ano<\/strong>, o mesmo valor da Selic. Descontando o valor da infla\u00e7\u00e3o, o rendimento real \u00e9 positivo, embora seja um retorno bem modesto.<\/p>\n\n\n\n<h3 class=\"wp-block-heading\" id=\"titulos-do-credito-privado\"><span class=\"ez-toc-section\" id=\"Titulos_do_credito_privado\"><\/span><strong>T\u00edtulos do cr\u00e9dito privado<\/strong><span class=\"ez-toc-section-end\"><\/span><\/h3>\n\n\n\n<p>Como o pr\u00f3prio nome j\u00e1 diz, ao inv\u00e9s de emprestar dinheiro para o Governo Federal, emprestamos para empresas privadas. <\/p>\n\n\n\n<p>Para essa modalidade, a defini\u00e7\u00e3o da taxa Selic se faz essencial, pois \u00e9 ela quem vai balizar os contratos para o cr\u00e9dito privado. E como o risco aqui \u00e9 maior do que investir em T\u00edtulos P\u00fablicos, acabam remunerando mais que os mesmos.<\/p>\n\n\n\n<p>No caso de institui\u00e7\u00f5es financeiras, o investimento se d\u00e1 atrav\u00e9s de <a href=\"https:\/\/warren.com.br\/magazine\/o-que-e-cdb-e-quanto-ele-rende\/\">CDBs <\/a>(Certificado de Dep\u00f3sito Banc\u00e1rio). <\/p>\n\n\n\n<p>Por se tratar de uma m\u00e9dia da taxa de juros de empr\u00e9stimos entre bancos, aqui \u00e9 utilizado o CDI ao inv\u00e9s da Selic. <\/p>\n\n\n\n<p>O Certificado de Dep\u00f3sito Interbanc\u00e1rio costuma acompanhar de perto o movimento da Selic. E, geralmente, quanto maior a institui\u00e7\u00e3o, mais seguro ser\u00e1 o investimento e, consequentemente, menor tender\u00e1 a ser a rentabilidade acordada (e vice-versa).<\/p>\n\n\n\n<p>Por isso, para obter maiores retornos na renda fixa, voc\u00ea precisa necessariamente correr mais riscos &#8212; ou deixar o seu dinheiro preso por mais tempo.<\/p>\n\n\n\n<p>J\u00e1 as <strong>deb\u00eantures <\/strong>funcionam da mesma forma que os CDBs, sendo utilizadas para institui\u00e7\u00f5es n\u00e3o financeiras como uma forma de captar cr\u00e9ditos para investimentos pr\u00f3prios.&nbsp;<\/p>\n\n\n\n<p>Os t\u00edtulos de cr\u00e9dito privado andaram sofrendo em 2020 com a corrida pela liquidez e, tamb\u00e9m, por uma abertura pontual da curva de juros. <\/p>\n\n\n\n<p>Em mar\u00e7o, quando os pre\u00e7os dos ativos do mercado despencaram por conta da pandemia, os pre\u00e7os das deb\u00eantures, assim como as cotas dos fundos de cr\u00e9dito viram uma desvaloriza\u00e7\u00e3o consider\u00e1vel. <\/p>\n\n\n\n<p>At\u00e9 fundos conservadores viram o seu desempenho virar de cabe\u00e7a para baixo e atingir cotas negativas.<\/p>\n\n\n\n<p>Entretanto, h\u00e1 de se considerar que, em um cen\u00e1rio de uma queda, jamais vista na taxa de juros, esse pode ser um momento para os t\u00edtulos de cr\u00e9dito privado se destacarem no mercado de Renda Fixa.<\/p>\n\n\n\n<p>Prova disso \u00e9 que boa parte dos fundos j\u00e1 se recuperou da queda verificada no m\u00eas de mar\u00e7o.<\/p>\n\n\n\n<figure class=\"wp-block-embed is-type-video is-provider-youtube wp-block-embed-youtube wp-embed-aspect-16-9 wp-has-aspect-ratio\"><div class=\"wp-block-embed__wrapper\">\n<iframe loading=\"lazy\" title=\"Como a Selic afeta sua vida e seus investimentos? | Warren Explica\" width=\"750\" height=\"422\" src=\"https:\/\/www.youtube.com\/embed\/37tCjoyZ0iM?feature=oembed\" frameborder=\"0\" allow=\"accelerometer; autoplay; clipboard-write; encrypted-media; gyroscope; picture-in-picture\" allowfullscreen><\/iframe>\n<\/div><\/figure>\n\n\n\n<h2 class=\"wp-block-heading\" id=\"e-a-bolsa-de-valores-continua-sendo-uma-boa-oportunidade\"><span class=\"ez-toc-section\" id=\"E_a_Bolsa_de_Valores_continua_sendo_uma_boa_oportunidade\"><\/span><strong>E a Bolsa de Valores continua sendo uma boa oportunidade?<\/strong><span class=\"ez-toc-section-end\"><\/span><\/h2>\n\n\n\n<p>Quando o Banco Central reduz a taxa Selic, impacta diretamente sobre os retornos dos investimentos de renda fixa.<\/p>\n\n\n\n<p>Como resultado, os investidores tendem a procurar investimentos com maior potencial de retorno, como \u00e9 o caso da <a href=\"https:\/\/warren.com.br\/magazine\/bolsa-de-valores-como-funciona\/\">Bolsa de Valores<\/a>. <\/p>\n\n\n\n<p>Isso fica claro quando enxergamos a evolu\u00e7\u00e3o do n\u00famero de investidores na Bolsa de Valores. Esse dado \u00e9 atualizado mensalmente pela B3 e tamb\u00e9m vem batendo recordes mensalmente, com a ascens\u00e3o iniciada em 2017. <\/p>\n\n\n\n<p>Atualmente, j\u00e1 h\u00e1 mais de 3 milh\u00f5es de CPFs cadastrados em corretoras de valores com a\u00e7\u00f5es na Bolsa.<\/p>\n\n\n\n<p><\/p>\n\n\n\n<figure class=\"wp-block-image size-large is-resized\"><img loading=\"lazy\" decoding=\"async\" src=\"https:\/\/warren.com.br\/magazine\/wp-content\/uploads\/2021\/01\/chart-4.png\" alt=\"hist\u00f3rico investidores na bolsa, gr\u00e1fico\" class=\"wp-image-9766\" width=\"582\" height=\"437\" srcset=\"https:\/\/warren.com.br\/magazine\/wp-content\/uploads\/2021\/01\/chart-4.png 582w, https:\/\/warren.com.br\/magazine\/wp-content\/uploads\/2021\/01\/chart-4-300x225.png 300w\" sizes=\"auto, (max-width: 582px) 100vw, 582px\" \/><\/figure>\n\n\n\n<p><strong><em>Effective Lower Bounds<\/em><\/strong><\/p>\n\n\n\n<p>Existe algum limite o qual o corte da taxa de juros passe a ser contraproducente? Qual limite da pol\u00edtica monet\u00e1ria do Brasil? A esse estudo atribu\u00edmos o nome de \u201cEffective Lower Bounds\u201d.<\/p>\n\n\n\n<p>A teoria prop\u00f5e que existe um limite para a taxa de juros na qual, caso ultrapasse, a redu\u00e7\u00e3o deixa de causar efeito sobre as outras vari\u00e1veis econ\u00f4micas que ela busca afetar, como a infla\u00e7\u00e3o e o crescimento do PIB.<\/p>\n\n\n\n<p>O BC tem espa\u00e7o para cortar juros na medida em que a infla\u00e7\u00e3o vai se descolando da meta para baixo, mas, principalmente em economia emergentes, o pr\u00eamio de risco tamb\u00e9m tem de ser levado em conta devido ao risco de fuga de capital.&nbsp;<\/p>\n\n\n\n<p>Nesse processo, o Banco Central est\u00e1 sempre avaliando os indicadores para chegar uma correla\u00e7\u00e3o desse limite do processo de defini\u00e7\u00e3o da taxa b\u00e1sica de juros. <\/p>\n\n\n\n<p>Confira, abaixo, a evolu\u00e7\u00e3o da taxa Selic nos \u00faltimos anos.<\/p>\n\n\n\n<figure class=\"wp-block-image size-large is-resized\"><img loading=\"lazy\" decoding=\"async\" src=\"https:\/\/warren.com.br\/magazine\/wp-content\/uploads\/2021\/01\/Taxa-Selic-4.png\" alt=\"hist\u00f3rico taxa selic, gr\u00e1fico\" class=\"wp-image-9765\" width=\"674\" height=\"371\" srcset=\"https:\/\/warren.com.br\/magazine\/wp-content\/uploads\/2021\/01\/Taxa-Selic-4.png 674w, https:\/\/warren.com.br\/magazine\/wp-content\/uploads\/2021\/01\/Taxa-Selic-4-300x165.png 300w\" sizes=\"auto, (max-width: 674px) 100vw, 674px\" \/><\/figure>\n\n\n\n<h2 class=\"wp-block-heading\" id=\"qual-e-a-perspectiva-daqui-para-frente\"><span class=\"ez-toc-section\" id=\"Qual_e_a_perspectiva_daqui_para_frente\"><\/span><strong>Qual \u00e9 a perspectiva daqui para frente?<\/strong><span class=\"ez-toc-section-end\"><\/span><\/h2>\n\n\n\n<p>O mercado financeiro j\u00e1 havia precificado a <strong>manuten\u00e7\u00e3o da taxa b\u00e1sica de juros em 2%<\/strong>. <\/p>\n\n\n\n<p>O consenso entre os analistas se materializou, a exemplo do que ocorreu na \u00faltima reuni\u00e3o, quando o mercado tamb\u00e9m esperava a manuten\u00e7\u00e3o.<\/p>\n\n\n\n<p>Mas a <a href=\"https:\/\/www.bcb.gov.br\/detalhenoticia\/17297\/nota\">nota divulgada \u00e0 imprensa<\/a> tem diferen\u00e7as importantes em rela\u00e7\u00e3o aos \u00faltimos comunicados.<\/p>\n\n\n\n<p>O COPOM afirmou que est\u00e1 atento \u00e0 alta da infla\u00e7\u00e3o no curto prazo e reconheceu que houve um choque nas \u00faltimas leituras, mas argumentou que trata-se de um efeito de curto prazo.<\/p>\n\n\n\n<p>Vale lembrar que o IPCA fechou 2020 em 4,52%, a maior desde 2016.<\/p>\n\n\n\n<p> \u201cA recente eleva\u00e7\u00e3o no pre\u00e7o de&nbsp;<em>commodities<\/em>&nbsp;internacionais e seus reflexos sobre os pre\u00e7os de alimentos e combust\u00edveis implicam eleva\u00e7\u00e3o das proje\u00e7\u00f5es de infla\u00e7\u00e3o para os pr\u00f3ximos meses. Apesar da press\u00e3o inflacion\u00e1ria mais forte no curto prazo, o Comit\u00ea mant\u00e9m o diagn\u00f3stico de que os choques atuais s\u00e3o tempor\u00e1rios, ainda que tenham se revelado mais persistentes do que o esperado\u201d, afirma a nota do COPOM.<\/p>\n\n\n\n<p>O comit\u00ea do Banco Central tamb\u00e9m afirmou que est\u00e1 atento \u00e0 evolu\u00e7\u00e3o das contas p\u00fablicas, emitindo mais um alerta para o cen\u00e1rio de <a href=\"https:\/\/warren.com.br\/magazine\/risco-fiscal\/\">risco fiscal<\/a>. <\/p>\n\n\n\n<p>&#8220;Por outro lado, um prolongamento das pol\u00edticas fiscais de resposta \u00e0 pandemia que piore a trajet\u00f3ria fiscal do pa\u00eds, ou frustra\u00e7\u00f5es em rela\u00e7\u00e3o \u00e0 continuidade das reformas, podem elevar os pr\u00eamios de risco. O risco fiscal elevado segue criando uma assimetria altista no balan\u00e7o de riscos, ou seja, com trajet\u00f3rias para a infla\u00e7\u00e3o acima do projetado no horizonte relevante para a pol\u00edtica monet\u00e1ria&#8221;, afirma o documento.<\/p>\n\n\n\n<p>O recado foi claro: se as reformas imaginadas n\u00e3o avan\u00e7arem, h\u00e1 risco de que o COPOM eleve a taxa b\u00e1sica de juros.<\/p>\n\n\n\n<p> &#8220;O Copom avalia que perseverar no processo de reformas e ajustes necess\u00e1rios na economia brasileira \u00e9 essencial para permitir a recupera\u00e7\u00e3o sustent\u00e1vel da economia. O Comit\u00ea ressalta, ainda, que questionamentos sobre a continuidade das reformas e altera\u00e7\u00f5es de car\u00e1ter permanente no processo de ajuste das contas p\u00fablicas podem elevar a taxa de juros estrutural da economia&#8221;, afirmam.<\/p>\n\n\n\n<p>Sejam quais forem as decis\u00f5es do Banco Central no futuro, o fato \u00e9 que voc\u00ea precisa fazer uma <strong>aloca\u00e7\u00e3o inteligente<\/strong> do seu patrim\u00f4nio, para garantir que n\u00e3o perder\u00e1 poder de compra.<\/p>\n\n\n\n<p>Quer come\u00e7ar a investir com a Warren? <a href=\"https:\/\/warren.com.br\/app\/#\/suitability?utm_source=blog&amp;utm_medium=cta&amp;utm_campaign=performance_blog&amp;utm_destini=suitability\">Abra sua conta<\/a>.<\/p>\n\n\n\n<p>Se voc\u00ea gostou do conte\u00fado, talvez tamb\u00e9m se interesse por:<\/p>\n\n\n\n<p><strong>\u2022 <a href=\"https:\/\/warren.com.br\/magazine\/como-fazer-o-dinheiro-render\/\">Como fazer o dinheiro render: 6 op\u00e7\u00f5es para voc\u00ea investir<\/a><br>\u2022 <a href=\"https:\/\/warren.com.br\/magazine\/nota-200-reais-investimentos\/\">O que a nota de R$ 200 significa para os seus investimentos<\/a><br><\/strong>\u2022 <a href=\"https:\/\/warren.com.br\/magazine\/os-tres-pilares-basicos-para-investir-em-renda-variavel\/\"><strong>Os tr\u00eas pilares b\u00e1sicos para investir em renda vari\u00e1vel<\/strong><\/a><br>\u2022 <a href=\"https:\/\/warren.com.br\/magazine\/dominancia-fiscal\/\"><strong>Domin\u00e2ncia fiscal: o que significa, quais os riscos e como se proteger<\/strong><\/a><\/p>\n\n\n\n<p><\/p>\n\n\n\n<p><\/p>\n","protected":false},"excerpt":{"rendered":"<p>Banco Central finalmente divulgou a nova Selic e a pergunta \u00e9: acabou o tempo dos investimentos de Renda Fixa?<\/p>\n","protected":false},"author":8,"featured_media":6102,"comment_status":"open","ping_status":"open","sticky":false,"template":"","format":"standard","meta":{"_acf_changed":false,"footnotes":""},"categories":[1016],"tags":[],"class_list":["post-6026","post","type-post","status-publish","format-standard","has-post-thumbnail","hentry","category-por-dentro-do-mercado","entry"],"acf":[],"yoast_head":"<!-- This site is optimized with the Yoast SEO plugin v27.5 - https:\/\/yoast.com\/product\/yoast-seo-wordpress\/ -->\n<title>Selic mantida em 2% ao ano: veja os impactos na renda fixa | Warren Magazine<\/title>\n<meta name=\"description\" content=\"O Banco Central manteve a taxa Selic em 2% ao ano, em linha com o que o mercado financeiro esperava. Entenda os impactos na renda fixa e as proje\u00e7\u00f5es para o futuro.\" \/>\n<meta name=\"robots\" content=\"index, follow, max-snippet:-1, max-image-preview:large, max-video-preview:-1\" \/>\n<link rel=\"canonical\" href=\"https:\/\/warren.com.br\/magazine\/nova-queda-selic-entenda-impactos-renda-fixa\/\" \/>\n<meta property=\"og:locale\" content=\"pt_BR\" \/>\n<meta property=\"og:type\" content=\"article\" \/>\n<meta property=\"og:title\" content=\"Selic mantida em 2% ao ano: veja os impactos na renda fixa | Warren Magazine\" \/>\n<meta property=\"og:description\" content=\"O Banco Central manteve a taxa Selic em 2% ao ano, em linha com o que o mercado financeiro esperava. Entenda os impactos na renda fixa e as proje\u00e7\u00f5es para o futuro.\" \/>\n<meta property=\"og:url\" content=\"https:\/\/warren.com.br\/magazine\/nova-queda-selic-entenda-impactos-renda-fixa\/\" \/>\n<meta property=\"og:site_name\" content=\"Warren Magazine\" \/>\n<meta property=\"article:publisher\" content=\"https:\/\/www.facebook.com\/warrenbrasil\/\" \/>\n<meta property=\"article:published_time\" content=\"2021-01-20T21:19:00+00:00\" \/>\n<meta property=\"article:modified_time\" content=\"2023-08-03T01:14:23+00:00\" \/>\n<meta property=\"og:image\" content=\"https:\/\/warren.com.br\/magazine\/wp-content\/uploads\/2020\/06\/Ilustra_Selic.jpg\" \/>\n\t<meta property=\"og:image:width\" content=\"1280\" \/>\n\t<meta property=\"og:image:height\" content=\"700\" \/>\n\t<meta property=\"og:image:type\" content=\"image\/jpeg\" \/>\n<meta name=\"author\" content=\"Reda\u00e7\u00e3o Warren\" \/>\n<meta name=\"twitter:card\" content=\"summary_large_image\" \/>\n<meta name=\"twitter:creator\" content=\"@warrenbrasil\" \/>\n<meta name=\"twitter:site\" content=\"@warrenbrasil\" \/>\n<meta name=\"twitter:label1\" content=\"Escrito por\" \/>\n\t<meta name=\"twitter:data1\" content=\"Reda\u00e7\u00e3o Warren\" \/>\n\t<meta name=\"twitter:label2\" content=\"Est. tempo de leitura\" \/>\n\t<meta name=\"twitter:data2\" content=\"11 minutos\" \/>\n<!-- \/ Yoast SEO plugin. -->","yoast_head_json":{"title":"Selic mantida em 2% ao ano: veja os impactos na renda fixa | Warren Magazine","description":"O Banco Central manteve a taxa Selic em 2% ao ano, em linha com o que o mercado financeiro esperava. Entenda os impactos na renda fixa e as proje\u00e7\u00f5es para o futuro.","robots":{"index":"index","follow":"follow","max-snippet":"max-snippet:-1","max-image-preview":"max-image-preview:large","max-video-preview":"max-video-preview:-1"},"canonical":"https:\/\/warren.com.br\/magazine\/nova-queda-selic-entenda-impactos-renda-fixa\/","og_locale":"pt_BR","og_type":"article","og_title":"Selic mantida em 2% ao ano: veja os impactos na renda fixa | Warren Magazine","og_description":"O Banco Central manteve a taxa Selic em 2% ao ano, em linha com o que o mercado financeiro esperava. Entenda os impactos na renda fixa e as proje\u00e7\u00f5es para o futuro.","og_url":"https:\/\/warren.com.br\/magazine\/nova-queda-selic-entenda-impactos-renda-fixa\/","og_site_name":"Warren Magazine","article_publisher":"https:\/\/www.facebook.com\/warrenbrasil\/","article_published_time":"2021-01-20T21:19:00+00:00","article_modified_time":"2023-08-03T01:14:23+00:00","og_image":[{"width":1280,"height":700,"url":"https:\/\/warren.com.br\/magazine\/wp-content\/uploads\/2020\/06\/Ilustra_Selic.jpg","type":"image\/jpeg"}],"author":"Reda\u00e7\u00e3o Warren","twitter_card":"summary_large_image","twitter_creator":"@warrenbrasil","twitter_site":"@warrenbrasil","twitter_misc":{"Escrito por":"Reda\u00e7\u00e3o Warren","Est. tempo de leitura":"11 minutos"},"schema":{"@context":"https:\/\/schema.org","@graph":[{"@type":"NewsArticle","@id":"https:\/\/warren.com.br\/magazine\/nova-queda-selic-entenda-impactos-renda-fixa\/#article","isPartOf":{"@id":"https:\/\/warren.com.br\/magazine\/nova-queda-selic-entenda-impactos-renda-fixa\/"},"author":{"name":"Reda\u00e7\u00e3o Warren","@id":"https:\/\/warren.com.br\/magazine\/#\/schema\/person\/6ab5c3002c3fbf4a167e69ed8a2b228c"},"headline":"Selic mantida em 2% ao ano: veja os impactos na renda fixa","datePublished":"2021-01-20T21:19:00+00:00","dateModified":"2023-08-03T01:14:23+00:00","mainEntityOfPage":{"@id":"https:\/\/warren.com.br\/magazine\/nova-queda-selic-entenda-impactos-renda-fixa\/"},"wordCount":1988,"commentCount":0,"publisher":{"@id":"https:\/\/warren.com.br\/magazine\/#organization"},"image":{"@id":"https:\/\/warren.com.br\/magazine\/nova-queda-selic-entenda-impactos-renda-fixa\/#primaryimage"},"thumbnailUrl":"https:\/\/warren.com.br\/magazine\/wp-content\/uploads\/2020\/06\/Ilustra_Selic.jpg","articleSection":["Por dentro do mercado"],"inLanguage":"pt-BR"},{"@type":"WebPage","@id":"https:\/\/warren.com.br\/magazine\/nova-queda-selic-entenda-impactos-renda-fixa\/","url":"https:\/\/warren.com.br\/magazine\/nova-queda-selic-entenda-impactos-renda-fixa\/","name":"Selic mantida em 2% ao ano: veja os impactos na renda fixa | Warren Magazine","isPartOf":{"@id":"https:\/\/warren.com.br\/magazine\/#website"},"primaryImageOfPage":{"@id":"https:\/\/warren.com.br\/magazine\/nova-queda-selic-entenda-impactos-renda-fixa\/#primaryimage"},"image":{"@id":"https:\/\/warren.com.br\/magazine\/nova-queda-selic-entenda-impactos-renda-fixa\/#primaryimage"},"thumbnailUrl":"https:\/\/warren.com.br\/magazine\/wp-content\/uploads\/2020\/06\/Ilustra_Selic.jpg","datePublished":"2021-01-20T21:19:00+00:00","dateModified":"2023-08-03T01:14:23+00:00","description":"O Banco Central manteve a taxa Selic em 2% ao ano, em linha com o que o mercado financeiro esperava. Entenda os impactos na renda fixa e as proje\u00e7\u00f5es para o futuro.","inLanguage":"pt-BR","potentialAction":[{"@type":"ReadAction","target":["https:\/\/warren.com.br\/magazine\/nova-queda-selic-entenda-impactos-renda-fixa\/"]}]},{"@type":"ImageObject","inLanguage":"pt-BR","@id":"https:\/\/warren.com.br\/magazine\/nova-queda-selic-entenda-impactos-renda-fixa\/#primaryimage","url":"https:\/\/warren.com.br\/magazine\/wp-content\/uploads\/2020\/06\/Ilustra_Selic.jpg","contentUrl":"https:\/\/warren.com.br\/magazine\/wp-content\/uploads\/2020\/06\/Ilustra_Selic.jpg","width":1280,"height":700,"caption":"Ilustra Selic"},{"@type":"WebSite","@id":"https:\/\/warren.com.br\/magazine\/#website","url":"https:\/\/warren.com.br\/magazine\/","name":"Warren Magazine","description":"","publisher":{"@id":"https:\/\/warren.com.br\/magazine\/#organization"},"potentialAction":[{"@type":"SearchAction","target":{"@type":"EntryPoint","urlTemplate":"https:\/\/warren.com.br\/magazine\/?s={search_term_string}"},"query-input":{"@type":"PropertyValueSpecification","valueRequired":true,"valueName":"search_term_string"}}],"inLanguage":"pt-BR"},{"@type":"Organization","@id":"https:\/\/warren.com.br\/magazine\/#organization","name":"Warren Magazine","url":"https:\/\/warren.com.br\/magazine\/","logo":{"@type":"ImageObject","inLanguage":"pt-BR","@id":"https:\/\/warren.com.br\/magazine\/#\/schema\/logo\/image\/","url":"https:\/\/warren.com.br\/magazine\/wp-content\/uploads\/2023\/06\/ThumbMagazine.jpg","contentUrl":"https:\/\/warren.com.br\/magazine\/wp-content\/uploads\/2023\/06\/ThumbMagazine.jpg","width":2400,"height":1260,"caption":"Warren Magazine"},"image":{"@id":"https:\/\/warren.com.br\/magazine\/#\/schema\/logo\/image\/"},"sameAs":["https:\/\/www.facebook.com\/warrenbrasil\/","https:\/\/x.com\/warrenbrasil","https:\/\/www.instagram.com\/warrenbrasil\/","https:\/\/www.linkedin.com\/company\/warrenbrasil\/","https:\/\/www.youtube.com\/channel\/UCqIO5twa50iGz2wT5cGS-XQ"]},{"@type":"Person","@id":"https:\/\/warren.com.br\/magazine\/#\/schema\/person\/6ab5c3002c3fbf4a167e69ed8a2b228c","name":"Reda\u00e7\u00e3o Warren","image":{"@type":"ImageObject","inLanguage":"pt-BR","@id":"https:\/\/warren.com.br\/magazine\/wp-content\/uploads\/2023\/12\/Instagram-avatar-96x96.png","url":"https:\/\/warren.com.br\/magazine\/wp-content\/uploads\/2023\/12\/Instagram-avatar-96x96.png","contentUrl":"https:\/\/warren.com.br\/magazine\/wp-content\/uploads\/2023\/12\/Instagram-avatar-96x96.png","caption":"Reda\u00e7\u00e3o Warren"},"url":"https:\/\/warren.com.br\/magazine\/author\/redacao-warren\/"}]}},"_links":{"self":[{"href":"https:\/\/warren.com.br\/magazine\/wp-json\/wp\/v2\/posts\/6026","targetHints":{"allow":["GET"]}}],"collection":[{"href":"https:\/\/warren.com.br\/magazine\/wp-json\/wp\/v2\/posts"}],"about":[{"href":"https:\/\/warren.com.br\/magazine\/wp-json\/wp\/v2\/types\/post"}],"author":[{"embeddable":true,"href":"https:\/\/warren.com.br\/magazine\/wp-json\/wp\/v2\/users\/8"}],"replies":[{"embeddable":true,"href":"https:\/\/warren.com.br\/magazine\/wp-json\/wp\/v2\/comments?post=6026"}],"version-history":[{"count":3,"href":"https:\/\/warren.com.br\/magazine\/wp-json\/wp\/v2\/posts\/6026\/revisions"}],"predecessor-version":[{"id":16264,"href":"https:\/\/warren.com.br\/magazine\/wp-json\/wp\/v2\/posts\/6026\/revisions\/16264"}],"wp:featuredmedia":[{"embeddable":true,"href":"https:\/\/warren.com.br\/magazine\/wp-json\/wp\/v2\/media\/6102"}],"wp:attachment":[{"href":"https:\/\/warren.com.br\/magazine\/wp-json\/wp\/v2\/media?parent=6026"}],"wp:term":[{"taxonomy":"category","embeddable":true,"href":"https:\/\/warren.com.br\/magazine\/wp-json\/wp\/v2\/categories?post=6026"},{"taxonomy":"post_tag","embeddable":true,"href":"https:\/\/warren.com.br\/magazine\/wp-json\/wp\/v2\/tags?post=6026"}],"curies":[{"name":"wp","href":"https:\/\/api.w.org\/{rel}","templated":true}]}}