{"id":8619,"date":"2020-10-28T15:09:43","date_gmt":"2020-10-28T18:09:43","guid":{"rendered":"https:\/\/warren.com.br\/magazine\/?p=8619"},"modified":"2023-08-02T22:18:42","modified_gmt":"2023-08-03T01:18:42","slug":"rodrigo-grundig","status":"publish","type":"post","link":"https:\/\/warren.com.br\/magazine\/rodrigo-grundig\/","title":{"rendered":"O design como ess\u00eancia: conhe\u00e7a Rodrigo Grundig, Chief Design Officer da Warren"},"content":{"rendered":"<div id=\"playht-iframe-wrapper\" style=\"max-height: 210px !important;\">\n\t<iframe\n\tscrolling=\"no\"\n\tclass=\"playht-iframe-player\"\n\tid=\"playht-iframe-player\"\n\theight=\"90px\"\n\twidth=\"100%\"\n\tframeborder=\"0\"\n\tstyle=\"max-height: 90px; height: 90px !important;\"\n\tsrc=\"https:\/\/play.ht\/embed\/?article_url=https:\/\/warren.com.br\/magazine\/?p=8619&voice=pt-BR-FranciscaNeural&appId=l7OQ6uC_zK&trans_id=-N7Rd433qN0WWr5sNbeg\"\n\tdata-voice=\"pt-BR-FranciscaNeural\"\n\tarticle-url=\"https:\/\/warren.com.br\/magazine\/?p=8619\"\n\tdata-appId=\"l7OQ6uC_zK\"\n\tallowfullscreen=\"\">\n\t<\/iframe>\n<\/div>\n\n<p><em>Conhe\u00e7a os profissionais que trabalham incansavelmente para transformar o mercado de investimentos no Brasil.<\/em><\/p>\n\n\n\n<p><strong>Rodrigo Grundig<\/strong> \u00e9 s\u00f3cio-fundador e Chief Design Officer na Warren.<\/p>\n\n\n\n<p>&#8220;Dei tamb\u00e9m muita sorte de ter encontrado o Rodrigo. Ele consegue construir arte em tudo o que faz e, quando parece que travou em algum problema, com certeza vai passar a madrugada acordado e no outro dia, cheio de olheiras, vai chegar com uma solu\u00e7\u00e3o m\u00e1gica. E por mais que ele diga que n\u00e3o \u00e9 um designer e que sua habilidade \u00e9 UX, na minha opini\u00e3o ele \u00e9 o melhor designer do Brasil.&#8221;<\/p>\n\n\n\n<p>\u00c9 assim que <a href=\"https:\/\/warren.com.br\/magazine\/author\/tito-gusmao\/\">Tito Gusm\u00e3o<\/a>, CEO da Warren, apresenta nosso CDO em sua coluna, <a href=\"https:\/\/warren.com.br\/magazine\/author\/tito-gusmao\/\">Fala Tito!<\/a>, ao remontar a hist\u00f3ria da Warren.<\/p>\n\n\n\n<p>Formado em Comunica\u00e7\u00e3o Social e com p\u00f3s-gradua\u00e7\u00e3o em Ergodesign de Interfaces &#8211; Usabilidade e Arquitetura da Informa\u00e7\u00e3o, Grundig, como \u00e9 conhecido na Warren, trabalha com design h\u00e1 mais de uma d\u00e9cada. <\/p>\n\n\n\n<figure class=\"wp-block-image size-large is-resized\"><img loading=\"lazy\" decoding=\"async\" src=\"https:\/\/warren.com.br\/magazine\/wp-content\/uploads\/2020\/10\/DSC_0051-2_big-931x1024.jpg\" alt=\"Rodrigo Grundig\" class=\"wp-image-8631\" width=\"931\" height=\"1024\" srcset=\"https:\/\/warren.com.br\/magazine\/wp-content\/uploads\/2020\/10\/DSC_0051-2_big-931x1024.jpg 931w, https:\/\/warren.com.br\/magazine\/wp-content\/uploads\/2020\/10\/DSC_0051-2_big-273x300.jpg 273w, https:\/\/warren.com.br\/magazine\/wp-content\/uploads\/2020\/10\/DSC_0051-2_big-768x845.jpg 768w, https:\/\/warren.com.br\/magazine\/wp-content\/uploads\/2020\/10\/DSC_0051-2_big.jpg 1280w\" sizes=\"auto, (max-width: 931px) 100vw, 931px\" \/><\/figure>\n\n\n\n<p>Quando a Warren nasceu, todas as tarefas de design estavam em sua m\u00e3o. Em suas palavras: &#8220;Desde montagem de fluxos de usu\u00e1rio at\u00e9 a comunica\u00e7\u00e3o visual e branding. Conforme o tempo passou, a opera\u00e7\u00e3o foi ficando mais complexa, e mais pessoas foram compondo esse time&#8221;.&nbsp;<\/p>\n\n\n\n<p>Hoje, Grundig lidera uma equipe de mais de 20 designers na Warren, revolucionando diariamente a experi\u00eancia que os brasileiros t\u00eam ao investir. Em suas palavras, \u201cestamos sempre acompanhando o que acontece no mundo, mas n\u00e3o somos seguidores de tend\u00eancias &#8211; ditamos o novo. <strong>Hoje, a Warren \u00e9 refer\u00eancia em inova\u00e7\u00e3o e design no mercado financeiro<\/strong>.\u201d<\/p>\n\n\n\n<div id=\"ez-toc-container\" class=\"ez-toc-v2_0_82_2 counter-hierarchy ez-toc-counter ez-toc-grey ez-toc-container-direction\">\n<p class=\"ez-toc-title\" style=\"cursor:inherit\">Indice<\/p>\n<label for=\"ez-toc-cssicon-toggle-item-69f5dcab853bb\" class=\"ez-toc-cssicon-toggle-label\"><span class=\"ez-toc-cssicon\"><span class=\"eztoc-hide\" style=\"display:none;\">Toggle<\/span><span class=\"ez-toc-icon-toggle-span\"><svg style=\"fill: #999;color:#999\" xmlns=\"http:\/\/www.w3.org\/2000\/svg\" class=\"list-377408\" width=\"20px\" height=\"20px\" viewBox=\"0 0 24 24\" fill=\"none\"><path d=\"M6 6H4v2h2V6zm14 0H8v2h12V6zM4 11h2v2H4v-2zm16 0H8v2h12v-2zM4 16h2v2H4v-2zm16 0H8v2h12v-2z\" fill=\"currentColor\"><\/path><\/svg><svg style=\"fill: #999;color:#999\" class=\"arrow-unsorted-368013\" xmlns=\"http:\/\/www.w3.org\/2000\/svg\" width=\"10px\" height=\"10px\" viewBox=\"0 0 24 24\" version=\"1.2\" baseProfile=\"tiny\"><path d=\"M18.2 9.3l-6.2-6.3-6.2 6.3c-.2.2-.3.4-.3.7s.1.5.3.7c.2.2.4.3.7.3h11c.3 0 .5-.1.7-.3.2-.2.3-.5.3-.7s-.1-.5-.3-.7zM5.8 14.7l6.2 6.3 6.2-6.3c.2-.2.3-.5.3-.7s-.1-.5-.3-.7c-.2-.2-.4-.3-.7-.3h-11c-.3 0-.5.1-.7.3-.2.2-.3.5-.3.7s.1.5.3.7z\"\/><\/svg><\/span><\/span><\/label><input type=\"checkbox\"  id=\"ez-toc-cssicon-toggle-item-69f5dcab853bb\"  aria-label=\"Alternar\" \/><nav><ul class='ez-toc-list ez-toc-list-level-1 ' ><li class='ez-toc-page-1 ez-toc-heading-level-2'><a class=\"ez-toc-link ez-toc-heading-1\" href=\"https:\/\/warren.com.br\/magazine\/rodrigo-grundig\/#O_Design_como_uma_das_essencias_da_Warren\" >O Design como uma das ess\u00eancias da Warren<\/a><\/li><li class='ez-toc-page-1 ez-toc-heading-level-2'><a class=\"ez-toc-link ez-toc-heading-2\" href=\"https:\/\/warren.com.br\/magazine\/rodrigo-grundig\/#O_Grundig_fora_da_Warren\" >O Grundig fora da Warren<\/a><\/li><li class='ez-toc-page-1 ez-toc-heading-level-2'><a class=\"ez-toc-link ez-toc-heading-3\" href=\"https:\/\/warren.com.br\/magazine\/rodrigo-grundig\/#Os_proximos_desafios\" >Os pr\u00f3ximos desafios<\/a><\/li><\/ul><\/nav><\/div>\n<h2 class=\"wp-block-heading\"><span class=\"ez-toc-section\" id=\"O_Design_como_uma_das_essencias_da_Warren\"><\/span>O Design como uma das ess\u00eancias da Warren<span class=\"ez-toc-section-end\"><\/span><\/h2>\n\n\n\n<p>Como comenta Tito Gusm\u00e3o, &#8220;todo neg\u00f3cio que \u00e9 online ou tenha como base importante o mundo digital, precisa ter s\u00f3cios que preencham tr\u00eas \u00e1reas: produto, desenvolvimento e design&#8221;.&nbsp;<\/p>\n\n\n\n<p>O design sempre fez parte da ess\u00eancia da Warren. Desde que surgimos, temos a preocupa\u00e7\u00e3o em fazer com que o nosso produto traduza fielmente o que nossos clientes querem e precisam: praticidade e transpar\u00eancia na hora de construir o seu patrim\u00f4nio. <\/p>\n\n\n\n<p>Sabemos que, para muitos brasileiros, o mundo dos investimentos ainda parece misterioso e at\u00e9 mesmo assustador. Resolver essa rela\u00e7\u00e3o das pessoas com os seus investimentos atrav\u00e9s de uma plataforma 100% digital s\u00f3 pode acontecer atrav\u00e9s de um design de excel\u00eancia, de ponta a ponta.&nbsp;<\/p>\n\n\n\n<figure class=\"wp-block-image size-large is-resized\"><img loading=\"lazy\" decoding=\"async\" src=\"https:\/\/warren.com.br\/magazine\/wp-content\/uploads\/2020\/10\/GrundigAndreYordannaTito.jpg\" alt=\"Rodrigo Grundig, Andr\u00e9 Gusm\u00e3o, Tito Gusm\u00e3o, Yordanna Colombo - Warren\" class=\"wp-image-8622\" width=\"729\" height=\"644\" srcset=\"https:\/\/warren.com.br\/magazine\/wp-content\/uploads\/2020\/10\/GrundigAndreYordannaTito.jpg 729w, https:\/\/warren.com.br\/magazine\/wp-content\/uploads\/2020\/10\/GrundigAndreYordannaTito-300x265.jpg 300w\" sizes=\"auto, (max-width: 729px) 100vw, 729px\" \/><\/figure>\n\n\n\n<p>Respons\u00e1vel por todas as decis\u00f5es quando o assunto \u00e9 design na Warren, Grundig complementa: \u201cQuando a gente pega grandes conglomerados financeiros, o foco deles nem sempre \u00e9 design. Na Warren, a gente tem o cuidado de colocar no ar algo \u00fanico neste aspecto&#8221;.<\/p>\n\n\n\n<h2 class=\"wp-block-heading\"><span class=\"ez-toc-section\" id=\"O_Grundig_fora_da_Warren\"><\/span>O Grundig fora da Warren<span class=\"ez-toc-section-end\"><\/span><\/h2>\n\n\n\n<p>Fora da Warren, Grundig busca se dedicar \u00e0 leitura e \u00e0 fotografia, al\u00e9m de se aventurar tamb\u00e9m na gastronomia. O design, a experi\u00eancia, a usabilidade e a otimiza\u00e7\u00e3o de processos tamb\u00e9m entram em jogo nesse momento.<\/p>\n\n\n\n<p>\u201cQuando eu cozinho, gosto tamb\u00e9m de analisar todo o processo que envolve o preparo de um prato, tem muito a ver com desenvolver um produto. Por que a gente pega um ingrediente antes do outro? Quanto tempo levamos em cada etapa? \u00c9 sobre administrar um fluxo, uma jornada.\u201d<\/p>\n\n\n\n<h2 class=\"wp-block-heading\"><span class=\"ez-toc-section\" id=\"Os_proximos_desafios\"><\/span>Os pr\u00f3ximos desafios<span class=\"ez-toc-section-end\"><\/span><\/h2>\n\n\n\n<p>Quando perguntado sobre os pr\u00f3ximos desafios para a Warren no que diz respeito ao design, Grundig comenta: &#8220;O desafio mais interessante \u00e9 escalar todo o conhecimento que temos e as boas pr\u00e1ticas que seguimos sem separar tudo em compartimentos que n\u00e3o se conversam. Crescer de forma unificada, sem perder essa ess\u00eancia que nos faz ser t\u00e3o \u00fanicos no mercado.&#8221;<\/p>\n\n\n\n<p>Quer conhecer outras pessoas que comp\u00f5em o time da Warren? Acesse os outros perfis da se\u00e7\u00e3o <strong>Pessoas da Warren<\/strong>:<\/p>\n\n\n\n<ul class=\"wp-block-list\"><li><a href=\"https:\/\/warren.com.br\/magazine\/kelly-gusmao\">Kelly Gusm\u00e3o, CPO e guardi\u00e3 da cultura da Warren<\/a><\/li><li><a href=\"https:\/\/warren.com.br\/magazine\/yordanna-colombo\/\">Yordanna Colombo, Head de Atendimento<\/a><\/li><li><a href=\"https:\/\/warren.com.br\/magazine\/jessica-garbin\/\">J\u00e9ssica Garbin, Product Owner<\/a><br><\/li><\/ul>\n","protected":false},"excerpt":{"rendered":"<p>Conhe\u00e7a os profissionais que trabalham incansavelmente para transformar o mercado de investimentos no Brasil.<\/p>\n","protected":false},"author":8,"featured_media":8632,"comment_status":"open","ping_status":"open","sticky":false,"template":"","format":"standard","meta":{"_acf_changed":false,"footnotes":""},"categories":[752],"tags":[],"class_list":["post-8619","post","type-post","status-publish","format-standard","has-post-thumbnail","hentry","category-a-warren","entry"],"acf":[],"yoast_head":"<!-- This site is optimized with the Yoast SEO plugin v27.5 - https:\/\/yoast.com\/product\/yoast-seo-wordpress\/ -->\n<title>Conhe\u00e7a Rodrigo Grundig, Chief Design Officer da Warren<\/title>\n<meta name=\"description\" content=\"S\u00f3cio-fundador e CDO da Warren, Rodrigo Grundig atualmente lidera uma equipe de mais de 20 designers na Warren.\" \/>\n<meta name=\"robots\" content=\"index, follow, max-snippet:-1, max-image-preview:large, max-video-preview:-1\" \/>\n<link rel=\"canonical\" href=\"https:\/\/warren.com.br\/magazine\/rodrigo-grundig\/\" \/>\n<meta property=\"og:locale\" content=\"pt_BR\" \/>\n<meta property=\"og:type\" content=\"article\" \/>\n<meta property=\"og:title\" content=\"Conhe\u00e7a Rodrigo Grundig, Chief Design Officer da Warren\" \/>\n<meta property=\"og:description\" content=\"S\u00f3cio-fundador e CDO da Warren, Rodrigo Grundig atualmente lidera uma equipe de mais de 20 designers na Warren.\" \/>\n<meta property=\"og:url\" content=\"https:\/\/warren.com.br\/magazine\/rodrigo-grundig\/\" \/>\n<meta property=\"og:site_name\" content=\"Warren Magazine\" \/>\n<meta property=\"article:publisher\" content=\"https:\/\/www.facebook.com\/warrenbrasil\/\" \/>\n<meta property=\"article:published_time\" content=\"2020-10-28T18:09:43+00:00\" \/>\n<meta property=\"article:modified_time\" content=\"2023-08-03T01:18:42+00:00\" \/>\n<meta property=\"og:image\" content=\"https:\/\/warren.com.br\/magazine\/wp-content\/uploads\/2020\/10\/Grundigcapa-1.jpg\" \/>\n\t<meta property=\"og:image:width\" content=\"1280\" \/>\n\t<meta property=\"og:image:height\" content=\"720\" \/>\n\t<meta property=\"og:image:type\" content=\"image\/jpeg\" \/>\n<meta name=\"author\" content=\"Reda\u00e7\u00e3o Warren\" \/>\n<meta name=\"twitter:card\" content=\"summary_large_image\" \/>\n<meta name=\"twitter:creator\" content=\"@warrenbrasil\" \/>\n<meta name=\"twitter:site\" content=\"@warrenbrasil\" \/>\n<meta name=\"twitter:label1\" content=\"Escrito por\" \/>\n\t<meta name=\"twitter:data1\" content=\"Reda\u00e7\u00e3o Warren\" \/>\n\t<meta name=\"twitter:label2\" content=\"Est. tempo de leitura\" \/>\n\t<meta name=\"twitter:data2\" content=\"4 minutos\" \/>\n<!-- \/ Yoast SEO plugin. -->","yoast_head_json":{"title":"Conhe\u00e7a Rodrigo Grundig, Chief Design Officer da Warren","description":"S\u00f3cio-fundador e CDO da Warren, Rodrigo Grundig atualmente lidera uma equipe de mais de 20 designers na Warren.","robots":{"index":"index","follow":"follow","max-snippet":"max-snippet:-1","max-image-preview":"max-image-preview:large","max-video-preview":"max-video-preview:-1"},"canonical":"https:\/\/warren.com.br\/magazine\/rodrigo-grundig\/","og_locale":"pt_BR","og_type":"article","og_title":"Conhe\u00e7a Rodrigo Grundig, Chief Design Officer da Warren","og_description":"S\u00f3cio-fundador e CDO da Warren, Rodrigo Grundig atualmente lidera uma equipe de mais de 20 designers na Warren.","og_url":"https:\/\/warren.com.br\/magazine\/rodrigo-grundig\/","og_site_name":"Warren Magazine","article_publisher":"https:\/\/www.facebook.com\/warrenbrasil\/","article_published_time":"2020-10-28T18:09:43+00:00","article_modified_time":"2023-08-03T01:18:42+00:00","og_image":[{"width":1280,"height":720,"url":"https:\/\/warren.com.br\/magazine\/wp-content\/uploads\/2020\/10\/Grundigcapa-1.jpg","type":"image\/jpeg"}],"author":"Reda\u00e7\u00e3o Warren","twitter_card":"summary_large_image","twitter_creator":"@warrenbrasil","twitter_site":"@warrenbrasil","twitter_misc":{"Escrito por":"Reda\u00e7\u00e3o Warren","Est. tempo de leitura":"4 minutos"},"schema":{"@context":"https:\/\/schema.org","@graph":[{"@type":"NewsArticle","@id":"https:\/\/warren.com.br\/magazine\/rodrigo-grundig\/#article","isPartOf":{"@id":"https:\/\/warren.com.br\/magazine\/rodrigo-grundig\/"},"author":{"name":"Reda\u00e7\u00e3o Warren","@id":"https:\/\/warren.com.br\/magazine\/#\/schema\/person\/6ab5c3002c3fbf4a167e69ed8a2b228c"},"headline":"O design como ess\u00eancia: conhe\u00e7a Rodrigo Grundig, Chief Design Officer da Warren","datePublished":"2020-10-28T18:09:43+00:00","dateModified":"2023-08-03T01:18:42+00:00","mainEntityOfPage":{"@id":"https:\/\/warren.com.br\/magazine\/rodrigo-grundig\/"},"wordCount":658,"commentCount":0,"publisher":{"@id":"https:\/\/warren.com.br\/magazine\/#organization"},"image":{"@id":"https:\/\/warren.com.br\/magazine\/rodrigo-grundig\/#primaryimage"},"thumbnailUrl":"https:\/\/warren.com.br\/magazine\/wp-content\/uploads\/2020\/10\/Grundigcapa-1.jpg","articleSection":["A Warren\u00a0"],"inLanguage":"pt-BR"},{"@type":"WebPage","@id":"https:\/\/warren.com.br\/magazine\/rodrigo-grundig\/","url":"https:\/\/warren.com.br\/magazine\/rodrigo-grundig\/","name":"Conhe\u00e7a Rodrigo Grundig, Chief Design Officer da Warren","isPartOf":{"@id":"https:\/\/warren.com.br\/magazine\/#website"},"primaryImageOfPage":{"@id":"https:\/\/warren.com.br\/magazine\/rodrigo-grundig\/#primaryimage"},"image":{"@id":"https:\/\/warren.com.br\/magazine\/rodrigo-grundig\/#primaryimage"},"thumbnailUrl":"https:\/\/warren.com.br\/magazine\/wp-content\/uploads\/2020\/10\/Grundigcapa-1.jpg","datePublished":"2020-10-28T18:09:43+00:00","dateModified":"2023-08-03T01:18:42+00:00","description":"S\u00f3cio-fundador e CDO da Warren, Rodrigo Grundig atualmente lidera uma equipe de mais de 20 designers na Warren.","inLanguage":"pt-BR","potentialAction":[{"@type":"ReadAction","target":["https:\/\/warren.com.br\/magazine\/rodrigo-grundig\/"]}]},{"@type":"ImageObject","inLanguage":"pt-BR","@id":"https:\/\/warren.com.br\/magazine\/rodrigo-grundig\/#primaryimage","url":"https:\/\/warren.com.br\/magazine\/wp-content\/uploads\/2020\/10\/Grundigcapa-1.jpg","contentUrl":"https:\/\/warren.com.br\/magazine\/wp-content\/uploads\/2020\/10\/Grundigcapa-1.jpg","width":1280,"height":720,"caption":"Grundigcapa 1"},{"@type":"WebSite","@id":"https:\/\/warren.com.br\/magazine\/#website","url":"https:\/\/warren.com.br\/magazine\/","name":"Warren Magazine","description":"","publisher":{"@id":"https:\/\/warren.com.br\/magazine\/#organization"},"potentialAction":[{"@type":"SearchAction","target":{"@type":"EntryPoint","urlTemplate":"https:\/\/warren.com.br\/magazine\/?s={search_term_string}"},"query-input":{"@type":"PropertyValueSpecification","valueRequired":true,"valueName":"search_term_string"}}],"inLanguage":"pt-BR"},{"@type":"Organization","@id":"https:\/\/warren.com.br\/magazine\/#organization","name":"Warren Magazine","url":"https:\/\/warren.com.br\/magazine\/","logo":{"@type":"ImageObject","inLanguage":"pt-BR","@id":"https:\/\/warren.com.br\/magazine\/#\/schema\/logo\/image\/","url":"https:\/\/warren.com.br\/magazine\/wp-content\/uploads\/2023\/06\/ThumbMagazine.jpg","contentUrl":"https:\/\/warren.com.br\/magazine\/wp-content\/uploads\/2023\/06\/ThumbMagazine.jpg","width":2400,"height":1260,"caption":"Warren Magazine"},"image":{"@id":"https:\/\/warren.com.br\/magazine\/#\/schema\/logo\/image\/"},"sameAs":["https:\/\/www.facebook.com\/warrenbrasil\/","https:\/\/x.com\/warrenbrasil","https:\/\/www.instagram.com\/warrenbrasil\/","https:\/\/www.linkedin.com\/company\/warrenbrasil\/","https:\/\/www.youtube.com\/channel\/UCqIO5twa50iGz2wT5cGS-XQ"]},{"@type":"Person","@id":"https:\/\/warren.com.br\/magazine\/#\/schema\/person\/6ab5c3002c3fbf4a167e69ed8a2b228c","name":"Reda\u00e7\u00e3o Warren","image":{"@type":"ImageObject","inLanguage":"pt-BR","@id":"https:\/\/warren.com.br\/magazine\/wp-content\/uploads\/2023\/12\/Instagram-avatar-96x96.png","url":"https:\/\/warren.com.br\/magazine\/wp-content\/uploads\/2023\/12\/Instagram-avatar-96x96.png","contentUrl":"https:\/\/warren.com.br\/magazine\/wp-content\/uploads\/2023\/12\/Instagram-avatar-96x96.png","caption":"Reda\u00e7\u00e3o Warren"},"url":"https:\/\/warren.com.br\/magazine\/author\/redacao-warren\/"}]}},"_links":{"self":[{"href":"https:\/\/warren.com.br\/magazine\/wp-json\/wp\/v2\/posts\/8619","targetHints":{"allow":["GET"]}}],"collection":[{"href":"https:\/\/warren.com.br\/magazine\/wp-json\/wp\/v2\/posts"}],"about":[{"href":"https:\/\/warren.com.br\/magazine\/wp-json\/wp\/v2\/types\/post"}],"author":[{"embeddable":true,"href":"https:\/\/warren.com.br\/magazine\/wp-json\/wp\/v2\/users\/8"}],"replies":[{"embeddable":true,"href":"https:\/\/warren.com.br\/magazine\/wp-json\/wp\/v2\/comments?post=8619"}],"version-history":[{"count":3,"href":"https:\/\/warren.com.br\/magazine\/wp-json\/wp\/v2\/posts\/8619\/revisions"}],"predecessor-version":[{"id":14454,"href":"https:\/\/warren.com.br\/magazine\/wp-json\/wp\/v2\/posts\/8619\/revisions\/14454"}],"wp:featuredmedia":[{"embeddable":true,"href":"https:\/\/warren.com.br\/magazine\/wp-json\/wp\/v2\/media\/8632"}],"wp:attachment":[{"href":"https:\/\/warren.com.br\/magazine\/wp-json\/wp\/v2\/media?parent=8619"}],"wp:term":[{"taxonomy":"category","embeddable":true,"href":"https:\/\/warren.com.br\/magazine\/wp-json\/wp\/v2\/categories?post=8619"},{"taxonomy":"post_tag","embeddable":true,"href":"https:\/\/warren.com.br\/magazine\/wp-json\/wp\/v2\/tags?post=8619"}],"curies":[{"name":"wp","href":"https:\/\/api.w.org\/{rel}","templated":true}]}}