{"id":9356,"date":"2020-12-01T14:40:11","date_gmt":"2020-12-01T17:40:11","guid":{"rendered":"https:\/\/warren.com.br\/magazine\/?p=9356"},"modified":"2023-08-02T22:18:40","modified_gmt":"2023-08-03T01:18:40","slug":"jornada-da-warren-capitulo-8","status":"publish","type":"post","link":"https:\/\/warren.com.br\/magazine\/jornada-da-warren-capitulo-8\/","title":{"rendered":"A jornada da Warren #8: Por que decidimos vir para o Brasil"},"content":{"rendered":"<div id=\"playht-iframe-wrapper\" style=\"max-height: 210px !important;\">\n\t<iframe\n\tscrolling=\"no\"\n\tclass=\"playht-iframe-player\"\n\tid=\"playht-iframe-player\"\n\theight=\"90px\"\n\twidth=\"100%\"\n\tframeborder=\"0\"\n\tstyle=\"max-height: 90px; height: 90px !important;\"\n\tsrc=\"https:\/\/play.ht\/embed\/?article_url=https:\/\/warren.com.br\/magazine\/?p=9356&voice=pt-BR-FranciscaNeural&appId=l7OQ6uC_zK&trans_id=-N9ISM5iLZMNOk2qS4bS\"\n\tdata-voice=\"pt-BR-FranciscaNeural\"\n\tarticle-url=\"https:\/\/warren.com.br\/magazine\/?p=9356\"\n\tdata-appId=\"l7OQ6uC_zK\"\n\tallowfullscreen=\"\">\n\t<\/iframe>\n<\/div>\n\n<p><a href=\"https:\/\/warren.com.br\/magazine\/a-jornada-da-warren-capitulo-7\/\"><strong>Confira o cap\u00edtulo anterior sobre a Jornada da Warren.<\/strong><\/a><\/p>\n\n\n\n<p>Como contei para voc\u00eas no cap\u00edtulo anterior, o nosso destino era Las Vegas, para participar da <strong>segunda fase da Collision<\/strong>.&nbsp;<\/p>\n\n\n\n<p>Mas o nosso prot\u00f3tipo, at\u00e9 ent\u00e3o, s\u00f3 suportava uma demonstra\u00e7\u00e3o via Skype.&nbsp;<\/p>\n\n\n\n<p>Na feira, as pessoas teriam a possibilidade de testar a <a href=\"https:\/\/warren.com.br\/magazine\/melhor-plataforma-de-investimento\/\">plataforma<\/a> e n\u00e3o s\u00f3 o passo a passo com o <a href=\"https:\/\/lp.warren.com.br\/o-que-e-a-warren?gclid=CjwKCAjwlID8BRAFEiwAnUoK1TsImsqLD7-9LD2o80d_pagov9xz85fH1poh5RvFp9knNLdQuRYe8hoCY-wQAvD_BwE\">Warren<\/a> at\u00e9 a constru\u00e7\u00e3o dos<strong> Objetivos de Investimento<\/strong> tinham que funcionar, como tamb\u00e9m precis\u00e1vamos de banco de dados, autoresponder e coisas do tipo.&nbsp;<\/p>\n\n\n\n<p>Muita coisa precisava ser feita e o tempo era curto. Mesmo assim, entregas todas planejadas no Trello e destination Las Vegas.<\/p>\n\n\n\n<p>Como foi? Foi muito boa!&nbsp;<\/p>\n\n\n\n<p>Na v\u00e9spera, treinamos exaustivamente as poss\u00edveis perguntas\/respostas, <strong>o fluxo no Warren e o pitch<\/strong>.<\/p>\n\n\n\n<p>Praticamos tanto que se algu\u00e9m mal desse um \u201coi\u201d j\u00e1 virava motivo para o pitch ser executado automaticamente.&nbsp;<\/p>\n\n\n\n<p>Voc\u00ea precisa estar sempre super preparado, para tudo. Da\u00ed a batalha fica mais f\u00e1cil de ser vencida. Mas preciso salientar que &#8220;mais f\u00e1cil&#8221; n\u00e3o \u00e9 sin\u00f4nimo de &#8220;vit\u00f3ria certa&#8221;.&nbsp;&nbsp;<\/p>\n\n\n\n<p>Por exemplo, durante a feira, o representante de uma venture capital do Vale do Sil\u00edcio nos chamou para uma reuni\u00e3o.&nbsp;<\/p>\n\n\n\n<p>Era o momento de brilhar, mas foi um fracasso.&nbsp;<\/p>\n\n\n\n<p>Todo o treino do pitch se perdeu em meio ao nervosismo de bater o primeiro papo com um potencial investidor.&nbsp;<\/p>\n\n\n\n<p>Eu gaguejei para responder perguntas \u00f3bvias e deixo aqui uma segunda dica importante.&nbsp;<\/p>\n\n\n\n<p>Al\u00e9m de uma boa prepara\u00e7\u00e3o, nada melhor do que horas de v\u00f4o. Nada melhor do que viver na pr\u00e1tica situa\u00e7\u00f5es complicadas, v\u00e1rias e v\u00e1rias vezes.&nbsp;<\/p>\n\n\n\n<p>Aquelas situa\u00e7\u00f5es que nos d\u00e3o medo, nos tiram da zona de conforto e que na primeira vez provavelmente dar\u00e1 errado. S\u00e3o elas mesmas que ap\u00f3s a segunda tentativa, terceira, quarta e quinta, come\u00e7am a dar certo.&nbsp;<\/p>\n\n\n\n<p><strong>Horas de v\u00f4o! <\/strong>&nbsp;<\/p>\n\n\n\n<figure class=\"wp-block-image is-resized\"><img loading=\"lazy\" decoding=\"async\" src=\"https:\/\/lh6.googleusercontent.com\/WHNBUyn051NzXlaE27fMV0ruusBEWefm2P5fdwzczYqkyukpaJuQKI5t7e_iwqQsW8cEM1pq4r_AYqwlXo-BlHsO-Dbg3uStXtv2S3GrKyMYd8fCqayLVfJzVBMLT0t3JzXFPKzt\" alt=\"\" width=\"631\" height=\"474\"\/><\/figure>\n\n\n\n<p>E n\u00e3o foi s\u00f3 o papo com o investidor do Vale do Sil\u00edcio que foi ruim. Vou contar para voc\u00eas que v\u00e1rios outros problemas surgiram.&nbsp;<\/p>\n\n\n\n<p>Desde todos os tipos de bugs que poderiam acontecer e que tiveram que ser consertados na hora, at\u00e9 a bab\u00e1 que o hotel indicou, mas que n\u00e3o apareceu e ent\u00e3o eu tive que ir para a feira com meu <strong>filho rec\u00e9m nascido no canguru<\/strong>.&nbsp;<\/p>\n\n\n\n<p>Fazer pitch em ingl\u00eas, v\u00e1rias vezes e com um beb\u00ea no colo n\u00e3o foi f\u00e1cil, mas at\u00e9 que foi bem divertido e muitas pessoas quando viam a situa\u00e7\u00e3o falavam: \u201c<em>This is a real startup\u201d.<\/em><\/p>\n\n\n\n<p>Foram centenas de pessoas que, em dois dias intensos de evento, passaram pelo nosso stand, em que repetimos o pitch in\u00fameras vezes e respondemos as mesmas perguntas outras tantas vezes, sempre, ao mesmo tempo usando a plataforma para construir um<strong> portf\u00f3lio de investimento<\/strong> depois do outro e do outro e do outro.&nbsp;<\/p>\n\n\n\n<p>Destaque total foi a <a href=\"https:\/\/warren.com.br\/magazine\/kelly-gusmao\/\">Kelly<\/a>, tamb\u00e9m uma das nossas fundadoras, que com seu carisma incompar\u00e1vel, energia inesgot\u00e1vel e paix\u00e3o inabal\u00e1vel pela Warren, encantou absolutamente todas as pessoas que pararam no nosso stand.&nbsp;<\/p>\n\n\n\n<p><strong>Resultado? Ficamos entre as 10 melhores entre quase 500 outras startups!!!<\/strong><\/p>\n\n\n\n<figure class=\"wp-block-image is-resized\"><img loading=\"lazy\" decoding=\"async\" src=\"https:\/\/lh3.googleusercontent.com\/lOPejEYMj0abT-agJETNEs_dB1iH0ZJksBgQlcSQXiC7xoaQy9mAVJqvOlrAugaQ1nYQ9Z4xF2yHXyKOcC6BNiGLAyRHMmpKb6Z7nb_g9boWRdSIE2WpWnfxZZ3afu-bz0GcJIL2\" alt=\"\" width=\"496\" height=\"374\"\/><\/figure>\n\n\n\n<p>N\u00f3s gostamos tanto de participar deste evento que, quando surge alguma feira interessante aqui no Brasil, estamos l\u00e1.&nbsp;<\/p>\n\n\n\n<p>Atualmente, participamos de eventos totalmente online em fun\u00e7\u00e3o da pandemia. Mas, at\u00e9 o ano passado, marcamos presen\u00e7a em diversas <strong>feiras de inova\u00e7\u00e3o<\/strong>, tecnologia e mercado financeiro, como a <a href=\"https:\/\/www.gramadosummit.com\/\">Gramado Summit<\/a>, os eventos do <a href=\"https:\/\/www.startse.com\/\">Startse<\/a> e do <a href=\"https:\/\/www.sebrae.com.br\/sites\/PortalSebrae\">Sebrae<\/a>.&nbsp;<\/p>\n\n\n\n<p>Por mais que voc\u00ea tenha uma empresa online e que o Google Forms funcione super bem para as pesquisas, nada melhor do que <strong>falar cara a cara <\/strong>com um usu\u00e1rio ou potencial usu\u00e1rio.&nbsp;<\/p>\n\n\n\n<p>Voltando a nossa hist\u00f3ria: sa\u00edmos de Las Vegas e pegamos a estrada em dire\u00e7\u00e3o ao Vale do Sil\u00edcio. Est\u00e1vamos inscritos em um evento menor para mostrar a Warren e aproveitamos as paradas durante o trajeto para enviar para pessoas importantes dos EUA e Brasil um resumo que est\u00e1vamos fazendo.&nbsp;<\/p>\n\n\n\n<p>Precis\u00e1vamos dar o passo seguinte e, para isso, precisar\u00edamos de <strong>capital<\/strong>.<\/p>\n\n\n\n<p>Claro que a quantidade de \u201cn\u00e3o\u201d que recebemos foi gigante. Mas, entre diversas conversas que tivemos, encontramos alguns \u201ctalvez\u201d.&nbsp;<\/p>\n\n\n\n<p>Duas empresas de investimentos de Nova York, uma incubadora tamb\u00e9m em NY e uma aceleradora em S\u00e3o Francisco. Os papos come\u00e7aram no online e migraram para reuni\u00f5es presenciais.&nbsp;<\/p>\n\n\n\n<p>Em paralelo eu tinha assumido o financiamento inicial do projeto e come\u00e7amos a abertura da empresa e licen\u00e7as legais nos EUA. Mas, nesse meio tempo, recebemos a liga\u00e7\u00e3o do <strong>Marcelo Maisonnave<\/strong>, co-fundador do que tinha se tornado a maior corretora do Brasil.&nbsp;<\/p>\n\n\n\n<p>Ele tinha sa\u00eddo da empresa que tinha fundado e estava morando nos EUA. Ligou empolgado para mim e disse que tinha adorado a Warren e queria bater um papo.&nbsp;<\/p>\n\n\n\n<p>Pouco tempo depois, o Marcelo se tornaria um dos fundadores e foi ele que nos convenceu a come\u00e7ar no Brasil.&nbsp;<\/p>\n\n\n\n<p>Ele tinha lido sobre uma nova instru\u00e7\u00e3o da <a href=\"https:\/\/warren.com.br\/magazine\/cvm\/\">CVM<\/a> (o xerif\u00e3o do mercado) que permitia que gestoras fizessem a distribui\u00e7\u00e3o direta dos seus produtos. Essa seria uma forma f\u00e1cil de iniciar a Warren.<\/p>\n\n\n\n<p>Al\u00e9m disso, no Brasil \u201cjogamos em casa\u201d. Muito melhor come\u00e7ar em um ambiente onde conhecemos o campo. Por fim, o Brasil precisava de uma solu\u00e7\u00e3o descomplicada, inteligente e que entregasse investimentos de forma alinhada, como a Warren prop\u00f5e.&nbsp;<\/p>\n\n\n\n<p><strong>Fizemos as malas e partimos para o Brasil.<\/strong><\/p>\n\n\n\n<p>E \u00e9 sobre o nosso come\u00e7o no Brasil o tema do pr\u00f3ximo cap\u00edtulo. Do desafio de montar a equipe at\u00e9 toda a burocracia de montar uma empresa de investimentos.<\/p>\n\n\n\n<p>&nbsp;At\u00e9 l\u00e1!<\/p>\n\n\n\n<p><a href=\"https:\/\/warren.com.br\/magazine\/jornada-da-warren-capitulo-9\/\"><strong>Continue a leitura e confira o cap\u00edtulo #9 da Jornada da Warren.<\/strong><\/a><\/p>\n","protected":false},"excerpt":{"rendered":"<p>Confira o cap\u00edtulo anterior sobre a Jornada da Warren.<\/p>\n","protected":false},"author":17,"featured_media":19124,"comment_status":"open","ping_status":"open","sticky":false,"template":"","format":"standard","meta":{"_acf_changed":false,"footnotes":""},"categories":[752],"tags":[],"class_list":["post-9356","post","type-post","status-publish","format-standard","has-post-thumbnail","hentry","category-a-warren","entry"],"acf":[],"yoast_head":"<!-- This site is optimized with the Yoast SEO plugin v27.5 - https:\/\/yoast.com\/product\/yoast-seo-wordpress\/ -->\n<title>A jornada da Warren #8: Por que decidimos vir para o Brasil<\/title>\n<meta name=\"description\" content=\"Contando os bastidores e as origens da Warren, nosso CEO, Tito Gusm\u00e3o, explica por que decidimos vir para o Brasil depois de validar a empresa nos EUA.\" \/>\n<meta name=\"robots\" content=\"index, follow, max-snippet:-1, max-image-preview:large, max-video-preview:-1\" \/>\n<link rel=\"canonical\" href=\"https:\/\/warren.com.br\/magazine\/jornada-da-warren-capitulo-8\/\" \/>\n<meta property=\"og:locale\" content=\"pt_BR\" \/>\n<meta property=\"og:type\" content=\"article\" \/>\n<meta property=\"og:title\" content=\"A jornada da Warren #8: Por que decidimos vir para o Brasil\" \/>\n<meta property=\"og:description\" content=\"Contando os bastidores e as origens da Warren, nosso CEO, Tito Gusm\u00e3o, explica por que decidimos vir para o Brasil depois de validar a empresa nos EUA.\" \/>\n<meta property=\"og:url\" content=\"https:\/\/warren.com.br\/magazine\/jornada-da-warren-capitulo-8\/\" \/>\n<meta property=\"og:site_name\" content=\"Warren Magazine\" \/>\n<meta property=\"article:publisher\" content=\"https:\/\/www.facebook.com\/warrenbrasil\/\" \/>\n<meta property=\"article:published_time\" content=\"2020-12-01T17:40:11+00:00\" \/>\n<meta property=\"article:modified_time\" content=\"2023-08-03T01:18:40+00:00\" \/>\n<meta property=\"og:image\" content=\"https:\/\/warren.com.br\/magazine\/wp-content\/uploads\/2020\/12\/jornada-1.jpg\" \/>\n\t<meta property=\"og:image:width\" content=\"1800\" \/>\n\t<meta property=\"og:image:height\" content=\"1225\" \/>\n\t<meta property=\"og:image:type\" content=\"image\/jpeg\" \/>\n<meta name=\"author\" content=\"Tito Gusm\u00e3o\" \/>\n<meta name=\"twitter:card\" content=\"summary_large_image\" \/>\n<meta name=\"twitter:creator\" content=\"@https:\/\/twitter.com\/titocgusmao\" \/>\n<meta name=\"twitter:site\" content=\"@warrenbrasil\" \/>\n<meta name=\"twitter:label1\" content=\"Escrito por\" \/>\n\t<meta name=\"twitter:data1\" content=\"Tito Gusm\u00e3o\" \/>\n\t<meta name=\"twitter:label2\" content=\"Est. tempo de leitura\" \/>\n\t<meta name=\"twitter:data2\" content=\"5 minutos\" \/>\n<!-- \/ Yoast SEO plugin. -->","yoast_head_json":{"title":"A jornada da Warren #8: Por que decidimos vir para o Brasil","description":"Contando os bastidores e as origens da Warren, nosso CEO, Tito Gusm\u00e3o, explica por que decidimos vir para o Brasil depois de validar a empresa nos EUA.","robots":{"index":"index","follow":"follow","max-snippet":"max-snippet:-1","max-image-preview":"max-image-preview:large","max-video-preview":"max-video-preview:-1"},"canonical":"https:\/\/warren.com.br\/magazine\/jornada-da-warren-capitulo-8\/","og_locale":"pt_BR","og_type":"article","og_title":"A jornada da Warren #8: Por que decidimos vir para o Brasil","og_description":"Contando os bastidores e as origens da Warren, nosso CEO, Tito Gusm\u00e3o, explica por que decidimos vir para o Brasil depois de validar a empresa nos EUA.","og_url":"https:\/\/warren.com.br\/magazine\/jornada-da-warren-capitulo-8\/","og_site_name":"Warren Magazine","article_publisher":"https:\/\/www.facebook.com\/warrenbrasil\/","article_published_time":"2020-12-01T17:40:11+00:00","article_modified_time":"2023-08-03T01:18:40+00:00","og_image":[{"width":1800,"height":1225,"url":"https:\/\/warren.com.br\/magazine\/wp-content\/uploads\/2020\/12\/jornada-1.jpg","type":"image\/jpeg"}],"author":"Tito Gusm\u00e3o","twitter_card":"summary_large_image","twitter_creator":"@https:\/\/twitter.com\/titocgusmao","twitter_site":"@warrenbrasil","twitter_misc":{"Escrito por":"Tito Gusm\u00e3o","Est. tempo de leitura":"5 minutos"},"schema":{"@context":"https:\/\/schema.org","@graph":[{"@type":"NewsArticle","@id":"https:\/\/warren.com.br\/magazine\/jornada-da-warren-capitulo-8\/#article","isPartOf":{"@id":"https:\/\/warren.com.br\/magazine\/jornada-da-warren-capitulo-8\/"},"author":{"name":"Tito Gusm\u00e3o","@id":"https:\/\/warren.com.br\/magazine\/#\/schema\/person\/3c24969ca6fd93209db48d92bda84fc6"},"headline":"A jornada da Warren #8: Por que decidimos vir para o Brasil","datePublished":"2020-12-01T17:40:11+00:00","dateModified":"2023-08-03T01:18:40+00:00","mainEntityOfPage":{"@id":"https:\/\/warren.com.br\/magazine\/jornada-da-warren-capitulo-8\/"},"wordCount":1027,"commentCount":0,"publisher":{"@id":"https:\/\/warren.com.br\/magazine\/#organization"},"image":{"@id":"https:\/\/warren.com.br\/magazine\/jornada-da-warren-capitulo-8\/#primaryimage"},"thumbnailUrl":"https:\/\/warren.com.br\/magazine\/wp-content\/uploads\/2020\/12\/jornada-1.jpg","articleSection":["A Warren\u00a0"],"inLanguage":"pt-BR"},{"@type":"WebPage","@id":"https:\/\/warren.com.br\/magazine\/jornada-da-warren-capitulo-8\/","url":"https:\/\/warren.com.br\/magazine\/jornada-da-warren-capitulo-8\/","name":"A jornada da Warren #8: Por que decidimos vir para o Brasil","isPartOf":{"@id":"https:\/\/warren.com.br\/magazine\/#website"},"primaryImageOfPage":{"@id":"https:\/\/warren.com.br\/magazine\/jornada-da-warren-capitulo-8\/#primaryimage"},"image":{"@id":"https:\/\/warren.com.br\/magazine\/jornada-da-warren-capitulo-8\/#primaryimage"},"thumbnailUrl":"https:\/\/warren.com.br\/magazine\/wp-content\/uploads\/2020\/12\/jornada-1.jpg","datePublished":"2020-12-01T17:40:11+00:00","dateModified":"2023-08-03T01:18:40+00:00","description":"Contando os bastidores e as origens da Warren, nosso CEO, Tito Gusm\u00e3o, explica por que decidimos vir para o Brasil depois de validar a empresa nos EUA.","inLanguage":"pt-BR","potentialAction":[{"@type":"ReadAction","target":["https:\/\/warren.com.br\/magazine\/jornada-da-warren-capitulo-8\/"]}]},{"@type":"ImageObject","inLanguage":"pt-BR","@id":"https:\/\/warren.com.br\/magazine\/jornada-da-warren-capitulo-8\/#primaryimage","url":"https:\/\/warren.com.br\/magazine\/wp-content\/uploads\/2020\/12\/jornada-1.jpg","contentUrl":"https:\/\/warren.com.br\/magazine\/wp-content\/uploads\/2020\/12\/jornada-1.jpg","width":1800,"height":1225},{"@type":"WebSite","@id":"https:\/\/warren.com.br\/magazine\/#website","url":"https:\/\/warren.com.br\/magazine\/","name":"Warren Magazine","description":"","publisher":{"@id":"https:\/\/warren.com.br\/magazine\/#organization"},"potentialAction":[{"@type":"SearchAction","target":{"@type":"EntryPoint","urlTemplate":"https:\/\/warren.com.br\/magazine\/?s={search_term_string}"},"query-input":{"@type":"PropertyValueSpecification","valueRequired":true,"valueName":"search_term_string"}}],"inLanguage":"pt-BR"},{"@type":"Organization","@id":"https:\/\/warren.com.br\/magazine\/#organization","name":"Warren Magazine","url":"https:\/\/warren.com.br\/magazine\/","logo":{"@type":"ImageObject","inLanguage":"pt-BR","@id":"https:\/\/warren.com.br\/magazine\/#\/schema\/logo\/image\/","url":"https:\/\/warren.com.br\/magazine\/wp-content\/uploads\/2023\/06\/ThumbMagazine.jpg","contentUrl":"https:\/\/warren.com.br\/magazine\/wp-content\/uploads\/2023\/06\/ThumbMagazine.jpg","width":2400,"height":1260,"caption":"Warren Magazine"},"image":{"@id":"https:\/\/warren.com.br\/magazine\/#\/schema\/logo\/image\/"},"sameAs":["https:\/\/www.facebook.com\/warrenbrasil\/","https:\/\/x.com\/warrenbrasil","https:\/\/www.instagram.com\/warrenbrasil\/","https:\/\/www.linkedin.com\/company\/warrenbrasil\/","https:\/\/www.youtube.com\/channel\/UCqIO5twa50iGz2wT5cGS-XQ"]},{"@type":"Person","@id":"https:\/\/warren.com.br\/magazine\/#\/schema\/person\/3c24969ca6fd93209db48d92bda84fc6","name":"Tito Gusm\u00e3o","image":{"@type":"ImageObject","inLanguage":"pt-BR","@id":"https:\/\/warren.com.br\/magazine\/wp-content\/uploads\/2022\/08\/tito3-96x96.jpg","url":"https:\/\/warren.com.br\/magazine\/wp-content\/uploads\/2022\/08\/tito3-96x96.jpg","contentUrl":"https:\/\/warren.com.br\/magazine\/wp-content\/uploads\/2022\/08\/tito3-96x96.jpg","caption":"Tito Gusm\u00e3o"},"description":"CEO e fundador da Warren, Tito possui quase duas d\u00e9cadas de experi\u00eancia no mercado. Empreendedor desde crian\u00e7a, Tito \u00e9 autor do livro \"Papo de Grana\" e um dos principais porta-vozes do alinhamento de interesses no mercado de investimentos brasileiro.","sameAs":["https:\/\/www.instagram.com\/titocgusmao\/","https:\/\/www.linkedin.com\/in\/titogusm%C3%A3o\/","https:\/\/x.com\/https:\/\/twitter.com\/titocgusmao"],"url":"https:\/\/warren.com.br\/magazine\/author\/tito-gusmao\/"}]}},"_links":{"self":[{"href":"https:\/\/warren.com.br\/magazine\/wp-json\/wp\/v2\/posts\/9356","targetHints":{"allow":["GET"]}}],"collection":[{"href":"https:\/\/warren.com.br\/magazine\/wp-json\/wp\/v2\/posts"}],"about":[{"href":"https:\/\/warren.com.br\/magazine\/wp-json\/wp\/v2\/types\/post"}],"author":[{"embeddable":true,"href":"https:\/\/warren.com.br\/magazine\/wp-json\/wp\/v2\/users\/17"}],"replies":[{"embeddable":true,"href":"https:\/\/warren.com.br\/magazine\/wp-json\/wp\/v2\/comments?post=9356"}],"version-history":[{"count":2,"href":"https:\/\/warren.com.br\/magazine\/wp-json\/wp\/v2\/posts\/9356\/revisions"}],"predecessor-version":[{"id":19126,"href":"https:\/\/warren.com.br\/magazine\/wp-json\/wp\/v2\/posts\/9356\/revisions\/19126"}],"wp:featuredmedia":[{"embeddable":true,"href":"https:\/\/warren.com.br\/magazine\/wp-json\/wp\/v2\/media\/19124"}],"wp:attachment":[{"href":"https:\/\/warren.com.br\/magazine\/wp-json\/wp\/v2\/media?parent=9356"}],"wp:term":[{"taxonomy":"category","embeddable":true,"href":"https:\/\/warren.com.br\/magazine\/wp-json\/wp\/v2\/categories?post=9356"},{"taxonomy":"post_tag","embeddable":true,"href":"https:\/\/warren.com.br\/magazine\/wp-json\/wp\/v2\/tags?post=9356"}],"curies":[{"name":"wp","href":"https:\/\/api.w.org\/{rel}","templated":true}]}}