{"id":9553,"date":"2020-12-19T00:02:33","date_gmt":"2020-12-19T03:02:33","guid":{"rendered":"https:\/\/warren.com.br\/magazine\/?p=9553"},"modified":"2023-08-02T22:12:52","modified_gmt":"2023-08-03T01:12:52","slug":"igpm","status":"publish","type":"post","link":"https:\/\/warren.com.br\/magazine\/igpm\/","title":{"rendered":"IGP-M pode bater recorde em 2020: entenda o que est\u00e1 por tr\u00e1s do fen\u00f4meno"},"content":{"rendered":"<div id=\"playht-iframe-wrapper\" style=\"max-height: 210px !important;\">\n\t<iframe\n\tscrolling=\"no\"\n\tclass=\"playht-iframe-player\"\n\tid=\"playht-iframe-player\"\n\theight=\"90px\"\n\twidth=\"100%\"\n\tframeborder=\"0\"\n\tstyle=\"max-height: 90px; height: 90px !important;\"\n\tsrc=\"https:\/\/play.ht\/embed\/?article_url=https:\/\/warren.com.br\/magazine\/?p=9553&voice=pt-BR-FranciscaNeural&appId=l7OQ6uC_zK&trans_id=-N7R6nNcqHHtIbwMEGwD\"\n\tdata-voice=\"pt-BR-FranciscaNeural\"\n\tarticle-url=\"https:\/\/warren.com.br\/magazine\/?p=9553\"\n\tdata-appId=\"l7OQ6uC_zK\"\n\tallowfullscreen=\"\">\n\t<\/iframe>\n<\/div>\n\n<p>Nas \u00faltimas semanas, a alta da infla\u00e7\u00e3o no Brasil vem ganhando bastante destaque no notici\u00e1rio econ\u00f4mico, e o <strong>IGP-M<\/strong> tomou conta das manchetes.<\/p>\n\n\n\n<p>Isso porque a infla\u00e7\u00e3o oficial, medida pelo <a href=\"https:\/\/warren.com.br\/magazine\/o-que-e-ipca\/\">IPCA<\/a>, deve fechar o ano em torno de 4,21%, podendo ultrapassar 5,5% no in\u00edcio de 2021.<\/p>\n\n\n\n<p>Mas a situa\u00e7\u00e3o fica ainda mais alarmante se considerarmos este outro medidor da <a href=\"https:\/\/warren.com.br\/magazine\/inflacao\/\">infla\u00e7\u00e3o<\/a>: o <strong>IGP-M<\/strong>, que considera outros pre\u00e7os al\u00e9m do IPCA e amea\u00e7a chegar ao maior n\u00edvel em mais de 25 anos.<\/p>\n\n\n\n<p>Em 2020, o <strong>IGP-M<\/strong> j\u00e1 acumula alta de quase <strong>22%<\/strong>; as proje\u00e7\u00f5es mais recentes colocam o \u00edndice acima de 24% e h\u00e1 risco de que o indicador supere a marca de 25% no in\u00edcio de 2021.<\/p>\n\n\n\n<p>Mas o que faz o <strong>IGP-M<\/strong> disparar tanto e qual o impacto real para o mercado e os investidores?&nbsp;<\/p>\n\n\n\n<p>Neste artigo da Warren, vamos explicar as <strong>diferentes metodologias para calcular a infla\u00e7\u00e3o<\/strong> e como isso afeta os seus investimentos.<\/p>\n\n\n\n<div id=\"ez-toc-container\" class=\"ez-toc-v2_0_82_2 counter-hierarchy ez-toc-counter ez-toc-grey ez-toc-container-direction\">\n<p class=\"ez-toc-title\" style=\"cursor:inherit\">Indice<\/p>\n<label for=\"ez-toc-cssicon-toggle-item-69efe7df3c856\" class=\"ez-toc-cssicon-toggle-label\"><span class=\"ez-toc-cssicon\"><span class=\"eztoc-hide\" style=\"display:none;\">Toggle<\/span><span class=\"ez-toc-icon-toggle-span\"><svg style=\"fill: #999;color:#999\" xmlns=\"http:\/\/www.w3.org\/2000\/svg\" class=\"list-377408\" width=\"20px\" height=\"20px\" viewBox=\"0 0 24 24\" fill=\"none\"><path d=\"M6 6H4v2h2V6zm14 0H8v2h12V6zM4 11h2v2H4v-2zm16 0H8v2h12v-2zM4 16h2v2H4v-2zm16 0H8v2h12v-2z\" fill=\"currentColor\"><\/path><\/svg><svg style=\"fill: #999;color:#999\" class=\"arrow-unsorted-368013\" xmlns=\"http:\/\/www.w3.org\/2000\/svg\" width=\"10px\" height=\"10px\" viewBox=\"0 0 24 24\" version=\"1.2\" baseProfile=\"tiny\"><path d=\"M18.2 9.3l-6.2-6.3-6.2 6.3c-.2.2-.3.4-.3.7s.1.5.3.7c.2.2.4.3.7.3h11c.3 0 .5-.1.7-.3.2-.2.3-.5.3-.7s-.1-.5-.3-.7zM5.8 14.7l6.2 6.3 6.2-6.3c.2-.2.3-.5.3-.7s-.1-.5-.3-.7c-.2-.2-.4-.3-.7-.3h-11c-.3 0-.5.1-.7.3-.2.2-.3.5-.3.7s.1.5.3.7z\"\/><\/svg><\/span><\/span><\/label><input type=\"checkbox\"  id=\"ez-toc-cssicon-toggle-item-69efe7df3c856\"  aria-label=\"Alternar\" \/><nav><ul class='ez-toc-list ez-toc-list-level-1 ' ><li class='ez-toc-page-1 ez-toc-heading-level-2'><a class=\"ez-toc-link ez-toc-heading-1\" href=\"https:\/\/warren.com.br\/magazine\/igpm\/#O_que_e_o_IGP-M\" >O que \u00e9 o IGP-M?<\/a><\/li><li class='ez-toc-page-1 ez-toc-heading-level-2'><a class=\"ez-toc-link ez-toc-heading-2\" href=\"https:\/\/warren.com.br\/magazine\/igpm\/#Qual_a_diferenca_entre_IGP-M_e_IPCA\" >Qual a diferen\u00e7a entre IGP-M e IPCA?<\/a><\/li><li class='ez-toc-page-1 ez-toc-heading-level-2'><a class=\"ez-toc-link ez-toc-heading-3\" href=\"https:\/\/warren.com.br\/magazine\/igpm\/#Qual_a_importancia_do_IGP-M_e_do_IPCA_para_a_economia\" >Qual a import\u00e2ncia do IGP-M e do IPCA para a economia?<\/a><\/li><li class='ez-toc-page-1 ez-toc-heading-level-2'><a class=\"ez-toc-link ez-toc-heading-4\" href=\"https:\/\/warren.com.br\/magazine\/igpm\/#Por_que_o_IGP-M_disparou_nos_ultimos_anos\" >Por que o IGP-M disparou nos \u00faltimos anos?<\/a><\/li><li class='ez-toc-page-1 ez-toc-heading-level-2'><a class=\"ez-toc-link ez-toc-heading-5\" href=\"https:\/\/warren.com.br\/magazine\/igpm\/#Como_o_mercado_financeiro_avalia_a_alta_do_IGP-M\" >Como o mercado financeiro avalia a alta do IGP-M?<\/a><\/li><li class='ez-toc-page-1 ez-toc-heading-level-2'><a class=\"ez-toc-link ez-toc-heading-6\" href=\"https:\/\/warren.com.br\/magazine\/igpm\/#Qual_o_impacto_da_alta_do_IGP-M_nos_investimentos\" >Qual o impacto da alta do IGP-M nos investimentos?<\/a><\/li><li class='ez-toc-page-1 ez-toc-heading-level-2'><a class=\"ez-toc-link ez-toc-heading-7\" href=\"https:\/\/warren.com.br\/magazine\/igpm\/#Por_que_a_alta_do_IGP-M_e_perigosa_para_a_economia\" >Por que a alta do IGP-M \u00e9 perigosa para a economia?<\/a><\/li><li class='ez-toc-page-1 ez-toc-heading-level-2'><a class=\"ez-toc-link ez-toc-heading-8\" href=\"https:\/\/warren.com.br\/magazine\/igpm\/#Como_proteger_os_investimentos_do_IGP-M_alto\" >Como proteger os investimentos do IGP-M alto?<\/a><\/li><\/ul><\/nav><\/div>\n<h2 class=\"wp-block-heading\"><span class=\"ez-toc-section\" id=\"O_que_e_o_IGP-M\"><\/span>O que \u00e9 o IGP-M?<span class=\"ez-toc-section-end\"><\/span><\/h2>\n\n\n\n<figure class=\"wp-block-image size-large\"><img loading=\"lazy\" decoding=\"async\" width=\"1024\" height=\"576\" src=\"https:\/\/warren.com.br\/magazine\/wp-content\/uploads\/2020\/12\/o-que-e-igpm-1024x576.png\" alt=\"o que \u00e9 igpm, ilustra\u00e7\u00e3o\" class=\"wp-image-9557\" srcset=\"https:\/\/warren.com.br\/magazine\/wp-content\/uploads\/2020\/12\/o-que-e-igpm-1024x576.png 1024w, https:\/\/warren.com.br\/magazine\/wp-content\/uploads\/2020\/12\/o-que-e-igpm-300x169.png 300w, https:\/\/warren.com.br\/magazine\/wp-content\/uploads\/2020\/12\/o-que-e-igpm-768x432.png 768w, https:\/\/warren.com.br\/magazine\/wp-content\/uploads\/2020\/12\/o-que-e-igpm.png 1280w\" sizes=\"auto, (max-width: 1024px) 100vw, 1024px\" \/><\/figure>\n\n\n\n<p>A sigla<strong> IGP-M \u00e9 um \u00edndice de infla\u00e7\u00e3o, <\/strong>a<strong> <\/strong>sigla para <strong>\u00cdndice Geral de Pre\u00e7os &#8211; Mercado<\/strong>. O \u00edndice \u00e9 calculado desde 1989 pela Funda\u00e7\u00e3o Get\u00falio Vargas (FGV) e representa uma m\u00e9dia de tr\u00eas indicadores:<\/p>\n\n\n\n<ul class=\"wp-block-list\">\n<li>\u00cdndice de Pre\u00e7os ao Produtor Amplo (IPA-M);<\/li>\n\n\n\n<li>\u00cdndice de Pre\u00e7os ao Consumidor (IPC-M);<\/li>\n\n\n\n<li>\u00cdndice Nacional de Custo da Constru\u00e7\u00e3o (INCC-M)<\/li>\n<\/ul>\n\n\n\n<p>Neste c\u00e1lculo, o IPA-M tem peso de 60%, o IPC-M, de 30%, e o INCC-M, de 10%.<\/p>\n\n\n\n<p>Assim, o <strong>IGP-M<\/strong> \u00e9 considerado um <strong>retrato mais amplo da economia real<\/strong>, pois considera o valor agregado dos insumos de produ\u00e7\u00e3o e da ind\u00fastria de constru\u00e7\u00e3o civil ao pre\u00e7o final dos bens e servi\u00e7os.<\/p>\n\n\n\n<h2 class=\"wp-block-heading\"><span class=\"ez-toc-section\" id=\"Qual_a_diferenca_entre_IGP-M_e_IPCA\"><\/span>Qual a diferen\u00e7a entre IGP-M e IPCA?<span class=\"ez-toc-section-end\"><\/span><\/h2>\n\n\n\n<p>O IPCA (\u00cdndice de Pre\u00e7os ao Consumidor Amplo), considerado a infla\u00e7\u00e3o oficial do Brasil, \u00e9 publicado desde 1979 pelo Instituto Brasileiro de Geografia e Estat\u00edstica (<a href=\"https:\/\/www.ibge.gov.br\/\">IBGE<\/a>).<\/p>\n\n\n\n<p>Em 1985, o governo estabeleceu o IPCA como <strong>infla\u00e7\u00e3o oficial do pa\u00eds<\/strong>. Ao contr\u00e1rio do <strong>IGP-M<\/strong>, o IPCA monitora somente a varia\u00e7\u00e3o de pre\u00e7os ao consumidor final \u2014 nas prateleiras de lojas e bombas de gasolina, por exemplo.<\/p>\n\n\n\n<p>Em outras palavras, <strong>o IPCA reflete a infla\u00e7\u00e3o do varejo<\/strong>, j\u00e1 com os custos de produ\u00e7\u00e3o consolidados, enquanto o c\u00e1lculo do <strong>IGP-M<\/strong> leva em conta os <strong>pre\u00e7os de mat\u00e9ria-prima, energia el\u00e9trica e alugu\u00e9is<\/strong>.&nbsp;<\/p>\n\n\n\n<p>Assim, \u00e9 natural que os \u00edndices tenham varia\u00e7\u00e3o distinta, mas geralmente na mesma dire\u00e7\u00e3o.<\/p>\n\n\n\n<figure class=\"wp-block-image\"><img decoding=\"async\" src=\"https:\/\/lh4.googleusercontent.com\/G1ML-th2GIcZF7LHAwcseeLIp3qsSUem_CzjrRnrY_kVdyyds4nUV_lrQZ2OvmGvRRYma7frRCmyQbccP5uVIFtMTXLKSiZQCVXlqlfeU66Qvk1Ts-VmlFIP3rkK8bPzP5nMVrNv\" alt=\"\"\/><\/figure>\n\n\n\n<p>Outra distin\u00e7\u00e3o importante \u00e9 a abrang\u00eancia de cada \u00edndice.&nbsp;<\/p>\n\n\n\n<p>A base do IPCA s\u00e3o os h\u00e1bitos de consumo de fam\u00edlias com renda entre 1 a 40 sal\u00e1rios m\u00ednimos residentes nas principais capitais e zonas metropolitanas brasileiras; j\u00e1 o <strong>IGP-M<\/strong> n\u00e3o considera essas restri\u00e7\u00f5es.<\/p>\n\n\n\n<p><strong>LEIA TAMB\u00c9M | <\/strong><a href=\"https:\/\/warren.com.br\/magazine\/como-calcular-inflacao-acumulada\/\"><strong>Como calcular infla\u00e7\u00e3o acumulada: passo a passo<\/strong><\/a><\/p>\n\n\n\n<h2 class=\"wp-block-heading\"><span class=\"ez-toc-section\" id=\"Qual_a_importancia_do_IGP-M_e_do_IPCA_para_a_economia\"><\/span>Qual a import\u00e2ncia do IGP-M e do IPCA para a economia?<span class=\"ez-toc-section-end\"><\/span><\/h2>\n\n\n\n<p>Como explicamos acima, o IPCA \u00e9 a<strong> infla\u00e7\u00e3o oficial <\/strong>do Brasil. Ele serve de refer\u00eancia, por exemplo, para o reajuste do sal\u00e1rio m\u00ednimo e IPTU, cortes ou eleva\u00e7\u00f5es na <a href=\"https:\/\/warren.com.br\/magazine\/nova-queda-selic-entenda-impactos-renda-fixa\/\">taxa Selic<\/a> e limite dos gastos p\u00fablicos.<\/p>\n\n\n\n<p>O IPCA \u00e9 tamb\u00e9m um dos indexadores de <a href=\"https:\/\/warren.com.br\/magazine\/titulos-publicos\/\">t\u00edtulos p\u00fablicos<\/a>, como \u00e9 o caso do Tesouro IPCA. Al\u00e9m disso, \u00e9 bastante utilizado como par\u00e2metro para o retorno de investimentos \u2014 frequentemente se fala sobre a <a href=\"https:\/\/warren.com.br\/magazine\/rendimento-da-poupanca-por-que-a-warren-e-melhor\/\">poupan\u00e7a<\/a> render mais ou menos do que a infla\u00e7\u00e3o oficial.<\/p>\n\n\n\n<p>Por outro lado, o <strong>IGP-M<\/strong> n\u00e3o \u00e9 t\u00e3o usado como indexador de investimento, mas tornou-se refer\u00eancia para reajustes de <strong>contratos de aluguel<\/strong> e <strong>tarifas de servi\u00e7os p\u00fablicos<\/strong>, como energia el\u00e9trica (embora n\u00e3o tenha sido criado com esta fun\u00e7\u00e3o).<\/p>\n\n\n\n<p>A influ\u00eancia do <strong>IGP-M<\/strong> sobre o mercado imobili\u00e1rio tem suas ra\u00edzes no per\u00edodo de <strong>hiperinfla\u00e7\u00e3o brasileira <\/strong>no final do s\u00e9culo XX.&nbsp;<\/p>\n\n\n\n<p>As varia\u00e7\u00f5es constantes de pre\u00e7os nos supermercados tornavam o IPCA muito vol\u00e1til para reajustar bens de oferta menos el\u00e1stica, e os propriet\u00e1rios de im\u00f3veis viram no <strong>IGP-M<\/strong> uma representa\u00e7\u00e3o mais realista de seus custos.<\/p>\n\n\n\n<p>Por\u00e9m, em raz\u00e3o da forte disparada do <strong>IGP-M<\/strong> em 2020, <a href=\"https:\/\/meulugar.quintoandar.com.br\/ipca-adotado-pelo-quintoandar-como-indice-de-reajuste-de-aluguel-em-novos-contratos\/\">algumas imobili\u00e1rias<\/a> j\u00e1 decidiram adotar o IPCA como refer\u00eancia para reajustes futuros.&nbsp;<\/p>\n\n\n\n<p>Esta medida ajuda a proteger tanto inquilinos quanto propriet\u00e1rios da distor\u00e7\u00e3o do \u00edndice.<\/p>\n\n\n\n<p><strong>LEIA TAMB\u00c9M | <\/strong><a href=\"https:\/\/warren.com.br\/magazine\/preco-arroz-inflacao-alimentos\/\"><strong>O pre\u00e7o do arroz, a infla\u00e7\u00e3o dos alimentos e os seus investimentos<\/strong><\/a><strong>&nbsp;<\/strong><\/p>\n\n\n\n<h2 class=\"wp-block-heading\"><span class=\"ez-toc-section\" id=\"Por_que_o_IGP-M_disparou_nos_ultimos_anos\"><\/span>Por que o IGP-M disparou nos \u00faltimos anos?<span class=\"ez-toc-section-end\"><\/span><\/h2>\n\n\n\n<p>A forte tend\u00eancia de alta no <strong>IGP-M<\/strong> come\u00e7ou a ser registrada no final de 2017, e sofreu uma grande acelera\u00e7\u00e3o em 2019, como ilustrado pelo gr\u00e1fico a seguir:<\/p>\n\n\n\n<figure class=\"wp-block-image\"><img decoding=\"async\" src=\"https:\/\/lh4.googleusercontent.com\/AOYB02seY1oetp_-m_2F92Fx2r8Or3e8OQuDcK-qCV8ZfGWSWlcIajWgYRQkeXCnoQ31KnwJPRc-Rsj2aVzPzbLJamKD9pHPM_EmVAqt4kGt7k6GSo1MpCfloak44ntNJZ0rfu9E\" alt=\"\"\/><figcaption class=\"wp-element-caption\"> Fonte: <a href=\"https:\/\/portal.fgv.br\/noticias\/igp-m-setembro-2020\">FGV<\/a> <\/figcaption><\/figure>\n\n\n\n<p><\/p>\n\n\n\n<p>Essa hiper escalada recente do <strong>IGP-M<\/strong> se deve principalmente a um fator: <strong>a alta do d\u00f3lar<\/strong>.&nbsp;<\/p>\n\n\n\n<p>Desde janeiro de 2020, o d\u00f3lar acumula alta de 26,46% em rela\u00e7\u00e3o ao real.&nbsp;<\/p>\n\n\n\n<p>Se considerarmos um per\u00edodo mais amplo, desde o in\u00edcio de 2018, a moeda americana valorizou 55,53% ante a brasileira.<\/p>\n\n\n\n<p>Como j\u00e1 mencionamos, os pre\u00e7os de mat\u00e9ria-prima e outros insumos industriais t\u00eam forte peso no c\u00e1lculo do <strong>IGP-M<\/strong>. \u00c0 medida que o real perde valor frente ao d\u00f3lar, o pre\u00e7o de materiais e equipamentos importados sobe muito, <strong>encarecendo toda a cadeia de produ\u00e7\u00e3o<\/strong>.<\/p>\n\n\n\n<p>O c\u00e2mbio alto incide, principalmente, sobre o c\u00e1lculo do <strong>IPA <\/strong>(a infla\u00e7\u00e3o para o setor produtivo, excluindo-se a constru\u00e7\u00e3o civil).<\/p>\n\n\n\n<p>Segundo dados da FGV, o IPA acumula alta de 30,46% entre janeiro e novembro de 2020; no mesmo per\u00edodo, as mat\u00e9rias-primas brutas avan\u00e7aram 61,15% com influ\u00eancia principalmente de <em>commodities<\/em> do setor agropecu\u00e1rio.<\/p>\n\n\n\n<figure class=\"wp-block-image\"><img decoding=\"async\" src=\"https:\/\/lh4.googleusercontent.com\/YhhYqwHRiDX6N9_1SMYcXqMlb3dvLuUmTvwyMWmfYXQi1DqV0uQHDKQJ8gdC-6-OoCc77xHfd-1wp_DY4SQmiaxVZc3PzLnv8j4nJ90GV9B0NzT0RfE84ghBfRrJtaM8owUKcbR6\" alt=\"\"\/><figcaption class=\"wp-element-caption\"> FONTE: FGV <\/figcaption><\/figure>\n\n\n\n<p><\/p>\n\n\n\n<p>Na varia\u00e7\u00e3o mensal de novembro, itens como batata-inglesa (+47,83%), milho em gr\u00e3o (+21,85%) e farelo de soja (+21,26%) pressionaram o \u00edndice.<\/p>\n\n\n\n<figure class=\"wp-block-image\"><img decoding=\"async\" src=\"https:\/\/lh3.googleusercontent.com\/Lru6KHnRWRqFbTM0DJdBGYb4VXss8dahA-6IdxCLZ7lvsXTtvfhs9GV7w18yqK7nrYdHBCCid9hXewRyqmUF0X9j3CoczK9ZTeAMLz3CzPgmwmHF-FmTnymGufDzldP3Tv9EUFKO\" alt=\"\"\/><figcaption class=\"wp-element-caption\"> FONTE: FGV <\/figcaption><\/figure>\n\n\n\n<p><\/p>\n\n\n\n<p><strong>LEIA TAMB\u00c9M | <\/strong><a href=\"https:\/\/warren.com.br\/magazine\/risco-fiscal\/\"><strong>O risco fiscal voltou? Entenda por que o mercado est\u00e1 assustado<\/strong><\/a><strong>&nbsp;<\/strong><\/p>\n\n\n\n<h2 class=\"wp-block-heading\"><span class=\"ez-toc-section\" id=\"Como_o_mercado_financeiro_avalia_a_alta_do_IGP-M\"><\/span>Como o mercado financeiro avalia a alta do IGP-M?<span class=\"ez-toc-section-end\"><\/span><\/h2>\n\n\n\n<p>As previs\u00f5es dos especialistas do mercado para o <strong>IGP-M<\/strong> v\u00eam subindo nas \u00faltimas semanas.&nbsp;<\/p>\n\n\n\n<p>Segundo o relat\u00f3rio <a href=\"https:\/\/www.bcb.gov.br\/publicacoes\/focus\">Focus<\/a>, do Banco Central, a proje\u00e7\u00e3o do <strong>IGP-M<\/strong> para o final de 2020 passou de 20,47% em novembro para 24,09% em dezembro.<\/p>\n\n\n\n<p>Alguns dos economistas consultados pelo Banco Central estimam um cen\u00e1rio ainda mais grave, em que<strong> o IGP-M encerraria o ano acima de 25%<\/strong>.&nbsp;<\/p>\n\n\n\n<p>Se estas proje\u00e7\u00f5es se concretizarem, o \u00edndice pode bater o recorde registrado em <strong>2002<\/strong>, quando acumulou alta de 25,31%.&nbsp;<\/p>\n\n\n\n<p>Na \u00e9poca, a escalada tamb\u00e9m foi provocada por uma alta do d\u00f3lar, diante das incertezas em rela\u00e7\u00e3o \u00e0s<strong> elei\u00e7\u00f5es presidenciais<\/strong>.<\/p>\n\n\n\n<p>Vale ressaltar que o recorde acima considera um ano fechado (e n\u00e3o o acumulado em 12 meses) desde a implementa\u00e7\u00e3o do Plano Real, em 1994.&nbsp;<\/p>\n\n\n\n<p>No per\u00edodo de hiperinfla\u00e7\u00e3o da d\u00e9cada de 90, o <strong>IGP-M<\/strong> chegou a ultrapassar 3.000% em um \u00fanico ano.<\/p>\n\n\n\n<h2 class=\"wp-block-heading\"><span class=\"ez-toc-section\" id=\"Qual_o_impacto_da_alta_do_IGP-M_nos_investimentos\"><\/span>Qual o impacto da alta do IGP-M nos investimentos?<span class=\"ez-toc-section-end\"><\/span><\/h2>\n\n\n\n<p>Ao contr\u00e1rio do IPCA, o <strong>IGP-M<\/strong> n\u00e3o \u00e9 t\u00e3o popular como indexador de t\u00edtulos da <a href=\"https:\/\/warren.com.br\/magazine\/investimento-renda-fixa\/\">renda fixa<\/a>.&nbsp;<\/p>\n\n\n\n<p>Os pap\u00e9is do <a href=\"https:\/\/warren.com.br\/magazine\/entendendo-o-tesouro-direto\/\">Tesouro<\/a> atrelados ao <strong>IGP-M<\/strong> deixaram de ser emitidos em 2006, e os t\u00edtulos j\u00e1 existentes t\u00eam prazo de vencimento em 2031.<\/p>\n\n\n\n<p>J\u00e1 no \u00e2mbito da <a href=\"https:\/\/warren.com.br\/magazine\/investimento-renda-variavel\/\">renda vari\u00e1vel<\/a>, a alta do <strong>IGP-M<\/strong> pode favorecer alguns setores espec\u00edficos da economia.<\/p>\n\n\n\n<p>Como dissemos, o <strong>IGP-M<\/strong> \u00e9 tradicionalmente usado como refer\u00eancia para reajustes do <strong>mercado imobili\u00e1rio <\/strong>e tamb\u00e9m de fornecimento de energia el\u00e9trica, telefonia e alguns planos de sa\u00fade.<\/p>\n\n\n\n<p>Geralmente, estes reajustes funcionam no regime de \u201canivers\u00e1rio\u201d de um ano \u2014 quando o contrato completa doze meses em vigor, seu valor \u00e9 multiplicado pelo <strong>IGP-M<\/strong> acumulado no per\u00edodo.<\/p>\n\n\n\n<p>Assim, empresas que prestam servi\u00e7os nestes segmentos se beneficiam do avan\u00e7o do <strong>IGP-M<\/strong>.&nbsp;<\/p>\n\n\n\n<p>O aumento da margem de lucro \u00e9 um fator que pode valorizar empresas que atuam nos setores mencionados.<\/p>\n\n\n\n<p>A alta das <em>commodities <\/em>agr\u00edcolas tamb\u00e9m gera impacto sobre <strong>empresas do ramo aliment\u00edcio<\/strong>.&nbsp;<\/p>\n\n\n\n<p>Por um lado, a valoriza\u00e7\u00e3o destes insumos favorece os rendimentos de grandes exportadoras de alimentos como carne bovina e soja; por outro, encarece a produ\u00e7\u00e3o de alimentos processados, o que pode prejudicar as vendas se o custo for repassado ao consumidor final.<\/p>\n\n\n\n<p>A alta do INCC tamb\u00e9m representa uma via de m\u00e3o dupla para a constru\u00e7\u00e3o civil: empresas que fornecem insumos como tubos de ferro e a\u00e7o e condutores el\u00e9tricos ganham com a valoriza\u00e7\u00e3o, mas as <strong>construtoras <\/strong>t\u00eam que arcar com os custos de opera\u00e7\u00e3o mais elevados.<\/p>\n\n\n\n<h2 class=\"wp-block-heading\"><span class=\"ez-toc-section\" id=\"Por_que_a_alta_do_IGP-M_e_perigosa_para_a_economia\"><\/span>Por que a alta do IGP-M \u00e9 perigosa para a economia?<span class=\"ez-toc-section-end\"><\/span><\/h2>\n\n\n\n<p>Embora alguns setores possam se beneficiar da alta do <strong>IGP-M<\/strong>, \u00e9 importante ressaltar que o encarecimento da produ\u00e7\u00e3o simboliza, em \u00faltima inst\u00e2ncia, uma <strong>alta da infla\u00e7\u00e3o para o consumidor final<\/strong>.<\/p>\n\n\n\n<p>No cen\u00e1rio atual de recess\u00e3o e desemprego recorde, uma infla\u00e7\u00e3o muito acelerada pode <strong>agravar a crise<\/strong> e trazer consequ\u00eancias para a estabilidade econ\u00f4mica e pol\u00edtica do pa\u00eds.<\/p>\n\n\n\n<p>Al\u00e9m disso, diante do quadro de profundo endividamento brasileiro, a alta da infla\u00e7\u00e3o eleva o risco de <strong>domin\u00e2ncia fiscal<\/strong>: em termos simples, o governo n\u00e3o consegue utilizar a taxa de juros para conter a eleva\u00e7\u00e3o dos pre\u00e7os sem encarecer a d\u00edvida p\u00fablica.<\/p>\n\n\n\n<p>Tamb\u00e9m vale refor\u00e7ar que o principal motor para a escalada do <strong>IGP-M<\/strong> \u00e9 a forte valoriza\u00e7\u00e3o do d\u00f3lar, que ocorre por conta de uma fuga de capital estrangeiro do pa\u00eds.&nbsp;<\/p>\n\n\n\n<p>No contexto do mercado financeiro, isto significa que as empresas brasileiras est\u00e3o recebendo menos aportes internacionais.<\/p>\n\n\n\n<p>Todos estes fatores contribuem para agravar a <a href=\"https:\/\/warren.com.br\/magazine\/risco-brasil\/\">percep\u00e7\u00e3o de risco do Brasil<\/a> no mercado internacional.&nbsp;<\/p>\n\n\n\n<p>Se o pa\u00eds chegar a um ponto cr\u00edtico de <strong>crise de credibilidade<\/strong>, a economia pode entrar em uma espiral ainda mais descendente de recess\u00e3o e desvaloriza\u00e7\u00e3o da moeda.<\/p>\n\n\n\n<p><strong>LEIA TAMB\u00c9M | <\/strong><a href=\"https:\/\/warren.com.br\/magazine\/teto-de-gastos\/\"><strong>Teto de gastos em risco? Entenda os impactos no mercado financeiro<\/strong><\/a><strong>&nbsp;<\/strong><\/p>\n\n\n\n<h2 class=\"wp-block-heading\"><span class=\"ez-toc-section\" id=\"Como_proteger_os_investimentos_do_IGP-M_alto\"><\/span>Como proteger os investimentos do IGP-M alto?<span class=\"ez-toc-section-end\"><\/span><\/h2>\n\n\n\n<figure class=\"wp-block-image size-large\"><img loading=\"lazy\" decoding=\"async\" width=\"1024\" height=\"576\" src=\"https:\/\/warren.com.br\/magazine\/wp-content\/uploads\/2020\/12\/como-investir-igpm-alta-1024x576.png\" alt=\"como investir igpm em alta, ilustra\u00e7\u00e3o\" class=\"wp-image-9556\" srcset=\"https:\/\/warren.com.br\/magazine\/wp-content\/uploads\/2020\/12\/como-investir-igpm-alta-1024x576.png 1024w, https:\/\/warren.com.br\/magazine\/wp-content\/uploads\/2020\/12\/como-investir-igpm-alta-300x169.png 300w, https:\/\/warren.com.br\/magazine\/wp-content\/uploads\/2020\/12\/como-investir-igpm-alta-768x432.png 768w, https:\/\/warren.com.br\/magazine\/wp-content\/uploads\/2020\/12\/como-investir-igpm-alta.png 1280w\" sizes=\"auto, (max-width: 1024px) 100vw, 1024px\" \/><\/figure>\n\n\n\n<p>Para investidores mais conservadores, uma <strong>op\u00e7\u00e3o para proteger seu dinheiro<\/strong> \u00e9 investir em Certificados de Receb\u00edveis Imobili\u00e1rios (CRIs), que s\u00e3o t\u00edtulos de renda fixa lastreados em investimentos no mercado imobili\u00e1rio.<\/p>\n\n\n\n<p>Existem CRIs de taxa pr\u00e9-fixada e p\u00f3s-fixada, e a rentabilidade varia. Seu retorno geralmente \u00e9 representado como porcentagens do <a href=\"https:\/\/warren.com.br\/magazine\/cdi\/\">CDI<\/a>, ent\u00e3o vale a pena acompanhar a taxa DI para fazer a melhor escolha.<\/p>\n\n\n\n<p>Tamb\u00e9m na renda fixa, \u00e9 poss\u00edvel investir em Letras de Cr\u00e9dito Imobili\u00e1rio (LCIs).&nbsp;<\/p>\n\n\n\n<p>Seu mecanismo \u00e9 essencialmente o mesmo que os CRIs, mas s\u00e3o emitidos por securitizadoras, em vez de bancos.<\/p>\n\n\n\n<p>Por\u00e9m, como explicamos anteriormente, \u00e9 mais comum encontrar agentes do mercado imobili\u00e1rio adotando o IPCA em vez do <strong>IGP-M<\/strong> para reajustar contratos.&nbsp;<\/p>\n\n\n\n<p>J\u00e1 para investidores de renda vari\u00e1vel, uma alternativa \u00e9 aplicar em <a href=\"https:\/\/warren.com.br\/magazine\/como-investir-fundos-imobiliarios\/\">fundos imobili\u00e1rios<\/a> (FIIs), que podem investir tanto em <strong>im\u00f3veis reais <\/strong>quanto em ativos lastreados em im\u00f3veis (como hipotecas, LCIs e CRIs).<\/p>\n\n\n\n<p>Investidores experientes e arrojados tamb\u00e9m podem optar por a\u00e7\u00f5es de outros setores que se baseiam no <strong>IGP-M<\/strong> para reajuste \u2014 mencionamos acima energia el\u00e9trica, telefonia e planos de sa\u00fade.<\/p>\n\n\n\n<p>Contudo, vale lembrar que muitas destas empresas operam por meio de concess\u00f5es, e est\u00e3o <strong>sujeitas a interven\u00e7\u00f5es do governo<\/strong> para manter o equil\u00edbrio dos pre\u00e7os.<\/p>\n\n\n\n<p>Outros investimentos que costumam ser recomendados em cen\u00e1rios de infla\u00e7\u00e3o alta est\u00e3o os pr\u00f3prios ativos reais, como as <a href=\"https:\/\/warren.com.br\/magazine\/o-que-e-uma-acao\/\">a\u00e7\u00f5es<\/a>, que representam <a href=\"https:\/\/warren.com.br\/magazine\/empresas-listadas-na-bolsa-2020\/\">empresas listadas na Bolsa<\/a>, e outros ativos considerados por alguns investidores como reserva de valor, como o <a href=\"https:\/\/warren.com.br\/magazine\/investir-em-ouro\/\">ouro<\/a>.<\/p>\n\n\n\n<p>Por fim, vale destacar que a disparada do <strong>IGP-M<\/strong> \u00e9, acima de tudo, uma distor\u00e7\u00e3o causada por uma falha do mercado de c\u00e2mbio e agravada pela crise global causada pela pandemia.&nbsp;<\/p>\n\n\n\n<p>\u00c9 dif\u00edcil prever at\u00e9 que ponto o \u00edndice ir\u00e1 escalar, mas \u00e9 bastante prov\u00e1vel que o governo e os mercados tomar\u00e3o medidas para conter o avan\u00e7o e normalizar os pre\u00e7os.<\/p>\n\n\n\n<p>Gostou do artigo? Leia tamb\u00e9m:&nbsp;<\/p>\n\n\n\n<ul class=\"wp-block-list\">\n<li><a href=\"https:\/\/warren.com.br\/magazine\/reforma-administrativa\/\">Reforma administrativa: o que \u00e9 e como ela impacta nos investimentos<\/a>&nbsp;<\/li>\n\n\n\n<li><a href=\"https:\/\/warren.com.br\/magazine\/reforma-tributaria\/\">A reforma tribut\u00e1ria explicada: entenda como ela pode impactar os seus investimentos<\/a><\/li>\n\n\n\n<li><a href=\"https:\/\/warren.com.br\/magazine\/renda-fixa-multimercado-e-acoes-no-que-investir\/\">Renda Fixa, Multimercado e A\u00e7\u00f5es: no que investir?<\/a><\/li>\n\n\n\n<li><a href=\"https:\/\/warren.com.br\/magazine\/por-que-investir-em-fundo-de-investimento\/\">Por que investir em fundo de investimento? Conhe\u00e7a 4 vantagens<\/a><\/li>\n\n\n\n<li><a href=\"https:\/\/warren.com.br\/magazine\/e-seguro-investir-com-a-warren\/\">\u00c9 seguro investir com a Warren? Tire todas suas d\u00favidas<\/a><\/li>\n<\/ul>\n","protected":false},"excerpt":{"rendered":"<p>Nas \u00faltimas semanas, a alta da infla\u00e7\u00e3o no Brasil vem ganhando bastante destaque no notici\u00e1rio econ\u00f4mico, e o IGP-M tomou conta das manchetes.<\/p>\n","protected":false},"author":8,"featured_media":9555,"comment_status":"open","ping_status":"open","sticky":false,"template":"","format":"standard","meta":{"_acf_changed":false,"footnotes":""},"categories":[1016],"tags":[],"class_list":["post-9553","post","type-post","status-publish","format-standard","has-post-thumbnail","hentry","category-por-dentro-do-mercado","entry"],"acf":[],"yoast_head":"<!-- This site is optimized with the Yoast SEO plugin v27.4 - https:\/\/yoast.com\/product\/yoast-seo-wordpress\/ -->\n<title>IGP-M pode bater recorde em 2020: o que est\u00e1 por tr\u00e1s do fen\u00f4meno<\/title>\n<meta name=\"description\" content=\"Entenda a disparada do IGP-M no ano de 2020, o impacto desse \u00edndice na economia e como proteger os investimentos.\" \/>\n<meta name=\"robots\" content=\"index, follow, max-snippet:-1, max-image-preview:large, max-video-preview:-1\" \/>\n<link rel=\"canonical\" href=\"https:\/\/warren.com.br\/magazine\/igpm\/\" \/>\n<meta property=\"og:locale\" content=\"pt_BR\" \/>\n<meta property=\"og:type\" content=\"article\" \/>\n<meta property=\"og:title\" content=\"IGP-M pode bater recorde em 2020: o que est\u00e1 por tr\u00e1s do fen\u00f4meno\" \/>\n<meta property=\"og:description\" content=\"Entenda a disparada do IGP-M no ano de 2020, o impacto desse \u00edndice na economia e como proteger os investimentos.\" \/>\n<meta property=\"og:url\" content=\"https:\/\/warren.com.br\/magazine\/igpm\/\" \/>\n<meta property=\"og:site_name\" content=\"Warren Magazine\" \/>\n<meta property=\"article:publisher\" content=\"https:\/\/www.facebook.com\/warrenbrasil\/\" \/>\n<meta property=\"article:published_time\" content=\"2020-12-19T03:02:33+00:00\" \/>\n<meta property=\"article:modified_time\" content=\"2023-08-03T01:12:52+00:00\" \/>\n<meta property=\"og:image\" content=\"https:\/\/warren.com.br\/magazine\/wp-content\/uploads\/2020\/12\/ipgm.png\" \/>\n\t<meta property=\"og:image:width\" content=\"1280\" \/>\n\t<meta property=\"og:image:height\" content=\"720\" \/>\n\t<meta property=\"og:image:type\" content=\"image\/png\" \/>\n<meta name=\"author\" content=\"Reda\u00e7\u00e3o Warren\" \/>\n<meta name=\"twitter:card\" content=\"summary_large_image\" \/>\n<meta name=\"twitter:creator\" content=\"@warrenbrasil\" \/>\n<meta name=\"twitter:site\" content=\"@warrenbrasil\" \/>\n<meta name=\"twitter:label1\" content=\"Escrito por\" \/>\n\t<meta name=\"twitter:data1\" content=\"Reda\u00e7\u00e3o Warren\" \/>\n\t<meta name=\"twitter:label2\" content=\"Est. tempo de leitura\" \/>\n\t<meta name=\"twitter:data2\" content=\"12 minutos\" \/>\n<!-- \/ Yoast SEO plugin. -->","yoast_head_json":{"title":"IGP-M pode bater recorde em 2020: o que est\u00e1 por tr\u00e1s do fen\u00f4meno","description":"Entenda a disparada do IGP-M no ano de 2020, o impacto desse \u00edndice na economia e como proteger os investimentos.","robots":{"index":"index","follow":"follow","max-snippet":"max-snippet:-1","max-image-preview":"max-image-preview:large","max-video-preview":"max-video-preview:-1"},"canonical":"https:\/\/warren.com.br\/magazine\/igpm\/","og_locale":"pt_BR","og_type":"article","og_title":"IGP-M pode bater recorde em 2020: o que est\u00e1 por tr\u00e1s do fen\u00f4meno","og_description":"Entenda a disparada do IGP-M no ano de 2020, o impacto desse \u00edndice na economia e como proteger os investimentos.","og_url":"https:\/\/warren.com.br\/magazine\/igpm\/","og_site_name":"Warren Magazine","article_publisher":"https:\/\/www.facebook.com\/warrenbrasil\/","article_published_time":"2020-12-19T03:02:33+00:00","article_modified_time":"2023-08-03T01:12:52+00:00","og_image":[{"width":1280,"height":720,"url":"https:\/\/warren.com.br\/magazine\/wp-content\/uploads\/2020\/12\/ipgm.png","type":"image\/png"}],"author":"Reda\u00e7\u00e3o Warren","twitter_card":"summary_large_image","twitter_creator":"@warrenbrasil","twitter_site":"@warrenbrasil","twitter_misc":{"Escrito por":"Reda\u00e7\u00e3o Warren","Est. tempo de leitura":"12 minutos"},"schema":{"@context":"https:\/\/schema.org","@graph":[{"@type":"NewsArticle","@id":"https:\/\/warren.com.br\/magazine\/igpm\/#article","isPartOf":{"@id":"https:\/\/warren.com.br\/magazine\/igpm\/"},"author":{"name":"Reda\u00e7\u00e3o Warren","@id":"https:\/\/warren.com.br\/magazine\/#\/schema\/person\/6ab5c3002c3fbf4a167e69ed8a2b228c"},"headline":"IGP-M pode bater recorde em 2020: entenda o que est\u00e1 por tr\u00e1s do fen\u00f4meno","datePublished":"2020-12-19T03:02:33+00:00","dateModified":"2023-08-03T01:12:52+00:00","mainEntityOfPage":{"@id":"https:\/\/warren.com.br\/magazine\/igpm\/"},"wordCount":2087,"commentCount":0,"publisher":{"@id":"https:\/\/warren.com.br\/magazine\/#organization"},"image":{"@id":"https:\/\/warren.com.br\/magazine\/igpm\/#primaryimage"},"thumbnailUrl":"https:\/\/warren.com.br\/magazine\/wp-content\/uploads\/2020\/12\/ipgm.png","articleSection":["Por dentro do mercado"],"inLanguage":"pt-BR"},{"@type":"WebPage","@id":"https:\/\/warren.com.br\/magazine\/igpm\/","url":"https:\/\/warren.com.br\/magazine\/igpm\/","name":"IGP-M pode bater recorde em 2020: o que est\u00e1 por tr\u00e1s do fen\u00f4meno","isPartOf":{"@id":"https:\/\/warren.com.br\/magazine\/#website"},"primaryImageOfPage":{"@id":"https:\/\/warren.com.br\/magazine\/igpm\/#primaryimage"},"image":{"@id":"https:\/\/warren.com.br\/magazine\/igpm\/#primaryimage"},"thumbnailUrl":"https:\/\/warren.com.br\/magazine\/wp-content\/uploads\/2020\/12\/ipgm.png","datePublished":"2020-12-19T03:02:33+00:00","dateModified":"2023-08-03T01:12:52+00:00","description":"Entenda a disparada do IGP-M no ano de 2020, o impacto desse \u00edndice na economia e como proteger os investimentos.","inLanguage":"pt-BR","potentialAction":[{"@type":"ReadAction","target":["https:\/\/warren.com.br\/magazine\/igpm\/"]}]},{"@type":"ImageObject","inLanguage":"pt-BR","@id":"https:\/\/warren.com.br\/magazine\/igpm\/#primaryimage","url":"https:\/\/warren.com.br\/magazine\/wp-content\/uploads\/2020\/12\/ipgm.png","contentUrl":"https:\/\/warren.com.br\/magazine\/wp-content\/uploads\/2020\/12\/ipgm.png","width":1280,"height":720,"caption":"ipgm"},{"@type":"WebSite","@id":"https:\/\/warren.com.br\/magazine\/#website","url":"https:\/\/warren.com.br\/magazine\/","name":"Warren Magazine","description":"","publisher":{"@id":"https:\/\/warren.com.br\/magazine\/#organization"},"potentialAction":[{"@type":"SearchAction","target":{"@type":"EntryPoint","urlTemplate":"https:\/\/warren.com.br\/magazine\/?s={search_term_string}"},"query-input":{"@type":"PropertyValueSpecification","valueRequired":true,"valueName":"search_term_string"}}],"inLanguage":"pt-BR"},{"@type":"Organization","@id":"https:\/\/warren.com.br\/magazine\/#organization","name":"Warren Magazine","url":"https:\/\/warren.com.br\/magazine\/","logo":{"@type":"ImageObject","inLanguage":"pt-BR","@id":"https:\/\/warren.com.br\/magazine\/#\/schema\/logo\/image\/","url":"https:\/\/warren.com.br\/magazine\/wp-content\/uploads\/2023\/06\/ThumbMagazine.jpg","contentUrl":"https:\/\/warren.com.br\/magazine\/wp-content\/uploads\/2023\/06\/ThumbMagazine.jpg","width":2400,"height":1260,"caption":"Warren Magazine"},"image":{"@id":"https:\/\/warren.com.br\/magazine\/#\/schema\/logo\/image\/"},"sameAs":["https:\/\/www.facebook.com\/warrenbrasil\/","https:\/\/x.com\/warrenbrasil","https:\/\/www.instagram.com\/warrenbrasil\/","https:\/\/www.linkedin.com\/company\/warrenbrasil\/","https:\/\/www.youtube.com\/channel\/UCqIO5twa50iGz2wT5cGS-XQ"]},{"@type":"Person","@id":"https:\/\/warren.com.br\/magazine\/#\/schema\/person\/6ab5c3002c3fbf4a167e69ed8a2b228c","name":"Reda\u00e7\u00e3o Warren","image":{"@type":"ImageObject","inLanguage":"pt-BR","@id":"https:\/\/warren.com.br\/magazine\/wp-content\/uploads\/2023\/12\/Instagram-avatar-96x96.png","url":"https:\/\/warren.com.br\/magazine\/wp-content\/uploads\/2023\/12\/Instagram-avatar-96x96.png","contentUrl":"https:\/\/warren.com.br\/magazine\/wp-content\/uploads\/2023\/12\/Instagram-avatar-96x96.png","caption":"Reda\u00e7\u00e3o Warren"},"url":"https:\/\/warren.com.br\/magazine\/author\/redacao-warren\/"}]}},"_links":{"self":[{"href":"https:\/\/warren.com.br\/magazine\/wp-json\/wp\/v2\/posts\/9553","targetHints":{"allow":["GET"]}}],"collection":[{"href":"https:\/\/warren.com.br\/magazine\/wp-json\/wp\/v2\/posts"}],"about":[{"href":"https:\/\/warren.com.br\/magazine\/wp-json\/wp\/v2\/types\/post"}],"author":[{"embeddable":true,"href":"https:\/\/warren.com.br\/magazine\/wp-json\/wp\/v2\/users\/8"}],"replies":[{"embeddable":true,"href":"https:\/\/warren.com.br\/magazine\/wp-json\/wp\/v2\/comments?post=9553"}],"version-history":[{"count":2,"href":"https:\/\/warren.com.br\/magazine\/wp-json\/wp\/v2\/posts\/9553\/revisions"}],"predecessor-version":[{"id":20723,"href":"https:\/\/warren.com.br\/magazine\/wp-json\/wp\/v2\/posts\/9553\/revisions\/20723"}],"wp:featuredmedia":[{"embeddable":true,"href":"https:\/\/warren.com.br\/magazine\/wp-json\/wp\/v2\/media\/9555"}],"wp:attachment":[{"href":"https:\/\/warren.com.br\/magazine\/wp-json\/wp\/v2\/media?parent=9553"}],"wp:term":[{"taxonomy":"category","embeddable":true,"href":"https:\/\/warren.com.br\/magazine\/wp-json\/wp\/v2\/categories?post=9553"},{"taxonomy":"post_tag","embeddable":true,"href":"https:\/\/warren.com.br\/magazine\/wp-json\/wp\/v2\/tags?post=9553"}],"curies":[{"name":"wp","href":"https:\/\/api.w.org\/{rel}","templated":true}]}}