{"id":9643,"date":"2020-12-30T17:15:49","date_gmt":"2020-12-30T20:15:49","guid":{"rendered":"https:\/\/warren.com.br\/magazine\/?p=9643"},"modified":"2023-08-02T22:14:25","modified_gmt":"2023-08-03T01:14:25","slug":"o-que-e-igp","status":"publish","type":"post","link":"https:\/\/warren.com.br\/magazine\/o-que-e-igp\/","title":{"rendered":"O que \u00e9 IGP"},"content":{"rendered":"<div id=\"playht-iframe-wrapper\" style=\"max-height: 210px !important;\">\n\t<iframe\n\tscrolling=\"no\"\n\tclass=\"playht-iframe-player\"\n\tid=\"playht-iframe-player\"\n\theight=\"90px\"\n\twidth=\"100%\"\n\tframeborder=\"0\"\n\tstyle=\"max-height: 90px; height: 90px !important;\"\n\tsrc=\"https:\/\/play.ht\/embed\/?article_url=https:\/\/warren.com.br\/magazine\/?p=9643&voice=pt-BR-FranciscaNeural&appId=l7OQ6uC_zK&trans_id=-N7R6kGlJO7FxklE4bI-\"\n\tdata-voice=\"pt-BR-FranciscaNeural\"\n\tarticle-url=\"https:\/\/warren.com.br\/magazine\/?p=9643\"\n\tdata-appId=\"l7OQ6uC_zK\"\n\tallowfullscreen=\"\">\n\t<\/iframe>\n<\/div>\n\n<p>O <strong>IGP<\/strong>, ou \u00cdndice Geral de Pre\u00e7os, \u00e9 o nome dado a um \u00edndice de pre\u00e7os elaborado pelo IBRE, Instituto Brasileiro de Economia da Funda\u00e7\u00e3o Get\u00falio Vargas.<\/p>\n\n\n\n<p>Este indicador surgiu no final dos anos de 1940, tendo como objetivo ser uma medida abrangente do movimento de pre\u00e7os. Ele registra a alta de pre\u00e7os que v\u00e3o desde mat\u00e9rias-primas agr\u00edcolas e industriais at\u00e9 bens e servi\u00e7os ao consumidor final.<\/p>\n\n\n\n<div id=\"ez-toc-container\" class=\"ez-toc-v2_0_82_2 counter-hierarchy ez-toc-counter ez-toc-grey ez-toc-container-direction\">\n<p class=\"ez-toc-title\" style=\"cursor:inherit\">Indice<\/p>\n<label for=\"ez-toc-cssicon-toggle-item-69f258c40745b\" class=\"ez-toc-cssicon-toggle-label\"><span class=\"ez-toc-cssicon\"><span class=\"eztoc-hide\" style=\"display:none;\">Toggle<\/span><span class=\"ez-toc-icon-toggle-span\"><svg style=\"fill: #999;color:#999\" xmlns=\"http:\/\/www.w3.org\/2000\/svg\" class=\"list-377408\" width=\"20px\" height=\"20px\" viewBox=\"0 0 24 24\" fill=\"none\"><path d=\"M6 6H4v2h2V6zm14 0H8v2h12V6zM4 11h2v2H4v-2zm16 0H8v2h12v-2zM4 16h2v2H4v-2zm16 0H8v2h12v-2z\" fill=\"currentColor\"><\/path><\/svg><svg style=\"fill: #999;color:#999\" class=\"arrow-unsorted-368013\" xmlns=\"http:\/\/www.w3.org\/2000\/svg\" width=\"10px\" height=\"10px\" viewBox=\"0 0 24 24\" version=\"1.2\" baseProfile=\"tiny\"><path d=\"M18.2 9.3l-6.2-6.3-6.2 6.3c-.2.2-.3.4-.3.7s.1.5.3.7c.2.2.4.3.7.3h11c.3 0 .5-.1.7-.3.2-.2.3-.5.3-.7s-.1-.5-.3-.7zM5.8 14.7l6.2 6.3 6.2-6.3c.2-.2.3-.5.3-.7s-.1-.5-.3-.7c-.2-.2-.4-.3-.7-.3h-11c-.3 0-.5.1-.7.3-.2.2-.3.5-.3.7s.1.5.3.7z\"\/><\/svg><\/span><\/span><\/label><input type=\"checkbox\"  id=\"ez-toc-cssicon-toggle-item-69f258c40745b\"  aria-label=\"Alternar\" \/><nav><ul class='ez-toc-list ez-toc-list-level-1 ' ><li class='ez-toc-page-1 ez-toc-heading-level-2'><a class=\"ez-toc-link ez-toc-heading-1\" href=\"https:\/\/warren.com.br\/magazine\/o-que-e-igp\/#Como_e_feito_o_calculo_do_IGP\" >Como \u00e9 feito o c\u00e1lculo do IGP?<\/a><\/li><\/ul><\/nav><\/div>\n<h2 class=\"wp-block-heading\"><span class=\"ez-toc-section\" id=\"Como_e_feito_o_calculo_do_IGP\"><\/span>Como \u00e9 feito o c\u00e1lculo do IGP?<span class=\"ez-toc-section-end\"><\/span><\/h2>\n\n\n\n<p>O <strong>IGP<\/strong> \u00e9 formado pela m\u00e9dia de tr\u00eas indicadores que d\u00e3o o panorama da economia nacional:\u00a0<\/p>\n\n\n\n<ul class=\"wp-block-list\"><li><strong>IPA <\/strong>(\u00cdndice de Pre\u00e7os ao Produtor Amplo, com peso de 60%);<\/li><li><strong>IPC <\/strong>(\u00cdndice de Pre\u00e7os ao Consumidor, peso de 30%);<\/li><li><strong>INCC <\/strong>(\u00cdndice Nacional de Custos da Constru\u00e7\u00e3o, peso de 10%).<\/li><\/ul>\n\n\n\n<p>Estes indicadores tamb\u00e9m s\u00e3o levantados pelo IBRE e s\u00e3o utilizados para medir a infla\u00e7\u00e3o em diferentes segmentos e categorias.<\/p>\n\n\n\n<p>O IPA registra as varia\u00e7\u00f5es de pre\u00e7os de produtos agropecu\u00e1rios e industriais nas negocia\u00e7\u00f5es entre as empresas, antes do consumo final.&nbsp;<\/p>\n\n\n\n<p>O IPC mede a varia\u00e7\u00e3o de pre\u00e7os de um conjunto fixo de bens e servi\u00e7os para fam\u00edlias com renda entre 1 e 33 sal\u00e1rios m\u00ednimos mensais. Ele \u00e9 pesquisado diariamente em sete capitais do pa\u00eds: S\u00e3o Paulo, Rio de Janeiro, Belo Horizonte, Salvador, Recife, Porto Alegre e Bras\u00edlia.&nbsp;<\/p>\n\n\n\n<p>O INCC, por sua vez, mostra a varia\u00e7\u00e3o de custo da constru\u00e7\u00e3o civil no pa\u00eds. Ele re\u00fane tr\u00eas grupos: materiais e equipamentos, servi\u00e7os e m\u00e3o de obra. Os dados tamb\u00e9m s\u00e3o coletados nas mesmas sete capitais.<\/p>\n\n\n\n<p>A divulga\u00e7\u00e3o do <strong>IGP<\/strong> se d\u00e1 em tr\u00eas vers\u00f5es:\u00a0<\/p>\n\n\n\n<ul class=\"wp-block-list\"><li><strong>IGP-DI <\/strong>(\u00cdndice Geral de Pre\u00e7os &#8211; Disponibilidade Interna);<\/li><li><strong><a href=\"https:\/\/warren.com.br\/magazine\/o-que-e-igpm\/\">IGP-M <\/a><\/strong>(\u00cdndice Geral de Pre\u00e7os do Mercado);<\/li><li><strong>IGP-10<\/strong> (\u00cdndice Geral de Pre\u00e7os 10).<\/li><\/ul>\n\n\n\n<p>A diferen\u00e7a entre essas tr\u00eas vers\u00f5es \u00e9 o per\u00edodo de pesquisa dos dados. O <strong>IGP-DI<\/strong> faz medi\u00e7\u00f5es do dia 1\u00ba ao dia 30 ou 31 de cada m\u00eas.<\/p>\n\n\n\n<p>No <strong>IGP-M<\/strong>, a an\u00e1lise \u00e9 sobre dados do dia 21 do m\u00eas anterior at\u00e9 o dia 20 do m\u00eas vigente.<\/p>\n\n\n\n<p>J\u00e1 o <strong>IGP-10<\/strong> calcula os pre\u00e7os no per\u00edodo entre o dia 11 do m\u00eas anterior at\u00e9 o dia 10 do m\u00eas atual.<br><\/p>\n","protected":false},"excerpt":{"rendered":"<p>O IGP, ou \u00cdndice Geral de Pre\u00e7os, \u00e9 o nome dado a um \u00edndice de pre\u00e7os elaborado pelo IBRE, Instituto Brasileiro de Economia da Funda\u00e7\u00e3o Get\u00falio Vargas.<\/p>\n","protected":false},"author":8,"featured_media":9644,"comment_status":"open","ping_status":"open","sticky":false,"template":"","format":"standard","meta":{"_acf_changed":false,"footnotes":""},"categories":[1016],"tags":[],"class_list":["post-9643","post","type-post","status-publish","format-standard","has-post-thumbnail","hentry","category-por-dentro-do-mercado","entry"],"acf":[],"yoast_head":"<!-- This site is optimized with the Yoast SEO plugin v27.5 - https:\/\/yoast.com\/product\/yoast-seo-wordpress\/ -->\n<title>IGP: tudo o que voc\u00ea precisa saber<\/title>\n<meta name=\"description\" content=\"IGP \u00e9 a sigla para \u00cdndice Geral de Pre\u00e7os, \u00edndice elaborado pelo IBRE, Instituto Brasileiro de Economia da Funda\u00e7\u00e3o Ge\u00faulio Vargas.\" \/>\n<meta name=\"robots\" content=\"index, follow, max-snippet:-1, max-image-preview:large, max-video-preview:-1\" \/>\n<link rel=\"canonical\" href=\"https:\/\/warren.com.br\/magazine\/o-que-e-igp\/\" \/>\n<meta property=\"og:locale\" content=\"pt_BR\" \/>\n<meta property=\"og:type\" content=\"article\" \/>\n<meta property=\"og:title\" content=\"IGP: tudo o que voc\u00ea precisa saber\" \/>\n<meta property=\"og:description\" content=\"IGP \u00e9 a sigla para \u00cdndice Geral de Pre\u00e7os, \u00edndice elaborado pelo IBRE, Instituto Brasileiro de Economia da Funda\u00e7\u00e3o Ge\u00faulio Vargas.\" \/>\n<meta property=\"og:url\" content=\"https:\/\/warren.com.br\/magazine\/o-que-e-igp\/\" \/>\n<meta property=\"og:site_name\" content=\"Warren Magazine\" \/>\n<meta property=\"article:publisher\" content=\"https:\/\/www.facebook.com\/warrenbrasil\/\" \/>\n<meta property=\"article:published_time\" content=\"2020-12-30T20:15:49+00:00\" \/>\n<meta property=\"article:modified_time\" content=\"2023-08-03T01:14:25+00:00\" \/>\n<meta property=\"og:image\" content=\"https:\/\/warren.com.br\/magazine\/wp-content\/uploads\/2020\/12\/igp.png\" \/>\n\t<meta property=\"og:image:width\" content=\"1280\" \/>\n\t<meta property=\"og:image:height\" content=\"720\" \/>\n\t<meta property=\"og:image:type\" content=\"image\/png\" \/>\n<meta name=\"author\" content=\"Reda\u00e7\u00e3o Warren\" \/>\n<meta name=\"twitter:card\" content=\"summary_large_image\" \/>\n<meta name=\"twitter:creator\" content=\"@warrenbrasil\" \/>\n<meta name=\"twitter:site\" content=\"@warrenbrasil\" \/>\n<meta name=\"twitter:label1\" content=\"Escrito por\" \/>\n\t<meta name=\"twitter:data1\" content=\"Reda\u00e7\u00e3o Warren\" \/>\n\t<meta name=\"twitter:label2\" content=\"Est. tempo de leitura\" \/>\n\t<meta name=\"twitter:data2\" content=\"2 minutos\" \/>\n<!-- \/ Yoast SEO plugin. -->","yoast_head_json":{"title":"IGP: tudo o que voc\u00ea precisa saber","description":"IGP \u00e9 a sigla para \u00cdndice Geral de Pre\u00e7os, \u00edndice elaborado pelo IBRE, Instituto Brasileiro de Economia da Funda\u00e7\u00e3o Ge\u00faulio Vargas.","robots":{"index":"index","follow":"follow","max-snippet":"max-snippet:-1","max-image-preview":"max-image-preview:large","max-video-preview":"max-video-preview:-1"},"canonical":"https:\/\/warren.com.br\/magazine\/o-que-e-igp\/","og_locale":"pt_BR","og_type":"article","og_title":"IGP: tudo o que voc\u00ea precisa saber","og_description":"IGP \u00e9 a sigla para \u00cdndice Geral de Pre\u00e7os, \u00edndice elaborado pelo IBRE, Instituto Brasileiro de Economia da Funda\u00e7\u00e3o Ge\u00faulio Vargas.","og_url":"https:\/\/warren.com.br\/magazine\/o-que-e-igp\/","og_site_name":"Warren Magazine","article_publisher":"https:\/\/www.facebook.com\/warrenbrasil\/","article_published_time":"2020-12-30T20:15:49+00:00","article_modified_time":"2023-08-03T01:14:25+00:00","og_image":[{"width":1280,"height":720,"url":"https:\/\/warren.com.br\/magazine\/wp-content\/uploads\/2020\/12\/igp.png","type":"image\/png"}],"author":"Reda\u00e7\u00e3o Warren","twitter_card":"summary_large_image","twitter_creator":"@warrenbrasil","twitter_site":"@warrenbrasil","twitter_misc":{"Escrito por":"Reda\u00e7\u00e3o Warren","Est. tempo de leitura":"2 minutos"},"schema":{"@context":"https:\/\/schema.org","@graph":[{"@type":"NewsArticle","@id":"https:\/\/warren.com.br\/magazine\/o-que-e-igp\/#article","isPartOf":{"@id":"https:\/\/warren.com.br\/magazine\/o-que-e-igp\/"},"author":{"name":"Reda\u00e7\u00e3o Warren","@id":"https:\/\/warren.com.br\/magazine\/#\/schema\/person\/6ab5c3002c3fbf4a167e69ed8a2b228c"},"headline":"O que \u00e9 IGP","datePublished":"2020-12-30T20:15:49+00:00","dateModified":"2023-08-03T01:14:25+00:00","mainEntityOfPage":{"@id":"https:\/\/warren.com.br\/magazine\/o-que-e-igp\/"},"wordCount":391,"commentCount":0,"publisher":{"@id":"https:\/\/warren.com.br\/magazine\/#organization"},"image":{"@id":"https:\/\/warren.com.br\/magazine\/o-que-e-igp\/#primaryimage"},"thumbnailUrl":"https:\/\/warren.com.br\/magazine\/wp-content\/uploads\/2020\/12\/igp.png","articleSection":["Por dentro do mercado"],"inLanguage":"pt-BR"},{"@type":"WebPage","@id":"https:\/\/warren.com.br\/magazine\/o-que-e-igp\/","url":"https:\/\/warren.com.br\/magazine\/o-que-e-igp\/","name":"IGP: tudo o que voc\u00ea precisa saber","isPartOf":{"@id":"https:\/\/warren.com.br\/magazine\/#website"},"primaryImageOfPage":{"@id":"https:\/\/warren.com.br\/magazine\/o-que-e-igp\/#primaryimage"},"image":{"@id":"https:\/\/warren.com.br\/magazine\/o-que-e-igp\/#primaryimage"},"thumbnailUrl":"https:\/\/warren.com.br\/magazine\/wp-content\/uploads\/2020\/12\/igp.png","datePublished":"2020-12-30T20:15:49+00:00","dateModified":"2023-08-03T01:14:25+00:00","description":"IGP \u00e9 a sigla para \u00cdndice Geral de Pre\u00e7os, \u00edndice elaborado pelo IBRE, Instituto Brasileiro de Economia da Funda\u00e7\u00e3o Ge\u00faulio Vargas.","inLanguage":"pt-BR","potentialAction":[{"@type":"ReadAction","target":["https:\/\/warren.com.br\/magazine\/o-que-e-igp\/"]}]},{"@type":"ImageObject","inLanguage":"pt-BR","@id":"https:\/\/warren.com.br\/magazine\/o-que-e-igp\/#primaryimage","url":"https:\/\/warren.com.br\/magazine\/wp-content\/uploads\/2020\/12\/igp.png","contentUrl":"https:\/\/warren.com.br\/magazine\/wp-content\/uploads\/2020\/12\/igp.png","width":1280,"height":720,"caption":"igp"},{"@type":"WebSite","@id":"https:\/\/warren.com.br\/magazine\/#website","url":"https:\/\/warren.com.br\/magazine\/","name":"Warren Magazine","description":"","publisher":{"@id":"https:\/\/warren.com.br\/magazine\/#organization"},"potentialAction":[{"@type":"SearchAction","target":{"@type":"EntryPoint","urlTemplate":"https:\/\/warren.com.br\/magazine\/?s={search_term_string}"},"query-input":{"@type":"PropertyValueSpecification","valueRequired":true,"valueName":"search_term_string"}}],"inLanguage":"pt-BR"},{"@type":"Organization","@id":"https:\/\/warren.com.br\/magazine\/#organization","name":"Warren Magazine","url":"https:\/\/warren.com.br\/magazine\/","logo":{"@type":"ImageObject","inLanguage":"pt-BR","@id":"https:\/\/warren.com.br\/magazine\/#\/schema\/logo\/image\/","url":"https:\/\/warren.com.br\/magazine\/wp-content\/uploads\/2023\/06\/ThumbMagazine.jpg","contentUrl":"https:\/\/warren.com.br\/magazine\/wp-content\/uploads\/2023\/06\/ThumbMagazine.jpg","width":2400,"height":1260,"caption":"Warren Magazine"},"image":{"@id":"https:\/\/warren.com.br\/magazine\/#\/schema\/logo\/image\/"},"sameAs":["https:\/\/www.facebook.com\/warrenbrasil\/","https:\/\/x.com\/warrenbrasil","https:\/\/www.instagram.com\/warrenbrasil\/","https:\/\/www.linkedin.com\/company\/warrenbrasil\/","https:\/\/www.youtube.com\/channel\/UCqIO5twa50iGz2wT5cGS-XQ"]},{"@type":"Person","@id":"https:\/\/warren.com.br\/magazine\/#\/schema\/person\/6ab5c3002c3fbf4a167e69ed8a2b228c","name":"Reda\u00e7\u00e3o Warren","image":{"@type":"ImageObject","inLanguage":"pt-BR","@id":"https:\/\/warren.com.br\/magazine\/wp-content\/uploads\/2023\/12\/Instagram-avatar-96x96.png","url":"https:\/\/warren.com.br\/magazine\/wp-content\/uploads\/2023\/12\/Instagram-avatar-96x96.png","contentUrl":"https:\/\/warren.com.br\/magazine\/wp-content\/uploads\/2023\/12\/Instagram-avatar-96x96.png","caption":"Reda\u00e7\u00e3o Warren"},"url":"https:\/\/warren.com.br\/magazine\/author\/redacao-warren\/"}]}},"_links":{"self":[{"href":"https:\/\/warren.com.br\/magazine\/wp-json\/wp\/v2\/posts\/9643","targetHints":{"allow":["GET"]}}],"collection":[{"href":"https:\/\/warren.com.br\/magazine\/wp-json\/wp\/v2\/posts"}],"about":[{"href":"https:\/\/warren.com.br\/magazine\/wp-json\/wp\/v2\/types\/post"}],"author":[{"embeddable":true,"href":"https:\/\/warren.com.br\/magazine\/wp-json\/wp\/v2\/users\/8"}],"replies":[{"embeddable":true,"href":"https:\/\/warren.com.br\/magazine\/wp-json\/wp\/v2\/comments?post=9643"}],"version-history":[{"count":1,"href":"https:\/\/warren.com.br\/magazine\/wp-json\/wp\/v2\/posts\/9643\/revisions"}],"predecessor-version":[{"id":14775,"href":"https:\/\/warren.com.br\/magazine\/wp-json\/wp\/v2\/posts\/9643\/revisions\/14775"}],"wp:featuredmedia":[{"embeddable":true,"href":"https:\/\/warren.com.br\/magazine\/wp-json\/wp\/v2\/media\/9644"}],"wp:attachment":[{"href":"https:\/\/warren.com.br\/magazine\/wp-json\/wp\/v2\/media?parent=9643"}],"wp:term":[{"taxonomy":"category","embeddable":true,"href":"https:\/\/warren.com.br\/magazine\/wp-json\/wp\/v2\/categories?post=9643"},{"taxonomy":"post_tag","embeddable":true,"href":"https:\/\/warren.com.br\/magazine\/wp-json\/wp\/v2\/tags?post=9643"}],"curies":[{"name":"wp","href":"https:\/\/api.w.org\/{rel}","templated":true}]}}