{"id":9732,"date":"2021-01-15T15:14:46","date_gmt":"2021-01-15T18:14:46","guid":{"rendered":"https:\/\/warren.com.br\/magazine\/?p=9732"},"modified":"2023-08-02T22:18:39","modified_gmt":"2023-08-03T01:18:39","slug":"2021-warren","status":"publish","type":"post","link":"https:\/\/warren.com.br\/magazine\/2021-warren\/","title":{"rendered":"2021: Rumo a uma Warren cada vez melhor para voc\u00ea"},"content":{"rendered":"<div id=\"playht-iframe-wrapper\" style=\"max-height: 210px !important;\">\n\t<iframe\n\tscrolling=\"no\"\n\tclass=\"playht-iframe-player\"\n\tid=\"playht-iframe-player\"\n\theight=\"90px\"\n\twidth=\"100%\"\n\tframeborder=\"0\"\n\tstyle=\"max-height: 90px; height: 90px !important;\"\n\tsrc=\"https:\/\/play.ht\/embed\/?article_url=https:\/\/warren.com.br\/magazine\/?p=9732&voice=pt-BR-FranciscaNeural&appId=l7OQ6uC_zK&trans_id=-N7R1eQcrPzXdcf07omg\"\n\tdata-voice=\"pt-BR-FranciscaNeural\"\n\tarticle-url=\"https:\/\/warren.com.br\/magazine\/?p=9732\"\n\tdata-appId=\"l7OQ6uC_zK\"\n\tallowfullscreen=\"\">\n\t<\/iframe>\n<\/div>\n\n<p><em>Uma mensagem do nosso CEO, <a href=\"https:\/\/warren.com.br\/magazine\/tito-gusmao\/\">Tito Gusm\u00e3o<\/a>, aos clientes da Warren. Texto originalmente publicado na Warren Magazine de janeiro de 2021.<\/em><\/p>\n\n\n\n<p>Viramos a p\u00e1gina de 2020, que entrou para a hist\u00f3ria como um ano triste. Um ano em que o mundo foi surpreendido por uma pandemia que afastou as pessoas e tirou a vida de tantos, deixando amigos e fam\u00edlias com grandes vazios no cora\u00e7\u00e3o.<\/p>\n\n\n\n<p>\u00c9 muito dif\u00edcil, mas acho importante fazer o exerc\u00edcio de buscar os aprendizados e as conquistas (sim, \u00e9 poss\u00edvel celebrar algumas coisas em meio \u00e0 tristeza) deste ano que acabou.<\/p>\n\n\n\n<p>No ano do distanciamento social, a Warren cresceu. Tanto no tamanho da equipe, que triplicou, quanto na quantidade de clientes e de dinheiro sob gest\u00e3o, que cresceu 600% em 2020. <\/p>\n\n\n\n<p>E isso significa, mais do que tudo, que estamos ajudando muito mais pessoas a atingirem seus objetivos. Pode at\u00e9 soar meio brega, mas nosso prop\u00f3sito \u00e9 realizar sonhos. Quanto mais crescemos, mais sonhos dos nossos clientes s\u00e3o realizados.<\/p>\n\n\n\n<p>Os n\u00fameros foram fant\u00e1sticos, mas n\u00e3o foi f\u00e1cil (e segue n\u00e3o sendo) crescer no meio da pandemia. O que mais me impactou negativamente foi a dist\u00e2ncia do time. Eu gosto do barulho, das discuss\u00f5es presenciais, de olhar no olho (no virtual at\u00e9 d\u00e1, mas n\u00e3o \u00e9 a mesma coisa).&nbsp;<\/p>\n\n\n\n<p>Por tr\u00e1s da sua \u00e1rea logada na Warren existem centenas de pessoas apaixonadas pelo que fazem. Somos um time grande, que joga junto e que tem uma cultura que inicia em cima de uma palavra que nos diferencia da concorr\u00eancia: a <strong>\u00e9tica<\/strong>. <\/p>\n\n\n\n<p>Ela \u00e9 a base para nossa conviv\u00eancia. Dela partimos para as outras quatro palavras que nos ajudam a guiar nosso dia a dia como pessoas e, consequentemente, como empresa. Todas est\u00e3o no nosso livro de cultura e tamb\u00e9m escritas nas paredes da Warren.&nbsp;<\/p>\n\n\n\n<p>Mas, de verdade, o que buscamos \u00e9 que essas palavras estejam no cora\u00e7\u00e3o das pessoas.&nbsp;<\/p>\n\n\n\n<p><strong>Atitude:<\/strong>&nbsp;n\u00f3s focamos em criar e resolver. N\u00e3o apontamos o dedo pra dizer \u201ct\u00e1 sujo\u201d. N\u00f3s limpamos.&nbsp;&nbsp;<\/p>\n\n\n\n<p><strong>Coragem:<\/strong>&nbsp;estamos inovando e fazendo o mercado financeiro evoluir. Ter coragem para enfrentar e incomodar banc\u00f5es e outras corretoras \u00e9 fundamental. Al\u00e9m disso, para inovar, construir algo que ainda n\u00e3o existe, o que tamb\u00e9m n\u00e3o existem s\u00e3o manuais. A constru\u00e7\u00e3o do novo \u00e9 feita em cima da coragem de tentar, acertar, errar, corrigir e continuar.&nbsp;&nbsp;<\/p>\n\n\n\n<p><strong>Humildade:<\/strong>&nbsp;o tempo todo estamos pensando em como podemos melhorar como pessoas e empresa, focados no trabalho em equipe. Dois umbigos trabalhando juntos s\u00e3o muito mais eficientes do que uma pessoa que s\u00f3 pensa no pr\u00f3prio umbigo.&nbsp;&nbsp;<\/p>\n\n\n\n<p><strong>Otimismo:&nbsp;<\/strong>o futuro \u00e9 incerto e, para uma pessoa otimista, isso \u00e9 fant\u00e1stico, pois ela sabe que, dado que n\u00e3o existe certeza sobre o que vir\u00e1, \u00e9 poss\u00edvel ent\u00e3o construir um futuro melhor.<\/p>\n\n\n\n<p>Acredito que o sentimento principal l\u00e1 pela meia-noite do dia 31 de dezembro tenha sido o cansa\u00e7o. Parece que corremos uma maratona sob um sol de 40 graus. A not\u00edcia ruim \u00e9 que essa maratona ainda n\u00e3o acabou, faltam mais alguns (talvez v\u00e1rios) quil\u00f4metros pela frente. A not\u00edcia boa \u00e9 que aprendemos e evolu\u00edmos demais.&nbsp;<\/p>\n\n\n\n<p>Como disse, nosso time cresceu muito no ano. Pessoas incr\u00edveis chegaram e somaram for\u00e7as \u00e0s que j\u00e1 estavam na Warren e que tiveram uma evolu\u00e7\u00e3o impressionante. Todos estamos evoluindo e me incluo nessa afirma\u00e7\u00e3o. Entre erros e acertos, saio de 2020 cansado, sim, mas muito otimista com tudo o que aprendi, com o que sei fazer diferente e, l\u00f3gico, com o que constru\u00edmos e entregamos para os nossos clientes.<\/p>\n\n\n\n<p>Na verdade, acho que isso vai al\u00e9m do papo de trabalho. Estamos todos construindo nosso futuro como pessoas, evoluindo, nos tornando nossa melhor vers\u00e3o. Nessa jornada tamb\u00e9m n\u00e3o existe manual e ela tamb\u00e9m \u00e9 feita de erros, acertos, momentos de coragem e de hesita\u00e7\u00e3o.<\/p>\n\n\n\n<div id=\"ez-toc-container\" class=\"ez-toc-v2_0_82_2 counter-hierarchy ez-toc-counter ez-toc-grey ez-toc-container-direction\">\n<p class=\"ez-toc-title\" style=\"cursor:inherit\">Indice<\/p>\n<label for=\"ez-toc-cssicon-toggle-item-69f5196f94ed3\" class=\"ez-toc-cssicon-toggle-label\"><span class=\"ez-toc-cssicon\"><span class=\"eztoc-hide\" style=\"display:none;\">Toggle<\/span><span class=\"ez-toc-icon-toggle-span\"><svg style=\"fill: #999;color:#999\" xmlns=\"http:\/\/www.w3.org\/2000\/svg\" class=\"list-377408\" width=\"20px\" height=\"20px\" viewBox=\"0 0 24 24\" fill=\"none\"><path d=\"M6 6H4v2h2V6zm14 0H8v2h12V6zM4 11h2v2H4v-2zm16 0H8v2h12v-2zM4 16h2v2H4v-2zm16 0H8v2h12v-2z\" fill=\"currentColor\"><\/path><\/svg><svg style=\"fill: #999;color:#999\" class=\"arrow-unsorted-368013\" xmlns=\"http:\/\/www.w3.org\/2000\/svg\" width=\"10px\" height=\"10px\" viewBox=\"0 0 24 24\" version=\"1.2\" baseProfile=\"tiny\"><path d=\"M18.2 9.3l-6.2-6.3-6.2 6.3c-.2.2-.3.4-.3.7s.1.5.3.7c.2.2.4.3.7.3h11c.3 0 .5-.1.7-.3.2-.2.3-.5.3-.7s-.1-.5-.3-.7zM5.8 14.7l6.2 6.3 6.2-6.3c.2-.2.3-.5.3-.7s-.1-.5-.3-.7c-.2-.2-.4-.3-.7-.3h-11c-.3 0-.5.1-.7.3-.2.2-.3.5-.3.7s.1.5.3.7z\"\/><\/svg><\/span><\/span><\/label><input type=\"checkbox\"  id=\"ez-toc-cssicon-toggle-item-69f5196f94ed3\"  aria-label=\"Alternar\" \/><nav><ul class='ez-toc-list ez-toc-list-level-1 ' ><li class='ez-toc-page-1 ez-toc-heading-level-2'><a class=\"ez-toc-link ez-toc-heading-1\" href=\"https:\/\/warren.com.br\/magazine\/2021-warren\/#%E2%80%9CEstamos_todos_construindo_nosso_futuro_como_pessoas_evoluindo_nos_tornando_nossa_melhor_versao%E2%80%9D\" >&#8220;Estamos todos construindo nosso futuro como pessoas, evoluindo, nos tornando nossa melhor vers\u00e3o.&#8221;<\/a><\/li><\/ul><\/nav><\/div>\n<h2 class=\"wp-block-heading\"><span class=\"ez-toc-section\" id=\"%E2%80%9CEstamos_todos_construindo_nosso_futuro_como_pessoas_evoluindo_nos_tornando_nossa_melhor_versao%E2%80%9D\"><\/span>&#8220;Estamos todos construindo nosso futuro como pessoas, evoluindo, nos tornando nossa melhor vers\u00e3o.&#8221;<span class=\"ez-toc-section-end\"><\/span><\/h2>\n\n\n\n<p>O escritor Jos\u00e9 Saramago fala sobre isso com muita maestria:&nbsp;<\/p>\n\n\n\n<p><em>&#8220;O destino, isso a que damos o nome de destino, como todas as coisas deste mundo, n\u00e3o conhece a linha reta. O nosso grande engano, devido ao costume que temos de tudo explicar retrospectivamente em fun\u00e7\u00e3o de um resultado final, portanto conhecido, \u00e9 imaginar o destino como uma flecha apontada diretamente a um alvo que, por assim dizer, a estivesse esperando desde o princ\u00edpio, sem se mover. Ora, pelo contr\u00e1rio, o destino hesita muit\u00edssimo, tem d\u00favidas, leva tempo a decidir-se&#8221;.<\/em>&nbsp;<\/p>\n\n\n\n<p><strong>2020 foi cheio de momentos de grande aprendizado aqui na Warren.<\/strong><\/p>\n\n\n\n<p>Lan\u00e7amos tr\u00eas novos fundos: <strong><a href=\"https:\/\/warren.com.br\/magazine\/fundo-warren-equals\">Warren Equals<\/a><\/strong>, <strong>Warren Games<\/strong> e <strong>Warren Tech<\/strong>. E nosso time de Gest\u00e3o emplacou dois fundos de investimento na lista dos melhores do pa\u00eds!<\/p>\n\n\n\n<p>O nosso maior lan\u00e7amento (e com certeza nosso maior aprendizado como empresa de tecnologia) foi o da nossa <a href=\"https:\/\/warren.com.br\/magazine\/warren-3-0-liberado\/\">plataforma 3.0<\/a>. Todos os nossos times de produto e tecnologia trabalharam muito para realizar esta entrega, e continuam trabalhando para aprimor\u00e1-la e garantir a sua melhor experi\u00eancia com a gente.<\/p>\n\n\n\n<p>Demos um grande passo com a nova Warren e, em 2021, teremos ainda mais novidades para entregar para voc\u00ea: novos escrit\u00f3rios f\u00edsicos, \u00e1rea de mercado de capitais originando e distribuindo produtos incr\u00edveis,&nbsp;time de seguros e previd\u00eancias com novidades (estamos tamb\u00e9m mudando a ind\u00fastria nesta \u00e1rea), Warren Internacional para ajudar voc\u00ea em investimentos&nbsp;<em>offshore<\/em>, c\u00e2mbio na plataforma, com uma equipe dedicada para opera\u00e7\u00f5es maiores, nossa mesa institucional SP e Rio, mais produtos da Warren Educa\u00e7\u00e3o e Warren Life para ajudar voc\u00ea a aprender sobre mercado ou organizar sua vida financeira, al\u00e9m de muitas novidades de <em>features <\/em>na sua \u00e1rea logada.<\/p>\n\n\n\n<p>Ser\u00e1 mais um ano de muita dedica\u00e7\u00e3o e seguiremos sempre em frente construindo uma Warren cada vez melhor pra voc\u00ea.&nbsp;<\/p>\n\n\n\n<p>Assim como a nossa miss\u00e3o de realizar sonhos \u00e9 clara, a oportunidade \u00e9 tamb\u00e9m muito clara. A maioria dos brasileiros investe em produtos muito ruins em bancos e outras corretoras. Estamos caminhando (correndo!) em dire\u00e7\u00e3o a esta oportunidade.<\/p>\n\n\n\n<p>Garanto para voc\u00ea que chegaremos l\u00e1 sem pular etapas, mantendo nossa cultura forte e sem nos desviar do caminho que acreditamos ser certo para voc\u00ea e para todos os nossos clientes. <\/p>\n\n\n\n<p>Este \u00e9 o projeto das nossas vidas. Estamos mudando a ind\u00fastria de investimentos e, nesta jornada, <strong>vamos nos tornar uma das maiores corretoras do Brasil<\/strong>. Muito obrigado por ter voc\u00ea conosco nessa trajet\u00f3ria.<\/p>\n\n\n\n<p>Para refor\u00e7ar o tom de otimismo, trago uma cita\u00e7\u00e3o dita pelo personagem Dr. Emmett Brown no final do filme <em>De Volta pro Futuro 3<\/em> (eu sei, minhas refer\u00eancias s\u00e3o meio antigas): &#8220;<em>Seu futuro ainda n\u00e3o est\u00e1 escrito, o de ningu\u00e9m est\u00e1. Seu futuro ser\u00e1 o que voc\u00ea quiser, ent\u00e3o fa\u00e7a dele algo bom&#8221;.&nbsp;<\/em><\/p>\n\n\n\n<p><strong>S\u00f3 depende de n\u00f3s fazermos algo incrivelmente bom em 2021!<\/strong><\/p>\n","protected":false},"excerpt":{"rendered":"<p>Uma mensagem do nosso CEO, Tito Gusm\u00e3o, aos clientes da Warren.<\/p>\n","protected":false},"author":17,"featured_media":19115,"comment_status":"open","ping_status":"open","sticky":false,"template":"","format":"standard","meta":{"_acf_changed":false,"footnotes":""},"categories":[752],"tags":[],"class_list":["post-9732","post","type-post","status-publish","format-standard","has-post-thumbnail","hentry","category-a-warren","entry"],"acf":[],"yoast_head":"<!-- This site is optimized with the Yoast SEO plugin v27.5 - https:\/\/yoast.com\/product\/yoast-seo-wordpress\/ -->\n<title>2021: Rumo a uma Warren cada vez melhor para voc\u00ea | Warren<\/title>\n<meta name=\"description\" content=\"2021 ser\u00e1 mais um ano de muita dedica\u00e7\u00e3o e seguiremos sempre em frente construindo uma Warren cada vez melhor pra voc\u00ea.\" \/>\n<meta name=\"robots\" content=\"index, follow, max-snippet:-1, max-image-preview:large, max-video-preview:-1\" \/>\n<link rel=\"canonical\" href=\"https:\/\/warren.com.br\/magazine\/2021-warren\/\" \/>\n<meta property=\"og:locale\" content=\"pt_BR\" \/>\n<meta property=\"og:type\" content=\"article\" \/>\n<meta property=\"og:title\" content=\"2021: Rumo a uma Warren cada vez melhor para voc\u00ea | Warren\" \/>\n<meta property=\"og:description\" content=\"2021 ser\u00e1 mais um ano de muita dedica\u00e7\u00e3o e seguiremos sempre em frente construindo uma Warren cada vez melhor pra voc\u00ea.\" \/>\n<meta property=\"og:url\" content=\"https:\/\/warren.com.br\/magazine\/2021-warren\/\" \/>\n<meta property=\"og:site_name\" content=\"Warren Magazine\" \/>\n<meta property=\"article:publisher\" content=\"https:\/\/www.facebook.com\/warrenbrasil\/\" \/>\n<meta property=\"article:published_time\" content=\"2021-01-15T18:14:46+00:00\" \/>\n<meta property=\"article:modified_time\" content=\"2023-08-03T01:18:39+00:00\" \/>\n<meta property=\"og:image\" content=\"https:\/\/warren.com.br\/magazine\/wp-content\/uploads\/2021\/01\/2021.jpg\" \/>\n\t<meta property=\"og:image:width\" content=\"1800\" \/>\n\t<meta property=\"og:image:height\" content=\"1225\" \/>\n\t<meta property=\"og:image:type\" content=\"image\/jpeg\" \/>\n<meta name=\"author\" content=\"Tito Gusm\u00e3o\" \/>\n<meta name=\"twitter:card\" content=\"summary_large_image\" \/>\n<meta name=\"twitter:creator\" content=\"@https:\/\/twitter.com\/titocgusmao\" \/>\n<meta name=\"twitter:site\" content=\"@warrenbrasil\" \/>\n<meta name=\"twitter:label1\" content=\"Escrito por\" \/>\n\t<meta name=\"twitter:data1\" content=\"Tito Gusm\u00e3o\" \/>\n\t<meta name=\"twitter:label2\" content=\"Est. tempo de leitura\" \/>\n\t<meta name=\"twitter:data2\" content=\"5 minutos\" \/>\n<!-- \/ Yoast SEO plugin. -->","yoast_head_json":{"title":"2021: Rumo a uma Warren cada vez melhor para voc\u00ea | Warren","description":"2021 ser\u00e1 mais um ano de muita dedica\u00e7\u00e3o e seguiremos sempre em frente construindo uma Warren cada vez melhor pra voc\u00ea.","robots":{"index":"index","follow":"follow","max-snippet":"max-snippet:-1","max-image-preview":"max-image-preview:large","max-video-preview":"max-video-preview:-1"},"canonical":"https:\/\/warren.com.br\/magazine\/2021-warren\/","og_locale":"pt_BR","og_type":"article","og_title":"2021: Rumo a uma Warren cada vez melhor para voc\u00ea | Warren","og_description":"2021 ser\u00e1 mais um ano de muita dedica\u00e7\u00e3o e seguiremos sempre em frente construindo uma Warren cada vez melhor pra voc\u00ea.","og_url":"https:\/\/warren.com.br\/magazine\/2021-warren\/","og_site_name":"Warren Magazine","article_publisher":"https:\/\/www.facebook.com\/warrenbrasil\/","article_published_time":"2021-01-15T18:14:46+00:00","article_modified_time":"2023-08-03T01:18:39+00:00","og_image":[{"width":1800,"height":1225,"url":"https:\/\/warren.com.br\/magazine\/wp-content\/uploads\/2021\/01\/2021.jpg","type":"image\/jpeg"}],"author":"Tito Gusm\u00e3o","twitter_card":"summary_large_image","twitter_creator":"@https:\/\/twitter.com\/titocgusmao","twitter_site":"@warrenbrasil","twitter_misc":{"Escrito por":"Tito Gusm\u00e3o","Est. tempo de leitura":"5 minutos"},"schema":{"@context":"https:\/\/schema.org","@graph":[{"@type":"NewsArticle","@id":"https:\/\/warren.com.br\/magazine\/2021-warren\/#article","isPartOf":{"@id":"https:\/\/warren.com.br\/magazine\/2021-warren\/"},"author":{"name":"Tito Gusm\u00e3o","@id":"https:\/\/warren.com.br\/magazine\/#\/schema\/person\/3c24969ca6fd93209db48d92bda84fc6"},"headline":"2021: Rumo a uma Warren cada vez melhor para voc\u00ea","datePublished":"2021-01-15T18:14:46+00:00","dateModified":"2023-08-03T01:18:39+00:00","mainEntityOfPage":{"@id":"https:\/\/warren.com.br\/magazine\/2021-warren\/"},"wordCount":1193,"commentCount":0,"publisher":{"@id":"https:\/\/warren.com.br\/magazine\/#organization"},"image":{"@id":"https:\/\/warren.com.br\/magazine\/2021-warren\/#primaryimage"},"thumbnailUrl":"https:\/\/warren.com.br\/magazine\/wp-content\/uploads\/2021\/01\/2021.jpg","articleSection":["A Warren\u00a0"],"inLanguage":"pt-BR"},{"@type":"WebPage","@id":"https:\/\/warren.com.br\/magazine\/2021-warren\/","url":"https:\/\/warren.com.br\/magazine\/2021-warren\/","name":"2021: Rumo a uma Warren cada vez melhor para voc\u00ea | Warren","isPartOf":{"@id":"https:\/\/warren.com.br\/magazine\/#website"},"primaryImageOfPage":{"@id":"https:\/\/warren.com.br\/magazine\/2021-warren\/#primaryimage"},"image":{"@id":"https:\/\/warren.com.br\/magazine\/2021-warren\/#primaryimage"},"thumbnailUrl":"https:\/\/warren.com.br\/magazine\/wp-content\/uploads\/2021\/01\/2021.jpg","datePublished":"2021-01-15T18:14:46+00:00","dateModified":"2023-08-03T01:18:39+00:00","description":"2021 ser\u00e1 mais um ano de muita dedica\u00e7\u00e3o e seguiremos sempre em frente construindo uma Warren cada vez melhor pra voc\u00ea.","inLanguage":"pt-BR","potentialAction":[{"@type":"ReadAction","target":["https:\/\/warren.com.br\/magazine\/2021-warren\/"]}]},{"@type":"ImageObject","inLanguage":"pt-BR","@id":"https:\/\/warren.com.br\/magazine\/2021-warren\/#primaryimage","url":"https:\/\/warren.com.br\/magazine\/wp-content\/uploads\/2021\/01\/2021.jpg","contentUrl":"https:\/\/warren.com.br\/magazine\/wp-content\/uploads\/2021\/01\/2021.jpg","width":1800,"height":1225},{"@type":"WebSite","@id":"https:\/\/warren.com.br\/magazine\/#website","url":"https:\/\/warren.com.br\/magazine\/","name":"Warren Magazine","description":"","publisher":{"@id":"https:\/\/warren.com.br\/magazine\/#organization"},"potentialAction":[{"@type":"SearchAction","target":{"@type":"EntryPoint","urlTemplate":"https:\/\/warren.com.br\/magazine\/?s={search_term_string}"},"query-input":{"@type":"PropertyValueSpecification","valueRequired":true,"valueName":"search_term_string"}}],"inLanguage":"pt-BR"},{"@type":"Organization","@id":"https:\/\/warren.com.br\/magazine\/#organization","name":"Warren Magazine","url":"https:\/\/warren.com.br\/magazine\/","logo":{"@type":"ImageObject","inLanguage":"pt-BR","@id":"https:\/\/warren.com.br\/magazine\/#\/schema\/logo\/image\/","url":"https:\/\/warren.com.br\/magazine\/wp-content\/uploads\/2023\/06\/ThumbMagazine.jpg","contentUrl":"https:\/\/warren.com.br\/magazine\/wp-content\/uploads\/2023\/06\/ThumbMagazine.jpg","width":2400,"height":1260,"caption":"Warren Magazine"},"image":{"@id":"https:\/\/warren.com.br\/magazine\/#\/schema\/logo\/image\/"},"sameAs":["https:\/\/www.facebook.com\/warrenbrasil\/","https:\/\/x.com\/warrenbrasil","https:\/\/www.instagram.com\/warrenbrasil\/","https:\/\/www.linkedin.com\/company\/warrenbrasil\/","https:\/\/www.youtube.com\/channel\/UCqIO5twa50iGz2wT5cGS-XQ"]},{"@type":"Person","@id":"https:\/\/warren.com.br\/magazine\/#\/schema\/person\/3c24969ca6fd93209db48d92bda84fc6","name":"Tito Gusm\u00e3o","image":{"@type":"ImageObject","inLanguage":"pt-BR","@id":"https:\/\/warren.com.br\/magazine\/wp-content\/uploads\/2022\/08\/tito3-96x96.jpg","url":"https:\/\/warren.com.br\/magazine\/wp-content\/uploads\/2022\/08\/tito3-96x96.jpg","contentUrl":"https:\/\/warren.com.br\/magazine\/wp-content\/uploads\/2022\/08\/tito3-96x96.jpg","caption":"Tito Gusm\u00e3o"},"description":"CEO e fundador da Warren, Tito possui quase duas d\u00e9cadas de experi\u00eancia no mercado. Empreendedor desde crian\u00e7a, Tito \u00e9 autor do livro \"Papo de Grana\" e um dos principais porta-vozes do alinhamento de interesses no mercado de investimentos brasileiro.","sameAs":["https:\/\/www.instagram.com\/titocgusmao\/","https:\/\/www.linkedin.com\/in\/titogusm%C3%A3o\/","https:\/\/x.com\/https:\/\/twitter.com\/titocgusmao"],"url":"https:\/\/warren.com.br\/magazine\/author\/tito-gusmao\/"}]}},"_links":{"self":[{"href":"https:\/\/warren.com.br\/magazine\/wp-json\/wp\/v2\/posts\/9732","targetHints":{"allow":["GET"]}}],"collection":[{"href":"https:\/\/warren.com.br\/magazine\/wp-json\/wp\/v2\/posts"}],"about":[{"href":"https:\/\/warren.com.br\/magazine\/wp-json\/wp\/v2\/types\/post"}],"author":[{"embeddable":true,"href":"https:\/\/warren.com.br\/magazine\/wp-json\/wp\/v2\/users\/17"}],"replies":[{"embeddable":true,"href":"https:\/\/warren.com.br\/magazine\/wp-json\/wp\/v2\/comments?post=9732"}],"version-history":[{"count":1,"href":"https:\/\/warren.com.br\/magazine\/wp-json\/wp\/v2\/posts\/9732\/revisions"}],"predecessor-version":[{"id":19116,"href":"https:\/\/warren.com.br\/magazine\/wp-json\/wp\/v2\/posts\/9732\/revisions\/19116"}],"wp:featuredmedia":[{"embeddable":true,"href":"https:\/\/warren.com.br\/magazine\/wp-json\/wp\/v2\/media\/19115"}],"wp:attachment":[{"href":"https:\/\/warren.com.br\/magazine\/wp-json\/wp\/v2\/media?parent=9732"}],"wp:term":[{"taxonomy":"category","embeddable":true,"href":"https:\/\/warren.com.br\/magazine\/wp-json\/wp\/v2\/categories?post=9732"},{"taxonomy":"post_tag","embeddable":true,"href":"https:\/\/warren.com.br\/magazine\/wp-json\/wp\/v2\/tags?post=9732"}],"curies":[{"name":"wp","href":"https:\/\/api.w.org\/{rel}","templated":true}]}}