{"id":9865,"date":"2021-02-09T17:10:22","date_gmt":"2021-02-09T20:10:22","guid":{"rendered":"https:\/\/warren.com.br\/magazine\/?p=9865"},"modified":"2023-08-02T21:52:07","modified_gmt":"2023-08-03T00:52:07","slug":"seguro-vida-previdencia-tabus","status":"publish","type":"post","link":"https:\/\/warren.com.br\/magazine\/seguro-vida-previdencia-tabus\/","title":{"rendered":"Por que seguro de vida e previd\u00eancia privada ainda s\u00e3o tabus no Brasil?"},"content":{"rendered":"<div id=\"playht-iframe-wrapper\" style=\"max-height: 210px !important;\">\n\t<iframe\n\tscrolling=\"no\"\n\tclass=\"playht-iframe-player\"\n\tid=\"playht-iframe-player\"\n\theight=\"90px\"\n\twidth=\"100%\"\n\tframeborder=\"0\"\n\tstyle=\"max-height: 90px; height: 90px !important;\"\n\tsrc=\"https:\/\/play.ht\/embed\/?article_url=https:\/\/warren.com.br\/magazine\/?p=9865&voice=pt-BR-FranciscaNeural&appId=l7OQ6uC_zK&trans_id=-N7R1QgGul7QPJz78nSl\"\n\tdata-voice=\"pt-BR-FranciscaNeural\"\n\tarticle-url=\"https:\/\/warren.com.br\/magazine\/?p=9865\"\n\tdata-appId=\"l7OQ6uC_zK\"\n\tallowfullscreen=\"\">\n\t<\/iframe>\n<\/div>\n\n<p><em>Este texto foi publicado na Warren Magazine de fevereiro de 2021. Clientes Warren recebem a Warren Magazine mensalmente por e-mail. Voc\u00ea pode acessar esta edi\u00e7\u00e3o <a href=\"https:\/\/warrenbrasil-5032423.hs-sites.com\/warren-magazine-fevereiro-2021\">clicando aqui<\/a>. <\/em><\/p>\n\n\n\n<p>Come\u00e7o esse texto fazendo uma afirma\u00e7\u00e3o importante: \u00e9 preciso inserir a <a href=\"https:\/\/warren.com.br\/magazine\/previdencia-privada\/\">previd\u00eancia privada<\/a> e o <a href=\"https:\/\/warren.com.br\/magazine\/seguro-de-vida\/\">seguro de vida<\/a> no planejamento financeiro do brasileiro. E sim, ainda estamos muito atrasados em rela\u00e7\u00e3o a esse assunto quando nos comparamos a outras culturas.<\/p>\n\n\n\n<p>Depois de mais de vinte anos de experi\u00eancia no mercado de seguros e previd\u00eancia dentro e fora do Brasil, ainda <strong>percebo um longo caminho pela frente no que diz respeito ao planejamento de longo prazo.<\/strong><\/p>\n\n\n\n<p>Quando se fala em seguro de vida, por exemplo, muitos se assustam, pois \u00e9 um assunto que gira em torno de uma perda. E o mais sens\u00edvel: a perda de algu\u00e9m pr\u00f3ximo. <\/p>\n\n\n\n<p>Por isso, <strong>ainda \u00e9 tabu<\/strong> falarmos de custas com a heran\u00e7a, da continuidade de uma empresa, de uma doen\u00e7a inesperada e at\u00e9 mesmo com uma perda repentina. <\/p>\n\n\n\n<p>Isso porque, diferente de outras culturas que, infelizmente, vivenciam cat\u00e1strofes naturais, como terremotos, furac\u00f5es, ou at\u00e9 vivem em zonas de conflito b\u00e9lico, n\u00f3s estamos acostumados a achar que estamos imunes a algo que possa nos colocar em risco. <\/p>\n\n\n\n<p>\u00c9 complexo dizer isso, mas a verdade \u00e9 que <strong>ningu\u00e9m est\u00e1 livre de absolutamente nada<\/strong>.<\/p>\n\n\n\n<p>A pandemia veio para nos provar exatamente isso e fez com que muitos, pela primeira vez, come\u00e7assem a planejar a vida no longo prazo.<\/p>\n\n\n\n<p>A dificuldade de planejar a vida financeira sob todos os aspectos vem da nossa car\u00eancia em educa\u00e7\u00e3o financeira na escola e em casa. <\/p>\n\n\n\n<p>O mercado financeiro tamb\u00e9m tem muita culpa nisso por criar uma linguagem pr\u00f3pria, complexa e que, ao inv\u00e9s de aproximar, afasta as pessoas.<\/p>\n\n\n\n<p>E assim, por falta de conhecimento ou at\u00e9 mesmo por vergonha, muitos se mant\u00eam distantes do assunto. <\/p>\n\n\n\n<p>A nossa ind\u00fastria tamb\u00e9m tem sua parcela de culpa, pois demorou muito tempo para criar bons produtos com benef\u00edcios claros aos clientes e que, de fato, sejam comercializados baseados nas necessidades dos clientes e n\u00e3o no \u201cfaz para me ajudar\u201d, \u201cpreciso bater meta\u201d, \u201cquer pagar quanto?\u201d e coisas do tipo. <\/p>\n\n\n\n<p>Hoje, 90% dos brasileiros investem em bancos. Nos Estados Unidos, por exemplo, esse percentual n\u00e3o chega a 6%. <strong>Ou seja, 94% dos americanos n\u00e3o escolhem os bancos para investir.  <\/strong><\/p>\n\n\n\n<p>Em 2020, a poupan\u00e7a bateu recorde com mais de R$ 166 bilh\u00f5es de capta\u00e7\u00e3o l\u00edquida, enquanto que, em 2019, esse n\u00famero foi de pouco mais de R$ 13 bilh\u00f5es. Ela rendeu -2,3% frente \u00e0 infla\u00e7\u00e3o no ano passado. Em 2019, o resultado tamb\u00e9m foi negativo. <\/p>\n\n\n\n<p>Abaixo, confira o ganho real da <a href=\"https:\/\/warren.com.br\/magazine\/rendimento-da-poupanca-por-que-a-warren-e-melhor\/\">poupan\u00e7a<\/a>, em gr\u00e1fico reproduzido de mat\u00e9ria do portal G1.<\/p>\n\n\n\n<figure class=\"wp-block-image is-resized\"><img loading=\"lazy\" decoding=\"async\" src=\"https:\/\/fhwhof.stripocdn.email\/content\/guids\/CABINET_1d9ed82c2bc8f77324689dd5547402d0\/images\/20821612472500455.jpg\" alt=\"Ganho real da poupan\u00e7a no Brasil - Gr\u00e1fico\" width=\"1500\" height=\"760\"\/><\/figure>\n\n\n\n<p>Ou seja, <strong>quem deixou o dinheiro na poupan\u00e7a em 2020 perdeu mais de 2% do seu patrim\u00f4nio frente \u00e0 infla\u00e7\u00e3o<\/strong> e viu o seu poder de compra ir pelos ares. Um desservi\u00e7o.<\/p>\n\n\n\n<p>No mesmo per\u00edodo, a previd\u00eancia privada captou R$ 41,8 bilh\u00f5es, mesmo sendo uma op\u00e7\u00e3o que pode oferecer fundos muito mais rent\u00e1veis e variados, destinados a todos os perfis de investidor.<\/p>\n\n\n\n<p><strong>Por que estou comparando a poupan\u00e7a com a previd\u00eancia privada?<\/strong><\/p>\n\n\n\n<p>Pois muitos brasileiros ainda \u201cinvestem\u201d na poupan\u00e7a pensando em longo prazo. Deixam ali o seu dinheiro por anos a fio, perdendo a oportunidade de v\u00ea-lo rendendo mais nos produtos certos. <\/p>\n\n\n\n<p>E isso ocorre pelos mesmos motivos que mencionei mais acima: a falta de conhecimento gera o medo, que resulta em decis\u00f5es equivocadas.<\/p>\n\n\n\n<p>LEIA TAMB\u00c9M | <a href=\"https:\/\/warren.com.br\/magazine\/sucessao-patrimonial\/\">Como economizar e planejar a sucess\u00e3o patrimonial?<\/a><\/p>\n\n\n\n<div id=\"ez-toc-container\" class=\"ez-toc-v2_0_82_2 counter-hierarchy ez-toc-counter ez-toc-grey ez-toc-container-direction\">\n<p class=\"ez-toc-title\" style=\"cursor:inherit\">Indice<\/p>\n<label for=\"ez-toc-cssicon-toggle-item-69ed9bf36c8a1\" class=\"ez-toc-cssicon-toggle-label\"><span class=\"ez-toc-cssicon\"><span class=\"eztoc-hide\" style=\"display:none;\">Toggle<\/span><span class=\"ez-toc-icon-toggle-span\"><svg style=\"fill: #999;color:#999\" xmlns=\"http:\/\/www.w3.org\/2000\/svg\" class=\"list-377408\" width=\"20px\" height=\"20px\" viewBox=\"0 0 24 24\" fill=\"none\"><path d=\"M6 6H4v2h2V6zm14 0H8v2h12V6zM4 11h2v2H4v-2zm16 0H8v2h12v-2zM4 16h2v2H4v-2zm16 0H8v2h12v-2z\" fill=\"currentColor\"><\/path><\/svg><svg style=\"fill: #999;color:#999\" class=\"arrow-unsorted-368013\" xmlns=\"http:\/\/www.w3.org\/2000\/svg\" width=\"10px\" height=\"10px\" viewBox=\"0 0 24 24\" version=\"1.2\" baseProfile=\"tiny\"><path d=\"M18.2 9.3l-6.2-6.3-6.2 6.3c-.2.2-.3.4-.3.7s.1.5.3.7c.2.2.4.3.7.3h11c.3 0 .5-.1.7-.3.2-.2.3-.5.3-.7s-.1-.5-.3-.7zM5.8 14.7l6.2 6.3 6.2-6.3c.2-.2.3-.5.3-.7s-.1-.5-.3-.7c-.2-.2-.4-.3-.7-.3h-11c-.3 0-.5.1-.7.3-.2.2-.3.5-.3.7s.1.5.3.7z\"\/><\/svg><\/span><\/span><\/label><input type=\"checkbox\"  id=\"ez-toc-cssicon-toggle-item-69ed9bf36c8a1\"  aria-label=\"Alternar\" \/><nav><ul class='ez-toc-list ez-toc-list-level-1 ' ><li class='ez-toc-page-1 ez-toc-heading-level-2'><a class=\"ez-toc-link ez-toc-heading-1\" href=\"https:\/\/warren.com.br\/magazine\/seguro-vida-previdencia-tabus\/#Previdencia_privada_conservadora_para_o_longo_prazo\" >Previd\u00eancia privada conservadora para o longo prazo?<\/a><\/li><\/ul><\/nav><\/div>\n<h2 class=\"wp-block-heading\"><span class=\"ez-toc-section\" id=\"Previdencia_privada_conservadora_para_o_longo_prazo\"><\/span>Previd\u00eancia privada conservadora para o longo prazo?<span class=\"ez-toc-section-end\"><\/span><\/h2>\n\n\n\n<p>Hoje, 70% dos brasileiros investe em previd\u00eancia privada de composi\u00e7\u00e3o <strong>conservadora<\/strong>.<\/p>\n\n\n\n<p>Reflita comigo: se este \u00e9 um produto de investimento recomendado para dez, vinte ou trinta anos, essa \u00e9 uma boa oportunidade de aceitar algum tipo de risco, pois h\u00e1 tempo de corrigir a rota caso alguma coisa fuja do seu planejamento no longo prazo.<\/p>\n\n\n\n<p>Na previd\u00eancia privada, o investidor define quanto quer ganhar, dependendo de quanto poder\u00e1 reunir e em quanto tempo.<\/p>\n\n\n\n<p>O imposto de renda \u00e9 cobrado apenas no momento do resgate ou da renda e n\u00e3o durante o per\u00edodo em que est\u00e1 investindo, como ocorre com outros investimentos, pois n\u00e3o tem <a href=\"https:\/\/warren.com.br\/magazine\/come-cotas-o-que-e-e-como-funciona\/\">come-cotas<\/a>.<\/p>\n\n\n\n<p>Outra vantagem \u00e9 poder contar com uma <strong>tabela espec\u00edfica de tributa\u00e7\u00e3o (progressiva ou regressiva)<\/strong>, cuja recomenda\u00e7\u00e3o se d\u00e1 de acordo com a necessidade e com qual declara\u00e7\u00e3o do imposto de renda que o investidor faz.<\/p>\n\n\n\n<p>Serve tamb\u00e9m como ferramenta de sucess\u00e3o, j\u00e1 que a previd\u00eancia privada n\u00e3o passa por invent\u00e1rio em alguns dos estados brasileiros: o investidor determina quem e qual o percentual os herdeiros ir\u00e3o receber.<\/p>\n\n\n\n<p>Veja o quadro abaixo, com dados da EY, e entenda o custo da heran\u00e7a versus a doa\u00e7\u00e3o no mundo:<\/p>\n\n\n\n<figure class=\"wp-block-image is-resized\"><img loading=\"lazy\" decoding=\"async\" src=\"https:\/\/fhwhof.stripocdn.email\/content\/guids\/CABINET_1d9ed82c2bc8f77324689dd5547402d0\/images\/29381612531644147.jpg\" alt=\"Custo da heran\u00e7a em diferentes pa\u00edses - Gr\u00e1fico \" width=\"1500\" height=\"760\"\/><\/figure>\n\n\n\n<p>Vivemos em um pa\u00eds com altas cargas tribut\u00e1rias. Somos tributados sobre a renda, sobre produtos e servi\u00e7os, mas, por incr\u00edvel que pare\u00e7a, quando o assunto \u00e9 heran\u00e7a, temos uma das menores taxas do mundo.<\/p>\n\n\n\n<p>O ITCMD (Imposto de Transmiss\u00e3o Causa Mortis e Doa\u00e7\u00e3o) \u00e9 de no m\u00e1ximo 8% no Brasil e pode chegar a 40% nos EUA e 55% no Jap\u00e3o. <\/p>\n\n\n\n<p>Pasmem: se um americano vier a falecer e n\u00e3o tiver se organizado em rela\u00e7\u00e3o ao seu invent\u00e1rio com produtos como o seguro de vida e previd\u00eancia privada, por exemplo, a fam\u00edlia poder\u00e1  perder 40% do seu patrim\u00f4nio com imposto. <\/p>\n\n\n\n<p>\u00c9 a\u00ed que nasce o que eu trato como <strong>planejamento financeiro completo e de longo prazo<\/strong>: mesmo com pouco conhecimento, \u00e9 poss\u00edvel buscar alternativas muito melhores que a poupan\u00e7a, pensando no longo prazo e tamb\u00e9m nos riscos em vida. <\/p>\n\n\n\n<p>Se voc\u00ea ainda n\u00e3o pensou em previd\u00eancia privada e seguro de vida como uma possibilidade no seu planejamento financeiro, minha sugest\u00e3o \u00e9: estude mais sobre estes produtos ou busque a ajuda de um especialista isento, que n\u00e3o tente empurrar qualquer produto para voc\u00ea.<\/p>\n\n\n\n<p>Est\u00e1 tudo bem se voc\u00ea ainda n\u00e3o olhou para a <strong>previd\u00eancia privada e para o seguro de vida<\/strong> como op\u00e7\u00f5es para potencializar seu patrim\u00f4nio e proteger a sua fam\u00edlia.<\/p>\n\n\n\n<p>O importante \u00e9 olhar para frente, literalmente. O mundo muda muito r\u00e1pido e hoje, essas s\u00e3o op\u00e7\u00f5es que podem fazer muito por voc\u00ea.<\/p>\n\n\n\n<p><strong>Seguro de vida pela Warren:&nbsp;<\/strong><a href=\"https:\/\/lp.warren.com.br\/warren-seguros\"><strong><em>conhe\u00e7a os produtos que podem proteger financeiramente voc\u00ea e a sua fam\u00edlia em caso de imprevistos.<\/em><\/strong><\/a><strong><em>&nbsp;<\/em><\/strong><\/p>\n\n\n\n<p>Outras recomenda\u00e7\u00f5es de conte\u00fado para voc\u00ea:<\/p>\n\n\n\n<ul class=\"wp-block-list\"><li><strong><a href=\"https:\/\/warren.com.br\/magazine\/pensando-em-previdencia-conheca-pgbl-e-vgbl\/\">Previd\u00eancia Privada: entenda a diferen\u00e7a entre PGBL e VGBL<\/a><\/strong><\/li><li><a href=\"https:\/\/warren.com.br\/magazine\/por-que-fazer-seguro-de-vida\/\"><strong>Por que fazer um seguro de vida? 6 vantagens que voc\u00ea precisa conhecer<\/strong><\/a><\/li><li><a href=\"https:\/\/warren.com.br\/magazine\/warren-icatu-seguro-de-vida\/\"><strong>Warren &amp; Icatu Seguros: precisamos falar sobre vida<\/strong><\/a><\/li><\/ul>\n\n\n\n<p><\/p>\n","protected":false},"excerpt":{"rendered":"<p>Este texto foi publicado na Warren Magazine de fevereiro de 2021.<\/p>\n","protected":false},"author":8,"featured_media":12814,"comment_status":"open","ping_status":"open","sticky":false,"template":"","format":"standard","meta":{"_acf_changed":false,"footnotes":""},"categories":[1015],"tags":[],"class_list":["post-9865","post","type-post","status-publish","format-standard","has-post-thumbnail","hentry","category-planejamento-financeiro","entry"],"acf":[],"yoast_head":"<!-- This site is optimized with the Yoast SEO plugin v27.4 - https:\/\/yoast.com\/product\/yoast-seo-wordpress\/ -->\n<title>Por que seguro de vida e previd\u00eancia privada ainda s\u00e3o tabus no Brasil?<\/title>\n<meta name=\"description\" content=\"Lyverson Viana reflete sobre o cen\u00e1rio da poupan\u00e7a, da previd\u00eancia privada e dos seguros de vida no Brasil.\" \/>\n<meta name=\"robots\" content=\"index, follow, max-snippet:-1, max-image-preview:large, max-video-preview:-1\" \/>\n<link rel=\"canonical\" href=\"https:\/\/warren.com.br\/magazine\/seguro-vida-previdencia-tabus\/\" \/>\n<meta property=\"og:locale\" content=\"pt_BR\" \/>\n<meta property=\"og:type\" content=\"article\" \/>\n<meta property=\"og:title\" content=\"Por que seguro de vida e previd\u00eancia privada ainda s\u00e3o tabus no Brasil?\" \/>\n<meta property=\"og:description\" content=\"Lyverson Viana reflete sobre o cen\u00e1rio da poupan\u00e7a, da previd\u00eancia privada e dos seguros de vida no Brasil.\" \/>\n<meta property=\"og:url\" content=\"https:\/\/warren.com.br\/magazine\/seguro-vida-previdencia-tabus\/\" \/>\n<meta property=\"og:site_name\" content=\"Warren Magazine\" \/>\n<meta property=\"article:publisher\" content=\"https:\/\/www.facebook.com\/warrenbrasil\/\" \/>\n<meta property=\"article:published_time\" content=\"2021-02-09T20:10:22+00:00\" \/>\n<meta property=\"article:modified_time\" content=\"2023-08-03T00:52:07+00:00\" \/>\n<meta property=\"og:image\" content=\"https:\/\/warren.com.br\/magazine\/wp-content\/uploads\/2021\/02\/previdencia-e-seguros.jpg\" \/>\n\t<meta property=\"og:image:width\" content=\"1423\" \/>\n\t<meta property=\"og:image:height\" content=\"1003\" \/>\n\t<meta property=\"og:image:type\" content=\"image\/jpeg\" \/>\n<meta name=\"author\" content=\"Reda\u00e7\u00e3o Warren\" \/>\n<meta name=\"twitter:card\" content=\"summary_large_image\" \/>\n<meta name=\"twitter:creator\" content=\"@warrenbrasil\" \/>\n<meta name=\"twitter:site\" content=\"@warrenbrasil\" \/>\n<meta name=\"twitter:label1\" content=\"Escrito por\" \/>\n\t<meta name=\"twitter:data1\" content=\"Reda\u00e7\u00e3o Warren\" \/>\n\t<meta name=\"twitter:label2\" content=\"Est. tempo de leitura\" \/>\n\t<meta name=\"twitter:data2\" content=\"7 minutos\" \/>\n<!-- \/ Yoast SEO plugin. -->","yoast_head_json":{"title":"Por que seguro de vida e previd\u00eancia privada ainda s\u00e3o tabus no Brasil?","description":"Lyverson Viana reflete sobre o cen\u00e1rio da poupan\u00e7a, da previd\u00eancia privada e dos seguros de vida no Brasil.","robots":{"index":"index","follow":"follow","max-snippet":"max-snippet:-1","max-image-preview":"max-image-preview:large","max-video-preview":"max-video-preview:-1"},"canonical":"https:\/\/warren.com.br\/magazine\/seguro-vida-previdencia-tabus\/","og_locale":"pt_BR","og_type":"article","og_title":"Por que seguro de vida e previd\u00eancia privada ainda s\u00e3o tabus no Brasil?","og_description":"Lyverson Viana reflete sobre o cen\u00e1rio da poupan\u00e7a, da previd\u00eancia privada e dos seguros de vida no Brasil.","og_url":"https:\/\/warren.com.br\/magazine\/seguro-vida-previdencia-tabus\/","og_site_name":"Warren Magazine","article_publisher":"https:\/\/www.facebook.com\/warrenbrasil\/","article_published_time":"2021-02-09T20:10:22+00:00","article_modified_time":"2023-08-03T00:52:07+00:00","og_image":[{"width":1423,"height":1003,"url":"https:\/\/warren.com.br\/magazine\/wp-content\/uploads\/2021\/02\/previdencia-e-seguros.jpg","type":"image\/jpeg"}],"author":"Reda\u00e7\u00e3o Warren","twitter_card":"summary_large_image","twitter_creator":"@warrenbrasil","twitter_site":"@warrenbrasil","twitter_misc":{"Escrito por":"Reda\u00e7\u00e3o Warren","Est. tempo de leitura":"7 minutos"},"schema":{"@context":"https:\/\/schema.org","@graph":[{"@type":"NewsArticle","@id":"https:\/\/warren.com.br\/magazine\/seguro-vida-previdencia-tabus\/#article","isPartOf":{"@id":"https:\/\/warren.com.br\/magazine\/seguro-vida-previdencia-tabus\/"},"author":{"name":"Reda\u00e7\u00e3o Warren","@id":"https:\/\/warren.com.br\/magazine\/#\/schema\/person\/6ab5c3002c3fbf4a167e69ed8a2b228c"},"headline":"Por que seguro de vida e previd\u00eancia privada ainda s\u00e3o tabus no Brasil?","datePublished":"2021-02-09T20:10:22+00:00","dateModified":"2023-08-03T00:52:07+00:00","mainEntityOfPage":{"@id":"https:\/\/warren.com.br\/magazine\/seguro-vida-previdencia-tabus\/"},"wordCount":1157,"commentCount":0,"publisher":{"@id":"https:\/\/warren.com.br\/magazine\/#organization"},"image":{"@id":"https:\/\/warren.com.br\/magazine\/seguro-vida-previdencia-tabus\/#primaryimage"},"thumbnailUrl":"https:\/\/warren.com.br\/magazine\/wp-content\/uploads\/2021\/02\/previdencia-e-seguros.jpg","articleSection":["Planejamento financeiro"],"inLanguage":"pt-BR"},{"@type":"WebPage","@id":"https:\/\/warren.com.br\/magazine\/seguro-vida-previdencia-tabus\/","url":"https:\/\/warren.com.br\/magazine\/seguro-vida-previdencia-tabus\/","name":"Por que seguro de vida e previd\u00eancia privada ainda s\u00e3o tabus no Brasil?","isPartOf":{"@id":"https:\/\/warren.com.br\/magazine\/#website"},"primaryImageOfPage":{"@id":"https:\/\/warren.com.br\/magazine\/seguro-vida-previdencia-tabus\/#primaryimage"},"image":{"@id":"https:\/\/warren.com.br\/magazine\/seguro-vida-previdencia-tabus\/#primaryimage"},"thumbnailUrl":"https:\/\/warren.com.br\/magazine\/wp-content\/uploads\/2021\/02\/previdencia-e-seguros.jpg","datePublished":"2021-02-09T20:10:22+00:00","dateModified":"2023-08-03T00:52:07+00:00","description":"Lyverson Viana reflete sobre o cen\u00e1rio da poupan\u00e7a, da previd\u00eancia privada e dos seguros de vida no Brasil.","inLanguage":"pt-BR","potentialAction":[{"@type":"ReadAction","target":["https:\/\/warren.com.br\/magazine\/seguro-vida-previdencia-tabus\/"]}]},{"@type":"ImageObject","inLanguage":"pt-BR","@id":"https:\/\/warren.com.br\/magazine\/seguro-vida-previdencia-tabus\/#primaryimage","url":"https:\/\/warren.com.br\/magazine\/wp-content\/uploads\/2021\/02\/previdencia-e-seguros.jpg","contentUrl":"https:\/\/warren.com.br\/magazine\/wp-content\/uploads\/2021\/02\/previdencia-e-seguros.jpg","width":1423,"height":1003,"caption":"previdencia e seguros"},{"@type":"WebSite","@id":"https:\/\/warren.com.br\/magazine\/#website","url":"https:\/\/warren.com.br\/magazine\/","name":"Warren Magazine","description":"","publisher":{"@id":"https:\/\/warren.com.br\/magazine\/#organization"},"potentialAction":[{"@type":"SearchAction","target":{"@type":"EntryPoint","urlTemplate":"https:\/\/warren.com.br\/magazine\/?s={search_term_string}"},"query-input":{"@type":"PropertyValueSpecification","valueRequired":true,"valueName":"search_term_string"}}],"inLanguage":"pt-BR"},{"@type":"Organization","@id":"https:\/\/warren.com.br\/magazine\/#organization","name":"Warren Magazine","url":"https:\/\/warren.com.br\/magazine\/","logo":{"@type":"ImageObject","inLanguage":"pt-BR","@id":"https:\/\/warren.com.br\/magazine\/#\/schema\/logo\/image\/","url":"https:\/\/warren.com.br\/magazine\/wp-content\/uploads\/2023\/06\/ThumbMagazine.jpg","contentUrl":"https:\/\/warren.com.br\/magazine\/wp-content\/uploads\/2023\/06\/ThumbMagazine.jpg","width":2400,"height":1260,"caption":"Warren Magazine"},"image":{"@id":"https:\/\/warren.com.br\/magazine\/#\/schema\/logo\/image\/"},"sameAs":["https:\/\/www.facebook.com\/warrenbrasil\/","https:\/\/x.com\/warrenbrasil","https:\/\/www.instagram.com\/warrenbrasil\/","https:\/\/www.linkedin.com\/company\/warrenbrasil\/","https:\/\/www.youtube.com\/channel\/UCqIO5twa50iGz2wT5cGS-XQ"]},{"@type":"Person","@id":"https:\/\/warren.com.br\/magazine\/#\/schema\/person\/6ab5c3002c3fbf4a167e69ed8a2b228c","name":"Reda\u00e7\u00e3o Warren","image":{"@type":"ImageObject","inLanguage":"pt-BR","@id":"https:\/\/warren.com.br\/magazine\/wp-content\/uploads\/2023\/12\/Instagram-avatar-96x96.png","url":"https:\/\/warren.com.br\/magazine\/wp-content\/uploads\/2023\/12\/Instagram-avatar-96x96.png","contentUrl":"https:\/\/warren.com.br\/magazine\/wp-content\/uploads\/2023\/12\/Instagram-avatar-96x96.png","caption":"Reda\u00e7\u00e3o Warren"},"url":"https:\/\/warren.com.br\/magazine\/author\/redacao-warren\/"}]}},"_links":{"self":[{"href":"https:\/\/warren.com.br\/magazine\/wp-json\/wp\/v2\/posts\/9865","targetHints":{"allow":["GET"]}}],"collection":[{"href":"https:\/\/warren.com.br\/magazine\/wp-json\/wp\/v2\/posts"}],"about":[{"href":"https:\/\/warren.com.br\/magazine\/wp-json\/wp\/v2\/types\/post"}],"author":[{"embeddable":true,"href":"https:\/\/warren.com.br\/magazine\/wp-json\/wp\/v2\/users\/8"}],"replies":[{"embeddable":true,"href":"https:\/\/warren.com.br\/magazine\/wp-json\/wp\/v2\/comments?post=9865"}],"version-history":[{"count":2,"href":"https:\/\/warren.com.br\/magazine\/wp-json\/wp\/v2\/posts\/9865\/revisions"}],"predecessor-version":[{"id":19622,"href":"https:\/\/warren.com.br\/magazine\/wp-json\/wp\/v2\/posts\/9865\/revisions\/19622"}],"wp:featuredmedia":[{"embeddable":true,"href":"https:\/\/warren.com.br\/magazine\/wp-json\/wp\/v2\/media\/12814"}],"wp:attachment":[{"href":"https:\/\/warren.com.br\/magazine\/wp-json\/wp\/v2\/media?parent=9865"}],"wp:term":[{"taxonomy":"category","embeddable":true,"href":"https:\/\/warren.com.br\/magazine\/wp-json\/wp\/v2\/categories?post=9865"},{"taxonomy":"post_tag","embeddable":true,"href":"https:\/\/warren.com.br\/magazine\/wp-json\/wp\/v2\/tags?post=9865"}],"curies":[{"name":"wp","href":"https:\/\/api.w.org\/{rel}","templated":true}]}}