{"id":9917,"date":"2021-02-12T19:05:34","date_gmt":"2021-02-12T22:05:34","guid":{"rendered":"https:\/\/warren.com.br\/magazine\/?p=9917"},"modified":"2023-08-02T22:14:21","modified_gmt":"2023-08-03T01:14:21","slug":"o-que-e-marcacao-na-curva","status":"publish","type":"post","link":"https:\/\/warren.com.br\/magazine\/o-que-e-marcacao-na-curva\/","title":{"rendered":"O que \u00e9 marca\u00e7\u00e3o na curva"},"content":{"rendered":"<div id=\"playht-iframe-wrapper\" style=\"max-height: 210px !important;\">\n\t<iframe\n\tscrolling=\"no\"\n\tclass=\"playht-iframe-player\"\n\tid=\"playht-iframe-player\"\n\theight=\"90px\"\n\twidth=\"100%\"\n\tframeborder=\"0\"\n\tstyle=\"max-height: 90px; height: 90px !important;\"\n\tsrc=\"https:\/\/play.ht\/embed\/?article_url=https:\/\/warren.com.br\/magazine\/?p=9917&voice=pt-BR-FranciscaNeural&appId=l7OQ6uC_zK&trans_id=-N7R1MZNTd-ngKSv-C1o\"\n\tdata-voice=\"pt-BR-FranciscaNeural\"\n\tarticle-url=\"https:\/\/warren.com.br\/magazine\/?p=9917\"\n\tdata-appId=\"l7OQ6uC_zK\"\n\tallowfullscreen=\"\">\n\t<\/iframe>\n<\/div>\n\n<p>A <strong>marca\u00e7\u00e3o na curva <\/strong>\u00e9 um m\u00e9todo de atualiza\u00e7\u00e3o dos ganhos em <a href=\"https:\/\/warren.com.br\/magazine\/investimento-renda-fixa\/\">investimentos de renda fixa<\/a>. Com ela, \u00e9 poss\u00edvel identificar a rentabilidade, a longo e curto prazo, de uma aplica\u00e7\u00e3o.<\/p>\n\n\n\n<p>Tanto o termo \u201cmarca\u00e7\u00e3o a mercado\u201d como \u201cmarca\u00e7\u00e3o na curva\u201d s\u00e3o utilizados no mercado financeiro para indicar como \u00e9 precificado um t\u00edtulo de renda fixa.<\/p>\n\n\n\n<div id=\"ez-toc-container\" class=\"ez-toc-v2_0_82_2 counter-hierarchy ez-toc-counter ez-toc-grey ez-toc-container-direction\">\n<p class=\"ez-toc-title\" style=\"cursor:inherit\">Indice<\/p>\n<label for=\"ez-toc-cssicon-toggle-item-69eff81d06919\" class=\"ez-toc-cssicon-toggle-label\"><span class=\"ez-toc-cssicon\"><span class=\"eztoc-hide\" style=\"display:none;\">Toggle<\/span><span class=\"ez-toc-icon-toggle-span\"><svg style=\"fill: #999;color:#999\" xmlns=\"http:\/\/www.w3.org\/2000\/svg\" class=\"list-377408\" width=\"20px\" height=\"20px\" viewBox=\"0 0 24 24\" fill=\"none\"><path d=\"M6 6H4v2h2V6zm14 0H8v2h12V6zM4 11h2v2H4v-2zm16 0H8v2h12v-2zM4 16h2v2H4v-2zm16 0H8v2h12v-2z\" fill=\"currentColor\"><\/path><\/svg><svg style=\"fill: #999;color:#999\" class=\"arrow-unsorted-368013\" xmlns=\"http:\/\/www.w3.org\/2000\/svg\" width=\"10px\" height=\"10px\" viewBox=\"0 0 24 24\" version=\"1.2\" baseProfile=\"tiny\"><path d=\"M18.2 9.3l-6.2-6.3-6.2 6.3c-.2.2-.3.4-.3.7s.1.5.3.7c.2.2.4.3.7.3h11c.3 0 .5-.1.7-.3.2-.2.3-.5.3-.7s-.1-.5-.3-.7zM5.8 14.7l6.2 6.3 6.2-6.3c.2-.2.3-.5.3-.7s-.1-.5-.3-.7c-.2-.2-.4-.3-.7-.3h-11c-.3 0-.5.1-.7.3-.2.2-.3.5-.3.7s.1.5.3.7z\"\/><\/svg><\/span><\/span><\/label><input type=\"checkbox\"  id=\"ez-toc-cssicon-toggle-item-69eff81d06919\"  aria-label=\"Alternar\" \/><nav><ul class='ez-toc-list ez-toc-list-level-1 ' ><li class='ez-toc-page-1 ez-toc-heading-level-2'><a class=\"ez-toc-link ez-toc-heading-1\" href=\"https:\/\/warren.com.br\/magazine\/o-que-e-marcacao-na-curva\/#Marcacao_na_curva_x_marcacao_a_mercado\" >Marca\u00e7\u00e3o na curva x marca\u00e7\u00e3o a mercado<\/a><\/li><li class='ez-toc-page-1 ez-toc-heading-level-2'><a class=\"ez-toc-link ez-toc-heading-2\" href=\"https:\/\/warren.com.br\/magazine\/o-que-e-marcacao-na-curva\/#Para_que_serve_a_marcacao_na_curva\" >Para que serve a marca\u00e7\u00e3o na curva?<\/a><\/li><li class='ez-toc-page-1 ez-toc-heading-level-2'><a class=\"ez-toc-link ez-toc-heading-3\" href=\"https:\/\/warren.com.br\/magazine\/o-que-e-marcacao-na-curva\/#Como_a_marcacao_na_curva_funciona_na_pratica\" >Como a marca\u00e7\u00e3o na curva funciona na pr\u00e1tica?<\/a><\/li><\/ul><\/nav><\/div>\n<h2 class=\"wp-block-heading\"><span class=\"ez-toc-section\" id=\"Marcacao_na_curva_x_marcacao_a_mercado\"><\/span>Marca\u00e7\u00e3o na curva x marca\u00e7\u00e3o a mercado<span class=\"ez-toc-section-end\"><\/span><\/h2>\n\n\n\n<p>Um exemplo de marca\u00e7\u00e3o na curva poderia ser de um investimento que oferece juros de 20% ao ano. Nesse caso, esse percentual \u00e9 transformado em uma taxa di\u00e1ria, sendo adicionado ao valor real todos os dias at\u00e9 a data de vencimento.<\/p>\n\n\n\n<p>A conta, no entanto, pode ser um pouco complexa, pois tem uma base de c\u00e1lculo pr\u00f3pria que usa de <a href=\"https:\/\/warren.com.br\/magazine\/entenda-como-funcionam-e-como-calcular-juros-compostos\/\">juros compostos<\/a> para obter os resultados exatos.<\/p>\n\n\n\n<p>Diferentemente da <a href=\"https:\/\/warren.com.br\/magazine\/o-que-e-marcacao-a-mercado\/\">marca\u00e7\u00e3o a mercado<\/a>, que pode sofrer oscila\u00e7\u00f5es durante um determinado tempo, a marca\u00e7\u00e3o na curva apresenta sempre os mesmos resultados.<\/p>\n\n\n\n<p>J\u00e1 a marca\u00e7\u00e3o a mercado est\u00e1 relacionada ao valor da venda de um t\u00edtulo. \u00c9 um m\u00e9todo adequado para ser utilizado quando o t\u00edtulo fica permanentemente dispon\u00edvel para negocia\u00e7\u00e3o. No entanto, o seu valor flutua diariamente de acordo com a oferta e demanda.<\/p>\n\n\n\n<p>Ambos os m\u00e9todos t\u00eam como objetivo oferecer um registro cont\u00e1bil, mas elas n\u00e3o modificam o direito que o investidor tem em rela\u00e7\u00e3o ao t\u00edtulo \u2014 isto \u00e9, a garantia de que vai receber o valor que aplicou, mais a rentabilidade (seja ela adotada na marca\u00e7\u00e3o na curva ou a mercado). Esse direito s\u00f3 se altera caso o t\u00edtulo seja vendido antes do vencimento.<\/p>\n\n\n\n<h2 class=\"wp-block-heading\"><span class=\"ez-toc-section\" id=\"Para_que_serve_a_marcacao_na_curva\"><\/span>Para que serve a marca\u00e7\u00e3o na curva?<span class=\"ez-toc-section-end\"><\/span><\/h2>\n\n\n\n<p>Os investidores usam a <strong>marca\u00e7\u00e3o na curva<\/strong> quando pretendem resgatar o t\u00edtulo somente no vencimento e n\u00e3o querem que a contabilidade seja afetada pelas varia\u00e7\u00f5es do seu valor no mercado.&nbsp;<\/p>\n\n\n\n<p>Vale lembrar que essas oscila\u00e7\u00f5es n\u00e3o interferem na determina\u00e7\u00e3o do valor do t\u00edtulo ao final do prazo do investimento.<\/p>\n\n\n\n<p>A marca\u00e7\u00e3o na curva \u00e9 adequada para o t\u00edtulo que ser\u00e1 mantido em carteira e que ser\u00e1 resgatado somente no seu vencimento.&nbsp;<\/p>\n\n\n\n<p>Dessa forma, o valor do t\u00edtulo corresponder\u00e1 ao custo de aquisi\u00e7\u00e3o, somado \u00e0 atualiza\u00e7\u00e3o pelo respectivo <strong>indexador<\/strong>, no caso de t\u00edtulos p\u00f3s-fixados, e aos juros, que ser\u00e3o calculados sobre o valor de emiss\u00e3o do t\u00edtulo.<br><\/p>\n\n\n\n<h2 class=\"wp-block-heading\"><span class=\"ez-toc-section\" id=\"Como_a_marcacao_na_curva_funciona_na_pratica\"><\/span>Como a marca\u00e7\u00e3o na curva funciona na pr\u00e1tica?<span class=\"ez-toc-section-end\"><\/span><\/h2>\n\n\n\n<p>A marca\u00e7\u00e3o na curva pode ser exemplificada a partir da compra de um im\u00f3vel. Digamos que um investidor comprou um apartamento pelo pre\u00e7o de R$ 500 mil no ano de 2020.&nbsp;<\/p>\n\n\n\n<p>Uma das cl\u00e1usulas na compra desse im\u00f3vel \u00e9 que ele dever\u00e1 ser revendido ao primeiro dono em 2030, que pagar\u00e1 o pre\u00e7o inicial do im\u00f3vel sobre uma taxa de juros 15% ao ano.&nbsp;<\/p>\n\n\n\n<p>Dessa forma, o investidor permanece com o im\u00f3vel durante este per\u00edodo de 10 anos, vendendo o apartamento em 2030 por um valor aproximado de R$ 2 milh\u00f5es. Nesse caso, a taxa de lucro di\u00e1ria durante o per\u00edodo em o segundo propriet\u00e1rio esteve com o im\u00f3vel seria de 0,038%.<\/p>\n\n\n\n<p>Um dos principais aspectos positivos da marca\u00e7\u00e3o na curva \u00e9 o fato de que ela n\u00e3o incorpora a <a href=\"https:\/\/warren.com.br\/magazine\/volatilidade\/\">volatilidade<\/a> do mercado \u00e0 carteira de investimentos.&nbsp;<\/p>\n\n\n\n<p>Isso porque o t\u00edtulo ser\u00e1 remunerado a uma <strong>taxa prefixada<\/strong> na negocia\u00e7\u00e3o, o que evita sustos no investidor em \u00e9pocas de baixa do mercado.<\/p>\n\n\n\n<p>Al\u00e9m disso, as cotas dos <a href=\"https:\/\/warren.com.br\/magazine\/o-que-e-fundo-de-investimentos\/\">fundos de investimento<\/a> n\u00e3o apresentam rentabilidade negativa, pois possuem uma taxa fixada que \u00e9 pouco impactada pelas altera\u00e7\u00f5es do mercado.<\/p>\n\n\n\n<p>Por outro lado, esse mesmo fator pode ser considerado uma desvantagem, j\u00e1 que o investidor n\u00e3o estar\u00e1 ciente caso ocorra de fato uma perda de valor devido a oscila\u00e7\u00f5es, o que demonstra uma menor transpar\u00eancia com rela\u00e7\u00e3o ao real valor de mercado de um ativo.<\/p>\n\n\n\n<p>Outro aspecto negativo \u00e9 a gera\u00e7\u00e3o de transfer\u00eancia de riqueza entre os cotistas de um fundo. Isso quer dizer que um investidor pode se tornar respons\u00e1vel por uma quantia que n\u00e3o lhe pertence, tanto de lucros, como de preju\u00edzos.<\/p>\n\n\n\n<p>Por fim, caso um saque seja feito no fundo, o gestor ter\u00e1 que vender os t\u00edtulos a qualquer pre\u00e7o, o que deixar\u00e1 preju\u00edzos para os investidores que sa\u00edrem por \u00faltimo.<br><\/p>\n","protected":false},"excerpt":{"rendered":"<p>A marca\u00e7\u00e3o na curva \u00e9 um m\u00e9todo de atualiza\u00e7\u00e3o dos ganhos em investimentos de renda fixa.<\/p>\n","protected":false},"author":8,"featured_media":9918,"comment_status":"open","ping_status":"open","sticky":false,"template":"","format":"standard","meta":{"_acf_changed":false,"footnotes":""},"categories":[1016],"tags":[],"class_list":["post-9917","post","type-post","status-publish","format-standard","has-post-thumbnail","hentry","category-por-dentro-do-mercado","entry"],"acf":[],"yoast_head":"<!-- This site is optimized with the Yoast SEO plugin v27.4 - https:\/\/yoast.com\/product\/yoast-seo-wordpress\/ -->\n<title>Entenda o que \u00e9 e para que serve a marca\u00e7\u00e3o na curva<\/title>\n<meta name=\"description\" content=\"A marca\u00e7\u00e3o na curva \u00e9 um m\u00e9todo de atualiza\u00e7\u00e3o de ganhos em investimentos de renda fixa que permite identificar a rentabilidade da aplica\u00e7\u00e3o.\" \/>\n<meta name=\"robots\" content=\"index, follow, max-snippet:-1, max-image-preview:large, max-video-preview:-1\" \/>\n<link rel=\"canonical\" href=\"https:\/\/warren.com.br\/magazine\/o-que-e-marcacao-na-curva\/\" \/>\n<meta property=\"og:locale\" content=\"pt_BR\" \/>\n<meta property=\"og:type\" content=\"article\" \/>\n<meta property=\"og:title\" content=\"Entenda o que \u00e9 e para que serve a marca\u00e7\u00e3o na curva\" \/>\n<meta property=\"og:description\" content=\"A marca\u00e7\u00e3o na curva \u00e9 um m\u00e9todo de atualiza\u00e7\u00e3o de ganhos em investimentos de renda fixa que permite identificar a rentabilidade da aplica\u00e7\u00e3o.\" \/>\n<meta property=\"og:url\" content=\"https:\/\/warren.com.br\/magazine\/o-que-e-marcacao-na-curva\/\" \/>\n<meta property=\"og:site_name\" content=\"Warren Magazine\" \/>\n<meta property=\"article:publisher\" content=\"https:\/\/www.facebook.com\/warrenbrasil\/\" \/>\n<meta property=\"article:published_time\" content=\"2021-02-12T22:05:34+00:00\" \/>\n<meta property=\"article:modified_time\" content=\"2023-08-03T01:14:21+00:00\" \/>\n<meta property=\"og:image\" content=\"https:\/\/warren.com.br\/magazine\/wp-content\/uploads\/2021\/02\/marcacao-na-curva.png\" \/>\n\t<meta property=\"og:image:width\" content=\"1280\" \/>\n\t<meta property=\"og:image:height\" content=\"720\" \/>\n\t<meta property=\"og:image:type\" content=\"image\/png\" \/>\n<meta name=\"author\" content=\"Reda\u00e7\u00e3o Warren\" \/>\n<meta name=\"twitter:card\" content=\"summary_large_image\" \/>\n<meta name=\"twitter:creator\" content=\"@warrenbrasil\" \/>\n<meta name=\"twitter:site\" content=\"@warrenbrasil\" \/>\n<meta name=\"twitter:label1\" content=\"Escrito por\" \/>\n\t<meta name=\"twitter:data1\" content=\"Reda\u00e7\u00e3o Warren\" \/>\n\t<meta name=\"twitter:label2\" content=\"Est. tempo de leitura\" \/>\n\t<meta name=\"twitter:data2\" content=\"4 minutos\" \/>\n<!-- \/ Yoast SEO plugin. -->","yoast_head_json":{"title":"Entenda o que \u00e9 e para que serve a marca\u00e7\u00e3o na curva","description":"A marca\u00e7\u00e3o na curva \u00e9 um m\u00e9todo de atualiza\u00e7\u00e3o de ganhos em investimentos de renda fixa que permite identificar a rentabilidade da aplica\u00e7\u00e3o.","robots":{"index":"index","follow":"follow","max-snippet":"max-snippet:-1","max-image-preview":"max-image-preview:large","max-video-preview":"max-video-preview:-1"},"canonical":"https:\/\/warren.com.br\/magazine\/o-que-e-marcacao-na-curva\/","og_locale":"pt_BR","og_type":"article","og_title":"Entenda o que \u00e9 e para que serve a marca\u00e7\u00e3o na curva","og_description":"A marca\u00e7\u00e3o na curva \u00e9 um m\u00e9todo de atualiza\u00e7\u00e3o de ganhos em investimentos de renda fixa que permite identificar a rentabilidade da aplica\u00e7\u00e3o.","og_url":"https:\/\/warren.com.br\/magazine\/o-que-e-marcacao-na-curva\/","og_site_name":"Warren Magazine","article_publisher":"https:\/\/www.facebook.com\/warrenbrasil\/","article_published_time":"2021-02-12T22:05:34+00:00","article_modified_time":"2023-08-03T01:14:21+00:00","og_image":[{"width":1280,"height":720,"url":"https:\/\/warren.com.br\/magazine\/wp-content\/uploads\/2021\/02\/marcacao-na-curva.png","type":"image\/png"}],"author":"Reda\u00e7\u00e3o Warren","twitter_card":"summary_large_image","twitter_creator":"@warrenbrasil","twitter_site":"@warrenbrasil","twitter_misc":{"Escrito por":"Reda\u00e7\u00e3o Warren","Est. tempo de leitura":"4 minutos"},"schema":{"@context":"https:\/\/schema.org","@graph":[{"@type":"NewsArticle","@id":"https:\/\/warren.com.br\/magazine\/o-que-e-marcacao-na-curva\/#article","isPartOf":{"@id":"https:\/\/warren.com.br\/magazine\/o-que-e-marcacao-na-curva\/"},"author":{"name":"Reda\u00e7\u00e3o Warren","@id":"https:\/\/warren.com.br\/magazine\/#\/schema\/person\/6ab5c3002c3fbf4a167e69ed8a2b228c"},"headline":"O que \u00e9 marca\u00e7\u00e3o na curva","datePublished":"2021-02-12T22:05:34+00:00","dateModified":"2023-08-03T01:14:21+00:00","mainEntityOfPage":{"@id":"https:\/\/warren.com.br\/magazine\/o-que-e-marcacao-na-curva\/"},"wordCount":754,"commentCount":0,"publisher":{"@id":"https:\/\/warren.com.br\/magazine\/#organization"},"image":{"@id":"https:\/\/warren.com.br\/magazine\/o-que-e-marcacao-na-curva\/#primaryimage"},"thumbnailUrl":"https:\/\/warren.com.br\/magazine\/wp-content\/uploads\/2021\/02\/marcacao-na-curva.png","articleSection":["Por dentro do mercado"],"inLanguage":"pt-BR"},{"@type":"WebPage","@id":"https:\/\/warren.com.br\/magazine\/o-que-e-marcacao-na-curva\/","url":"https:\/\/warren.com.br\/magazine\/o-que-e-marcacao-na-curva\/","name":"Entenda o que \u00e9 e para que serve a marca\u00e7\u00e3o na curva","isPartOf":{"@id":"https:\/\/warren.com.br\/magazine\/#website"},"primaryImageOfPage":{"@id":"https:\/\/warren.com.br\/magazine\/o-que-e-marcacao-na-curva\/#primaryimage"},"image":{"@id":"https:\/\/warren.com.br\/magazine\/o-que-e-marcacao-na-curva\/#primaryimage"},"thumbnailUrl":"https:\/\/warren.com.br\/magazine\/wp-content\/uploads\/2021\/02\/marcacao-na-curva.png","datePublished":"2021-02-12T22:05:34+00:00","dateModified":"2023-08-03T01:14:21+00:00","description":"A marca\u00e7\u00e3o na curva \u00e9 um m\u00e9todo de atualiza\u00e7\u00e3o de ganhos em investimentos de renda fixa que permite identificar a rentabilidade da aplica\u00e7\u00e3o.","inLanguage":"pt-BR","potentialAction":[{"@type":"ReadAction","target":["https:\/\/warren.com.br\/magazine\/o-que-e-marcacao-na-curva\/"]}]},{"@type":"ImageObject","inLanguage":"pt-BR","@id":"https:\/\/warren.com.br\/magazine\/o-que-e-marcacao-na-curva\/#primaryimage","url":"https:\/\/warren.com.br\/magazine\/wp-content\/uploads\/2021\/02\/marcacao-na-curva.png","contentUrl":"https:\/\/warren.com.br\/magazine\/wp-content\/uploads\/2021\/02\/marcacao-na-curva.png","width":1280,"height":720,"caption":"marcacao na curva"},{"@type":"WebSite","@id":"https:\/\/warren.com.br\/magazine\/#website","url":"https:\/\/warren.com.br\/magazine\/","name":"Warren Magazine","description":"","publisher":{"@id":"https:\/\/warren.com.br\/magazine\/#organization"},"potentialAction":[{"@type":"SearchAction","target":{"@type":"EntryPoint","urlTemplate":"https:\/\/warren.com.br\/magazine\/?s={search_term_string}"},"query-input":{"@type":"PropertyValueSpecification","valueRequired":true,"valueName":"search_term_string"}}],"inLanguage":"pt-BR"},{"@type":"Organization","@id":"https:\/\/warren.com.br\/magazine\/#organization","name":"Warren Magazine","url":"https:\/\/warren.com.br\/magazine\/","logo":{"@type":"ImageObject","inLanguage":"pt-BR","@id":"https:\/\/warren.com.br\/magazine\/#\/schema\/logo\/image\/","url":"https:\/\/warren.com.br\/magazine\/wp-content\/uploads\/2023\/06\/ThumbMagazine.jpg","contentUrl":"https:\/\/warren.com.br\/magazine\/wp-content\/uploads\/2023\/06\/ThumbMagazine.jpg","width":2400,"height":1260,"caption":"Warren Magazine"},"image":{"@id":"https:\/\/warren.com.br\/magazine\/#\/schema\/logo\/image\/"},"sameAs":["https:\/\/www.facebook.com\/warrenbrasil\/","https:\/\/x.com\/warrenbrasil","https:\/\/www.instagram.com\/warrenbrasil\/","https:\/\/www.linkedin.com\/company\/warrenbrasil\/","https:\/\/www.youtube.com\/channel\/UCqIO5twa50iGz2wT5cGS-XQ"]},{"@type":"Person","@id":"https:\/\/warren.com.br\/magazine\/#\/schema\/person\/6ab5c3002c3fbf4a167e69ed8a2b228c","name":"Reda\u00e7\u00e3o Warren","image":{"@type":"ImageObject","inLanguage":"pt-BR","@id":"https:\/\/warren.com.br\/magazine\/wp-content\/uploads\/2023\/12\/Instagram-avatar-96x96.png","url":"https:\/\/warren.com.br\/magazine\/wp-content\/uploads\/2023\/12\/Instagram-avatar-96x96.png","contentUrl":"https:\/\/warren.com.br\/magazine\/wp-content\/uploads\/2023\/12\/Instagram-avatar-96x96.png","caption":"Reda\u00e7\u00e3o Warren"},"url":"https:\/\/warren.com.br\/magazine\/author\/redacao-warren\/"}]}},"_links":{"self":[{"href":"https:\/\/warren.com.br\/magazine\/wp-json\/wp\/v2\/posts\/9917","targetHints":{"allow":["GET"]}}],"collection":[{"href":"https:\/\/warren.com.br\/magazine\/wp-json\/wp\/v2\/posts"}],"about":[{"href":"https:\/\/warren.com.br\/magazine\/wp-json\/wp\/v2\/types\/post"}],"author":[{"embeddable":true,"href":"https:\/\/warren.com.br\/magazine\/wp-json\/wp\/v2\/users\/8"}],"replies":[{"embeddable":true,"href":"https:\/\/warren.com.br\/magazine\/wp-json\/wp\/v2\/comments?post=9917"}],"version-history":[{"count":1,"href":"https:\/\/warren.com.br\/magazine\/wp-json\/wp\/v2\/posts\/9917\/revisions"}],"predecessor-version":[{"id":22175,"href":"https:\/\/warren.com.br\/magazine\/wp-json\/wp\/v2\/posts\/9917\/revisions\/22175"}],"wp:featuredmedia":[{"embeddable":true,"href":"https:\/\/warren.com.br\/magazine\/wp-json\/wp\/v2\/media\/9918"}],"wp:attachment":[{"href":"https:\/\/warren.com.br\/magazine\/wp-json\/wp\/v2\/media?parent=9917"}],"wp:term":[{"taxonomy":"category","embeddable":true,"href":"https:\/\/warren.com.br\/magazine\/wp-json\/wp\/v2\/categories?post=9917"},{"taxonomy":"post_tag","embeddable":true,"href":"https:\/\/warren.com.br\/magazine\/wp-json\/wp\/v2\/tags?post=9917"}],"curies":[{"name":"wp","href":"https:\/\/api.w.org\/{rel}","templated":true}]}}