{"id":44,"name":"Frederico Nobre","url":"","description":"L\u00edder da \u00e1rea de an\u00e1lise de a\u00e7\u00f5es na Warren, Fred \u00e9 formado em Economia na UFRJ com p\u00f3s-gradua\u00e7\u00e3o na \u00e1rea de Energia. \u00c9 analista com certifica\u00e7\u00e3o CNPI-P.\r\nConfira o hub de conte\u00fados Warren Analisa: https:\/\/lp.warren.com.br\/warren-analisa","link":"https:\/\/warren.com.br\/magazine\/author\/frederico-nobre\/","slug":"frederico-nobre","avatar_urls":{"24":"https:\/\/warren.com.br\/magazine\/wp-content\/uploads\/2023\/04\/fredmaga-24x24.jpg","48":"https:\/\/warren.com.br\/magazine\/wp-content\/uploads\/2023\/04\/fredmaga-48x48.jpg","96":"https:\/\/warren.com.br\/magazine\/wp-content\/uploads\/2023\/04\/fredmaga-96x96.jpg"},"meta":[],"acf":[],"simple_local_avatar":{"media_id":21713,"full":"https:\/\/warren.com.br\/magazine\/wp-content\/uploads\/2023\/04\/fredmaga.jpg","blog_id":1,"192":"https:\/\/warren.com.br\/magazine\/wp-content\/uploads\/2023\/04\/fredmaga-192x192.jpg","96":"https:\/\/warren.com.br\/magazine\/wp-content\/uploads\/2023\/04\/fredmaga-96x96.jpg","500":"https:\/\/warren.com.br\/magazine\/wp-content\/uploads\/2023\/04\/fredmaga-500x500.jpg","300":"https:\/\/warren.com.br\/magazine\/wp-content\/uploads\/2023\/04\/fredmaga-300x300.jpg","150":"https:\/\/warren.com.br\/magazine\/wp-content\/uploads\/2023\/04\/fredmaga-150x150.jpg","250":"https:\/\/warren.com.br\/magazine\/wp-content\/uploads\/2023\/04\/fredmaga-250x250.jpg","50":"https:\/\/warren.com.br\/magazine\/wp-content\/uploads\/2023\/04\/fredmaga-50x50.jpg","64":"https:\/\/warren.com.br\/magazine\/wp-content\/uploads\/2023\/04\/fredmaga-64x64.jpg","32":"https:\/\/warren.com.br\/magazine\/wp-content\/uploads\/2023\/04\/fredmaga-32x32.jpg","24":"https:\/\/warren.com.br\/magazine\/wp-content\/uploads\/2023\/04\/fredmaga-24x24.jpg","48":"https:\/\/warren.com.br\/magazine\/wp-content\/uploads\/2023\/04\/fredmaga-48x48.jpg"},"yoast_head":"<!-- This site is optimized with the Yoast SEO plugin v27.5 - https:\/\/yoast.com\/product\/yoast-seo-wordpress\/ -->\n<title>Frederico Nobre, Colunista em Warren Magazine<\/title>\n<meta name=\"description\" content=\"Frederico Nobre Colunista em Warren Magazine, confira todo o material que postei em nome da Warren.\" \/>\n<meta name=\"robots\" content=\"index, follow, max-snippet:-1, max-image-preview:large, max-video-preview:-1\" \/>\n<link rel=\"canonical\" href=\"https:\/\/warren.com.br\/magazine\/author\/frederico-nobre\/\" \/>\n<meta property=\"og:locale\" content=\"pt_BR\" \/>\n<meta property=\"og:type\" content=\"profile\" \/>\n<meta property=\"og:title\" content=\"Frederico Nobre, Colunista em Warren Magazine\" \/>\n<meta property=\"og:description\" content=\"Frederico Nobre Colunista em Warren Magazine, confira todo o material que postei em nome da Warren.\" \/>\n<meta property=\"og:url\" content=\"https:\/\/warren.com.br\/magazine\/author\/frederico-nobre\/\" \/>\n<meta property=\"og:site_name\" content=\"Warren Magazine\" \/>\n<meta property=\"og:image\" content=\"https:\/\/warren.com.br\/magazine\/wp-content\/uploads\/2023\/04\/fredmaga.jpg\" \/>\n\t<meta property=\"og:image:width\" content=\"1648\" \/>\n\t<meta property=\"og:image:height\" content=\"1648\" \/>\n\t<meta property=\"og:image:type\" content=\"image\/jpeg\" \/>\n<meta name=\"twitter:card\" content=\"summary_large_image\" \/>\n<meta name=\"twitter:site\" content=\"@warrenbrasil\" \/>\n<!-- \/ Yoast SEO plugin. -->","yoast_head_json":{"title":"Frederico Nobre, Colunista em Warren Magazine","description":"Frederico Nobre Colunista em Warren Magazine, confira todo o material que postei em nome da Warren.","robots":{"index":"index","follow":"follow","max-snippet":"max-snippet:-1","max-image-preview":"max-image-preview:large","max-video-preview":"max-video-preview:-1"},"canonical":"https:\/\/warren.com.br\/magazine\/author\/frederico-nobre\/","og_locale":"pt_BR","og_type":"profile","og_title":"Frederico Nobre, Colunista em Warren Magazine","og_description":"Frederico Nobre Colunista em Warren Magazine, confira todo o material que postei em nome da Warren.","og_url":"https:\/\/warren.com.br\/magazine\/author\/frederico-nobre\/","og_site_name":"Warren Magazine","og_image":[{"width":1648,"height":1648,"url":"https:\/\/warren.com.br\/magazine\/wp-content\/uploads\/2023\/04\/fredmaga.jpg","type":"image\/jpeg"}],"twitter_card":"summary_large_image","twitter_site":"@warrenbrasil","schema":{"@context":"https:\/\/schema.org","@graph":[{"@type":"ProfilePage","@id":"https:\/\/warren.com.br\/magazine\/author\/frederico-nobre\/","url":"https:\/\/warren.com.br\/magazine\/author\/frederico-nobre\/","name":"Frederico Nobre, Colunista em Warren Magazine","isPartOf":{"@id":"https:\/\/warren.com.br\/magazine\/#website"},"description":"Frederico Nobre Colunista em Warren Magazine, confira todo o material que postei em nome da Warren.","inLanguage":"pt-BR","potentialAction":[{"@type":"ReadAction","target":["https:\/\/warren.com.br\/magazine\/author\/frederico-nobre\/"]}]},{"@type":"WebSite","@id":"https:\/\/warren.com.br\/magazine\/#website","url":"https:\/\/warren.com.br\/magazine\/","name":"Warren Magazine","description":"","publisher":{"@id":"https:\/\/warren.com.br\/magazine\/#organization"},"potentialAction":[{"@type":"SearchAction","target":{"@type":"EntryPoint","urlTemplate":"https:\/\/warren.com.br\/magazine\/?s={search_term_string}"},"query-input":{"@type":"PropertyValueSpecification","valueRequired":true,"valueName":"search_term_string"}}],"inLanguage":"pt-BR"},{"@type":"Organization","@id":"https:\/\/warren.com.br\/magazine\/#organization","name":"Warren Magazine","url":"https:\/\/warren.com.br\/magazine\/","logo":{"@type":"ImageObject","inLanguage":"pt-BR","@id":"https:\/\/warren.com.br\/magazine\/#\/schema\/logo\/image\/","url":"https:\/\/warren.com.br\/magazine\/wp-content\/uploads\/2023\/06\/ThumbMagazine.jpg","contentUrl":"https:\/\/warren.com.br\/magazine\/wp-content\/uploads\/2023\/06\/ThumbMagazine.jpg","width":2400,"height":1260,"caption":"Warren Magazine"},"image":{"@id":"https:\/\/warren.com.br\/magazine\/#\/schema\/logo\/image\/"},"sameAs":["https:\/\/www.facebook.com\/warrenbrasil\/","https:\/\/x.com\/warrenbrasil","https:\/\/www.instagram.com\/warrenbrasil\/","https:\/\/www.linkedin.com\/company\/warrenbrasil\/","https:\/\/www.youtube.com\/channel\/UCqIO5twa50iGz2wT5cGS-XQ"]},{"@type":"Person","@id":"https:\/\/warren.com.br\/magazine\/#\/schema\/person\/e07c7fce0264670c9d5b4c0922e14683","name":"Frederico Nobre","image":{"@type":"ImageObject","inLanguage":"pt-BR","@id":"https:\/\/warren.com.br\/magazine\/wp-content\/uploads\/2023\/04\/fredmaga-96x96.jpg","url":"https:\/\/warren.com.br\/magazine\/wp-content\/uploads\/2023\/04\/fredmaga-96x96.jpg","contentUrl":"https:\/\/warren.com.br\/magazine\/wp-content\/uploads\/2023\/04\/fredmaga-96x96.jpg","caption":"Frederico Nobre"},"description":"L\u00edder da \u00e1rea de an\u00e1lise de a\u00e7\u00f5es na Warren, Fred \u00e9 formado em Economia na UFRJ com p\u00f3s-gradua\u00e7\u00e3o na \u00e1rea de Energia. \u00c9 analista com certifica\u00e7\u00e3o CNPI-P. Confira o hub de conte\u00fados Warren Analisa: https:\/\/lp.warren.com.br\/warren-analisa","sameAs":["https:\/\/www.instagram.com\/fredpnobre\/","https:\/\/www.linkedin.com\/in\/frederico-nobre-cnpi-p-2a1998108\/"],"mainEntityOfPage":{"@id":"https:\/\/warren.com.br\/magazine\/author\/frederico-nobre\/"}}]}},"_links":{"self":[{"href":"https:\/\/warren.com.br\/magazine\/wp-json\/wp\/v2\/users\/44","targetHints":{"allow":["GET"]}}],"collection":[{"href":"https:\/\/warren.com.br\/magazine\/wp-json\/wp\/v2\/users"}]}}