{"id":62,"name":"Ale e Duda","url":"","description":"Ale e Duda largaram suas carreiras na advocacia corporativa pra irem atr\u00e1s de um sonho de viver mais o mundo e menos o escrit\u00f3rio. Em 2019 pediram demiss\u00e3o e partiram para um\u200ba viagem de motorhome que percorreu uma parte das Am\u00e9ricas e do Brasil. Em 2022, v\u00e3o retomar sua viagem at\u00e9 o Alasca em um novo motorhome. Desde 2017 investem na Warren com o objetivo de tirar seus sonhos do papel.","link":"https:\/\/warren.com.br\/magazine\/author\/ale-e-duda\/","slug":"ale-e-duda","avatar_urls":{"24":"https:\/\/warren.com.br\/magazine\/wp-content\/uploads\/2022\/02\/getouside1-24x24.jpg","48":"https:\/\/warren.com.br\/magazine\/wp-content\/uploads\/2022\/02\/getouside1-48x48.jpg","96":"https:\/\/warren.com.br\/magazine\/wp-content\/uploads\/2022\/02\/getouside1-96x96.jpg"},"meta":[],"acf":[],"simple_local_avatar":{"media_id":15383,"full":"https:\/\/warren.com.br\/magazine\/wp-content\/uploads\/2022\/02\/getouside1.jpg","192":"https:\/\/warren.com.br\/magazine\/wp-content\/uploads\/2022\/02\/getouside1-192x192.jpg","96":"https:\/\/warren.com.br\/magazine\/wp-content\/uploads\/2022\/02\/getouside1-96x96.jpg","500":"https:\/\/warren.com.br\/magazine\/wp-content\/uploads\/2022\/02\/getouside1-500x500.jpg","64":"https:\/\/warren.com.br\/magazine\/wp-content\/uploads\/2022\/02\/getouside1-64x64.jpg","32":"https:\/\/warren.com.br\/magazine\/wp-content\/uploads\/2022\/02\/getouside1-32x32.jpg","250":"https:\/\/warren.com.br\/magazine\/wp-content\/uploads\/2022\/02\/getouside1-250x250.jpg","50":"https:\/\/warren.com.br\/magazine\/wp-content\/uploads\/2022\/02\/getouside1-50x50.jpg","60":"https:\/\/warren.com.br\/magazine\/wp-content\/uploads\/2022\/02\/getouside1-60x60.jpg","24":"https:\/\/warren.com.br\/magazine\/wp-content\/uploads\/2022\/02\/getouside1-24x24.jpg","48":"https:\/\/warren.com.br\/magazine\/wp-content\/uploads\/2022\/02\/getouside1-48x48.jpg"},"yoast_head":"<!-- This site is optimized with the Yoast SEO plugin v27.5 - https:\/\/yoast.com\/product\/yoast-seo-wordpress\/ -->\n<title>Ale e Duda, Colunista em Warren Magazine<\/title>\n<meta name=\"description\" content=\"Ale e Duda Colunista em Warren Magazine, confira todo o material que postei em nome da Warren.\" \/>\n<meta name=\"robots\" content=\"index, follow, max-snippet:-1, max-image-preview:large, max-video-preview:-1\" \/>\n<link rel=\"canonical\" href=\"https:\/\/warren.com.br\/magazine\/author\/ale-e-duda\/\" \/>\n<meta property=\"og:locale\" content=\"pt_BR\" \/>\n<meta property=\"og:type\" content=\"profile\" \/>\n<meta property=\"og:title\" content=\"Ale e Duda, Colunista em Warren Magazine\" \/>\n<meta property=\"og:description\" content=\"Ale e Duda Colunista em Warren Magazine, confira todo o material que postei em nome da Warren.\" \/>\n<meta property=\"og:url\" content=\"https:\/\/warren.com.br\/magazine\/author\/ale-e-duda\/\" \/>\n<meta property=\"og:site_name\" content=\"Warren Magazine\" \/>\n<meta property=\"og:image\" content=\"https:\/\/warren.com.br\/magazine\/wp-content\/uploads\/2022\/02\/getouside1.jpg\" \/>\n\t<meta property=\"og:image:width\" content=\"1920\" \/>\n\t<meta property=\"og:image:height\" content=\"1920\" \/>\n\t<meta property=\"og:image:type\" content=\"image\/jpeg\" \/>\n<meta name=\"twitter:card\" content=\"summary_large_image\" \/>\n<meta name=\"twitter:site\" content=\"@warrenbrasil\" \/>\n<!-- \/ Yoast SEO plugin. -->","yoast_head_json":{"title":"Ale e Duda, Colunista em Warren Magazine","description":"Ale e Duda Colunista em Warren Magazine, confira todo o material que postei em nome da Warren.","robots":{"index":"index","follow":"follow","max-snippet":"max-snippet:-1","max-image-preview":"max-image-preview:large","max-video-preview":"max-video-preview:-1"},"canonical":"https:\/\/warren.com.br\/magazine\/author\/ale-e-duda\/","og_locale":"pt_BR","og_type":"profile","og_title":"Ale e Duda, Colunista em Warren Magazine","og_description":"Ale e Duda Colunista em Warren Magazine, confira todo o material que postei em nome da Warren.","og_url":"https:\/\/warren.com.br\/magazine\/author\/ale-e-duda\/","og_site_name":"Warren Magazine","og_image":[{"width":1920,"height":1920,"url":"https:\/\/warren.com.br\/magazine\/wp-content\/uploads\/2022\/02\/getouside1.jpg","type":"image\/jpeg"}],"twitter_card":"summary_large_image","twitter_site":"@warrenbrasil","schema":{"@context":"https:\/\/schema.org","@graph":[{"@type":"ProfilePage","@id":"https:\/\/warren.com.br\/magazine\/author\/ale-e-duda\/","url":"https:\/\/warren.com.br\/magazine\/author\/ale-e-duda\/","name":"Ale e Duda, Colunista em Warren Magazine","isPartOf":{"@id":"https:\/\/warren.com.br\/magazine\/#website"},"description":"Ale e Duda Colunista em Warren Magazine, confira todo o material que postei em nome da Warren.","inLanguage":"pt-BR","potentialAction":[{"@type":"ReadAction","target":["https:\/\/warren.com.br\/magazine\/author\/ale-e-duda\/"]}]},{"@type":"WebSite","@id":"https:\/\/warren.com.br\/magazine\/#website","url":"https:\/\/warren.com.br\/magazine\/","name":"Warren Magazine","description":"","publisher":{"@id":"https:\/\/warren.com.br\/magazine\/#organization"},"potentialAction":[{"@type":"SearchAction","target":{"@type":"EntryPoint","urlTemplate":"https:\/\/warren.com.br\/magazine\/?s={search_term_string}"},"query-input":{"@type":"PropertyValueSpecification","valueRequired":true,"valueName":"search_term_string"}}],"inLanguage":"pt-BR"},{"@type":"Organization","@id":"https:\/\/warren.com.br\/magazine\/#organization","name":"Warren Magazine","url":"https:\/\/warren.com.br\/magazine\/","logo":{"@type":"ImageObject","inLanguage":"pt-BR","@id":"https:\/\/warren.com.br\/magazine\/#\/schema\/logo\/image\/","url":"https:\/\/warren.com.br\/magazine\/wp-content\/uploads\/2023\/06\/ThumbMagazine.jpg","contentUrl":"https:\/\/warren.com.br\/magazine\/wp-content\/uploads\/2023\/06\/ThumbMagazine.jpg","width":2400,"height":1260,"caption":"Warren Magazine"},"image":{"@id":"https:\/\/warren.com.br\/magazine\/#\/schema\/logo\/image\/"},"sameAs":["https:\/\/www.facebook.com\/warrenbrasil\/","https:\/\/x.com\/warrenbrasil","https:\/\/www.instagram.com\/warrenbrasil\/","https:\/\/www.linkedin.com\/company\/warrenbrasil\/","https:\/\/www.youtube.com\/channel\/UCqIO5twa50iGz2wT5cGS-XQ"]},{"@type":"Person","@id":"https:\/\/warren.com.br\/magazine\/#\/schema\/person\/b4ac9ea12a5402a3f792fbcbef773906","name":"Ale e Duda","image":{"@type":"ImageObject","inLanguage":"pt-BR","@id":"https:\/\/warren.com.br\/magazine\/wp-content\/uploads\/2022\/02\/getouside1-96x96.jpg","url":"https:\/\/warren.com.br\/magazine\/wp-content\/uploads\/2022\/02\/getouside1-96x96.jpg","contentUrl":"https:\/\/warren.com.br\/magazine\/wp-content\/uploads\/2022\/02\/getouside1-96x96.jpg","caption":"Ale e Duda"},"description":"Ale e Duda largaram suas carreiras na advocacia corporativa pra irem atr\u00e1s de um sonho de viver mais o mundo e menos o escrit\u00f3rio. Em 2019 pediram demiss\u00e3o e partiram para um\u200ba viagem de motorhome que percorreu uma parte das Am\u00e9ricas e do Brasil. Em 2022, v\u00e3o retomar sua viagem at\u00e9 o Alasca em um novo motorhome. Desde 2017 investem na Warren com o objetivo de tirar seus sonhos do papel.","sameAs":["https:\/\/www.instagram.com\/getoutsidebr\/"],"mainEntityOfPage":{"@id":"https:\/\/warren.com.br\/magazine\/author\/ale-e-duda\/"}}]}},"_links":{"self":[{"href":"https:\/\/warren.com.br\/magazine\/wp-json\/wp\/v2\/users\/62","targetHints":{"allow":["GET"]}}],"collection":[{"href":"https:\/\/warren.com.br\/magazine\/wp-json\/wp\/v2\/users"}]}}