{"id":84,"name":"Isabela Bessa","url":"","description":"Especialista em Investimentos Internacionais na Warren, respons\u00e1vel pela estrutura\u00e7\u00e3o e distribui\u00e7\u00e3o de produtos globais. Com experi\u00eancia como planejadora financeira para clientes private, atuando nos mercados brasileiro e americano. Possui a certifica\u00e7\u00e3o CFP\u00ae e \u00e9 economista graduada pela Universidade Federal de Vi\u00e7osa (UFV).","link":"https:\/\/warren.com.br\/magazine\/author\/isabela-bessa\/","slug":"isabela-bessa","avatar_urls":{"24":"https:\/\/warren.com.br\/magazine\/wp-content\/uploads\/2025\/01\/cropped-BelaBessa-scaled-1-24x24.jpg","48":"https:\/\/warren.com.br\/magazine\/wp-content\/uploads\/2025\/01\/cropped-BelaBessa-scaled-1-48x48.jpg","96":"https:\/\/warren.com.br\/magazine\/wp-content\/uploads\/2025\/01\/cropped-BelaBessa-scaled-1-96x96.jpg"},"meta":[],"acf":[],"simple_local_avatar":{"media_id":22922,"full":"https:\/\/warren.com.br\/magazine\/wp-content\/uploads\/2025\/01\/cropped-BelaBessa-scaled-1.jpg","blog_id":1,"192":"https:\/\/warren.com.br\/magazine\/wp-content\/uploads\/2025\/01\/cropped-BelaBessa-scaled-1-192x192.jpg","96":"https:\/\/warren.com.br\/magazine\/wp-content\/uploads\/2025\/01\/cropped-BelaBessa-scaled-1-96x96.jpg","500":"https:\/\/warren.com.br\/magazine\/wp-content\/uploads\/2025\/01\/cropped-BelaBessa-scaled-1-500x500.jpg","64":"https:\/\/warren.com.br\/magazine\/wp-content\/uploads\/2025\/01\/cropped-BelaBessa-scaled-1-64x64.jpg","32":"https:\/\/warren.com.br\/magazine\/wp-content\/uploads\/2025\/01\/cropped-BelaBessa-scaled-1-32x32.jpg","50":"https:\/\/warren.com.br\/magazine\/wp-content\/uploads\/2025\/01\/cropped-BelaBessa-scaled-1-50x50.jpg","250":"https:\/\/warren.com.br\/magazine\/wp-content\/uploads\/2025\/01\/cropped-BelaBessa-scaled-1-250x250.jpg","24":"https:\/\/warren.com.br\/magazine\/wp-content\/uploads\/2025\/01\/cropped-BelaBessa-scaled-1-24x24.jpg","48":"https:\/\/warren.com.br\/magazine\/wp-content\/uploads\/2025\/01\/cropped-BelaBessa-scaled-1-48x48.jpg"},"yoast_head":"<!-- This site is optimized with the Yoast SEO plugin v27.5 - https:\/\/yoast.com\/product\/yoast-seo-wordpress\/ -->\n<title>Isabela Bessa<\/title>\n<meta name=\"description\" content=\"Especialista em Investimentos Internacionais na Warren, respons\u00e1vel pela estrutura\u00e7\u00e3o e distribui\u00e7\u00e3o de produtos globais. Com experi\u00eancia como planejadora financeira para clientes private, atuando nos mercados brasileiro e americano. Possui a certifica\u00e7\u00e3o CFP\u00ae e \u00e9 economista graduada pela Universidade Federal de Vi\u00e7osa (UFV).\" \/>\n<meta name=\"robots\" content=\"index, follow, max-snippet:-1, max-image-preview:large, max-video-preview:-1\" \/>\n<link rel=\"canonical\" href=\"https:\/\/warren.com.br\/magazine\/author\/isabela-bessa\/\" \/>\n<meta property=\"og:locale\" content=\"pt_BR\" \/>\n<meta property=\"og:type\" content=\"profile\" \/>\n<meta property=\"og:title\" content=\"Isabela Bessa\" \/>\n<meta property=\"og:description\" content=\"Especialista em Investimentos Internacionais na Warren, respons\u00e1vel pela estrutura\u00e7\u00e3o e distribui\u00e7\u00e3o de produtos globais. Com experi\u00eancia como planejadora financeira para clientes private, atuando nos mercados brasileiro e americano. Possui a certifica\u00e7\u00e3o CFP\u00ae e \u00e9 economista graduada pela Universidade Federal de Vi\u00e7osa (UFV).\" \/>\n<meta property=\"og:url\" content=\"https:\/\/warren.com.br\/magazine\/author\/isabela-bessa\/\" \/>\n<meta property=\"og:site_name\" content=\"Warren Magazine\" \/>\n<meta property=\"og:image\" content=\"https:\/\/warren.com.br\/magazine\/wp-content\/uploads\/2025\/01\/cropped-BelaBessa-scaled-1.jpg\" \/>\n\t<meta property=\"og:image:width\" content=\"1707\" \/>\n\t<meta property=\"og:image:height\" content=\"1706\" \/>\n\t<meta property=\"og:image:type\" content=\"image\/jpeg\" \/>\n<meta name=\"twitter:card\" content=\"summary_large_image\" \/>\n<meta name=\"twitter:site\" content=\"@warrenbrasil\" \/>\n<!-- \/ Yoast SEO plugin. -->","yoast_head_json":{"title":"Isabela Bessa","description":"Especialista em Investimentos Internacionais na Warren, respons\u00e1vel pela estrutura\u00e7\u00e3o e distribui\u00e7\u00e3o de produtos globais. Com experi\u00eancia como planejadora financeira para clientes private, atuando nos mercados brasileiro e americano. Possui a certifica\u00e7\u00e3o CFP\u00ae e \u00e9 economista graduada pela Universidade Federal de Vi\u00e7osa (UFV).","robots":{"index":"index","follow":"follow","max-snippet":"max-snippet:-1","max-image-preview":"max-image-preview:large","max-video-preview":"max-video-preview:-1"},"canonical":"https:\/\/warren.com.br\/magazine\/author\/isabela-bessa\/","og_locale":"pt_BR","og_type":"profile","og_title":"Isabela Bessa","og_description":"Especialista em Investimentos Internacionais na Warren, respons\u00e1vel pela estrutura\u00e7\u00e3o e distribui\u00e7\u00e3o de produtos globais. Com experi\u00eancia como planejadora financeira para clientes private, atuando nos mercados brasileiro e americano. Possui a certifica\u00e7\u00e3o CFP\u00ae e \u00e9 economista graduada pela Universidade Federal de Vi\u00e7osa (UFV).","og_url":"https:\/\/warren.com.br\/magazine\/author\/isabela-bessa\/","og_site_name":"Warren Magazine","og_image":[{"width":1707,"height":1706,"url":"https:\/\/warren.com.br\/magazine\/wp-content\/uploads\/2025\/01\/cropped-BelaBessa-scaled-1.jpg","type":"image\/jpeg"}],"twitter_card":"summary_large_image","twitter_site":"@warrenbrasil","schema":{"@context":"https:\/\/schema.org","@graph":[{"@type":"ProfilePage","@id":"https:\/\/warren.com.br\/magazine\/author\/isabela-bessa\/","url":"https:\/\/warren.com.br\/magazine\/author\/isabela-bessa\/","name":"Isabela Bessa","isPartOf":{"@id":"https:\/\/warren.com.br\/magazine\/#website"},"description":"Especialista em Investimentos Internacionais na Warren, respons\u00e1vel pela estrutura\u00e7\u00e3o e distribui\u00e7\u00e3o de produtos globais. Com experi\u00eancia como planejadora financeira para clientes private, atuando nos mercados brasileiro e americano. Possui a certifica\u00e7\u00e3o CFP\u00ae e \u00e9 economista graduada pela Universidade Federal de Vi\u00e7osa (UFV).","inLanguage":"pt-BR","potentialAction":[{"@type":"ReadAction","target":["https:\/\/warren.com.br\/magazine\/author\/isabela-bessa\/"]}]},{"@type":"WebSite","@id":"https:\/\/warren.com.br\/magazine\/#website","url":"https:\/\/warren.com.br\/magazine\/","name":"Warren Magazine","description":"","publisher":{"@id":"https:\/\/warren.com.br\/magazine\/#organization"},"potentialAction":[{"@type":"SearchAction","target":{"@type":"EntryPoint","urlTemplate":"https:\/\/warren.com.br\/magazine\/?s={search_term_string}"},"query-input":{"@type":"PropertyValueSpecification","valueRequired":true,"valueName":"search_term_string"}}],"inLanguage":"pt-BR"},{"@type":"Organization","@id":"https:\/\/warren.com.br\/magazine\/#organization","name":"Warren Magazine","url":"https:\/\/warren.com.br\/magazine\/","logo":{"@type":"ImageObject","inLanguage":"pt-BR","@id":"https:\/\/warren.com.br\/magazine\/#\/schema\/logo\/image\/","url":"https:\/\/warren.com.br\/magazine\/wp-content\/uploads\/2023\/06\/ThumbMagazine.jpg","contentUrl":"https:\/\/warren.com.br\/magazine\/wp-content\/uploads\/2023\/06\/ThumbMagazine.jpg","width":2400,"height":1260,"caption":"Warren Magazine"},"image":{"@id":"https:\/\/warren.com.br\/magazine\/#\/schema\/logo\/image\/"},"sameAs":["https:\/\/www.facebook.com\/warrenbrasil\/","https:\/\/x.com\/warrenbrasil","https:\/\/www.instagram.com\/warrenbrasil\/","https:\/\/www.linkedin.com\/company\/warrenbrasil\/","https:\/\/www.youtube.com\/channel\/UCqIO5twa50iGz2wT5cGS-XQ"]},{"@type":"Person","@id":"https:\/\/warren.com.br\/magazine\/#\/schema\/person\/f6e0b23afb880206186bf1a7eee03484","name":"Isabela Bessa","image":{"@type":"ImageObject","inLanguage":"pt-BR","@id":"https:\/\/warren.com.br\/magazine\/wp-content\/uploads\/2025\/01\/cropped-BelaBessa-scaled-1-96x96.jpg","url":"https:\/\/warren.com.br\/magazine\/wp-content\/uploads\/2025\/01\/cropped-BelaBessa-scaled-1-96x96.jpg","contentUrl":"https:\/\/warren.com.br\/magazine\/wp-content\/uploads\/2025\/01\/cropped-BelaBessa-scaled-1-96x96.jpg","caption":"Isabela Bessa"},"description":"Especialista em Investimentos Internacionais na Warren, respons\u00e1vel pela estrutura\u00e7\u00e3o e distribui\u00e7\u00e3o de produtos globais. Com experi\u00eancia como planejadora financeira para clientes private, atuando nos mercados brasileiro e americano. Possui a certifica\u00e7\u00e3o CFP\u00ae e \u00e9 economista graduada pela Universidade Federal de Vi\u00e7osa (UFV).","sameAs":["https:\/\/www.linkedin.com\/in\/isabela-bessa\/"],"mainEntityOfPage":{"@id":"https:\/\/warren.com.br\/magazine\/author\/isabela-bessa\/"}}]}},"_links":{"self":[{"href":"https:\/\/warren.com.br\/magazine\/wp-json\/wp\/v2\/users\/84","targetHints":{"allow":["GET"]}}],"collection":[{"href":"https:\/\/warren.com.br\/magazine\/wp-json\/wp\/v2\/users"}]}}